{"id":313792,"date":"2023-10-01T09:53:15","date_gmt":"2023-10-01T12:53:15","guid":{"rendered":"https:\/\/www.notibras.com\/site\/?p=313792"},"modified":"2023-10-01T09:56:21","modified_gmt":"2023-10-01T12:56:21","slug":"pizzas-da-adriana-podem-ser-servidas-ate-no-olimpo","status":"publish","type":"post","link":"https:\/\/www.notibras.com\/site\/pizzas-da-adriana-podem-ser-servidas-ate-no-olimpo\/","title":{"rendered":"Pizzas da Adriana podem ser servidas at\u00e9 no Olimpo"},"content":{"rendered":"<p>S\u00e1bado, como ontem, foi mais um dia da Feira Ecol\u00f3gica do Menino Deus, aqui em Porto Alegre, onde tenho passado uma temporada. Ali\u00e1s, bastou o astro-rei lan\u00e7ar os primeiros raios sobre a capital ga\u00facha, para que o meu chefe, o Jos\u00e9 Seabra, me cobrasse a cr\u00f4nica do dia seguinte. No entanto, essa cobran\u00e7a veio acompanhada de uma ordem: &#8220;Dudu, sei que hoje voc\u00ea vai comprar as tais pizzas da Adriana. Pois bem, assim que voc\u00ea vier a Bras\u00edlia, traga-me v\u00e1rias para degustarmos com aquele seu caf\u00e9 gourmet. E ai de voc\u00ea se esquecer das pizzas!&#8221;<\/p>\n<p>Pois \u00e9, al\u00e9m de satisfazer as vontades da minha mulher, a famosa Dona Irene, preciso garantir o meu emprego em <strong>Notibras<\/strong>. Afinal, se paro no olho da rua, n\u00e3o sei onde irei arrumar dinheiro para comprar n\u00e3o apenas as pizzas, mas os p\u00e3es de queijo, os bolos e, de quebra, tomar aquele caf\u00e9 com gosto de carinho da Adriana. Al\u00e9m disso, na banca da minha amiga, ainda tem o seu esposo, o Jeferson, uma figura\u00e7a.<\/p>\n<p>Ah, preciso contar algo sobre o marido da Adriana. Ele \u00e9 formado em Artes C\u00eanicas e, atr\u00e1s daquele pequeno balc\u00e3o, encanta a todos como se fosse o dono do palco. Sorrisos para o p\u00fablico, que precisa de aten\u00e7\u00e3o a todo instante. E, entre um atendimento e outro, o Jeferson ainda tem disposi\u00e7\u00e3o para me divertir com alguma piada ou causo, ainda mais se o Amauri, escritor e editor que possui uma banca ao lado, se aproxima. As gargalhadas saem facilmente e, n\u00e3o raro, outros clientes chegam mais perto para tentar capturar um pouco daquela alegria contagiante.<\/p>\n<p>Uma curiosidade sobre as tais pizzas da Adriana \u00e9 que, segundo a pr\u00f3pria me contou numa dessas minhas idas at\u00e9 a feira, \u00e9 que, na verdade, elas s\u00e3o feitas pela Celina Costa. E quem \u00e9 essa tal Celina Costa, que ainda n\u00e3o tive o prazer de conhecer? Quer saber? Pois bem, \u00e9 a irm\u00e3 da Adriana.<\/p>\n<p>Essa revela\u00e7\u00e3o n\u00e3o me causou traumas, mas n\u00e3o h\u00e1 quem me fa\u00e7a continuar a n\u00e3o fantasiar que elas s\u00e3o da Adriana. Talvez por isso, minha mente fez um paralelo entre as pizzas e uma das m\u00fasicas mais gostosas de se ouvir, &#8220;Mo\u00e7o&#8221;, cantada pela Ala\u00edde Costa. Bem sei que os compositores s\u00e3o a Marisa Monte e o Carlinhos Brown, dois artistas maravilhosos. No entanto, para mim, &#8220;Mo\u00e7o&#8221; \u00e9 da Ala\u00edde e, as pizzas, obviamente, s\u00e3o da minha amiga Adriana.<\/p>\n<p><strong>Pizzas Tra Sorelle<\/strong><br \/>\n<strong>Primeira Pizza Org\u00e2nica Certificada do Brasil<\/strong><br \/>\n<strong>(51) 99807-4470.<\/strong><\/p>\n","protected":false},"excerpt":{"rendered":"<p>S\u00e1bado, como ontem, foi mais um dia da Feira Ecol\u00f3gica do Menino Deus, aqui em Porto Alegre, onde tenho passado uma temporada. Ali\u00e1s, bastou o astro-rei lan\u00e7ar os primeiros raios sobre a capital ga\u00facha, para que o meu chefe, o Jos\u00e9 Seabra, me cobrasse a cr\u00f4nica do dia seguinte. No entanto, essa cobran\u00e7a veio acompanhada [&hellip;]<\/p>\n","protected":false},"author":2,"featured_media":313793,"comment_status":"closed","ping_status":"closed","sticky":false,"template":"","format":"standard","meta":{"_acf_changed":false,"footnotes":""},"categories":[161],"tags":[],"class_list":["post-313792","post","type-post","status-publish","format-standard","has-post-thumbnail","hentry","category-quadradinho-em-foco"],"acf":[],"yoast_head":"<!-- This site is optimized with the Yoast SEO plugin v27.2 - https:\/\/yoast.com\/product\/yoast-seo-wordpress\/ -->\n<title>Pizzas da Adriana podem ser servidas at\u00e9 no Olimpo - Notibras<\/title>\n<meta name=\"robots\" content=\"index, follow, max-snippet:-1, max-image-preview:large, max-video-preview:-1\" \/>\n<link rel=\"canonical\" href=\"https:\/\/www.notibras.com\/site\/pizzas-da-adriana-podem-ser-servidas-ate-no-olimpo\/\" \/>\n<meta property=\"og:locale\" content=\"pt_BR\" \/>\n<meta property=\"og:type\" content=\"article\" \/>\n<meta property=\"og:title\" content=\"Pizzas da Adriana podem ser servidas at\u00e9 no Olimpo - Notibras\" \/>\n<meta property=\"og:description\" content=\"S\u00e1bado, como ontem, foi mais um dia da Feira Ecol\u00f3gica do Menino Deus, aqui em Porto Alegre, onde tenho passado uma temporada. Ali\u00e1s, bastou o astro-rei lan\u00e7ar os primeiros raios sobre a capital ga\u00facha, para que o meu chefe, o Jos\u00e9 Seabra, me cobrasse a cr\u00f4nica do dia seguinte. No entanto, essa cobran\u00e7a veio acompanhada [&hellip;]\" \/>\n<meta property=\"og:url\" content=\"https:\/\/www.notibras.com\/site\/pizzas-da-adriana-podem-ser-servidas-ate-no-olimpo\/\" \/>\n<meta property=\"og:site_name\" content=\"Notibras\" \/>\n<meta property=\"article:publisher\" content=\"https:\/\/www.facebook.com\/notibras\/\" \/>\n<meta property=\"article:published_time\" content=\"2023-10-01T12:53:15+00:00\" \/>\n<meta property=\"article:modified_time\" content=\"2023-10-01T12:56:21+00:00\" \/>\n<meta property=\"og:image\" content=\"https:\/\/www.notibras.com\/site\/wp-content\/uploads\/2023\/10\/pizza.dudu_.jpg\" \/>\n\t<meta property=\"og:image:width\" content=\"1600\" \/>\n\t<meta property=\"og:image:height\" content=\"1200\" \/>\n\t<meta property=\"og:image:type\" content=\"image\/jpeg\" \/>\n<meta name=\"author\" content=\"Reda\u00e7\u00e3o\" \/>\n<meta name=\"twitter:card\" content=\"summary_large_image\" \/>\n<meta name=\"twitter:creator\" content=\"@Notibras\" \/>\n<meta name=\"twitter:site\" content=\"@Notibras\" \/>\n<meta name=\"twitter:label1\" content=\"Escrito por\" \/>\n\t<meta name=\"twitter:data1\" content=\"Reda\u00e7\u00e3o\" \/>\n\t<meta name=\"twitter:label2\" content=\"Est. tempo de leitura\" \/>\n\t<meta name=\"twitter:data2\" content=\"3 minutos\" \/>\n<script type=\"application\/ld+json\" class=\"yoast-schema-graph\">{\"@context\":\"https:\/\/schema.org\",\"@graph\":[{\"@type\":\"Article\",\"@id\":\"https:\/\/www.notibras.com\/site\/pizzas-da-adriana-podem-ser-servidas-ate-no-olimpo\/#article\",\"isPartOf\":{\"@id\":\"https:\/\/www.notibras.com\/site\/pizzas-da-adriana-podem-ser-servidas-ate-no-olimpo\/\"},\"author\":{\"name\":\"Reda\u00e7\u00e3o\",\"@id\":\"https:\/\/www.notibras.com\/site\/#\/schema\/person\/36ab0979449956132d3e5b517ea76ac8\"},\"headline\":\"Pizzas da Adriana podem ser servidas at\u00e9 no Olimpo\",\"datePublished\":\"2023-10-01T12:53:15+00:00\",\"dateModified\":\"2023-10-01T12:56:21+00:00\",\"mainEntityOfPage\":{\"@id\":\"https:\/\/www.notibras.com\/site\/pizzas-da-adriana-podem-ser-servidas-ate-no-olimpo\/\"},\"wordCount\":452,\"publisher\":{\"@id\":\"https:\/\/www.notibras.com\/site\/#organization\"},\"image\":{\"@id\":\"https:\/\/www.notibras.com\/site\/pizzas-da-adriana-podem-ser-servidas-ate-no-olimpo\/#primaryimage\"},\"thumbnailUrl\":\"https:\/\/www.notibras.com\/site\/wp-content\/uploads\/2023\/10\/pizza.dudu_.jpg\",\"articleSection\":[\"Quadradinho em Foco\"],\"inLanguage\":\"pt-BR\"},{\"@type\":\"WebPage\",\"@id\":\"https:\/\/www.notibras.com\/site\/pizzas-da-adriana-podem-ser-servidas-ate-no-olimpo\/\",\"url\":\"https:\/\/www.notibras.com\/site\/pizzas-da-adriana-podem-ser-servidas-ate-no-olimpo\/\",\"name\":\"Pizzas da Adriana podem ser servidas at\u00e9 no Olimpo - Notibras\",\"isPartOf\":{\"@id\":\"https:\/\/www.notibras.com\/site\/#website\"},\"primaryImageOfPage\":{\"@id\":\"https:\/\/www.notibras.com\/site\/pizzas-da-adriana-podem-ser-servidas-ate-no-olimpo\/#primaryimage\"},\"image\":{\"@id\":\"https:\/\/www.notibras.com\/site\/pizzas-da-adriana-podem-ser-servidas-ate-no-olimpo\/#primaryimage\"},\"thumbnailUrl\":\"https:\/\/www.notibras.com\/site\/wp-content\/uploads\/2023\/10\/pizza.dudu_.jpg\",\"datePublished\":\"2023-10-01T12:53:15+00:00\",\"dateModified\":\"2023-10-01T12:56:21+00:00\",\"breadcrumb\":{\"@id\":\"https:\/\/www.notibras.com\/site\/pizzas-da-adriana-podem-ser-servidas-ate-no-olimpo\/#breadcrumb\"},\"inLanguage\":\"pt-BR\",\"potentialAction\":[{\"@type\":\"ReadAction\",\"target\":[\"https:\/\/www.notibras.com\/site\/pizzas-da-adriana-podem-ser-servidas-ate-no-olimpo\/\"]}]},{\"@type\":\"ImageObject\",\"inLanguage\":\"pt-BR\",\"@id\":\"https:\/\/www.notibras.com\/site\/pizzas-da-adriana-podem-ser-servidas-ate-no-olimpo\/#primaryimage\",\"url\":\"https:\/\/www.notibras.com\/site\/wp-content\/uploads\/2023\/10\/pizza.dudu_.jpg\",\"contentUrl\":\"https:\/\/www.notibras.com\/site\/wp-content\/uploads\/2023\/10\/pizza.dudu_.jpg\",\"width\":1600,\"height\":1200},{\"@type\":\"BreadcrumbList\",\"@id\":\"https:\/\/www.notibras.com\/site\/pizzas-da-adriana-podem-ser-servidas-ate-no-olimpo\/#breadcrumb\",\"itemListElement\":[{\"@type\":\"ListItem\",\"position\":1,\"name\":\"In\u00edcio\",\"item\":\"https:\/\/www.notibras.com\/site\/\"},{\"@type\":\"ListItem\",\"position\":2,\"name\":\"Pizzas da Adriana podem ser servidas at\u00e9 no Olimpo\"}]},{\"@type\":\"WebSite\",\"@id\":\"https:\/\/www.notibras.com\/site\/#website\",\"url\":\"https:\/\/www.notibras.com\/site\/\",\"name\":\"Notibras\",\"description\":\"Not\u00edcias de Bras\u00edlia, do Brasil e do Mundo\",\"publisher\":{\"@id\":\"https:\/\/www.notibras.com\/site\/#organization\"},\"potentialAction\":[{\"@type\":\"SearchAction\",\"target\":{\"@type\":\"EntryPoint\",\"urlTemplate\":\"https:\/\/www.notibras.com\/site\/?s={search_term_string}\"},\"query-input\":{\"@type\":\"PropertyValueSpecification\",\"valueRequired\":true,\"valueName\":\"search_term_string\"}}],\"inLanguage\":\"pt-BR\"},{\"@type\":\"Organization\",\"@id\":\"https:\/\/www.notibras.com\/site\/#organization\",\"name\":\"Grupo Notibras de Comunica\u00e7\u00e3o\",\"url\":\"https:\/\/www.notibras.com\/site\/\",\"logo\":{\"@type\":\"ImageObject\",\"inLanguage\":\"pt-BR\",\"@id\":\"https:\/\/www.notibras.com\/site\/#\/schema\/logo\/image\/\",\"url\":\"https:\/\/www.notibras.com\/site\/wp-content\/uploads\/2023\/01\/notibras23.png\",\"contentUrl\":\"https:\/\/www.notibras.com\/site\/wp-content\/uploads\/2023\/01\/notibras23.png\",\"width\":350,\"height\":87,\"caption\":\"Grupo Notibras de Comunica\u00e7\u00e3o\"},\"image\":{\"@id\":\"https:\/\/www.notibras.com\/site\/#\/schema\/logo\/image\/\"},\"sameAs\":[\"https:\/\/www.facebook.com\/notibras\/\",\"https:\/\/x.com\/Notibras\",\"https:\/\/www.instagram.com\/notibras\/\"]},{\"@type\":\"Person\",\"@id\":\"https:\/\/www.notibras.com\/site\/#\/schema\/person\/36ab0979449956132d3e5b517ea76ac8\",\"name\":\"Reda\u00e7\u00e3o\",\"image\":{\"@type\":\"ImageObject\",\"inLanguage\":\"pt-BR\",\"@id\":\"https:\/\/secure.gravatar.com\/avatar\/e0a867bdedb85fd243eadf09663511f96fc81e0720a4a42581f334ad4303aa6b?s=96&d=mm&r=g\",\"url\":\"https:\/\/secure.gravatar.com\/avatar\/e0a867bdedb85fd243eadf09663511f96fc81e0720a4a42581f334ad4303aa6b?s=96&d=mm&r=g\",\"contentUrl\":\"https:\/\/secure.gravatar.com\/avatar\/e0a867bdedb85fd243eadf09663511f96fc81e0720a4a42581f334ad4303aa6b?s=96&d=mm&r=g\",\"caption\":\"Reda\u00e7\u00e3o\"}}]}<\/script>\n<!-- \/ Yoast SEO plugin. -->","yoast_head_json":{"title":"Pizzas da Adriana podem ser servidas at\u00e9 no Olimpo - Notibras","robots":{"index":"index","follow":"follow","max-snippet":"max-snippet:-1","max-image-preview":"max-image-preview:large","max-video-preview":"max-video-preview:-1"},"canonical":"https:\/\/www.notibras.com\/site\/pizzas-da-adriana-podem-ser-servidas-ate-no-olimpo\/","og_locale":"pt_BR","og_type":"article","og_title":"Pizzas da Adriana podem ser servidas at\u00e9 no Olimpo - Notibras","og_description":"S\u00e1bado, como ontem, foi mais um dia da Feira Ecol\u00f3gica do Menino Deus, aqui em Porto Alegre, onde tenho passado uma temporada. Ali\u00e1s, bastou o astro-rei lan\u00e7ar os primeiros raios sobre a capital ga\u00facha, para que o meu chefe, o Jos\u00e9 Seabra, me cobrasse a cr\u00f4nica do dia seguinte. No entanto, essa cobran\u00e7a veio acompanhada [&hellip;]","og_url":"https:\/\/www.notibras.com\/site\/pizzas-da-adriana-podem-ser-servidas-ate-no-olimpo\/","og_site_name":"Notibras","article_publisher":"https:\/\/www.facebook.com\/notibras\/","article_published_time":"2023-10-01T12:53:15+00:00","article_modified_time":"2023-10-01T12:56:21+00:00","og_image":[{"width":1600,"height":1200,"url":"https:\/\/www.notibras.com\/site\/wp-content\/uploads\/2023\/10\/pizza.dudu_.jpg","type":"image\/jpeg"}],"author":"Reda\u00e7\u00e3o","twitter_card":"summary_large_image","twitter_creator":"@Notibras","twitter_site":"@Notibras","twitter_misc":{"Escrito por":"Reda\u00e7\u00e3o","Est. tempo de leitura":"3 minutos"},"schema":{"@context":"https:\/\/schema.org","@graph":[{"@type":"Article","@id":"https:\/\/www.notibras.com\/site\/pizzas-da-adriana-podem-ser-servidas-ate-no-olimpo\/#article","isPartOf":{"@id":"https:\/\/www.notibras.com\/site\/pizzas-da-adriana-podem-ser-servidas-ate-no-olimpo\/"},"author":{"name":"Reda\u00e7\u00e3o","@id":"https:\/\/www.notibras.com\/site\/#\/schema\/person\/36ab0979449956132d3e5b517ea76ac8"},"headline":"Pizzas da Adriana podem ser servidas at\u00e9 no Olimpo","datePublished":"2023-10-01T12:53:15+00:00","dateModified":"2023-10-01T12:56:21+00:00","mainEntityOfPage":{"@id":"https:\/\/www.notibras.com\/site\/pizzas-da-adriana-podem-ser-servidas-ate-no-olimpo\/"},"wordCount":452,"publisher":{"@id":"https:\/\/www.notibras.com\/site\/#organization"},"image":{"@id":"https:\/\/www.notibras.com\/site\/pizzas-da-adriana-podem-ser-servidas-ate-no-olimpo\/#primaryimage"},"thumbnailUrl":"https:\/\/www.notibras.com\/site\/wp-content\/uploads\/2023\/10\/pizza.dudu_.jpg","articleSection":["Quadradinho em Foco"],"inLanguage":"pt-BR"},{"@type":"WebPage","@id":"https:\/\/www.notibras.com\/site\/pizzas-da-adriana-podem-ser-servidas-ate-no-olimpo\/","url":"https:\/\/www.notibras.com\/site\/pizzas-da-adriana-podem-ser-servidas-ate-no-olimpo\/","name":"Pizzas da Adriana podem ser servidas at\u00e9 no Olimpo - Notibras","isPartOf":{"@id":"https:\/\/www.notibras.com\/site\/#website"},"primaryImageOfPage":{"@id":"https:\/\/www.notibras.com\/site\/pizzas-da-adriana-podem-ser-servidas-ate-no-olimpo\/#primaryimage"},"image":{"@id":"https:\/\/www.notibras.com\/site\/pizzas-da-adriana-podem-ser-servidas-ate-no-olimpo\/#primaryimage"},"thumbnailUrl":"https:\/\/www.notibras.com\/site\/wp-content\/uploads\/2023\/10\/pizza.dudu_.jpg","datePublished":"2023-10-01T12:53:15+00:00","dateModified":"2023-10-01T12:56:21+00:00","breadcrumb":{"@id":"https:\/\/www.notibras.com\/site\/pizzas-da-adriana-podem-ser-servidas-ate-no-olimpo\/#breadcrumb"},"inLanguage":"pt-BR","potentialAction":[{"@type":"ReadAction","target":["https:\/\/www.notibras.com\/site\/pizzas-da-adriana-podem-ser-servidas-ate-no-olimpo\/"]}]},{"@type":"ImageObject","inLanguage":"pt-BR","@id":"https:\/\/www.notibras.com\/site\/pizzas-da-adriana-podem-ser-servidas-ate-no-olimpo\/#primaryimage","url":"https:\/\/www.notibras.com\/site\/wp-content\/uploads\/2023\/10\/pizza.dudu_.jpg","contentUrl":"https:\/\/www.notibras.com\/site\/wp-content\/uploads\/2023\/10\/pizza.dudu_.jpg","width":1600,"height":1200},{"@type":"BreadcrumbList","@id":"https:\/\/www.notibras.com\/site\/pizzas-da-adriana-podem-ser-servidas-ate-no-olimpo\/#breadcrumb","itemListElement":[{"@type":"ListItem","position":1,"name":"In\u00edcio","item":"https:\/\/www.notibras.com\/site\/"},{"@type":"ListItem","position":2,"name":"Pizzas da Adriana podem ser servidas at\u00e9 no Olimpo"}]},{"@type":"WebSite","@id":"https:\/\/www.notibras.com\/site\/#website","url":"https:\/\/www.notibras.com\/site\/","name":"Notibras","description":"Not\u00edcias de Bras\u00edlia, do Brasil e do Mundo","publisher":{"@id":"https:\/\/www.notibras.com\/site\/#organization"},"potentialAction":[{"@type":"SearchAction","target":{"@type":"EntryPoint","urlTemplate":"https:\/\/www.notibras.com\/site\/?s={search_term_string}"},"query-input":{"@type":"PropertyValueSpecification","valueRequired":true,"valueName":"search_term_string"}}],"inLanguage":"pt-BR"},{"@type":"Organization","@id":"https:\/\/www.notibras.com\/site\/#organization","name":"Grupo Notibras de Comunica\u00e7\u00e3o","url":"https:\/\/www.notibras.com\/site\/","logo":{"@type":"ImageObject","inLanguage":"pt-BR","@id":"https:\/\/www.notibras.com\/site\/#\/schema\/logo\/image\/","url":"https:\/\/www.notibras.com\/site\/wp-content\/uploads\/2023\/01\/notibras23.png","contentUrl":"https:\/\/www.notibras.com\/site\/wp-content\/uploads\/2023\/01\/notibras23.png","width":350,"height":87,"caption":"Grupo Notibras de Comunica\u00e7\u00e3o"},"image":{"@id":"https:\/\/www.notibras.com\/site\/#\/schema\/logo\/image\/"},"sameAs":["https:\/\/www.facebook.com\/notibras\/","https:\/\/x.com\/Notibras","https:\/\/www.instagram.com\/notibras\/"]},{"@type":"Person","@id":"https:\/\/www.notibras.com\/site\/#\/schema\/person\/36ab0979449956132d3e5b517ea76ac8","name":"Reda\u00e7\u00e3o","image":{"@type":"ImageObject","inLanguage":"pt-BR","@id":"https:\/\/secure.gravatar.com\/avatar\/e0a867bdedb85fd243eadf09663511f96fc81e0720a4a42581f334ad4303aa6b?s=96&d=mm&r=g","url":"https:\/\/secure.gravatar.com\/avatar\/e0a867bdedb85fd243eadf09663511f96fc81e0720a4a42581f334ad4303aa6b?s=96&d=mm&r=g","contentUrl":"https:\/\/secure.gravatar.com\/avatar\/e0a867bdedb85fd243eadf09663511f96fc81e0720a4a42581f334ad4303aa6b?s=96&d=mm&r=g","caption":"Reda\u00e7\u00e3o"}}]}},"amp_enabled":true,"_links":{"self":[{"href":"https:\/\/www.notibras.com\/site\/wp-json\/wp\/v2\/posts\/313792","targetHints":{"allow":["GET"]}}],"collection":[{"href":"https:\/\/www.notibras.com\/site\/wp-json\/wp\/v2\/posts"}],"about":[{"href":"https:\/\/www.notibras.com\/site\/wp-json\/wp\/v2\/types\/post"}],"author":[{"embeddable":true,"href":"https:\/\/www.notibras.com\/site\/wp-json\/wp\/v2\/users\/2"}],"replies":[{"embeddable":true,"href":"https:\/\/www.notibras.com\/site\/wp-json\/wp\/v2\/comments?post=313792"}],"version-history":[{"count":2,"href":"https:\/\/www.notibras.com\/site\/wp-json\/wp\/v2\/posts\/313792\/revisions"}],"predecessor-version":[{"id":313795,"href":"https:\/\/www.notibras.com\/site\/wp-json\/wp\/v2\/posts\/313792\/revisions\/313795"}],"wp:featuredmedia":[{"embeddable":true,"href":"https:\/\/www.notibras.com\/site\/wp-json\/wp\/v2\/media\/313793"}],"wp:attachment":[{"href":"https:\/\/www.notibras.com\/site\/wp-json\/wp\/v2\/media?parent=313792"}],"wp:term":[{"taxonomy":"category","embeddable":true,"href":"https:\/\/www.notibras.com\/site\/wp-json\/wp\/v2\/categories?post=313792"},{"taxonomy":"post_tag","embeddable":true,"href":"https:\/\/www.notibras.com\/site\/wp-json\/wp\/v2\/tags?post=313792"}],"curies":[{"name":"wp","href":"https:\/\/api.w.org\/{rel}","templated":true}]}}