{"id":313865,"date":"2023-10-02T08:15:33","date_gmt":"2023-10-02T11:15:33","guid":{"rendered":"https:\/\/www.notibras.com\/site\/?p=313865"},"modified":"2023-10-02T08:17:35","modified_gmt":"2023-10-02T11:17:35","slug":"malulinha-pela-e-de-esquerda-vai-estufar-redes","status":"publish","type":"post","link":"https:\/\/www.notibras.com\/site\/malulinha-pela-e-de-esquerda-vai-estufar-redes\/","title":{"rendered":"Malulinha, pela (e de esquerda) vai estufar redes"},"content":{"rendered":"<p>A Malulinha, nem completou um m\u00eas, j\u00e1 est\u00e1 sendo disputada pelos maiores times do Brasil, sem falar daqueles outros, ainda mais ricos, l\u00e1 do outro lado do Atl\u00e2ntico. A Dona Irene, no entanto, bateu o p\u00e9 e disse que a nossa filha s\u00f3 sai do ber\u00e7o para assinar contrato com o Palmeiras. Ent\u00e3o, nada de Botafogo, Vasco ou Corinthians.<\/p>\n<p>Vestida com a 10, que outrora trajou o gigantesco Ademir da Guia, a Malulinha me confidenciou, entre sorrisos, choros e caretas, que pretende ser maior at\u00e9 que a Marta. Pois \u00e9, que a Marta! Talvez, por isso, meu olhar de pai logo tenha percebido uma certa habilidade da Malulinha com a canhota.<\/p>\n<p>N\u00e3o sei se a minha ca\u00e7ulinha ser\u00e1 t\u00e3o boa como a maior craque que o mundo conheceu. Creio que \u00e9 muito cedo para fazer tamanha previs\u00e3o, apesar de toda a euforia da minha esposa. Ali\u00e1s, como a Dona Irene adora falar, sonhar pouco \u00e9 bobagem. Por isso, eis que me vejo sonhando acordado com os dribles desconcertantes da Malulinha, sempre em dire\u00e7\u00e3o ao gol e, obviamente, estufando as redes, para desespero das torcidas advers\u00e1rias.<\/p>\n<p>Outra quest\u00e3o que levantei aqui em casa \u00e9 sobre a possibilidade da Malulinha escolher torcer para outro clube. Obviamente que essa possibilidade n\u00e3o existe. N\u00e3o que aqui tenhamos a obriga\u00e7\u00e3o de sermos palmeirenses. N\u00e3o se trata disso. A minha esposa, posso lhe garantir, presa pela democracia e, para n\u00e3o me deixar mentir, tem o discurso prontinho na ponta da l\u00edngua.<\/p>\n<p>&#8211; Dudu, preste bem aten\u00e7\u00e3o! A Malulinha vai ter total liberdade de torcer para qualquer time.<\/p>\n<p>&#8211; Que bom, meu amor!<\/p>\n<p>&#8211; Mas s\u00f3 vou fazer uma exig\u00eancia, que, como m\u00e3e, tenho esse direito.<\/p>\n<p>&#8211; E qual \u00e9?<\/p>\n<p>&#8211; Ela ter\u00e1 que torcer pro Palmeiras!<\/p>\n","protected":false},"excerpt":{"rendered":"<p>A Malulinha, nem completou um m\u00eas, j\u00e1 est\u00e1 sendo disputada pelos maiores times do Brasil, sem falar daqueles outros, ainda mais ricos, l\u00e1 do outro lado do Atl\u00e2ntico. A Dona Irene, no entanto, bateu o p\u00e9 e disse que a nossa filha s\u00f3 sai do ber\u00e7o para assinar contrato com o Palmeiras. Ent\u00e3o, nada de [&hellip;]<\/p>\n","protected":false},"author":2,"featured_media":313866,"comment_status":"closed","ping_status":"closed","sticky":false,"template":"","format":"standard","meta":{"_acf_changed":false,"footnotes":""},"categories":[161],"tags":[],"class_list":["post-313865","post","type-post","status-publish","format-standard","has-post-thumbnail","hentry","category-quadradinho-em-foco"],"acf":[],"yoast_head":"<!-- This site is optimized with the Yoast SEO plugin v27.2 - https:\/\/yoast.com\/product\/yoast-seo-wordpress\/ -->\n<title>Malulinha, pela (e de esquerda) vai estufar redes - Notibras<\/title>\n<meta name=\"robots\" content=\"index, follow, max-snippet:-1, max-image-preview:large, max-video-preview:-1\" \/>\n<link rel=\"canonical\" href=\"https:\/\/www.notibras.com\/site\/malulinha-pela-e-de-esquerda-vai-estufar-redes\/\" \/>\n<meta property=\"og:locale\" content=\"pt_BR\" \/>\n<meta property=\"og:type\" content=\"article\" \/>\n<meta property=\"og:title\" content=\"Malulinha, pela (e de esquerda) vai estufar redes - Notibras\" \/>\n<meta property=\"og:description\" content=\"A Malulinha, nem completou um m\u00eas, j\u00e1 est\u00e1 sendo disputada pelos maiores times do Brasil, sem falar daqueles outros, ainda mais ricos, l\u00e1 do outro lado do Atl\u00e2ntico. A Dona Irene, no entanto, bateu o p\u00e9 e disse que a nossa filha s\u00f3 sai do ber\u00e7o para assinar contrato com o Palmeiras. Ent\u00e3o, nada de [&hellip;]\" \/>\n<meta property=\"og:url\" content=\"https:\/\/www.notibras.com\/site\/malulinha-pela-e-de-esquerda-vai-estufar-redes\/\" \/>\n<meta property=\"og:site_name\" content=\"Notibras\" \/>\n<meta property=\"article:publisher\" content=\"https:\/\/www.facebook.com\/notibras\/\" \/>\n<meta property=\"article:published_time\" content=\"2023-10-02T11:15:33+00:00\" \/>\n<meta property=\"article:modified_time\" content=\"2023-10-02T11:17:35+00:00\" \/>\n<meta property=\"og:image\" content=\"https:\/\/www.notibras.com\/site\/wp-content\/uploads\/2023\/10\/malu.du_.jpg\" \/>\n\t<meta property=\"og:image:width\" content=\"1024\" \/>\n\t<meta property=\"og:image:height\" content=\"763\" \/>\n\t<meta property=\"og:image:type\" content=\"image\/jpeg\" \/>\n<meta name=\"author\" content=\"Reda\u00e7\u00e3o\" \/>\n<meta name=\"twitter:card\" content=\"summary_large_image\" \/>\n<meta name=\"twitter:creator\" content=\"@Notibras\" \/>\n<meta name=\"twitter:site\" content=\"@Notibras\" \/>\n<meta name=\"twitter:label1\" content=\"Escrito por\" \/>\n\t<meta name=\"twitter:data1\" content=\"Reda\u00e7\u00e3o\" \/>\n\t<meta name=\"twitter:label2\" content=\"Est. tempo de leitura\" \/>\n\t<meta name=\"twitter:data2\" content=\"2 minutos\" \/>\n<script type=\"application\/ld+json\" class=\"yoast-schema-graph\">{\"@context\":\"https:\/\/schema.org\",\"@graph\":[{\"@type\":\"Article\",\"@id\":\"https:\/\/www.notibras.com\/site\/malulinha-pela-e-de-esquerda-vai-estufar-redes\/#article\",\"isPartOf\":{\"@id\":\"https:\/\/www.notibras.com\/site\/malulinha-pela-e-de-esquerda-vai-estufar-redes\/\"},\"author\":{\"name\":\"Reda\u00e7\u00e3o\",\"@id\":\"https:\/\/www.notibras.com\/site\/#\/schema\/person\/36ab0979449956132d3e5b517ea76ac8\"},\"headline\":\"Malulinha, pela (e de esquerda) vai estufar redes\",\"datePublished\":\"2023-10-02T11:15:33+00:00\",\"dateModified\":\"2023-10-02T11:17:35+00:00\",\"mainEntityOfPage\":{\"@id\":\"https:\/\/www.notibras.com\/site\/malulinha-pela-e-de-esquerda-vai-estufar-redes\/\"},\"wordCount\":313,\"publisher\":{\"@id\":\"https:\/\/www.notibras.com\/site\/#organization\"},\"image\":{\"@id\":\"https:\/\/www.notibras.com\/site\/malulinha-pela-e-de-esquerda-vai-estufar-redes\/#primaryimage\"},\"thumbnailUrl\":\"https:\/\/www.notibras.com\/site\/wp-content\/uploads\/2023\/10\/malu.du_.jpg\",\"articleSection\":[\"Quadradinho em Foco\"],\"inLanguage\":\"pt-BR\"},{\"@type\":\"WebPage\",\"@id\":\"https:\/\/www.notibras.com\/site\/malulinha-pela-e-de-esquerda-vai-estufar-redes\/\",\"url\":\"https:\/\/www.notibras.com\/site\/malulinha-pela-e-de-esquerda-vai-estufar-redes\/\",\"name\":\"Malulinha, pela (e de esquerda) vai estufar redes - Notibras\",\"isPartOf\":{\"@id\":\"https:\/\/www.notibras.com\/site\/#website\"},\"primaryImageOfPage\":{\"@id\":\"https:\/\/www.notibras.com\/site\/malulinha-pela-e-de-esquerda-vai-estufar-redes\/#primaryimage\"},\"image\":{\"@id\":\"https:\/\/www.notibras.com\/site\/malulinha-pela-e-de-esquerda-vai-estufar-redes\/#primaryimage\"},\"thumbnailUrl\":\"https:\/\/www.notibras.com\/site\/wp-content\/uploads\/2023\/10\/malu.du_.jpg\",\"datePublished\":\"2023-10-02T11:15:33+00:00\",\"dateModified\":\"2023-10-02T11:17:35+00:00\",\"breadcrumb\":{\"@id\":\"https:\/\/www.notibras.com\/site\/malulinha-pela-e-de-esquerda-vai-estufar-redes\/#breadcrumb\"},\"inLanguage\":\"pt-BR\",\"potentialAction\":[{\"@type\":\"ReadAction\",\"target\":[\"https:\/\/www.notibras.com\/site\/malulinha-pela-e-de-esquerda-vai-estufar-redes\/\"]}]},{\"@type\":\"ImageObject\",\"inLanguage\":\"pt-BR\",\"@id\":\"https:\/\/www.notibras.com\/site\/malulinha-pela-e-de-esquerda-vai-estufar-redes\/#primaryimage\",\"url\":\"https:\/\/www.notibras.com\/site\/wp-content\/uploads\/2023\/10\/malu.du_.jpg\",\"contentUrl\":\"https:\/\/www.notibras.com\/site\/wp-content\/uploads\/2023\/10\/malu.du_.jpg\",\"width\":1024,\"height\":763},{\"@type\":\"BreadcrumbList\",\"@id\":\"https:\/\/www.notibras.com\/site\/malulinha-pela-e-de-esquerda-vai-estufar-redes\/#breadcrumb\",\"itemListElement\":[{\"@type\":\"ListItem\",\"position\":1,\"name\":\"In\u00edcio\",\"item\":\"https:\/\/www.notibras.com\/site\/\"},{\"@type\":\"ListItem\",\"position\":2,\"name\":\"Malulinha, pela (e de esquerda) vai estufar redes\"}]},{\"@type\":\"WebSite\",\"@id\":\"https:\/\/www.notibras.com\/site\/#website\",\"url\":\"https:\/\/www.notibras.com\/site\/\",\"name\":\"Notibras\",\"description\":\"Not\u00edcias de Bras\u00edlia, do Brasil e do Mundo\",\"publisher\":{\"@id\":\"https:\/\/www.notibras.com\/site\/#organization\"},\"potentialAction\":[{\"@type\":\"SearchAction\",\"target\":{\"@type\":\"EntryPoint\",\"urlTemplate\":\"https:\/\/www.notibras.com\/site\/?s={search_term_string}\"},\"query-input\":{\"@type\":\"PropertyValueSpecification\",\"valueRequired\":true,\"valueName\":\"search_term_string\"}}],\"inLanguage\":\"pt-BR\"},{\"@type\":\"Organization\",\"@id\":\"https:\/\/www.notibras.com\/site\/#organization\",\"name\":\"Grupo Notibras de Comunica\u00e7\u00e3o\",\"url\":\"https:\/\/www.notibras.com\/site\/\",\"logo\":{\"@type\":\"ImageObject\",\"inLanguage\":\"pt-BR\",\"@id\":\"https:\/\/www.notibras.com\/site\/#\/schema\/logo\/image\/\",\"url\":\"https:\/\/www.notibras.com\/site\/wp-content\/uploads\/2023\/01\/notibras23.png\",\"contentUrl\":\"https:\/\/www.notibras.com\/site\/wp-content\/uploads\/2023\/01\/notibras23.png\",\"width\":350,\"height\":87,\"caption\":\"Grupo Notibras de Comunica\u00e7\u00e3o\"},\"image\":{\"@id\":\"https:\/\/www.notibras.com\/site\/#\/schema\/logo\/image\/\"},\"sameAs\":[\"https:\/\/www.facebook.com\/notibras\/\",\"https:\/\/x.com\/Notibras\",\"https:\/\/www.instagram.com\/notibras\/\"]},{\"@type\":\"Person\",\"@id\":\"https:\/\/www.notibras.com\/site\/#\/schema\/person\/36ab0979449956132d3e5b517ea76ac8\",\"name\":\"Reda\u00e7\u00e3o\",\"image\":{\"@type\":\"ImageObject\",\"inLanguage\":\"pt-BR\",\"@id\":\"https:\/\/secure.gravatar.com\/avatar\/e0a867bdedb85fd243eadf09663511f96fc81e0720a4a42581f334ad4303aa6b?s=96&d=mm&r=g\",\"url\":\"https:\/\/secure.gravatar.com\/avatar\/e0a867bdedb85fd243eadf09663511f96fc81e0720a4a42581f334ad4303aa6b?s=96&d=mm&r=g\",\"contentUrl\":\"https:\/\/secure.gravatar.com\/avatar\/e0a867bdedb85fd243eadf09663511f96fc81e0720a4a42581f334ad4303aa6b?s=96&d=mm&r=g\",\"caption\":\"Reda\u00e7\u00e3o\"}}]}<\/script>\n<!-- \/ Yoast SEO plugin. -->","yoast_head_json":{"title":"Malulinha, pela (e de esquerda) vai estufar redes - Notibras","robots":{"index":"index","follow":"follow","max-snippet":"max-snippet:-1","max-image-preview":"max-image-preview:large","max-video-preview":"max-video-preview:-1"},"canonical":"https:\/\/www.notibras.com\/site\/malulinha-pela-e-de-esquerda-vai-estufar-redes\/","og_locale":"pt_BR","og_type":"article","og_title":"Malulinha, pela (e de esquerda) vai estufar redes - Notibras","og_description":"A Malulinha, nem completou um m\u00eas, j\u00e1 est\u00e1 sendo disputada pelos maiores times do Brasil, sem falar daqueles outros, ainda mais ricos, l\u00e1 do outro lado do Atl\u00e2ntico. A Dona Irene, no entanto, bateu o p\u00e9 e disse que a nossa filha s\u00f3 sai do ber\u00e7o para assinar contrato com o Palmeiras. Ent\u00e3o, nada de [&hellip;]","og_url":"https:\/\/www.notibras.com\/site\/malulinha-pela-e-de-esquerda-vai-estufar-redes\/","og_site_name":"Notibras","article_publisher":"https:\/\/www.facebook.com\/notibras\/","article_published_time":"2023-10-02T11:15:33+00:00","article_modified_time":"2023-10-02T11:17:35+00:00","og_image":[{"width":1024,"height":763,"url":"https:\/\/www.notibras.com\/site\/wp-content\/uploads\/2023\/10\/malu.du_.jpg","type":"image\/jpeg"}],"author":"Reda\u00e7\u00e3o","twitter_card":"summary_large_image","twitter_creator":"@Notibras","twitter_site":"@Notibras","twitter_misc":{"Escrito por":"Reda\u00e7\u00e3o","Est. tempo de leitura":"2 minutos"},"schema":{"@context":"https:\/\/schema.org","@graph":[{"@type":"Article","@id":"https:\/\/www.notibras.com\/site\/malulinha-pela-e-de-esquerda-vai-estufar-redes\/#article","isPartOf":{"@id":"https:\/\/www.notibras.com\/site\/malulinha-pela-e-de-esquerda-vai-estufar-redes\/"},"author":{"name":"Reda\u00e7\u00e3o","@id":"https:\/\/www.notibras.com\/site\/#\/schema\/person\/36ab0979449956132d3e5b517ea76ac8"},"headline":"Malulinha, pela (e de esquerda) vai estufar redes","datePublished":"2023-10-02T11:15:33+00:00","dateModified":"2023-10-02T11:17:35+00:00","mainEntityOfPage":{"@id":"https:\/\/www.notibras.com\/site\/malulinha-pela-e-de-esquerda-vai-estufar-redes\/"},"wordCount":313,"publisher":{"@id":"https:\/\/www.notibras.com\/site\/#organization"},"image":{"@id":"https:\/\/www.notibras.com\/site\/malulinha-pela-e-de-esquerda-vai-estufar-redes\/#primaryimage"},"thumbnailUrl":"https:\/\/www.notibras.com\/site\/wp-content\/uploads\/2023\/10\/malu.du_.jpg","articleSection":["Quadradinho em Foco"],"inLanguage":"pt-BR"},{"@type":"WebPage","@id":"https:\/\/www.notibras.com\/site\/malulinha-pela-e-de-esquerda-vai-estufar-redes\/","url":"https:\/\/www.notibras.com\/site\/malulinha-pela-e-de-esquerda-vai-estufar-redes\/","name":"Malulinha, pela (e de esquerda) vai estufar redes - Notibras","isPartOf":{"@id":"https:\/\/www.notibras.com\/site\/#website"},"primaryImageOfPage":{"@id":"https:\/\/www.notibras.com\/site\/malulinha-pela-e-de-esquerda-vai-estufar-redes\/#primaryimage"},"image":{"@id":"https:\/\/www.notibras.com\/site\/malulinha-pela-e-de-esquerda-vai-estufar-redes\/#primaryimage"},"thumbnailUrl":"https:\/\/www.notibras.com\/site\/wp-content\/uploads\/2023\/10\/malu.du_.jpg","datePublished":"2023-10-02T11:15:33+00:00","dateModified":"2023-10-02T11:17:35+00:00","breadcrumb":{"@id":"https:\/\/www.notibras.com\/site\/malulinha-pela-e-de-esquerda-vai-estufar-redes\/#breadcrumb"},"inLanguage":"pt-BR","potentialAction":[{"@type":"ReadAction","target":["https:\/\/www.notibras.com\/site\/malulinha-pela-e-de-esquerda-vai-estufar-redes\/"]}]},{"@type":"ImageObject","inLanguage":"pt-BR","@id":"https:\/\/www.notibras.com\/site\/malulinha-pela-e-de-esquerda-vai-estufar-redes\/#primaryimage","url":"https:\/\/www.notibras.com\/site\/wp-content\/uploads\/2023\/10\/malu.du_.jpg","contentUrl":"https:\/\/www.notibras.com\/site\/wp-content\/uploads\/2023\/10\/malu.du_.jpg","width":1024,"height":763},{"@type":"BreadcrumbList","@id":"https:\/\/www.notibras.com\/site\/malulinha-pela-e-de-esquerda-vai-estufar-redes\/#breadcrumb","itemListElement":[{"@type":"ListItem","position":1,"name":"In\u00edcio","item":"https:\/\/www.notibras.com\/site\/"},{"@type":"ListItem","position":2,"name":"Malulinha, pela (e de esquerda) vai estufar redes"}]},{"@type":"WebSite","@id":"https:\/\/www.notibras.com\/site\/#website","url":"https:\/\/www.notibras.com\/site\/","name":"Notibras","description":"Not\u00edcias de Bras\u00edlia, do Brasil e do Mundo","publisher":{"@id":"https:\/\/www.notibras.com\/site\/#organization"},"potentialAction":[{"@type":"SearchAction","target":{"@type":"EntryPoint","urlTemplate":"https:\/\/www.notibras.com\/site\/?s={search_term_string}"},"query-input":{"@type":"PropertyValueSpecification","valueRequired":true,"valueName":"search_term_string"}}],"inLanguage":"pt-BR"},{"@type":"Organization","@id":"https:\/\/www.notibras.com\/site\/#organization","name":"Grupo Notibras de Comunica\u00e7\u00e3o","url":"https:\/\/www.notibras.com\/site\/","logo":{"@type":"ImageObject","inLanguage":"pt-BR","@id":"https:\/\/www.notibras.com\/site\/#\/schema\/logo\/image\/","url":"https:\/\/www.notibras.com\/site\/wp-content\/uploads\/2023\/01\/notibras23.png","contentUrl":"https:\/\/www.notibras.com\/site\/wp-content\/uploads\/2023\/01\/notibras23.png","width":350,"height":87,"caption":"Grupo Notibras de Comunica\u00e7\u00e3o"},"image":{"@id":"https:\/\/www.notibras.com\/site\/#\/schema\/logo\/image\/"},"sameAs":["https:\/\/www.facebook.com\/notibras\/","https:\/\/x.com\/Notibras","https:\/\/www.instagram.com\/notibras\/"]},{"@type":"Person","@id":"https:\/\/www.notibras.com\/site\/#\/schema\/person\/36ab0979449956132d3e5b517ea76ac8","name":"Reda\u00e7\u00e3o","image":{"@type":"ImageObject","inLanguage":"pt-BR","@id":"https:\/\/secure.gravatar.com\/avatar\/e0a867bdedb85fd243eadf09663511f96fc81e0720a4a42581f334ad4303aa6b?s=96&d=mm&r=g","url":"https:\/\/secure.gravatar.com\/avatar\/e0a867bdedb85fd243eadf09663511f96fc81e0720a4a42581f334ad4303aa6b?s=96&d=mm&r=g","contentUrl":"https:\/\/secure.gravatar.com\/avatar\/e0a867bdedb85fd243eadf09663511f96fc81e0720a4a42581f334ad4303aa6b?s=96&d=mm&r=g","caption":"Reda\u00e7\u00e3o"}}]}},"amp_enabled":true,"_links":{"self":[{"href":"https:\/\/www.notibras.com\/site\/wp-json\/wp\/v2\/posts\/313865","targetHints":{"allow":["GET"]}}],"collection":[{"href":"https:\/\/www.notibras.com\/site\/wp-json\/wp\/v2\/posts"}],"about":[{"href":"https:\/\/www.notibras.com\/site\/wp-json\/wp\/v2\/types\/post"}],"author":[{"embeddable":true,"href":"https:\/\/www.notibras.com\/site\/wp-json\/wp\/v2\/users\/2"}],"replies":[{"embeddable":true,"href":"https:\/\/www.notibras.com\/site\/wp-json\/wp\/v2\/comments?post=313865"}],"version-history":[{"count":4,"href":"https:\/\/www.notibras.com\/site\/wp-json\/wp\/v2\/posts\/313865\/revisions"}],"predecessor-version":[{"id":313870,"href":"https:\/\/www.notibras.com\/site\/wp-json\/wp\/v2\/posts\/313865\/revisions\/313870"}],"wp:featuredmedia":[{"embeddable":true,"href":"https:\/\/www.notibras.com\/site\/wp-json\/wp\/v2\/media\/313866"}],"wp:attachment":[{"href":"https:\/\/www.notibras.com\/site\/wp-json\/wp\/v2\/media?parent=313865"}],"wp:term":[{"taxonomy":"category","embeddable":true,"href":"https:\/\/www.notibras.com\/site\/wp-json\/wp\/v2\/categories?post=313865"},{"taxonomy":"post_tag","embeddable":true,"href":"https:\/\/www.notibras.com\/site\/wp-json\/wp\/v2\/tags?post=313865"}],"curies":[{"name":"wp","href":"https:\/\/api.w.org\/{rel}","templated":true}]}}