{"id":313878,"date":"2023-10-02T00:00:55","date_gmt":"2023-10-02T03:00:55","guid":{"rendered":"https:\/\/www.notibras.com\/site\/?p=313878"},"modified":"2023-10-02T09:25:55","modified_gmt":"2023-10-02T12:25:55","slug":"dia-solidario-recebera-brinquedos-por-drive-thru-no-buriti","status":"publish","type":"post","link":"https:\/\/www.notibras.com\/site\/dia-solidario-recebera-brinquedos-por-drive-thru-no-buriti\/","title":{"rendered":"Dia Solid\u00e1rio receber\u00e1 brinquedos por drive-thru no Buriti"},"content":{"rendered":"<p>Nesta ter\u00e7a-feira (3), a campanha que mais arrecada brinquedos entre os \u00f3rg\u00e3os do Governo do Distrito Federal vai iniciar uma nova modalidade de doa\u00e7\u00e3o. No formato drive-thru, entre as 9h e as 14h, as equipes da Chefia-Executiva de Pol\u00edticas Sociais receber\u00e3o os itens doados sem a necessidade de o motorista descer do carro. O Dia Solid\u00e1rio da campanha Vem Brincar Comigo ser\u00e1 em frente \u00e0 rampa na entrada principal do Pal\u00e1cio do Buriti.<\/p>\n<p>A iniciativa, idealizada pela primeira-dama do Distrito Federal, Mayara Noronha Rocha, e coordenada pela Chefia-Executiva de Pol\u00edticas Sociais, vinculada \u00e0 Chefia de Gabinete do Governador, arrecada brinquedos que ser\u00e3o entregues para crian\u00e7as em situa\u00e7\u00e3o de vulnerabilidade social.<\/p>\n<p>Os interessados em colaborar com a campanha podem doar itens novos ou usados \u2013 desde que em perfeitas condi\u00e7\u00f5es. A campanha segue na ativa at\u00e9 o dia 10 . Para quem n\u00e3o conseguir participar do Dia Solid\u00e1rio, basta ir a um dos pontos de arrecada\u00e7\u00e3o, como a \u00e1rea interna do Pal\u00e1cio do Buriti, os \u00f3rg\u00e3os do GDF, as administra\u00e7\u00f5es regionais e os batalh\u00f5es da Pol\u00edcia Militar e do Corpo de Bombeiros Militar.<\/p>\n<p>\u00c9 recomend\u00e1vel que os brinquedos usados sejam higienizados com \u00e1lcool 70% e colocados em um saco pl\u00e1stico transparente. J\u00e1 os itens novos podem ser doados em seus pr\u00f3prios pacotes. A \u00faltima edi\u00e7\u00e3o, em 2021, arrecadou mais de 16 mil brinquedos.<\/p>\n<p>\u201cSe voc\u00ea ainda n\u00e3o fez sua doa\u00e7\u00e3o, esta \u00e9 a chance de contribuir com a nossa campanha e trazer ainda mais sorrisos para as crian\u00e7as do nosso quadradinho. Ser\u00e1 um evento muito especial que simboliza a solidariedade e a esperan\u00e7a de um futuro cheio de alegrias e mem\u00f3rias afetivas. Convido todos a participarem desta corrente do bem\u201d, afirmou a primeira-dama.<\/p>\n","protected":false},"excerpt":{"rendered":"<p>Nesta ter\u00e7a-feira (3), a campanha que mais arrecada brinquedos entre os \u00f3rg\u00e3os do Governo do Distrito Federal vai iniciar uma nova modalidade de doa\u00e7\u00e3o. No formato drive-thru, entre as 9h e as 14h, as equipes da Chefia-Executiva de Pol\u00edticas Sociais receber\u00e3o os itens doados sem a necessidade de o motorista descer do carro. O Dia [&hellip;]<\/p>\n","protected":false},"author":2,"featured_media":313879,"comment_status":"closed","ping_status":"closed","sticky":false,"template":"","format":"standard","meta":{"_acf_changed":false,"footnotes":""},"categories":[161],"tags":[],"class_list":["post-313878","post","type-post","status-publish","format-standard","has-post-thumbnail","hentry","category-quadradinho-em-foco"],"acf":[],"yoast_head":"<!-- This site is optimized with the Yoast SEO plugin v27.2 - https:\/\/yoast.com\/product\/yoast-seo-wordpress\/ -->\n<title>Dia Solid\u00e1rio receber\u00e1 brinquedos por drive-thru no Buriti - Notibras<\/title>\n<meta name=\"robots\" content=\"index, follow, max-snippet:-1, max-image-preview:large, max-video-preview:-1\" \/>\n<link rel=\"canonical\" href=\"https:\/\/www.notibras.com\/site\/dia-solidario-recebera-brinquedos-por-drive-thru-no-buriti\/\" \/>\n<meta property=\"og:locale\" content=\"pt_BR\" \/>\n<meta property=\"og:type\" content=\"article\" \/>\n<meta property=\"og:title\" content=\"Dia Solid\u00e1rio receber\u00e1 brinquedos por drive-thru no Buriti - Notibras\" \/>\n<meta property=\"og:description\" content=\"Nesta ter\u00e7a-feira (3), a campanha que mais arrecada brinquedos entre os \u00f3rg\u00e3os do Governo do Distrito Federal vai iniciar uma nova modalidade de doa\u00e7\u00e3o. No formato drive-thru, entre as 9h e as 14h, as equipes da Chefia-Executiva de Pol\u00edticas Sociais receber\u00e3o os itens doados sem a necessidade de o motorista descer do carro. O Dia [&hellip;]\" \/>\n<meta property=\"og:url\" content=\"https:\/\/www.notibras.com\/site\/dia-solidario-recebera-brinquedos-por-drive-thru-no-buriti\/\" \/>\n<meta property=\"og:site_name\" content=\"Notibras\" \/>\n<meta property=\"article:publisher\" content=\"https:\/\/www.facebook.com\/notibras\/\" \/>\n<meta property=\"article:published_time\" content=\"2023-10-02T03:00:55+00:00\" \/>\n<meta property=\"article:modified_time\" content=\"2023-10-02T12:25:55+00:00\" \/>\n<meta property=\"og:image\" content=\"https:\/\/www.notibras.com\/site\/wp-content\/uploads\/2023\/10\/brinquedo-foto-fernando-frazao.jpg\" \/>\n\t<meta property=\"og:image:width\" content=\"1140\" \/>\n\t<meta property=\"og:image:height\" content=\"760\" \/>\n\t<meta property=\"og:image:type\" content=\"image\/jpeg\" \/>\n<meta name=\"author\" content=\"Reda\u00e7\u00e3o\" \/>\n<meta name=\"twitter:card\" content=\"summary_large_image\" \/>\n<meta name=\"twitter:creator\" content=\"@Notibras\" \/>\n<meta name=\"twitter:site\" content=\"@Notibras\" \/>\n<meta name=\"twitter:label1\" content=\"Escrito por\" \/>\n\t<meta name=\"twitter:data1\" content=\"Reda\u00e7\u00e3o\" \/>\n\t<meta name=\"twitter:label2\" content=\"Est. tempo de leitura\" \/>\n\t<meta name=\"twitter:data2\" content=\"2 minutos\" \/>\n<script type=\"application\/ld+json\" class=\"yoast-schema-graph\">{\"@context\":\"https:\/\/schema.org\",\"@graph\":[{\"@type\":\"Article\",\"@id\":\"https:\/\/www.notibras.com\/site\/dia-solidario-recebera-brinquedos-por-drive-thru-no-buriti\/#article\",\"isPartOf\":{\"@id\":\"https:\/\/www.notibras.com\/site\/dia-solidario-recebera-brinquedos-por-drive-thru-no-buriti\/\"},\"author\":{\"name\":\"Reda\u00e7\u00e3o\",\"@id\":\"https:\/\/www.notibras.com\/site\/#\/schema\/person\/36ab0979449956132d3e5b517ea76ac8\"},\"headline\":\"Dia Solid\u00e1rio receber\u00e1 brinquedos por drive-thru no Buriti\",\"datePublished\":\"2023-10-02T03:00:55+00:00\",\"dateModified\":\"2023-10-02T12:25:55+00:00\",\"mainEntityOfPage\":{\"@id\":\"https:\/\/www.notibras.com\/site\/dia-solidario-recebera-brinquedos-por-drive-thru-no-buriti\/\"},\"wordCount\":309,\"publisher\":{\"@id\":\"https:\/\/www.notibras.com\/site\/#organization\"},\"image\":{\"@id\":\"https:\/\/www.notibras.com\/site\/dia-solidario-recebera-brinquedos-por-drive-thru-no-buriti\/#primaryimage\"},\"thumbnailUrl\":\"https:\/\/www.notibras.com\/site\/wp-content\/uploads\/2023\/10\/brinquedo-foto-fernando-frazao.jpg\",\"articleSection\":[\"Quadradinho em Foco\"],\"inLanguage\":\"pt-BR\"},{\"@type\":\"WebPage\",\"@id\":\"https:\/\/www.notibras.com\/site\/dia-solidario-recebera-brinquedos-por-drive-thru-no-buriti\/\",\"url\":\"https:\/\/www.notibras.com\/site\/dia-solidario-recebera-brinquedos-por-drive-thru-no-buriti\/\",\"name\":\"Dia Solid\u00e1rio receber\u00e1 brinquedos por drive-thru no Buriti - Notibras\",\"isPartOf\":{\"@id\":\"https:\/\/www.notibras.com\/site\/#website\"},\"primaryImageOfPage\":{\"@id\":\"https:\/\/www.notibras.com\/site\/dia-solidario-recebera-brinquedos-por-drive-thru-no-buriti\/#primaryimage\"},\"image\":{\"@id\":\"https:\/\/www.notibras.com\/site\/dia-solidario-recebera-brinquedos-por-drive-thru-no-buriti\/#primaryimage\"},\"thumbnailUrl\":\"https:\/\/www.notibras.com\/site\/wp-content\/uploads\/2023\/10\/brinquedo-foto-fernando-frazao.jpg\",\"datePublished\":\"2023-10-02T03:00:55+00:00\",\"dateModified\":\"2023-10-02T12:25:55+00:00\",\"breadcrumb\":{\"@id\":\"https:\/\/www.notibras.com\/site\/dia-solidario-recebera-brinquedos-por-drive-thru-no-buriti\/#breadcrumb\"},\"inLanguage\":\"pt-BR\",\"potentialAction\":[{\"@type\":\"ReadAction\",\"target\":[\"https:\/\/www.notibras.com\/site\/dia-solidario-recebera-brinquedos-por-drive-thru-no-buriti\/\"]}]},{\"@type\":\"ImageObject\",\"inLanguage\":\"pt-BR\",\"@id\":\"https:\/\/www.notibras.com\/site\/dia-solidario-recebera-brinquedos-por-drive-thru-no-buriti\/#primaryimage\",\"url\":\"https:\/\/www.notibras.com\/site\/wp-content\/uploads\/2023\/10\/brinquedo-foto-fernando-frazao.jpg\",\"contentUrl\":\"https:\/\/www.notibras.com\/site\/wp-content\/uploads\/2023\/10\/brinquedo-foto-fernando-frazao.jpg\",\"width\":1140,\"height\":760,\"caption\":\"Rio de Janeiro - Com\u00e9rcio de artigos para o Dia das Crian\u00e7as na regi\u00e3o da Sociedade de Amigos da Rua da Alf\u00e2ndega e Adjac\u00eancias (Saara), o maior centro comercial popular do Rio de Janeiro.\"},{\"@type\":\"BreadcrumbList\",\"@id\":\"https:\/\/www.notibras.com\/site\/dia-solidario-recebera-brinquedos-por-drive-thru-no-buriti\/#breadcrumb\",\"itemListElement\":[{\"@type\":\"ListItem\",\"position\":1,\"name\":\"In\u00edcio\",\"item\":\"https:\/\/www.notibras.com\/site\/\"},{\"@type\":\"ListItem\",\"position\":2,\"name\":\"Dia Solid\u00e1rio receber\u00e1 brinquedos por drive-thru no Buriti\"}]},{\"@type\":\"WebSite\",\"@id\":\"https:\/\/www.notibras.com\/site\/#website\",\"url\":\"https:\/\/www.notibras.com\/site\/\",\"name\":\"Notibras\",\"description\":\"Not\u00edcias de Bras\u00edlia, do Brasil e do Mundo\",\"publisher\":{\"@id\":\"https:\/\/www.notibras.com\/site\/#organization\"},\"potentialAction\":[{\"@type\":\"SearchAction\",\"target\":{\"@type\":\"EntryPoint\",\"urlTemplate\":\"https:\/\/www.notibras.com\/site\/?s={search_term_string}\"},\"query-input\":{\"@type\":\"PropertyValueSpecification\",\"valueRequired\":true,\"valueName\":\"search_term_string\"}}],\"inLanguage\":\"pt-BR\"},{\"@type\":\"Organization\",\"@id\":\"https:\/\/www.notibras.com\/site\/#organization\",\"name\":\"Grupo Notibras de Comunica\u00e7\u00e3o\",\"url\":\"https:\/\/www.notibras.com\/site\/\",\"logo\":{\"@type\":\"ImageObject\",\"inLanguage\":\"pt-BR\",\"@id\":\"https:\/\/www.notibras.com\/site\/#\/schema\/logo\/image\/\",\"url\":\"https:\/\/www.notibras.com\/site\/wp-content\/uploads\/2023\/01\/notibras23.png\",\"contentUrl\":\"https:\/\/www.notibras.com\/site\/wp-content\/uploads\/2023\/01\/notibras23.png\",\"width\":350,\"height\":87,\"caption\":\"Grupo Notibras de Comunica\u00e7\u00e3o\"},\"image\":{\"@id\":\"https:\/\/www.notibras.com\/site\/#\/schema\/logo\/image\/\"},\"sameAs\":[\"https:\/\/www.facebook.com\/notibras\/\",\"https:\/\/x.com\/Notibras\",\"https:\/\/www.instagram.com\/notibras\/\"]},{\"@type\":\"Person\",\"@id\":\"https:\/\/www.notibras.com\/site\/#\/schema\/person\/36ab0979449956132d3e5b517ea76ac8\",\"name\":\"Reda\u00e7\u00e3o\",\"image\":{\"@type\":\"ImageObject\",\"inLanguage\":\"pt-BR\",\"@id\":\"https:\/\/secure.gravatar.com\/avatar\/e0a867bdedb85fd243eadf09663511f96fc81e0720a4a42581f334ad4303aa6b?s=96&d=mm&r=g\",\"url\":\"https:\/\/secure.gravatar.com\/avatar\/e0a867bdedb85fd243eadf09663511f96fc81e0720a4a42581f334ad4303aa6b?s=96&d=mm&r=g\",\"contentUrl\":\"https:\/\/secure.gravatar.com\/avatar\/e0a867bdedb85fd243eadf09663511f96fc81e0720a4a42581f334ad4303aa6b?s=96&d=mm&r=g\",\"caption\":\"Reda\u00e7\u00e3o\"}}]}<\/script>\n<!-- \/ Yoast SEO plugin. -->","yoast_head_json":{"title":"Dia Solid\u00e1rio receber\u00e1 brinquedos por drive-thru no Buriti - Notibras","robots":{"index":"index","follow":"follow","max-snippet":"max-snippet:-1","max-image-preview":"max-image-preview:large","max-video-preview":"max-video-preview:-1"},"canonical":"https:\/\/www.notibras.com\/site\/dia-solidario-recebera-brinquedos-por-drive-thru-no-buriti\/","og_locale":"pt_BR","og_type":"article","og_title":"Dia Solid\u00e1rio receber\u00e1 brinquedos por drive-thru no Buriti - Notibras","og_description":"Nesta ter\u00e7a-feira (3), a campanha que mais arrecada brinquedos entre os \u00f3rg\u00e3os do Governo do Distrito Federal vai iniciar uma nova modalidade de doa\u00e7\u00e3o. No formato drive-thru, entre as 9h e as 14h, as equipes da Chefia-Executiva de Pol\u00edticas Sociais receber\u00e3o os itens doados sem a necessidade de o motorista descer do carro. O Dia [&hellip;]","og_url":"https:\/\/www.notibras.com\/site\/dia-solidario-recebera-brinquedos-por-drive-thru-no-buriti\/","og_site_name":"Notibras","article_publisher":"https:\/\/www.facebook.com\/notibras\/","article_published_time":"2023-10-02T03:00:55+00:00","article_modified_time":"2023-10-02T12:25:55+00:00","og_image":[{"width":1140,"height":760,"url":"https:\/\/www.notibras.com\/site\/wp-content\/uploads\/2023\/10\/brinquedo-foto-fernando-frazao.jpg","type":"image\/jpeg"}],"author":"Reda\u00e7\u00e3o","twitter_card":"summary_large_image","twitter_creator":"@Notibras","twitter_site":"@Notibras","twitter_misc":{"Escrito por":"Reda\u00e7\u00e3o","Est. tempo de leitura":"2 minutos"},"schema":{"@context":"https:\/\/schema.org","@graph":[{"@type":"Article","@id":"https:\/\/www.notibras.com\/site\/dia-solidario-recebera-brinquedos-por-drive-thru-no-buriti\/#article","isPartOf":{"@id":"https:\/\/www.notibras.com\/site\/dia-solidario-recebera-brinquedos-por-drive-thru-no-buriti\/"},"author":{"name":"Reda\u00e7\u00e3o","@id":"https:\/\/www.notibras.com\/site\/#\/schema\/person\/36ab0979449956132d3e5b517ea76ac8"},"headline":"Dia Solid\u00e1rio receber\u00e1 brinquedos por drive-thru no Buriti","datePublished":"2023-10-02T03:00:55+00:00","dateModified":"2023-10-02T12:25:55+00:00","mainEntityOfPage":{"@id":"https:\/\/www.notibras.com\/site\/dia-solidario-recebera-brinquedos-por-drive-thru-no-buriti\/"},"wordCount":309,"publisher":{"@id":"https:\/\/www.notibras.com\/site\/#organization"},"image":{"@id":"https:\/\/www.notibras.com\/site\/dia-solidario-recebera-brinquedos-por-drive-thru-no-buriti\/#primaryimage"},"thumbnailUrl":"https:\/\/www.notibras.com\/site\/wp-content\/uploads\/2023\/10\/brinquedo-foto-fernando-frazao.jpg","articleSection":["Quadradinho em Foco"],"inLanguage":"pt-BR"},{"@type":"WebPage","@id":"https:\/\/www.notibras.com\/site\/dia-solidario-recebera-brinquedos-por-drive-thru-no-buriti\/","url":"https:\/\/www.notibras.com\/site\/dia-solidario-recebera-brinquedos-por-drive-thru-no-buriti\/","name":"Dia Solid\u00e1rio receber\u00e1 brinquedos por drive-thru no Buriti - Notibras","isPartOf":{"@id":"https:\/\/www.notibras.com\/site\/#website"},"primaryImageOfPage":{"@id":"https:\/\/www.notibras.com\/site\/dia-solidario-recebera-brinquedos-por-drive-thru-no-buriti\/#primaryimage"},"image":{"@id":"https:\/\/www.notibras.com\/site\/dia-solidario-recebera-brinquedos-por-drive-thru-no-buriti\/#primaryimage"},"thumbnailUrl":"https:\/\/www.notibras.com\/site\/wp-content\/uploads\/2023\/10\/brinquedo-foto-fernando-frazao.jpg","datePublished":"2023-10-02T03:00:55+00:00","dateModified":"2023-10-02T12:25:55+00:00","breadcrumb":{"@id":"https:\/\/www.notibras.com\/site\/dia-solidario-recebera-brinquedos-por-drive-thru-no-buriti\/#breadcrumb"},"inLanguage":"pt-BR","potentialAction":[{"@type":"ReadAction","target":["https:\/\/www.notibras.com\/site\/dia-solidario-recebera-brinquedos-por-drive-thru-no-buriti\/"]}]},{"@type":"ImageObject","inLanguage":"pt-BR","@id":"https:\/\/www.notibras.com\/site\/dia-solidario-recebera-brinquedos-por-drive-thru-no-buriti\/#primaryimage","url":"https:\/\/www.notibras.com\/site\/wp-content\/uploads\/2023\/10\/brinquedo-foto-fernando-frazao.jpg","contentUrl":"https:\/\/www.notibras.com\/site\/wp-content\/uploads\/2023\/10\/brinquedo-foto-fernando-frazao.jpg","width":1140,"height":760,"caption":"Rio de Janeiro - Com\u00e9rcio de artigos para o Dia das Crian\u00e7as na regi\u00e3o da Sociedade de Amigos da Rua da Alf\u00e2ndega e Adjac\u00eancias (Saara), o maior centro comercial popular do Rio de Janeiro."},{"@type":"BreadcrumbList","@id":"https:\/\/www.notibras.com\/site\/dia-solidario-recebera-brinquedos-por-drive-thru-no-buriti\/#breadcrumb","itemListElement":[{"@type":"ListItem","position":1,"name":"In\u00edcio","item":"https:\/\/www.notibras.com\/site\/"},{"@type":"ListItem","position":2,"name":"Dia Solid\u00e1rio receber\u00e1 brinquedos por drive-thru no Buriti"}]},{"@type":"WebSite","@id":"https:\/\/www.notibras.com\/site\/#website","url":"https:\/\/www.notibras.com\/site\/","name":"Notibras","description":"Not\u00edcias de Bras\u00edlia, do Brasil e do Mundo","publisher":{"@id":"https:\/\/www.notibras.com\/site\/#organization"},"potentialAction":[{"@type":"SearchAction","target":{"@type":"EntryPoint","urlTemplate":"https:\/\/www.notibras.com\/site\/?s={search_term_string}"},"query-input":{"@type":"PropertyValueSpecification","valueRequired":true,"valueName":"search_term_string"}}],"inLanguage":"pt-BR"},{"@type":"Organization","@id":"https:\/\/www.notibras.com\/site\/#organization","name":"Grupo Notibras de Comunica\u00e7\u00e3o","url":"https:\/\/www.notibras.com\/site\/","logo":{"@type":"ImageObject","inLanguage":"pt-BR","@id":"https:\/\/www.notibras.com\/site\/#\/schema\/logo\/image\/","url":"https:\/\/www.notibras.com\/site\/wp-content\/uploads\/2023\/01\/notibras23.png","contentUrl":"https:\/\/www.notibras.com\/site\/wp-content\/uploads\/2023\/01\/notibras23.png","width":350,"height":87,"caption":"Grupo Notibras de Comunica\u00e7\u00e3o"},"image":{"@id":"https:\/\/www.notibras.com\/site\/#\/schema\/logo\/image\/"},"sameAs":["https:\/\/www.facebook.com\/notibras\/","https:\/\/x.com\/Notibras","https:\/\/www.instagram.com\/notibras\/"]},{"@type":"Person","@id":"https:\/\/www.notibras.com\/site\/#\/schema\/person\/36ab0979449956132d3e5b517ea76ac8","name":"Reda\u00e7\u00e3o","image":{"@type":"ImageObject","inLanguage":"pt-BR","@id":"https:\/\/secure.gravatar.com\/avatar\/e0a867bdedb85fd243eadf09663511f96fc81e0720a4a42581f334ad4303aa6b?s=96&d=mm&r=g","url":"https:\/\/secure.gravatar.com\/avatar\/e0a867bdedb85fd243eadf09663511f96fc81e0720a4a42581f334ad4303aa6b?s=96&d=mm&r=g","contentUrl":"https:\/\/secure.gravatar.com\/avatar\/e0a867bdedb85fd243eadf09663511f96fc81e0720a4a42581f334ad4303aa6b?s=96&d=mm&r=g","caption":"Reda\u00e7\u00e3o"}}]}},"amp_enabled":true,"_links":{"self":[{"href":"https:\/\/www.notibras.com\/site\/wp-json\/wp\/v2\/posts\/313878","targetHints":{"allow":["GET"]}}],"collection":[{"href":"https:\/\/www.notibras.com\/site\/wp-json\/wp\/v2\/posts"}],"about":[{"href":"https:\/\/www.notibras.com\/site\/wp-json\/wp\/v2\/types\/post"}],"author":[{"embeddable":true,"href":"https:\/\/www.notibras.com\/site\/wp-json\/wp\/v2\/users\/2"}],"replies":[{"embeddable":true,"href":"https:\/\/www.notibras.com\/site\/wp-json\/wp\/v2\/comments?post=313878"}],"version-history":[{"count":1,"href":"https:\/\/www.notibras.com\/site\/wp-json\/wp\/v2\/posts\/313878\/revisions"}],"predecessor-version":[{"id":313880,"href":"https:\/\/www.notibras.com\/site\/wp-json\/wp\/v2\/posts\/313878\/revisions\/313880"}],"wp:featuredmedia":[{"embeddable":true,"href":"https:\/\/www.notibras.com\/site\/wp-json\/wp\/v2\/media\/313879"}],"wp:attachment":[{"href":"https:\/\/www.notibras.com\/site\/wp-json\/wp\/v2\/media?parent=313878"}],"wp:term":[{"taxonomy":"category","embeddable":true,"href":"https:\/\/www.notibras.com\/site\/wp-json\/wp\/v2\/categories?post=313878"},{"taxonomy":"post_tag","embeddable":true,"href":"https:\/\/www.notibras.com\/site\/wp-json\/wp\/v2\/tags?post=313878"}],"curies":[{"name":"wp","href":"https:\/\/api.w.org\/{rel}","templated":true}]}}