{"id":313883,"date":"2023-10-02T00:00:36","date_gmt":"2023-10-02T03:00:36","guid":{"rendered":"https:\/\/www.notibras.com\/site\/?p=313883"},"modified":"2023-10-02T09:59:16","modified_gmt":"2023-10-02T12:59:16","slug":"comunidade-escolar-convocada-para-avaliar-da-educacao-basica","status":"publish","type":"post","link":"https:\/\/www.notibras.com\/site\/comunidade-escolar-convocada-para-avaliar-da-educacao-basica\/","title":{"rendered":"Comunidade escolar convocada para avaliar da educa\u00e7\u00e3o b\u00e1sica"},"content":{"rendered":"<p>A Secretaria de Educa\u00e7\u00e3o est\u00e1 convocando toda a comunidade escolar para as avalia\u00e7\u00f5es do Sistema de Avalia\u00e7\u00e3o da Educa\u00e7\u00e3o B\u00e1sica (Saeb) de 2023. Aplicado pelo Instituto An\u00edsio Teixeira (Inep), o Saeb \u00e9 um conjunto de avalia\u00e7\u00f5es externas que permite realizar um diagn\u00f3stico da educa\u00e7\u00e3o b\u00e1sica brasileira e de fatores que podem interferir no desempenho do estudante. Este ano, a aplica\u00e7\u00e3o do Saeb, pelo Inep, ocorrer\u00e1 entre os dias 23 deste m\u00eas e 10 de novembro, em todo o pa\u00eds.<\/p>\n<p>Por meio da aplica\u00e7\u00e3o de testes e question\u00e1rios a cada dois anos, o Saeb avalia o desempenho dos estudantes em um conjunto e interpreta esses resultados com base em uma variedade de informa\u00e7\u00f5es contextuais. A edi\u00e7\u00e3o deste ano do Saeb fecha um ciclo que tem como objetivo verificar como est\u00e1 a aprendizagem dos estudantes brasileiros no per\u00edodo p\u00f3s-pandemia. Por isso, a SEE destaca a import\u00e2ncia da participa\u00e7\u00e3o de toda comunidade escolar no processo.<\/p>\n<p>Para a secret\u00e1ria de Educa\u00e7\u00e3o, H\u00e9lvia Paranagu\u00e1, o Saeb \u00e9 uma grande oportunidade de avaliar e aprimorar pol\u00edticas p\u00fablicas no Distrito Federal. \u201cA avalia\u00e7\u00e3o de uma rede de ensino, em todas as suas dimens\u00f5es, \u00e9 a\u00e7\u00e3o de suma import\u00e2ncia, pois permite que professores e gestores desenvolvam a\u00e7\u00f5es, projetos, programas e pol\u00edticas de interven\u00e7\u00e3o alinhadas \u00e0s reais necessidades diagnosticadas nas \u00e1reas e etapas avaliadas\u201d, ressalta a gestora.<\/p>\n<p>Os question\u00e1rios s\u00e3o voltados ao secret\u00e1rio de Educa\u00e7\u00e3o, aos diretores de escola, a alguns professores de turmas e disciplinas que fazem provas e aos alunos participantes. O question\u00e1rio do aluno \u00e9 entregue em papel, j\u00e1 os demais s\u00e3o respondidos online.<\/p>\n<p><strong>Quem participa do Saeb<\/strong><br \/>\n* Educa\u00e7\u00e3o infantil, por meio de professores e diretores, em escolas p\u00fablicas, privadas e conveniadas com o poder p\u00fablico;<br \/>\n* Ensino fundamental em turmas de 2\u00ba, 5\u00ba e 9\u00ba anos em escolas p\u00fablicas e privadas;<br \/>\n* Ensino m\u00e9dio em turmas de 3\u00aa ano, e4\u00aa ano de escolas p\u00fablicas e privadas.<\/p>\n","protected":false},"excerpt":{"rendered":"<p>A Secretaria de Educa\u00e7\u00e3o est\u00e1 convocando toda a comunidade escolar para as avalia\u00e7\u00f5es do Sistema de Avalia\u00e7\u00e3o da Educa\u00e7\u00e3o B\u00e1sica (Saeb) de 2023. Aplicado pelo Instituto An\u00edsio Teixeira (Inep), o Saeb \u00e9 um conjunto de avalia\u00e7\u00f5es externas que permite realizar um diagn\u00f3stico da educa\u00e7\u00e3o b\u00e1sica brasileira e de fatores que podem interferir no desempenho do [&hellip;]<\/p>\n","protected":false},"author":2,"featured_media":313884,"comment_status":"closed","ping_status":"closed","sticky":false,"template":"","format":"standard","meta":{"_acf_changed":false,"footnotes":""},"categories":[161],"tags":[],"class_list":["post-313883","post","type-post","status-publish","format-standard","has-post-thumbnail","hentry","category-quadradinho-em-foco"],"acf":[],"yoast_head":"<!-- This site is optimized with the Yoast SEO plugin v27.2 - https:\/\/yoast.com\/product\/yoast-seo-wordpress\/ -->\n<title>Comunidade escolar convocada para avaliar da educa\u00e7\u00e3o b\u00e1sica - Notibras<\/title>\n<meta name=\"robots\" content=\"index, follow, max-snippet:-1, max-image-preview:large, max-video-preview:-1\" \/>\n<link rel=\"canonical\" href=\"https:\/\/www.notibras.com\/site\/comunidade-escolar-convocada-para-avaliar-da-educacao-basica\/\" \/>\n<meta property=\"og:locale\" content=\"pt_BR\" \/>\n<meta property=\"og:type\" content=\"article\" \/>\n<meta property=\"og:title\" content=\"Comunidade escolar convocada para avaliar da educa\u00e7\u00e3o b\u00e1sica - Notibras\" \/>\n<meta property=\"og:description\" content=\"A Secretaria de Educa\u00e7\u00e3o est\u00e1 convocando toda a comunidade escolar para as avalia\u00e7\u00f5es do Sistema de Avalia\u00e7\u00e3o da Educa\u00e7\u00e3o B\u00e1sica (Saeb) de 2023. Aplicado pelo Instituto An\u00edsio Teixeira (Inep), o Saeb \u00e9 um conjunto de avalia\u00e7\u00f5es externas que permite realizar um diagn\u00f3stico da educa\u00e7\u00e3o b\u00e1sica brasileira e de fatores que podem interferir no desempenho do [&hellip;]\" \/>\n<meta property=\"og:url\" content=\"https:\/\/www.notibras.com\/site\/comunidade-escolar-convocada-para-avaliar-da-educacao-basica\/\" \/>\n<meta property=\"og:site_name\" content=\"Notibras\" \/>\n<meta property=\"article:publisher\" content=\"https:\/\/www.facebook.com\/notibras\/\" \/>\n<meta property=\"article:published_time\" content=\"2023-10-02T03:00:36+00:00\" \/>\n<meta property=\"article:modified_time\" content=\"2023-10-02T12:59:16+00:00\" \/>\n<meta property=\"og:image\" content=\"https:\/\/www.notibras.com\/site\/wp-content\/uploads\/2023\/10\/Secretaria-de-Educacao-convoca-comunidade-escolar-para-o-Saeb-2023-scaled-1.jpg\" \/>\n\t<meta property=\"og:image:width\" content=\"2560\" \/>\n\t<meta property=\"og:image:height\" content=\"1707\" \/>\n\t<meta property=\"og:image:type\" content=\"image\/jpeg\" \/>\n<meta name=\"author\" content=\"Reda\u00e7\u00e3o\" \/>\n<meta name=\"twitter:card\" content=\"summary_large_image\" \/>\n<meta name=\"twitter:creator\" content=\"@Notibras\" \/>\n<meta name=\"twitter:site\" content=\"@Notibras\" \/>\n<meta name=\"twitter:label1\" content=\"Escrito por\" \/>\n\t<meta name=\"twitter:data1\" content=\"Reda\u00e7\u00e3o\" \/>\n\t<meta name=\"twitter:label2\" content=\"Est. tempo de leitura\" \/>\n\t<meta name=\"twitter:data2\" content=\"2 minutos\" \/>\n<script type=\"application\/ld+json\" class=\"yoast-schema-graph\">{\"@context\":\"https:\/\/schema.org\",\"@graph\":[{\"@type\":\"Article\",\"@id\":\"https:\/\/www.notibras.com\/site\/comunidade-escolar-convocada-para-avaliar-da-educacao-basica\/#article\",\"isPartOf\":{\"@id\":\"https:\/\/www.notibras.com\/site\/comunidade-escolar-convocada-para-avaliar-da-educacao-basica\/\"},\"author\":{\"name\":\"Reda\u00e7\u00e3o\",\"@id\":\"https:\/\/www.notibras.com\/site\/#\/schema\/person\/36ab0979449956132d3e5b517ea76ac8\"},\"headline\":\"Comunidade escolar convocada para avaliar da educa\u00e7\u00e3o b\u00e1sica\",\"datePublished\":\"2023-10-02T03:00:36+00:00\",\"dateModified\":\"2023-10-02T12:59:16+00:00\",\"mainEntityOfPage\":{\"@id\":\"https:\/\/www.notibras.com\/site\/comunidade-escolar-convocada-para-avaliar-da-educacao-basica\/\"},\"wordCount\":353,\"publisher\":{\"@id\":\"https:\/\/www.notibras.com\/site\/#organization\"},\"image\":{\"@id\":\"https:\/\/www.notibras.com\/site\/comunidade-escolar-convocada-para-avaliar-da-educacao-basica\/#primaryimage\"},\"thumbnailUrl\":\"https:\/\/www.notibras.com\/site\/wp-content\/uploads\/2023\/10\/Secretaria-de-Educacao-convoca-comunidade-escolar-para-o-Saeb-2023-scaled-1.jpg\",\"articleSection\":[\"Quadradinho em Foco\"],\"inLanguage\":\"pt-BR\"},{\"@type\":\"WebPage\",\"@id\":\"https:\/\/www.notibras.com\/site\/comunidade-escolar-convocada-para-avaliar-da-educacao-basica\/\",\"url\":\"https:\/\/www.notibras.com\/site\/comunidade-escolar-convocada-para-avaliar-da-educacao-basica\/\",\"name\":\"Comunidade escolar convocada para avaliar da educa\u00e7\u00e3o b\u00e1sica - Notibras\",\"isPartOf\":{\"@id\":\"https:\/\/www.notibras.com\/site\/#website\"},\"primaryImageOfPage\":{\"@id\":\"https:\/\/www.notibras.com\/site\/comunidade-escolar-convocada-para-avaliar-da-educacao-basica\/#primaryimage\"},\"image\":{\"@id\":\"https:\/\/www.notibras.com\/site\/comunidade-escolar-convocada-para-avaliar-da-educacao-basica\/#primaryimage\"},\"thumbnailUrl\":\"https:\/\/www.notibras.com\/site\/wp-content\/uploads\/2023\/10\/Secretaria-de-Educacao-convoca-comunidade-escolar-para-o-Saeb-2023-scaled-1.jpg\",\"datePublished\":\"2023-10-02T03:00:36+00:00\",\"dateModified\":\"2023-10-02T12:59:16+00:00\",\"breadcrumb\":{\"@id\":\"https:\/\/www.notibras.com\/site\/comunidade-escolar-convocada-para-avaliar-da-educacao-basica\/#breadcrumb\"},\"inLanguage\":\"pt-BR\",\"potentialAction\":[{\"@type\":\"ReadAction\",\"target\":[\"https:\/\/www.notibras.com\/site\/comunidade-escolar-convocada-para-avaliar-da-educacao-basica\/\"]}]},{\"@type\":\"ImageObject\",\"inLanguage\":\"pt-BR\",\"@id\":\"https:\/\/www.notibras.com\/site\/comunidade-escolar-convocada-para-avaliar-da-educacao-basica\/#primaryimage\",\"url\":\"https:\/\/www.notibras.com\/site\/wp-content\/uploads\/2023\/10\/Secretaria-de-Educacao-convoca-comunidade-escolar-para-o-Saeb-2023-scaled-1.jpg\",\"contentUrl\":\"https:\/\/www.notibras.com\/site\/wp-content\/uploads\/2023\/10\/Secretaria-de-Educacao-convoca-comunidade-escolar-para-o-Saeb-2023-scaled-1.jpg\",\"width\":2560,\"height\":1707},{\"@type\":\"BreadcrumbList\",\"@id\":\"https:\/\/www.notibras.com\/site\/comunidade-escolar-convocada-para-avaliar-da-educacao-basica\/#breadcrumb\",\"itemListElement\":[{\"@type\":\"ListItem\",\"position\":1,\"name\":\"In\u00edcio\",\"item\":\"https:\/\/www.notibras.com\/site\/\"},{\"@type\":\"ListItem\",\"position\":2,\"name\":\"Comunidade escolar convocada para avaliar da educa\u00e7\u00e3o b\u00e1sica\"}]},{\"@type\":\"WebSite\",\"@id\":\"https:\/\/www.notibras.com\/site\/#website\",\"url\":\"https:\/\/www.notibras.com\/site\/\",\"name\":\"Notibras\",\"description\":\"Not\u00edcias de Bras\u00edlia, do Brasil e do Mundo\",\"publisher\":{\"@id\":\"https:\/\/www.notibras.com\/site\/#organization\"},\"potentialAction\":[{\"@type\":\"SearchAction\",\"target\":{\"@type\":\"EntryPoint\",\"urlTemplate\":\"https:\/\/www.notibras.com\/site\/?s={search_term_string}\"},\"query-input\":{\"@type\":\"PropertyValueSpecification\",\"valueRequired\":true,\"valueName\":\"search_term_string\"}}],\"inLanguage\":\"pt-BR\"},{\"@type\":\"Organization\",\"@id\":\"https:\/\/www.notibras.com\/site\/#organization\",\"name\":\"Grupo Notibras de Comunica\u00e7\u00e3o\",\"url\":\"https:\/\/www.notibras.com\/site\/\",\"logo\":{\"@type\":\"ImageObject\",\"inLanguage\":\"pt-BR\",\"@id\":\"https:\/\/www.notibras.com\/site\/#\/schema\/logo\/image\/\",\"url\":\"https:\/\/www.notibras.com\/site\/wp-content\/uploads\/2023\/01\/notibras23.png\",\"contentUrl\":\"https:\/\/www.notibras.com\/site\/wp-content\/uploads\/2023\/01\/notibras23.png\",\"width\":350,\"height\":87,\"caption\":\"Grupo Notibras de Comunica\u00e7\u00e3o\"},\"image\":{\"@id\":\"https:\/\/www.notibras.com\/site\/#\/schema\/logo\/image\/\"},\"sameAs\":[\"https:\/\/www.facebook.com\/notibras\/\",\"https:\/\/x.com\/Notibras\",\"https:\/\/www.instagram.com\/notibras\/\"]},{\"@type\":\"Person\",\"@id\":\"https:\/\/www.notibras.com\/site\/#\/schema\/person\/36ab0979449956132d3e5b517ea76ac8\",\"name\":\"Reda\u00e7\u00e3o\",\"image\":{\"@type\":\"ImageObject\",\"inLanguage\":\"pt-BR\",\"@id\":\"https:\/\/secure.gravatar.com\/avatar\/e0a867bdedb85fd243eadf09663511f96fc81e0720a4a42581f334ad4303aa6b?s=96&d=mm&r=g\",\"url\":\"https:\/\/secure.gravatar.com\/avatar\/e0a867bdedb85fd243eadf09663511f96fc81e0720a4a42581f334ad4303aa6b?s=96&d=mm&r=g\",\"contentUrl\":\"https:\/\/secure.gravatar.com\/avatar\/e0a867bdedb85fd243eadf09663511f96fc81e0720a4a42581f334ad4303aa6b?s=96&d=mm&r=g\",\"caption\":\"Reda\u00e7\u00e3o\"}}]}<\/script>\n<!-- \/ Yoast SEO plugin. -->","yoast_head_json":{"title":"Comunidade escolar convocada para avaliar da educa\u00e7\u00e3o b\u00e1sica - Notibras","robots":{"index":"index","follow":"follow","max-snippet":"max-snippet:-1","max-image-preview":"max-image-preview:large","max-video-preview":"max-video-preview:-1"},"canonical":"https:\/\/www.notibras.com\/site\/comunidade-escolar-convocada-para-avaliar-da-educacao-basica\/","og_locale":"pt_BR","og_type":"article","og_title":"Comunidade escolar convocada para avaliar da educa\u00e7\u00e3o b\u00e1sica - Notibras","og_description":"A Secretaria de Educa\u00e7\u00e3o est\u00e1 convocando toda a comunidade escolar para as avalia\u00e7\u00f5es do Sistema de Avalia\u00e7\u00e3o da Educa\u00e7\u00e3o B\u00e1sica (Saeb) de 2023. Aplicado pelo Instituto An\u00edsio Teixeira (Inep), o Saeb \u00e9 um conjunto de avalia\u00e7\u00f5es externas que permite realizar um diagn\u00f3stico da educa\u00e7\u00e3o b\u00e1sica brasileira e de fatores que podem interferir no desempenho do [&hellip;]","og_url":"https:\/\/www.notibras.com\/site\/comunidade-escolar-convocada-para-avaliar-da-educacao-basica\/","og_site_name":"Notibras","article_publisher":"https:\/\/www.facebook.com\/notibras\/","article_published_time":"2023-10-02T03:00:36+00:00","article_modified_time":"2023-10-02T12:59:16+00:00","og_image":[{"width":2560,"height":1707,"url":"https:\/\/www.notibras.com\/site\/wp-content\/uploads\/2023\/10\/Secretaria-de-Educacao-convoca-comunidade-escolar-para-o-Saeb-2023-scaled-1.jpg","type":"image\/jpeg"}],"author":"Reda\u00e7\u00e3o","twitter_card":"summary_large_image","twitter_creator":"@Notibras","twitter_site":"@Notibras","twitter_misc":{"Escrito por":"Reda\u00e7\u00e3o","Est. tempo de leitura":"2 minutos"},"schema":{"@context":"https:\/\/schema.org","@graph":[{"@type":"Article","@id":"https:\/\/www.notibras.com\/site\/comunidade-escolar-convocada-para-avaliar-da-educacao-basica\/#article","isPartOf":{"@id":"https:\/\/www.notibras.com\/site\/comunidade-escolar-convocada-para-avaliar-da-educacao-basica\/"},"author":{"name":"Reda\u00e7\u00e3o","@id":"https:\/\/www.notibras.com\/site\/#\/schema\/person\/36ab0979449956132d3e5b517ea76ac8"},"headline":"Comunidade escolar convocada para avaliar da educa\u00e7\u00e3o b\u00e1sica","datePublished":"2023-10-02T03:00:36+00:00","dateModified":"2023-10-02T12:59:16+00:00","mainEntityOfPage":{"@id":"https:\/\/www.notibras.com\/site\/comunidade-escolar-convocada-para-avaliar-da-educacao-basica\/"},"wordCount":353,"publisher":{"@id":"https:\/\/www.notibras.com\/site\/#organization"},"image":{"@id":"https:\/\/www.notibras.com\/site\/comunidade-escolar-convocada-para-avaliar-da-educacao-basica\/#primaryimage"},"thumbnailUrl":"https:\/\/www.notibras.com\/site\/wp-content\/uploads\/2023\/10\/Secretaria-de-Educacao-convoca-comunidade-escolar-para-o-Saeb-2023-scaled-1.jpg","articleSection":["Quadradinho em Foco"],"inLanguage":"pt-BR"},{"@type":"WebPage","@id":"https:\/\/www.notibras.com\/site\/comunidade-escolar-convocada-para-avaliar-da-educacao-basica\/","url":"https:\/\/www.notibras.com\/site\/comunidade-escolar-convocada-para-avaliar-da-educacao-basica\/","name":"Comunidade escolar convocada para avaliar da educa\u00e7\u00e3o b\u00e1sica - Notibras","isPartOf":{"@id":"https:\/\/www.notibras.com\/site\/#website"},"primaryImageOfPage":{"@id":"https:\/\/www.notibras.com\/site\/comunidade-escolar-convocada-para-avaliar-da-educacao-basica\/#primaryimage"},"image":{"@id":"https:\/\/www.notibras.com\/site\/comunidade-escolar-convocada-para-avaliar-da-educacao-basica\/#primaryimage"},"thumbnailUrl":"https:\/\/www.notibras.com\/site\/wp-content\/uploads\/2023\/10\/Secretaria-de-Educacao-convoca-comunidade-escolar-para-o-Saeb-2023-scaled-1.jpg","datePublished":"2023-10-02T03:00:36+00:00","dateModified":"2023-10-02T12:59:16+00:00","breadcrumb":{"@id":"https:\/\/www.notibras.com\/site\/comunidade-escolar-convocada-para-avaliar-da-educacao-basica\/#breadcrumb"},"inLanguage":"pt-BR","potentialAction":[{"@type":"ReadAction","target":["https:\/\/www.notibras.com\/site\/comunidade-escolar-convocada-para-avaliar-da-educacao-basica\/"]}]},{"@type":"ImageObject","inLanguage":"pt-BR","@id":"https:\/\/www.notibras.com\/site\/comunidade-escolar-convocada-para-avaliar-da-educacao-basica\/#primaryimage","url":"https:\/\/www.notibras.com\/site\/wp-content\/uploads\/2023\/10\/Secretaria-de-Educacao-convoca-comunidade-escolar-para-o-Saeb-2023-scaled-1.jpg","contentUrl":"https:\/\/www.notibras.com\/site\/wp-content\/uploads\/2023\/10\/Secretaria-de-Educacao-convoca-comunidade-escolar-para-o-Saeb-2023-scaled-1.jpg","width":2560,"height":1707},{"@type":"BreadcrumbList","@id":"https:\/\/www.notibras.com\/site\/comunidade-escolar-convocada-para-avaliar-da-educacao-basica\/#breadcrumb","itemListElement":[{"@type":"ListItem","position":1,"name":"In\u00edcio","item":"https:\/\/www.notibras.com\/site\/"},{"@type":"ListItem","position":2,"name":"Comunidade escolar convocada para avaliar da educa\u00e7\u00e3o b\u00e1sica"}]},{"@type":"WebSite","@id":"https:\/\/www.notibras.com\/site\/#website","url":"https:\/\/www.notibras.com\/site\/","name":"Notibras","description":"Not\u00edcias de Bras\u00edlia, do Brasil e do Mundo","publisher":{"@id":"https:\/\/www.notibras.com\/site\/#organization"},"potentialAction":[{"@type":"SearchAction","target":{"@type":"EntryPoint","urlTemplate":"https:\/\/www.notibras.com\/site\/?s={search_term_string}"},"query-input":{"@type":"PropertyValueSpecification","valueRequired":true,"valueName":"search_term_string"}}],"inLanguage":"pt-BR"},{"@type":"Organization","@id":"https:\/\/www.notibras.com\/site\/#organization","name":"Grupo Notibras de Comunica\u00e7\u00e3o","url":"https:\/\/www.notibras.com\/site\/","logo":{"@type":"ImageObject","inLanguage":"pt-BR","@id":"https:\/\/www.notibras.com\/site\/#\/schema\/logo\/image\/","url":"https:\/\/www.notibras.com\/site\/wp-content\/uploads\/2023\/01\/notibras23.png","contentUrl":"https:\/\/www.notibras.com\/site\/wp-content\/uploads\/2023\/01\/notibras23.png","width":350,"height":87,"caption":"Grupo Notibras de Comunica\u00e7\u00e3o"},"image":{"@id":"https:\/\/www.notibras.com\/site\/#\/schema\/logo\/image\/"},"sameAs":["https:\/\/www.facebook.com\/notibras\/","https:\/\/x.com\/Notibras","https:\/\/www.instagram.com\/notibras\/"]},{"@type":"Person","@id":"https:\/\/www.notibras.com\/site\/#\/schema\/person\/36ab0979449956132d3e5b517ea76ac8","name":"Reda\u00e7\u00e3o","image":{"@type":"ImageObject","inLanguage":"pt-BR","@id":"https:\/\/secure.gravatar.com\/avatar\/e0a867bdedb85fd243eadf09663511f96fc81e0720a4a42581f334ad4303aa6b?s=96&d=mm&r=g","url":"https:\/\/secure.gravatar.com\/avatar\/e0a867bdedb85fd243eadf09663511f96fc81e0720a4a42581f334ad4303aa6b?s=96&d=mm&r=g","contentUrl":"https:\/\/secure.gravatar.com\/avatar\/e0a867bdedb85fd243eadf09663511f96fc81e0720a4a42581f334ad4303aa6b?s=96&d=mm&r=g","caption":"Reda\u00e7\u00e3o"}}]}},"amp_enabled":true,"_links":{"self":[{"href":"https:\/\/www.notibras.com\/site\/wp-json\/wp\/v2\/posts\/313883","targetHints":{"allow":["GET"]}}],"collection":[{"href":"https:\/\/www.notibras.com\/site\/wp-json\/wp\/v2\/posts"}],"about":[{"href":"https:\/\/www.notibras.com\/site\/wp-json\/wp\/v2\/types\/post"}],"author":[{"embeddable":true,"href":"https:\/\/www.notibras.com\/site\/wp-json\/wp\/v2\/users\/2"}],"replies":[{"embeddable":true,"href":"https:\/\/www.notibras.com\/site\/wp-json\/wp\/v2\/comments?post=313883"}],"version-history":[{"count":1,"href":"https:\/\/www.notibras.com\/site\/wp-json\/wp\/v2\/posts\/313883\/revisions"}],"predecessor-version":[{"id":313885,"href":"https:\/\/www.notibras.com\/site\/wp-json\/wp\/v2\/posts\/313883\/revisions\/313885"}],"wp:featuredmedia":[{"embeddable":true,"href":"https:\/\/www.notibras.com\/site\/wp-json\/wp\/v2\/media\/313884"}],"wp:attachment":[{"href":"https:\/\/www.notibras.com\/site\/wp-json\/wp\/v2\/media?parent=313883"}],"wp:term":[{"taxonomy":"category","embeddable":true,"href":"https:\/\/www.notibras.com\/site\/wp-json\/wp\/v2\/categories?post=313883"},{"taxonomy":"post_tag","embeddable":true,"href":"https:\/\/www.notibras.com\/site\/wp-json\/wp\/v2\/tags?post=313883"}],"curies":[{"name":"wp","href":"https:\/\/api.w.org\/{rel}","templated":true}]}}