{"id":313923,"date":"2023-10-03T00:01:28","date_gmt":"2023-10-03T03:01:28","guid":{"rendered":"https:\/\/www.notibras.com\/site\/?p=313923"},"modified":"2023-10-03T08:04:40","modified_gmt":"2023-10-03T11:04:40","slug":"anvisa-suspende-venda-de-28-lotes-da-sidra-cereser","status":"publish","type":"post","link":"https:\/\/www.notibras.com\/site\/anvisa-suspende-venda-de-28-lotes-da-sidra-cereser\/","title":{"rendered":"Anvisa suspende venda de 28 lotes da Sidra Cereser"},"content":{"rendered":"<p>A Ag\u00eancia Nacional de Vigil\u00e2ncia Sanit\u00e1ria (Anvisa) comunicou o recolhimento de 2,2 milh\u00f5es de garrafas de Sidra Cereser sabor ma\u00e7\u00e3, al\u00e9m de determinar a suspens\u00e3o da venda e distribui\u00e7\u00e3o da bebida.<\/p>\n<p>A medida foi tomada na \u00faltima sexta-feira (29) porque h\u00e1 possibilidade da presen\u00e7a de pequenos fragmentos de vidro na bebida, que podem provocar cortes na boca ou em partes do intestino se ingeridos.<\/p>\n<p>De acordo com a Anvisa, a empresa CRS Brands Ind\u00fastria de Com\u00e9rcio, dona da marca, iniciou o recolhimento volunt\u00e1rio das garrafas no \u00faltimo dia 25 de setembro e comunicou a ag\u00eancia reguladora do caso.<\/p>\n<p>\u201cAproximadamente 0,2% dos lotes afetados podem ter sido impactados por altera\u00e7\u00e3o dos vasilhames durante o processo de envase, o que levou \u00e0 transfer\u00eancia de pequenos fragmentos de vidro para o interior das garrafas\u201d, informou a Anvisa.<\/p>\n<p>No total, ser\u00e3o recolhidos 28 lotes, fabricados em 22\/07\/2023 e de 16\/08\/2023 a 02\/09\/2023. A garrafas s\u00e3o de vidro verde, com 660 ml.<\/p>\n","protected":false},"excerpt":{"rendered":"<p>A Ag\u00eancia Nacional de Vigil\u00e2ncia Sanit\u00e1ria (Anvisa) comunicou o recolhimento de 2,2 milh\u00f5es de garrafas de Sidra Cereser sabor ma\u00e7\u00e3, al\u00e9m de determinar a suspens\u00e3o da venda e distribui\u00e7\u00e3o da bebida. A medida foi tomada na \u00faltima sexta-feira (29) porque h\u00e1 possibilidade da presen\u00e7a de pequenos fragmentos de vidro na bebida, que podem provocar cortes [&hellip;]<\/p>\n","protected":false},"author":2,"featured_media":313924,"comment_status":"closed","ping_status":"closed","sticky":false,"template":"","format":"standard","meta":{"_acf_changed":false,"footnotes":""},"categories":[161],"tags":[],"class_list":["post-313923","post","type-post","status-publish","format-standard","has-post-thumbnail","hentry","category-quadradinho-em-foco"],"acf":[],"yoast_head":"<!-- This site is optimized with the Yoast SEO plugin v27.2 - https:\/\/yoast.com\/product\/yoast-seo-wordpress\/ -->\n<title>Anvisa suspende venda de 28 lotes da Sidra Cereser - Notibras<\/title>\n<meta name=\"robots\" content=\"index, follow, max-snippet:-1, max-image-preview:large, max-video-preview:-1\" \/>\n<link rel=\"canonical\" href=\"https:\/\/www.notibras.com\/site\/anvisa-suspende-venda-de-28-lotes-da-sidra-cereser\/\" \/>\n<meta property=\"og:locale\" content=\"pt_BR\" \/>\n<meta property=\"og:type\" content=\"article\" \/>\n<meta property=\"og:title\" content=\"Anvisa suspende venda de 28 lotes da Sidra Cereser - Notibras\" \/>\n<meta property=\"og:description\" content=\"A Ag\u00eancia Nacional de Vigil\u00e2ncia Sanit\u00e1ria (Anvisa) comunicou o recolhimento de 2,2 milh\u00f5es de garrafas de Sidra Cereser sabor ma\u00e7\u00e3, al\u00e9m de determinar a suspens\u00e3o da venda e distribui\u00e7\u00e3o da bebida. A medida foi tomada na \u00faltima sexta-feira (29) porque h\u00e1 possibilidade da presen\u00e7a de pequenos fragmentos de vidro na bebida, que podem provocar cortes [&hellip;]\" \/>\n<meta property=\"og:url\" content=\"https:\/\/www.notibras.com\/site\/anvisa-suspende-venda-de-28-lotes-da-sidra-cereser\/\" \/>\n<meta property=\"og:site_name\" content=\"Notibras\" \/>\n<meta property=\"article:publisher\" content=\"https:\/\/www.facebook.com\/notibras\/\" \/>\n<meta property=\"article:published_time\" content=\"2023-10-03T03:01:28+00:00\" \/>\n<meta property=\"article:modified_time\" content=\"2023-10-03T11:04:40+00:00\" \/>\n<meta property=\"og:image\" content=\"https:\/\/www.notibras.com\/site\/wp-content\/uploads\/2023\/10\/cidra.webp\" \/>\n\t<meta property=\"og:image:width\" content=\"906\" \/>\n\t<meta property=\"og:image:height\" content=\"509\" \/>\n\t<meta property=\"og:image:type\" content=\"image\/webp\" \/>\n<meta name=\"author\" content=\"Reda\u00e7\u00e3o\" \/>\n<meta name=\"twitter:card\" content=\"summary_large_image\" \/>\n<meta name=\"twitter:creator\" content=\"@Notibras\" \/>\n<meta name=\"twitter:site\" content=\"@Notibras\" \/>\n<meta name=\"twitter:label1\" content=\"Escrito por\" \/>\n\t<meta name=\"twitter:data1\" content=\"Reda\u00e7\u00e3o\" \/>\n\t<meta name=\"twitter:label2\" content=\"Est. tempo de leitura\" \/>\n\t<meta name=\"twitter:data2\" content=\"1 minuto\" \/>\n<script type=\"application\/ld+json\" class=\"yoast-schema-graph\">{\"@context\":\"https:\/\/schema.org\",\"@graph\":[{\"@type\":\"Article\",\"@id\":\"https:\/\/www.notibras.com\/site\/anvisa-suspende-venda-de-28-lotes-da-sidra-cereser\/#article\",\"isPartOf\":{\"@id\":\"https:\/\/www.notibras.com\/site\/anvisa-suspende-venda-de-28-lotes-da-sidra-cereser\/\"},\"author\":{\"name\":\"Reda\u00e7\u00e3o\",\"@id\":\"https:\/\/www.notibras.com\/site\/#\/schema\/person\/36ab0979449956132d3e5b517ea76ac8\"},\"headline\":\"Anvisa suspende venda de 28 lotes da Sidra Cereser\",\"datePublished\":\"2023-10-03T03:01:28+00:00\",\"dateModified\":\"2023-10-03T11:04:40+00:00\",\"mainEntityOfPage\":{\"@id\":\"https:\/\/www.notibras.com\/site\/anvisa-suspende-venda-de-28-lotes-da-sidra-cereser\/\"},\"wordCount\":171,\"publisher\":{\"@id\":\"https:\/\/www.notibras.com\/site\/#organization\"},\"image\":{\"@id\":\"https:\/\/www.notibras.com\/site\/anvisa-suspende-venda-de-28-lotes-da-sidra-cereser\/#primaryimage\"},\"thumbnailUrl\":\"https:\/\/www.notibras.com\/site\/wp-content\/uploads\/2023\/10\/cidra.webp\",\"articleSection\":[\"Quadradinho em Foco\"],\"inLanguage\":\"pt-BR\"},{\"@type\":\"WebPage\",\"@id\":\"https:\/\/www.notibras.com\/site\/anvisa-suspende-venda-de-28-lotes-da-sidra-cereser\/\",\"url\":\"https:\/\/www.notibras.com\/site\/anvisa-suspende-venda-de-28-lotes-da-sidra-cereser\/\",\"name\":\"Anvisa suspende venda de 28 lotes da Sidra Cereser - Notibras\",\"isPartOf\":{\"@id\":\"https:\/\/www.notibras.com\/site\/#website\"},\"primaryImageOfPage\":{\"@id\":\"https:\/\/www.notibras.com\/site\/anvisa-suspende-venda-de-28-lotes-da-sidra-cereser\/#primaryimage\"},\"image\":{\"@id\":\"https:\/\/www.notibras.com\/site\/anvisa-suspende-venda-de-28-lotes-da-sidra-cereser\/#primaryimage\"},\"thumbnailUrl\":\"https:\/\/www.notibras.com\/site\/wp-content\/uploads\/2023\/10\/cidra.webp\",\"datePublished\":\"2023-10-03T03:01:28+00:00\",\"dateModified\":\"2023-10-03T11:04:40+00:00\",\"breadcrumb\":{\"@id\":\"https:\/\/www.notibras.com\/site\/anvisa-suspende-venda-de-28-lotes-da-sidra-cereser\/#breadcrumb\"},\"inLanguage\":\"pt-BR\",\"potentialAction\":[{\"@type\":\"ReadAction\",\"target\":[\"https:\/\/www.notibras.com\/site\/anvisa-suspende-venda-de-28-lotes-da-sidra-cereser\/\"]}]},{\"@type\":\"ImageObject\",\"inLanguage\":\"pt-BR\",\"@id\":\"https:\/\/www.notibras.com\/site\/anvisa-suspende-venda-de-28-lotes-da-sidra-cereser\/#primaryimage\",\"url\":\"https:\/\/www.notibras.com\/site\/wp-content\/uploads\/2023\/10\/cidra.webp\",\"contentUrl\":\"https:\/\/www.notibras.com\/site\/wp-content\/uploads\/2023\/10\/cidra.webp\",\"width\":906,\"height\":509},{\"@type\":\"BreadcrumbList\",\"@id\":\"https:\/\/www.notibras.com\/site\/anvisa-suspende-venda-de-28-lotes-da-sidra-cereser\/#breadcrumb\",\"itemListElement\":[{\"@type\":\"ListItem\",\"position\":1,\"name\":\"In\u00edcio\",\"item\":\"https:\/\/www.notibras.com\/site\/\"},{\"@type\":\"ListItem\",\"position\":2,\"name\":\"Anvisa suspende venda de 28 lotes da Sidra Cereser\"}]},{\"@type\":\"WebSite\",\"@id\":\"https:\/\/www.notibras.com\/site\/#website\",\"url\":\"https:\/\/www.notibras.com\/site\/\",\"name\":\"Notibras\",\"description\":\"Not\u00edcias de Bras\u00edlia, do Brasil e do Mundo\",\"publisher\":{\"@id\":\"https:\/\/www.notibras.com\/site\/#organization\"},\"potentialAction\":[{\"@type\":\"SearchAction\",\"target\":{\"@type\":\"EntryPoint\",\"urlTemplate\":\"https:\/\/www.notibras.com\/site\/?s={search_term_string}\"},\"query-input\":{\"@type\":\"PropertyValueSpecification\",\"valueRequired\":true,\"valueName\":\"search_term_string\"}}],\"inLanguage\":\"pt-BR\"},{\"@type\":\"Organization\",\"@id\":\"https:\/\/www.notibras.com\/site\/#organization\",\"name\":\"Grupo Notibras de Comunica\u00e7\u00e3o\",\"url\":\"https:\/\/www.notibras.com\/site\/\",\"logo\":{\"@type\":\"ImageObject\",\"inLanguage\":\"pt-BR\",\"@id\":\"https:\/\/www.notibras.com\/site\/#\/schema\/logo\/image\/\",\"url\":\"https:\/\/www.notibras.com\/site\/wp-content\/uploads\/2023\/01\/notibras23.png\",\"contentUrl\":\"https:\/\/www.notibras.com\/site\/wp-content\/uploads\/2023\/01\/notibras23.png\",\"width\":350,\"height\":87,\"caption\":\"Grupo Notibras de Comunica\u00e7\u00e3o\"},\"image\":{\"@id\":\"https:\/\/www.notibras.com\/site\/#\/schema\/logo\/image\/\"},\"sameAs\":[\"https:\/\/www.facebook.com\/notibras\/\",\"https:\/\/x.com\/Notibras\",\"https:\/\/www.instagram.com\/notibras\/\"]},{\"@type\":\"Person\",\"@id\":\"https:\/\/www.notibras.com\/site\/#\/schema\/person\/36ab0979449956132d3e5b517ea76ac8\",\"name\":\"Reda\u00e7\u00e3o\",\"image\":{\"@type\":\"ImageObject\",\"inLanguage\":\"pt-BR\",\"@id\":\"https:\/\/secure.gravatar.com\/avatar\/e0a867bdedb85fd243eadf09663511f96fc81e0720a4a42581f334ad4303aa6b?s=96&d=mm&r=g\",\"url\":\"https:\/\/secure.gravatar.com\/avatar\/e0a867bdedb85fd243eadf09663511f96fc81e0720a4a42581f334ad4303aa6b?s=96&d=mm&r=g\",\"contentUrl\":\"https:\/\/secure.gravatar.com\/avatar\/e0a867bdedb85fd243eadf09663511f96fc81e0720a4a42581f334ad4303aa6b?s=96&d=mm&r=g\",\"caption\":\"Reda\u00e7\u00e3o\"}}]}<\/script>\n<!-- \/ Yoast SEO plugin. -->","yoast_head_json":{"title":"Anvisa suspende venda de 28 lotes da Sidra Cereser - Notibras","robots":{"index":"index","follow":"follow","max-snippet":"max-snippet:-1","max-image-preview":"max-image-preview:large","max-video-preview":"max-video-preview:-1"},"canonical":"https:\/\/www.notibras.com\/site\/anvisa-suspende-venda-de-28-lotes-da-sidra-cereser\/","og_locale":"pt_BR","og_type":"article","og_title":"Anvisa suspende venda de 28 lotes da Sidra Cereser - Notibras","og_description":"A Ag\u00eancia Nacional de Vigil\u00e2ncia Sanit\u00e1ria (Anvisa) comunicou o recolhimento de 2,2 milh\u00f5es de garrafas de Sidra Cereser sabor ma\u00e7\u00e3, al\u00e9m de determinar a suspens\u00e3o da venda e distribui\u00e7\u00e3o da bebida. A medida foi tomada na \u00faltima sexta-feira (29) porque h\u00e1 possibilidade da presen\u00e7a de pequenos fragmentos de vidro na bebida, que podem provocar cortes [&hellip;]","og_url":"https:\/\/www.notibras.com\/site\/anvisa-suspende-venda-de-28-lotes-da-sidra-cereser\/","og_site_name":"Notibras","article_publisher":"https:\/\/www.facebook.com\/notibras\/","article_published_time":"2023-10-03T03:01:28+00:00","article_modified_time":"2023-10-03T11:04:40+00:00","og_image":[{"width":906,"height":509,"url":"https:\/\/www.notibras.com\/site\/wp-content\/uploads\/2023\/10\/cidra.webp","type":"image\/webp"}],"author":"Reda\u00e7\u00e3o","twitter_card":"summary_large_image","twitter_creator":"@Notibras","twitter_site":"@Notibras","twitter_misc":{"Escrito por":"Reda\u00e7\u00e3o","Est. tempo de leitura":"1 minuto"},"schema":{"@context":"https:\/\/schema.org","@graph":[{"@type":"Article","@id":"https:\/\/www.notibras.com\/site\/anvisa-suspende-venda-de-28-lotes-da-sidra-cereser\/#article","isPartOf":{"@id":"https:\/\/www.notibras.com\/site\/anvisa-suspende-venda-de-28-lotes-da-sidra-cereser\/"},"author":{"name":"Reda\u00e7\u00e3o","@id":"https:\/\/www.notibras.com\/site\/#\/schema\/person\/36ab0979449956132d3e5b517ea76ac8"},"headline":"Anvisa suspende venda de 28 lotes da Sidra Cereser","datePublished":"2023-10-03T03:01:28+00:00","dateModified":"2023-10-03T11:04:40+00:00","mainEntityOfPage":{"@id":"https:\/\/www.notibras.com\/site\/anvisa-suspende-venda-de-28-lotes-da-sidra-cereser\/"},"wordCount":171,"publisher":{"@id":"https:\/\/www.notibras.com\/site\/#organization"},"image":{"@id":"https:\/\/www.notibras.com\/site\/anvisa-suspende-venda-de-28-lotes-da-sidra-cereser\/#primaryimage"},"thumbnailUrl":"https:\/\/www.notibras.com\/site\/wp-content\/uploads\/2023\/10\/cidra.webp","articleSection":["Quadradinho em Foco"],"inLanguage":"pt-BR"},{"@type":"WebPage","@id":"https:\/\/www.notibras.com\/site\/anvisa-suspende-venda-de-28-lotes-da-sidra-cereser\/","url":"https:\/\/www.notibras.com\/site\/anvisa-suspende-venda-de-28-lotes-da-sidra-cereser\/","name":"Anvisa suspende venda de 28 lotes da Sidra Cereser - Notibras","isPartOf":{"@id":"https:\/\/www.notibras.com\/site\/#website"},"primaryImageOfPage":{"@id":"https:\/\/www.notibras.com\/site\/anvisa-suspende-venda-de-28-lotes-da-sidra-cereser\/#primaryimage"},"image":{"@id":"https:\/\/www.notibras.com\/site\/anvisa-suspende-venda-de-28-lotes-da-sidra-cereser\/#primaryimage"},"thumbnailUrl":"https:\/\/www.notibras.com\/site\/wp-content\/uploads\/2023\/10\/cidra.webp","datePublished":"2023-10-03T03:01:28+00:00","dateModified":"2023-10-03T11:04:40+00:00","breadcrumb":{"@id":"https:\/\/www.notibras.com\/site\/anvisa-suspende-venda-de-28-lotes-da-sidra-cereser\/#breadcrumb"},"inLanguage":"pt-BR","potentialAction":[{"@type":"ReadAction","target":["https:\/\/www.notibras.com\/site\/anvisa-suspende-venda-de-28-lotes-da-sidra-cereser\/"]}]},{"@type":"ImageObject","inLanguage":"pt-BR","@id":"https:\/\/www.notibras.com\/site\/anvisa-suspende-venda-de-28-lotes-da-sidra-cereser\/#primaryimage","url":"https:\/\/www.notibras.com\/site\/wp-content\/uploads\/2023\/10\/cidra.webp","contentUrl":"https:\/\/www.notibras.com\/site\/wp-content\/uploads\/2023\/10\/cidra.webp","width":906,"height":509},{"@type":"BreadcrumbList","@id":"https:\/\/www.notibras.com\/site\/anvisa-suspende-venda-de-28-lotes-da-sidra-cereser\/#breadcrumb","itemListElement":[{"@type":"ListItem","position":1,"name":"In\u00edcio","item":"https:\/\/www.notibras.com\/site\/"},{"@type":"ListItem","position":2,"name":"Anvisa suspende venda de 28 lotes da Sidra Cereser"}]},{"@type":"WebSite","@id":"https:\/\/www.notibras.com\/site\/#website","url":"https:\/\/www.notibras.com\/site\/","name":"Notibras","description":"Not\u00edcias de Bras\u00edlia, do Brasil e do Mundo","publisher":{"@id":"https:\/\/www.notibras.com\/site\/#organization"},"potentialAction":[{"@type":"SearchAction","target":{"@type":"EntryPoint","urlTemplate":"https:\/\/www.notibras.com\/site\/?s={search_term_string}"},"query-input":{"@type":"PropertyValueSpecification","valueRequired":true,"valueName":"search_term_string"}}],"inLanguage":"pt-BR"},{"@type":"Organization","@id":"https:\/\/www.notibras.com\/site\/#organization","name":"Grupo Notibras de Comunica\u00e7\u00e3o","url":"https:\/\/www.notibras.com\/site\/","logo":{"@type":"ImageObject","inLanguage":"pt-BR","@id":"https:\/\/www.notibras.com\/site\/#\/schema\/logo\/image\/","url":"https:\/\/www.notibras.com\/site\/wp-content\/uploads\/2023\/01\/notibras23.png","contentUrl":"https:\/\/www.notibras.com\/site\/wp-content\/uploads\/2023\/01\/notibras23.png","width":350,"height":87,"caption":"Grupo Notibras de Comunica\u00e7\u00e3o"},"image":{"@id":"https:\/\/www.notibras.com\/site\/#\/schema\/logo\/image\/"},"sameAs":["https:\/\/www.facebook.com\/notibras\/","https:\/\/x.com\/Notibras","https:\/\/www.instagram.com\/notibras\/"]},{"@type":"Person","@id":"https:\/\/www.notibras.com\/site\/#\/schema\/person\/36ab0979449956132d3e5b517ea76ac8","name":"Reda\u00e7\u00e3o","image":{"@type":"ImageObject","inLanguage":"pt-BR","@id":"https:\/\/secure.gravatar.com\/avatar\/e0a867bdedb85fd243eadf09663511f96fc81e0720a4a42581f334ad4303aa6b?s=96&d=mm&r=g","url":"https:\/\/secure.gravatar.com\/avatar\/e0a867bdedb85fd243eadf09663511f96fc81e0720a4a42581f334ad4303aa6b?s=96&d=mm&r=g","contentUrl":"https:\/\/secure.gravatar.com\/avatar\/e0a867bdedb85fd243eadf09663511f96fc81e0720a4a42581f334ad4303aa6b?s=96&d=mm&r=g","caption":"Reda\u00e7\u00e3o"}}]}},"amp_enabled":true,"_links":{"self":[{"href":"https:\/\/www.notibras.com\/site\/wp-json\/wp\/v2\/posts\/313923","targetHints":{"allow":["GET"]}}],"collection":[{"href":"https:\/\/www.notibras.com\/site\/wp-json\/wp\/v2\/posts"}],"about":[{"href":"https:\/\/www.notibras.com\/site\/wp-json\/wp\/v2\/types\/post"}],"author":[{"embeddable":true,"href":"https:\/\/www.notibras.com\/site\/wp-json\/wp\/v2\/users\/2"}],"replies":[{"embeddable":true,"href":"https:\/\/www.notibras.com\/site\/wp-json\/wp\/v2\/comments?post=313923"}],"version-history":[{"count":1,"href":"https:\/\/www.notibras.com\/site\/wp-json\/wp\/v2\/posts\/313923\/revisions"}],"predecessor-version":[{"id":313925,"href":"https:\/\/www.notibras.com\/site\/wp-json\/wp\/v2\/posts\/313923\/revisions\/313925"}],"wp:featuredmedia":[{"embeddable":true,"href":"https:\/\/www.notibras.com\/site\/wp-json\/wp\/v2\/media\/313924"}],"wp:attachment":[{"href":"https:\/\/www.notibras.com\/site\/wp-json\/wp\/v2\/media?parent=313923"}],"wp:term":[{"taxonomy":"category","embeddable":true,"href":"https:\/\/www.notibras.com\/site\/wp-json\/wp\/v2\/categories?post=313923"},{"taxonomy":"post_tag","embeddable":true,"href":"https:\/\/www.notibras.com\/site\/wp-json\/wp\/v2\/tags?post=313923"}],"curies":[{"name":"wp","href":"https:\/\/api.w.org\/{rel}","templated":true}]}}