{"id":313931,"date":"2023-10-03T00:18:20","date_gmt":"2023-10-03T03:18:20","guid":{"rendered":"https:\/\/www.notibras.com\/site\/?p=313931"},"modified":"2023-10-03T08:20:40","modified_gmt":"2023-10-03T11:20:40","slug":"ans-suspende-a-comercializacao-de-38-planos-de-saude","status":"publish","type":"post","link":"https:\/\/www.notibras.com\/site\/ans-suspende-a-comercializacao-de-38-planos-de-saude\/","title":{"rendered":"ANS suspende a comercializa\u00e7\u00e3o de 38 planos de sa\u00fade"},"content":{"rendered":"<p>A Ag\u00eancia Nacional de Sa\u00fade Suplementar (ANS) suspende temporariamente, a partir desta ter\u00e7a-feira (3), a venda de 38 planos de sa\u00fade de dez operadoras, devido a reclama\u00e7\u00f5es relacionadas \u00e0 cobertura assistencial, feitas no segundo trimestre de 2023.<\/p>\n<p>A ANS adverte que os consumidores n\u00e3o devem contratar os planos de sa\u00fade desta lista. Se receber oferta para adquirir um desses planos, o consumidor deve denunciar \u00e0 ag\u00eancia.<\/p>\n<p>De acordo com a ANS, a medida faz parte do Monitoramento da Garantia de Atendimento, que acompanha regularmente o desempenho do setor e atua na prote\u00e7\u00e3o dos consumidores.<\/p>\n<p>O diretor de Normas e Habilita\u00e7\u00e3o dos Produtos da ag\u00eancia, Alexandre Fioranelli, dimensiona o impacto da suspens\u00e3o tempor\u00e1ria da comercializa\u00e7\u00e3o. &#8220;Ao todo, 394.313 benefici\u00e1rios ficam protegidos com a medida, j\u00e1 que esses planos s\u00f3 poder\u00e3o voltar a ser comercializados para novos clientes se as operadoras apresentarem melhora no resultado no monitoramento&#8221;, afirmou o diretor.<\/p>\n<p><strong>Libera\u00e7\u00e3o<\/strong><br \/>\nA ANS tamb\u00e9m divulgou a lista de 12 planos de seis operadoras que poder\u00e3o voltar a ser comercializados, ap\u00f3s as an\u00e1lises feitas no mesmo per\u00edodo, dentro do Monitoramento da Garantia de Atendimento. A lista dos planos reativados pode ser consultada aqui.<\/p>\n<p><strong>Reclama\u00e7\u00f5es<\/strong><br \/>\nO Monitoramento da Garantia de Atendimento \u00e9 realizado trimestralmente, com base nas reclama\u00e7\u00f5es recebidas pela ANS e na quantidade de benefici\u00e1rios de planos de sa\u00fade.<\/p>\n<p>As queixas consideradas no monitoramento da ANS se referem ao descumprimento dos prazos m\u00e1ximos para realiza\u00e7\u00e3o de consultas, exames e cirurgias ou negativa de cobertura assistencial.<\/p>\n<p>No per\u00edodo de 1\u00ba de abril a 30 de junho, foram registradas 58.035 reclama\u00e7\u00f5es de assist\u00eancias prestadas pelos planos de sa\u00fade.<\/p>\n","protected":false},"excerpt":{"rendered":"<p>A Ag\u00eancia Nacional de Sa\u00fade Suplementar (ANS) suspende temporariamente, a partir desta ter\u00e7a-feira (3), a venda de 38 planos de sa\u00fade de dez operadoras, devido a reclama\u00e7\u00f5es relacionadas \u00e0 cobertura assistencial, feitas no segundo trimestre de 2023. A ANS adverte que os consumidores n\u00e3o devem contratar os planos de sa\u00fade desta lista. Se receber oferta [&hellip;]<\/p>\n","protected":false},"author":2,"featured_media":313932,"comment_status":"closed","ping_status":"closed","sticky":false,"template":"","format":"standard","meta":{"_acf_changed":false,"footnotes":""},"categories":[161],"tags":[],"class_list":["post-313931","post","type-post","status-publish","format-standard","has-post-thumbnail","hentry","category-quadradinho-em-foco"],"acf":[],"yoast_head":"<!-- This site is optimized with the Yoast SEO plugin v27.2 - https:\/\/yoast.com\/product\/yoast-seo-wordpress\/ -->\n<title>ANS suspende a comercializa\u00e7\u00e3o de 38 planos de sa\u00fade - Notibras<\/title>\n<meta name=\"robots\" content=\"index, follow, max-snippet:-1, max-image-preview:large, max-video-preview:-1\" \/>\n<link rel=\"canonical\" href=\"https:\/\/www.notibras.com\/site\/ans-suspende-a-comercializacao-de-38-planos-de-saude\/\" \/>\n<meta property=\"og:locale\" content=\"pt_BR\" \/>\n<meta property=\"og:type\" content=\"article\" \/>\n<meta property=\"og:title\" content=\"ANS suspende a comercializa\u00e7\u00e3o de 38 planos de sa\u00fade - Notibras\" \/>\n<meta property=\"og:description\" content=\"A Ag\u00eancia Nacional de Sa\u00fade Suplementar (ANS) suspende temporariamente, a partir desta ter\u00e7a-feira (3), a venda de 38 planos de sa\u00fade de dez operadoras, devido a reclama\u00e7\u00f5es relacionadas \u00e0 cobertura assistencial, feitas no segundo trimestre de 2023. A ANS adverte que os consumidores n\u00e3o devem contratar os planos de sa\u00fade desta lista. Se receber oferta [&hellip;]\" \/>\n<meta property=\"og:url\" content=\"https:\/\/www.notibras.com\/site\/ans-suspende-a-comercializacao-de-38-planos-de-saude\/\" \/>\n<meta property=\"og:site_name\" content=\"Notibras\" \/>\n<meta property=\"article:publisher\" content=\"https:\/\/www.facebook.com\/notibras\/\" \/>\n<meta property=\"article:published_time\" content=\"2023-10-03T03:18:20+00:00\" \/>\n<meta property=\"article:modified_time\" content=\"2023-10-03T11:20:40+00:00\" \/>\n<meta property=\"og:image\" content=\"https:\/\/www.notibras.com\/site\/wp-content\/uploads\/2023\/10\/plano_de_saude_1703221439.jpg\" \/>\n\t<meta property=\"og:image:width\" content=\"1170\" \/>\n\t<meta property=\"og:image:height\" content=\"700\" \/>\n\t<meta property=\"og:image:type\" content=\"image\/jpeg\" \/>\n<meta name=\"author\" content=\"Reda\u00e7\u00e3o\" \/>\n<meta name=\"twitter:card\" content=\"summary_large_image\" \/>\n<meta name=\"twitter:creator\" content=\"@Notibras\" \/>\n<meta name=\"twitter:site\" content=\"@Notibras\" \/>\n<meta name=\"twitter:label1\" content=\"Escrito por\" \/>\n\t<meta name=\"twitter:data1\" content=\"Reda\u00e7\u00e3o\" \/>\n\t<meta name=\"twitter:label2\" content=\"Est. tempo de leitura\" \/>\n\t<meta name=\"twitter:data2\" content=\"2 minutos\" \/>\n<script type=\"application\/ld+json\" class=\"yoast-schema-graph\">{\"@context\":\"https:\/\/schema.org\",\"@graph\":[{\"@type\":\"Article\",\"@id\":\"https:\/\/www.notibras.com\/site\/ans-suspende-a-comercializacao-de-38-planos-de-saude\/#article\",\"isPartOf\":{\"@id\":\"https:\/\/www.notibras.com\/site\/ans-suspende-a-comercializacao-de-38-planos-de-saude\/\"},\"author\":{\"name\":\"Reda\u00e7\u00e3o\",\"@id\":\"https:\/\/www.notibras.com\/site\/#\/schema\/person\/36ab0979449956132d3e5b517ea76ac8\"},\"headline\":\"ANS suspende a comercializa\u00e7\u00e3o de 38 planos de sa\u00fade\",\"datePublished\":\"2023-10-03T03:18:20+00:00\",\"dateModified\":\"2023-10-03T11:20:40+00:00\",\"mainEntityOfPage\":{\"@id\":\"https:\/\/www.notibras.com\/site\/ans-suspende-a-comercializacao-de-38-planos-de-saude\/\"},\"wordCount\":294,\"publisher\":{\"@id\":\"https:\/\/www.notibras.com\/site\/#organization\"},\"image\":{\"@id\":\"https:\/\/www.notibras.com\/site\/ans-suspende-a-comercializacao-de-38-planos-de-saude\/#primaryimage\"},\"thumbnailUrl\":\"https:\/\/www.notibras.com\/site\/wp-content\/uploads\/2023\/10\/plano_de_saude_1703221439.jpg\",\"articleSection\":[\"Quadradinho em Foco\"],\"inLanguage\":\"pt-BR\"},{\"@type\":\"WebPage\",\"@id\":\"https:\/\/www.notibras.com\/site\/ans-suspende-a-comercializacao-de-38-planos-de-saude\/\",\"url\":\"https:\/\/www.notibras.com\/site\/ans-suspende-a-comercializacao-de-38-planos-de-saude\/\",\"name\":\"ANS suspende a comercializa\u00e7\u00e3o de 38 planos de sa\u00fade - Notibras\",\"isPartOf\":{\"@id\":\"https:\/\/www.notibras.com\/site\/#website\"},\"primaryImageOfPage\":{\"@id\":\"https:\/\/www.notibras.com\/site\/ans-suspende-a-comercializacao-de-38-planos-de-saude\/#primaryimage\"},\"image\":{\"@id\":\"https:\/\/www.notibras.com\/site\/ans-suspende-a-comercializacao-de-38-planos-de-saude\/#primaryimage\"},\"thumbnailUrl\":\"https:\/\/www.notibras.com\/site\/wp-content\/uploads\/2023\/10\/plano_de_saude_1703221439.jpg\",\"datePublished\":\"2023-10-03T03:18:20+00:00\",\"dateModified\":\"2023-10-03T11:20:40+00:00\",\"breadcrumb\":{\"@id\":\"https:\/\/www.notibras.com\/site\/ans-suspende-a-comercializacao-de-38-planos-de-saude\/#breadcrumb\"},\"inLanguage\":\"pt-BR\",\"potentialAction\":[{\"@type\":\"ReadAction\",\"target\":[\"https:\/\/www.notibras.com\/site\/ans-suspende-a-comercializacao-de-38-planos-de-saude\/\"]}]},{\"@type\":\"ImageObject\",\"inLanguage\":\"pt-BR\",\"@id\":\"https:\/\/www.notibras.com\/site\/ans-suspende-a-comercializacao-de-38-planos-de-saude\/#primaryimage\",\"url\":\"https:\/\/www.notibras.com\/site\/wp-content\/uploads\/2023\/10\/plano_de_saude_1703221439.jpg\",\"contentUrl\":\"https:\/\/www.notibras.com\/site\/wp-content\/uploads\/2023\/10\/plano_de_saude_1703221439.jpg\",\"width\":1170,\"height\":700,\"caption\":\"Plano de sa\u00fade\"},{\"@type\":\"BreadcrumbList\",\"@id\":\"https:\/\/www.notibras.com\/site\/ans-suspende-a-comercializacao-de-38-planos-de-saude\/#breadcrumb\",\"itemListElement\":[{\"@type\":\"ListItem\",\"position\":1,\"name\":\"In\u00edcio\",\"item\":\"https:\/\/www.notibras.com\/site\/\"},{\"@type\":\"ListItem\",\"position\":2,\"name\":\"ANS suspende a comercializa\u00e7\u00e3o de 38 planos de sa\u00fade\"}]},{\"@type\":\"WebSite\",\"@id\":\"https:\/\/www.notibras.com\/site\/#website\",\"url\":\"https:\/\/www.notibras.com\/site\/\",\"name\":\"Notibras\",\"description\":\"Not\u00edcias de Bras\u00edlia, do Brasil e do Mundo\",\"publisher\":{\"@id\":\"https:\/\/www.notibras.com\/site\/#organization\"},\"potentialAction\":[{\"@type\":\"SearchAction\",\"target\":{\"@type\":\"EntryPoint\",\"urlTemplate\":\"https:\/\/www.notibras.com\/site\/?s={search_term_string}\"},\"query-input\":{\"@type\":\"PropertyValueSpecification\",\"valueRequired\":true,\"valueName\":\"search_term_string\"}}],\"inLanguage\":\"pt-BR\"},{\"@type\":\"Organization\",\"@id\":\"https:\/\/www.notibras.com\/site\/#organization\",\"name\":\"Grupo Notibras de Comunica\u00e7\u00e3o\",\"url\":\"https:\/\/www.notibras.com\/site\/\",\"logo\":{\"@type\":\"ImageObject\",\"inLanguage\":\"pt-BR\",\"@id\":\"https:\/\/www.notibras.com\/site\/#\/schema\/logo\/image\/\",\"url\":\"https:\/\/www.notibras.com\/site\/wp-content\/uploads\/2023\/01\/notibras23.png\",\"contentUrl\":\"https:\/\/www.notibras.com\/site\/wp-content\/uploads\/2023\/01\/notibras23.png\",\"width\":350,\"height\":87,\"caption\":\"Grupo Notibras de Comunica\u00e7\u00e3o\"},\"image\":{\"@id\":\"https:\/\/www.notibras.com\/site\/#\/schema\/logo\/image\/\"},\"sameAs\":[\"https:\/\/www.facebook.com\/notibras\/\",\"https:\/\/x.com\/Notibras\",\"https:\/\/www.instagram.com\/notibras\/\"]},{\"@type\":\"Person\",\"@id\":\"https:\/\/www.notibras.com\/site\/#\/schema\/person\/36ab0979449956132d3e5b517ea76ac8\",\"name\":\"Reda\u00e7\u00e3o\",\"image\":{\"@type\":\"ImageObject\",\"inLanguage\":\"pt-BR\",\"@id\":\"https:\/\/secure.gravatar.com\/avatar\/e0a867bdedb85fd243eadf09663511f96fc81e0720a4a42581f334ad4303aa6b?s=96&d=mm&r=g\",\"url\":\"https:\/\/secure.gravatar.com\/avatar\/e0a867bdedb85fd243eadf09663511f96fc81e0720a4a42581f334ad4303aa6b?s=96&d=mm&r=g\",\"contentUrl\":\"https:\/\/secure.gravatar.com\/avatar\/e0a867bdedb85fd243eadf09663511f96fc81e0720a4a42581f334ad4303aa6b?s=96&d=mm&r=g\",\"caption\":\"Reda\u00e7\u00e3o\"}}]}<\/script>\n<!-- \/ Yoast SEO plugin. -->","yoast_head_json":{"title":"ANS suspende a comercializa\u00e7\u00e3o de 38 planos de sa\u00fade - Notibras","robots":{"index":"index","follow":"follow","max-snippet":"max-snippet:-1","max-image-preview":"max-image-preview:large","max-video-preview":"max-video-preview:-1"},"canonical":"https:\/\/www.notibras.com\/site\/ans-suspende-a-comercializacao-de-38-planos-de-saude\/","og_locale":"pt_BR","og_type":"article","og_title":"ANS suspende a comercializa\u00e7\u00e3o de 38 planos de sa\u00fade - Notibras","og_description":"A Ag\u00eancia Nacional de Sa\u00fade Suplementar (ANS) suspende temporariamente, a partir desta ter\u00e7a-feira (3), a venda de 38 planos de sa\u00fade de dez operadoras, devido a reclama\u00e7\u00f5es relacionadas \u00e0 cobertura assistencial, feitas no segundo trimestre de 2023. A ANS adverte que os consumidores n\u00e3o devem contratar os planos de sa\u00fade desta lista. Se receber oferta [&hellip;]","og_url":"https:\/\/www.notibras.com\/site\/ans-suspende-a-comercializacao-de-38-planos-de-saude\/","og_site_name":"Notibras","article_publisher":"https:\/\/www.facebook.com\/notibras\/","article_published_time":"2023-10-03T03:18:20+00:00","article_modified_time":"2023-10-03T11:20:40+00:00","og_image":[{"width":1170,"height":700,"url":"https:\/\/www.notibras.com\/site\/wp-content\/uploads\/2023\/10\/plano_de_saude_1703221439.jpg","type":"image\/jpeg"}],"author":"Reda\u00e7\u00e3o","twitter_card":"summary_large_image","twitter_creator":"@Notibras","twitter_site":"@Notibras","twitter_misc":{"Escrito por":"Reda\u00e7\u00e3o","Est. tempo de leitura":"2 minutos"},"schema":{"@context":"https:\/\/schema.org","@graph":[{"@type":"Article","@id":"https:\/\/www.notibras.com\/site\/ans-suspende-a-comercializacao-de-38-planos-de-saude\/#article","isPartOf":{"@id":"https:\/\/www.notibras.com\/site\/ans-suspende-a-comercializacao-de-38-planos-de-saude\/"},"author":{"name":"Reda\u00e7\u00e3o","@id":"https:\/\/www.notibras.com\/site\/#\/schema\/person\/36ab0979449956132d3e5b517ea76ac8"},"headline":"ANS suspende a comercializa\u00e7\u00e3o de 38 planos de sa\u00fade","datePublished":"2023-10-03T03:18:20+00:00","dateModified":"2023-10-03T11:20:40+00:00","mainEntityOfPage":{"@id":"https:\/\/www.notibras.com\/site\/ans-suspende-a-comercializacao-de-38-planos-de-saude\/"},"wordCount":294,"publisher":{"@id":"https:\/\/www.notibras.com\/site\/#organization"},"image":{"@id":"https:\/\/www.notibras.com\/site\/ans-suspende-a-comercializacao-de-38-planos-de-saude\/#primaryimage"},"thumbnailUrl":"https:\/\/www.notibras.com\/site\/wp-content\/uploads\/2023\/10\/plano_de_saude_1703221439.jpg","articleSection":["Quadradinho em Foco"],"inLanguage":"pt-BR"},{"@type":"WebPage","@id":"https:\/\/www.notibras.com\/site\/ans-suspende-a-comercializacao-de-38-planos-de-saude\/","url":"https:\/\/www.notibras.com\/site\/ans-suspende-a-comercializacao-de-38-planos-de-saude\/","name":"ANS suspende a comercializa\u00e7\u00e3o de 38 planos de sa\u00fade - Notibras","isPartOf":{"@id":"https:\/\/www.notibras.com\/site\/#website"},"primaryImageOfPage":{"@id":"https:\/\/www.notibras.com\/site\/ans-suspende-a-comercializacao-de-38-planos-de-saude\/#primaryimage"},"image":{"@id":"https:\/\/www.notibras.com\/site\/ans-suspende-a-comercializacao-de-38-planos-de-saude\/#primaryimage"},"thumbnailUrl":"https:\/\/www.notibras.com\/site\/wp-content\/uploads\/2023\/10\/plano_de_saude_1703221439.jpg","datePublished":"2023-10-03T03:18:20+00:00","dateModified":"2023-10-03T11:20:40+00:00","breadcrumb":{"@id":"https:\/\/www.notibras.com\/site\/ans-suspende-a-comercializacao-de-38-planos-de-saude\/#breadcrumb"},"inLanguage":"pt-BR","potentialAction":[{"@type":"ReadAction","target":["https:\/\/www.notibras.com\/site\/ans-suspende-a-comercializacao-de-38-planos-de-saude\/"]}]},{"@type":"ImageObject","inLanguage":"pt-BR","@id":"https:\/\/www.notibras.com\/site\/ans-suspende-a-comercializacao-de-38-planos-de-saude\/#primaryimage","url":"https:\/\/www.notibras.com\/site\/wp-content\/uploads\/2023\/10\/plano_de_saude_1703221439.jpg","contentUrl":"https:\/\/www.notibras.com\/site\/wp-content\/uploads\/2023\/10\/plano_de_saude_1703221439.jpg","width":1170,"height":700,"caption":"Plano de sa\u00fade"},{"@type":"BreadcrumbList","@id":"https:\/\/www.notibras.com\/site\/ans-suspende-a-comercializacao-de-38-planos-de-saude\/#breadcrumb","itemListElement":[{"@type":"ListItem","position":1,"name":"In\u00edcio","item":"https:\/\/www.notibras.com\/site\/"},{"@type":"ListItem","position":2,"name":"ANS suspende a comercializa\u00e7\u00e3o de 38 planos de sa\u00fade"}]},{"@type":"WebSite","@id":"https:\/\/www.notibras.com\/site\/#website","url":"https:\/\/www.notibras.com\/site\/","name":"Notibras","description":"Not\u00edcias de Bras\u00edlia, do Brasil e do Mundo","publisher":{"@id":"https:\/\/www.notibras.com\/site\/#organization"},"potentialAction":[{"@type":"SearchAction","target":{"@type":"EntryPoint","urlTemplate":"https:\/\/www.notibras.com\/site\/?s={search_term_string}"},"query-input":{"@type":"PropertyValueSpecification","valueRequired":true,"valueName":"search_term_string"}}],"inLanguage":"pt-BR"},{"@type":"Organization","@id":"https:\/\/www.notibras.com\/site\/#organization","name":"Grupo Notibras de Comunica\u00e7\u00e3o","url":"https:\/\/www.notibras.com\/site\/","logo":{"@type":"ImageObject","inLanguage":"pt-BR","@id":"https:\/\/www.notibras.com\/site\/#\/schema\/logo\/image\/","url":"https:\/\/www.notibras.com\/site\/wp-content\/uploads\/2023\/01\/notibras23.png","contentUrl":"https:\/\/www.notibras.com\/site\/wp-content\/uploads\/2023\/01\/notibras23.png","width":350,"height":87,"caption":"Grupo Notibras de Comunica\u00e7\u00e3o"},"image":{"@id":"https:\/\/www.notibras.com\/site\/#\/schema\/logo\/image\/"},"sameAs":["https:\/\/www.facebook.com\/notibras\/","https:\/\/x.com\/Notibras","https:\/\/www.instagram.com\/notibras\/"]},{"@type":"Person","@id":"https:\/\/www.notibras.com\/site\/#\/schema\/person\/36ab0979449956132d3e5b517ea76ac8","name":"Reda\u00e7\u00e3o","image":{"@type":"ImageObject","inLanguage":"pt-BR","@id":"https:\/\/secure.gravatar.com\/avatar\/e0a867bdedb85fd243eadf09663511f96fc81e0720a4a42581f334ad4303aa6b?s=96&d=mm&r=g","url":"https:\/\/secure.gravatar.com\/avatar\/e0a867bdedb85fd243eadf09663511f96fc81e0720a4a42581f334ad4303aa6b?s=96&d=mm&r=g","contentUrl":"https:\/\/secure.gravatar.com\/avatar\/e0a867bdedb85fd243eadf09663511f96fc81e0720a4a42581f334ad4303aa6b?s=96&d=mm&r=g","caption":"Reda\u00e7\u00e3o"}}]}},"amp_enabled":true,"_links":{"self":[{"href":"https:\/\/www.notibras.com\/site\/wp-json\/wp\/v2\/posts\/313931","targetHints":{"allow":["GET"]}}],"collection":[{"href":"https:\/\/www.notibras.com\/site\/wp-json\/wp\/v2\/posts"}],"about":[{"href":"https:\/\/www.notibras.com\/site\/wp-json\/wp\/v2\/types\/post"}],"author":[{"embeddable":true,"href":"https:\/\/www.notibras.com\/site\/wp-json\/wp\/v2\/users\/2"}],"replies":[{"embeddable":true,"href":"https:\/\/www.notibras.com\/site\/wp-json\/wp\/v2\/comments?post=313931"}],"version-history":[{"count":1,"href":"https:\/\/www.notibras.com\/site\/wp-json\/wp\/v2\/posts\/313931\/revisions"}],"predecessor-version":[{"id":313933,"href":"https:\/\/www.notibras.com\/site\/wp-json\/wp\/v2\/posts\/313931\/revisions\/313933"}],"wp:featuredmedia":[{"embeddable":true,"href":"https:\/\/www.notibras.com\/site\/wp-json\/wp\/v2\/media\/313932"}],"wp:attachment":[{"href":"https:\/\/www.notibras.com\/site\/wp-json\/wp\/v2\/media?parent=313931"}],"wp:term":[{"taxonomy":"category","embeddable":true,"href":"https:\/\/www.notibras.com\/site\/wp-json\/wp\/v2\/categories?post=313931"},{"taxonomy":"post_tag","embeddable":true,"href":"https:\/\/www.notibras.com\/site\/wp-json\/wp\/v2\/tags?post=313931"}],"curies":[{"name":"wp","href":"https:\/\/api.w.org\/{rel}","templated":true}]}}