{"id":313934,"date":"2023-10-03T00:26:21","date_gmt":"2023-10-03T03:26:21","guid":{"rendered":"https:\/\/www.notibras.com\/site\/?p=313934"},"modified":"2023-10-03T08:29:04","modified_gmt":"2023-10-03T11:29:04","slug":"inmetro-inicia-operacao-crianca-segura-contra-brinquedos-ruins","status":"publish","type":"post","link":"https:\/\/www.notibras.com\/site\/inmetro-inicia-operacao-crianca-segura-contra-brinquedos-ruins\/","title":{"rendered":"Inmetro inicia opera\u00e7\u00e3o Crian\u00e7a Segura contra brinquedos ruins"},"content":{"rendered":"<p>O Instituto Nacional de Metrologia, Qualidade e Tecnologia (Inmetro) iniciou nesta segunda-feira (2) &#8211; em todo o pa\u00eds &#8211; a opera\u00e7\u00e3o Crian\u00e7a Segura. Ela ter\u00e1 sequ\u00eancia at\u00e9 a pr\u00f3xima sexta-feira (6) e se concentrar\u00e1 em cinco produtos infantis: brinquedos, ber\u00e7os, bicicletas, cadeira de alimenta\u00e7\u00e3o para crian\u00e7as e carrinhos para beb\u00ea. A informa\u00e7\u00e3o foi dada \u00e0 Ag\u00eancia Brasil pelo chefe de Fiscaliza\u00e7\u00e3o do Inmetro, Sidney Aride.<\/p>\n<p>A fiscaliza\u00e7\u00e3o &#8211; coordenada pelo Inmetro e operacionalizada nos estados pelos Institutos de Pesos e Medidas &#8211; ocorre de forma especial com a proximidade do Dia das Crian\u00e7as, comemorado em 12 de outubro. Cerca de 100 agentes e fiscais atuar\u00e3o em todos os estados. No Distrito Federal, a atua\u00e7\u00e3o ser\u00e1 por meio da Superintend\u00eancia do Inmetro em Goi\u00e1s.<\/p>\n<p>\u201cSempre a gente tem encontrado problemas no mercado, principalmente falta de certifica\u00e7\u00e3o, que \u00e9 obrigat\u00f3ria nesses produtos. Mas n\u00e3o \u00e9 muito. O mercado est\u00e1 sendo bem monitorado, porque a gente faz esse trabalho o ano inteiro\u201d, disse Sidney. A opera\u00e7\u00e3o objetiva dar um refor\u00e7o \u00e0 a\u00e7\u00e3o desenvolvida rotineiramente pelo \u00f3rg\u00e3o.<\/p>\n<p><strong>Penalidades<\/strong><br \/>\nUma das metas \u00e9 coibir a venda de produtos infantis irregulares e, tamb\u00e9m, garantir seguran\u00e7a \u00e0s crian\u00e7as. Os estabelecimentos em que forem identificados produtos irregulares ser\u00e3o notificados e ter\u00e3o 10 dias para apresentar defesa em rela\u00e7\u00e3o ao que foi encontrado. Se a irregularidade for do fornecedor, o com\u00e9rcio fica isento de responsabiliza\u00e7\u00e3o.<\/p>\n<p>\u201cMas, se for um produto sem comprova\u00e7\u00e3o de origem, ou seja, se for um produto n\u00e3o adquirido por vias legais, o comerciante pode ser autuado\u201d, acentuou. Uma das penalidades pode ser multa que vai de R$ 100 a R$ 1,5 milh\u00e3o, dependendo da gravidade da irregularidade e do porte da empresa, \u201ccaso fique claro que houve infra\u00e7\u00e3o\u201d, explicou o chefe de Fiscaliza\u00e7\u00e3o do Inmetro. S\u00e3o fatores que s\u00e3o considerados na hora de avaliar a penalidade a ser aplicada.<\/p>\n<p>H\u00e1 outras possibilidades de san\u00e7\u00e3o. O produto irregular pode ser apreendido pela fiscaliza\u00e7\u00e3o e interditado, o que significa que n\u00e3o poder\u00e1 mais ser comercializado. Outra san\u00e7\u00e3o \u00e9 a suspens\u00e3o ou cancelamento do registro do produto. \u201cA\u00ed, cancelando o registro no Inmetro, o produto n\u00e3o poder\u00e1 mais ser fabricado, nem comercializado, dependendo da gravidade encontrada\u201d, explicou.<\/p>\n<p>Sidney informou, ainda, que, muitas vezes, n\u00e3o basta ter o selo de certifica\u00e7\u00e3o vis\u00edvel na hora da fiscaliza\u00e7\u00e3o. Eventualmente, o Inmetro faz um trabalho de coletar um produto quando tem alguma caracter\u00edstica que pode gerar suspeita e realizar novos ensaios com ele para verificar se h\u00e1 algum problema, como partes pequenas, cortantes ou perfurantes, que possam comprometer a seguran\u00e7a das crian\u00e7as. \u201cCada faixa et\u00e1ria tem um rigor nos testes e quanto menor a faixa et\u00e1ria, mais rigor\u201d, salientou.<\/p>\n<p><strong>Brinquedos<\/strong><br \/>\nO chefe de Fiscaliza\u00e7\u00e3o do Inmetro esclareceu, tamb\u00e9m, que, no caso de brinquedos, atualmente n\u00e3o h\u00e1 muita diferencia\u00e7\u00e3o entre o produto nacional e o importado.<\/p>\n<p>\u201cA abordagem tem sido exatamente a mesma, inclusive porque tem h\u00e1 controle pr\u00e9vio\u201d, garantiu. Para entrar no Brasil, o produto tem que ter a anu\u00eancia do Inmetro, al\u00e9m de a importa\u00e7\u00e3o ter controle.<\/p>\n<p>\u201cDepois que o produto recebe essa anu\u00eancia para entrar no pa\u00eds, ele tem que passar por todo o processo de certifica\u00e7\u00e3o e tem que pedir registro no Inmetro. [S\u00e3o] etapas que v\u00e3o filtrando para que esse produto esteja regular no mercado. Quando chega na [fase de] fiscaliza\u00e7\u00e3o, j\u00e1 passou por v\u00e1rios processos que diminuem a possibilidade de ele apresentar problemas\u201d, salientou.<\/p>\n<p>Durante a opera\u00e7\u00e3o, ser\u00e1 verificado se os produtos comercializados oferecem informa\u00e7\u00f5es obrigat\u00f3rias, entre as quais, os dados do fabricante ou do importador, Cadastro Nacional de Pessoa Jur\u00eddica (CNPJ) da empresa fabricante, pa\u00eds de origem e faixa et\u00e1ria, al\u00e9m do selo de identifica\u00e7\u00e3o da conformidade. As informa\u00e7\u00f5es devem estar escritas no idioma do pa\u00eds, ou seja, em portugu\u00eas.<\/p>\n","protected":false},"excerpt":{"rendered":"<p>O Instituto Nacional de Metrologia, Qualidade e Tecnologia (Inmetro) iniciou nesta segunda-feira (2) &#8211; em todo o pa\u00eds &#8211; a opera\u00e7\u00e3o Crian\u00e7a Segura. Ela ter\u00e1 sequ\u00eancia at\u00e9 a pr\u00f3xima sexta-feira (6) e se concentrar\u00e1 em cinco produtos infantis: brinquedos, ber\u00e7os, bicicletas, cadeira de alimenta\u00e7\u00e3o para crian\u00e7as e carrinhos para beb\u00ea. A informa\u00e7\u00e3o foi dada \u00e0 [&hellip;]<\/p>\n","protected":false},"author":2,"featured_media":313935,"comment_status":"closed","ping_status":"closed","sticky":false,"template":"","format":"standard","meta":{"_acf_changed":false,"footnotes":""},"categories":[161],"tags":[],"class_list":["post-313934","post","type-post","status-publish","format-standard","has-post-thumbnail","hentry","category-quadradinho-em-foco"],"acf":[],"yoast_head":"<!-- This site is optimized with the Yoast SEO plugin v27.2 - https:\/\/yoast.com\/product\/yoast-seo-wordpress\/ -->\n<title>Inmetro inicia opera\u00e7\u00e3o Crian\u00e7a Segura contra brinquedos ruins - Notibras<\/title>\n<meta name=\"robots\" content=\"index, follow, max-snippet:-1, max-image-preview:large, max-video-preview:-1\" \/>\n<link rel=\"canonical\" href=\"https:\/\/www.notibras.com\/site\/inmetro-inicia-operacao-crianca-segura-contra-brinquedos-ruins\/\" \/>\n<meta property=\"og:locale\" content=\"pt_BR\" \/>\n<meta property=\"og:type\" content=\"article\" \/>\n<meta property=\"og:title\" content=\"Inmetro inicia opera\u00e7\u00e3o Crian\u00e7a Segura contra brinquedos ruins - Notibras\" \/>\n<meta property=\"og:description\" content=\"O Instituto Nacional de Metrologia, Qualidade e Tecnologia (Inmetro) iniciou nesta segunda-feira (2) &#8211; em todo o pa\u00eds &#8211; a opera\u00e7\u00e3o Crian\u00e7a Segura. Ela ter\u00e1 sequ\u00eancia at\u00e9 a pr\u00f3xima sexta-feira (6) e se concentrar\u00e1 em cinco produtos infantis: brinquedos, ber\u00e7os, bicicletas, cadeira de alimenta\u00e7\u00e3o para crian\u00e7as e carrinhos para beb\u00ea. A informa\u00e7\u00e3o foi dada \u00e0 [&hellip;]\" \/>\n<meta property=\"og:url\" content=\"https:\/\/www.notibras.com\/site\/inmetro-inicia-operacao-crianca-segura-contra-brinquedos-ruins\/\" \/>\n<meta property=\"og:site_name\" content=\"Notibras\" \/>\n<meta property=\"article:publisher\" content=\"https:\/\/www.facebook.com\/notibras\/\" \/>\n<meta property=\"article:published_time\" content=\"2023-10-03T03:26:21+00:00\" \/>\n<meta property=\"article:modified_time\" content=\"2023-10-03T11:29:04+00:00\" \/>\n<meta property=\"og:image\" content=\"https:\/\/www.notibras.com\/site\/wp-content\/uploads\/2023\/10\/brincadeira_de_crianca_fpzzb_abr_291220204110_0.jpg\" \/>\n\t<meta property=\"og:image:width\" content=\"1170\" \/>\n\t<meta property=\"og:image:height\" content=\"700\" \/>\n\t<meta property=\"og:image:type\" content=\"image\/jpeg\" \/>\n<meta name=\"author\" content=\"Reda\u00e7\u00e3o\" \/>\n<meta name=\"twitter:card\" content=\"summary_large_image\" \/>\n<meta name=\"twitter:creator\" content=\"@Notibras\" \/>\n<meta name=\"twitter:site\" content=\"@Notibras\" \/>\n<meta name=\"twitter:label1\" content=\"Escrito por\" \/>\n\t<meta name=\"twitter:data1\" content=\"Reda\u00e7\u00e3o\" \/>\n\t<meta name=\"twitter:label2\" content=\"Est. tempo de leitura\" \/>\n\t<meta name=\"twitter:data2\" content=\"4 minutos\" \/>\n<script type=\"application\/ld+json\" class=\"yoast-schema-graph\">{\"@context\":\"https:\/\/schema.org\",\"@graph\":[{\"@type\":\"Article\",\"@id\":\"https:\/\/www.notibras.com\/site\/inmetro-inicia-operacao-crianca-segura-contra-brinquedos-ruins\/#article\",\"isPartOf\":{\"@id\":\"https:\/\/www.notibras.com\/site\/inmetro-inicia-operacao-crianca-segura-contra-brinquedos-ruins\/\"},\"author\":{\"name\":\"Reda\u00e7\u00e3o\",\"@id\":\"https:\/\/www.notibras.com\/site\/#\/schema\/person\/36ab0979449956132d3e5b517ea76ac8\"},\"headline\":\"Inmetro inicia opera\u00e7\u00e3o Crian\u00e7a Segura contra brinquedos ruins\",\"datePublished\":\"2023-10-03T03:26:21+00:00\",\"dateModified\":\"2023-10-03T11:29:04+00:00\",\"mainEntityOfPage\":{\"@id\":\"https:\/\/www.notibras.com\/site\/inmetro-inicia-operacao-crianca-segura-contra-brinquedos-ruins\/\"},\"wordCount\":691,\"publisher\":{\"@id\":\"https:\/\/www.notibras.com\/site\/#organization\"},\"image\":{\"@id\":\"https:\/\/www.notibras.com\/site\/inmetro-inicia-operacao-crianca-segura-contra-brinquedos-ruins\/#primaryimage\"},\"thumbnailUrl\":\"https:\/\/www.notibras.com\/site\/wp-content\/uploads\/2023\/10\/brincadeira_de_crianca_fpzzb_abr_291220204110_0.jpg\",\"articleSection\":[\"Quadradinho em Foco\"],\"inLanguage\":\"pt-BR\"},{\"@type\":\"WebPage\",\"@id\":\"https:\/\/www.notibras.com\/site\/inmetro-inicia-operacao-crianca-segura-contra-brinquedos-ruins\/\",\"url\":\"https:\/\/www.notibras.com\/site\/inmetro-inicia-operacao-crianca-segura-contra-brinquedos-ruins\/\",\"name\":\"Inmetro inicia opera\u00e7\u00e3o Crian\u00e7a Segura contra brinquedos ruins - Notibras\",\"isPartOf\":{\"@id\":\"https:\/\/www.notibras.com\/site\/#website\"},\"primaryImageOfPage\":{\"@id\":\"https:\/\/www.notibras.com\/site\/inmetro-inicia-operacao-crianca-segura-contra-brinquedos-ruins\/#primaryimage\"},\"image\":{\"@id\":\"https:\/\/www.notibras.com\/site\/inmetro-inicia-operacao-crianca-segura-contra-brinquedos-ruins\/#primaryimage\"},\"thumbnailUrl\":\"https:\/\/www.notibras.com\/site\/wp-content\/uploads\/2023\/10\/brincadeira_de_crianca_fpzzb_abr_291220204110_0.jpg\",\"datePublished\":\"2023-10-03T03:26:21+00:00\",\"dateModified\":\"2023-10-03T11:29:04+00:00\",\"breadcrumb\":{\"@id\":\"https:\/\/www.notibras.com\/site\/inmetro-inicia-operacao-crianca-segura-contra-brinquedos-ruins\/#breadcrumb\"},\"inLanguage\":\"pt-BR\",\"potentialAction\":[{\"@type\":\"ReadAction\",\"target\":[\"https:\/\/www.notibras.com\/site\/inmetro-inicia-operacao-crianca-segura-contra-brinquedos-ruins\/\"]}]},{\"@type\":\"ImageObject\",\"inLanguage\":\"pt-BR\",\"@id\":\"https:\/\/www.notibras.com\/site\/inmetro-inicia-operacao-crianca-segura-contra-brinquedos-ruins\/#primaryimage\",\"url\":\"https:\/\/www.notibras.com\/site\/wp-content\/uploads\/2023\/10\/brincadeira_de_crianca_fpzzb_abr_291220204110_0.jpg\",\"contentUrl\":\"https:\/\/www.notibras.com\/site\/wp-content\/uploads\/2023\/10\/brincadeira_de_crianca_fpzzb_abr_291220204110_0.jpg\",\"width\":1170,\"height\":700,\"caption\":\"Brincadeira de crian\u00e7a\"},{\"@type\":\"BreadcrumbList\",\"@id\":\"https:\/\/www.notibras.com\/site\/inmetro-inicia-operacao-crianca-segura-contra-brinquedos-ruins\/#breadcrumb\",\"itemListElement\":[{\"@type\":\"ListItem\",\"position\":1,\"name\":\"In\u00edcio\",\"item\":\"https:\/\/www.notibras.com\/site\/\"},{\"@type\":\"ListItem\",\"position\":2,\"name\":\"Inmetro inicia opera\u00e7\u00e3o Crian\u00e7a Segura contra brinquedos ruins\"}]},{\"@type\":\"WebSite\",\"@id\":\"https:\/\/www.notibras.com\/site\/#website\",\"url\":\"https:\/\/www.notibras.com\/site\/\",\"name\":\"Notibras\",\"description\":\"Not\u00edcias de Bras\u00edlia, do Brasil e do Mundo\",\"publisher\":{\"@id\":\"https:\/\/www.notibras.com\/site\/#organization\"},\"potentialAction\":[{\"@type\":\"SearchAction\",\"target\":{\"@type\":\"EntryPoint\",\"urlTemplate\":\"https:\/\/www.notibras.com\/site\/?s={search_term_string}\"},\"query-input\":{\"@type\":\"PropertyValueSpecification\",\"valueRequired\":true,\"valueName\":\"search_term_string\"}}],\"inLanguage\":\"pt-BR\"},{\"@type\":\"Organization\",\"@id\":\"https:\/\/www.notibras.com\/site\/#organization\",\"name\":\"Grupo Notibras de Comunica\u00e7\u00e3o\",\"url\":\"https:\/\/www.notibras.com\/site\/\",\"logo\":{\"@type\":\"ImageObject\",\"inLanguage\":\"pt-BR\",\"@id\":\"https:\/\/www.notibras.com\/site\/#\/schema\/logo\/image\/\",\"url\":\"https:\/\/www.notibras.com\/site\/wp-content\/uploads\/2023\/01\/notibras23.png\",\"contentUrl\":\"https:\/\/www.notibras.com\/site\/wp-content\/uploads\/2023\/01\/notibras23.png\",\"width\":350,\"height\":87,\"caption\":\"Grupo Notibras de Comunica\u00e7\u00e3o\"},\"image\":{\"@id\":\"https:\/\/www.notibras.com\/site\/#\/schema\/logo\/image\/\"},\"sameAs\":[\"https:\/\/www.facebook.com\/notibras\/\",\"https:\/\/x.com\/Notibras\",\"https:\/\/www.instagram.com\/notibras\/\"]},{\"@type\":\"Person\",\"@id\":\"https:\/\/www.notibras.com\/site\/#\/schema\/person\/36ab0979449956132d3e5b517ea76ac8\",\"name\":\"Reda\u00e7\u00e3o\",\"image\":{\"@type\":\"ImageObject\",\"inLanguage\":\"pt-BR\",\"@id\":\"https:\/\/secure.gravatar.com\/avatar\/e0a867bdedb85fd243eadf09663511f96fc81e0720a4a42581f334ad4303aa6b?s=96&d=mm&r=g\",\"url\":\"https:\/\/secure.gravatar.com\/avatar\/e0a867bdedb85fd243eadf09663511f96fc81e0720a4a42581f334ad4303aa6b?s=96&d=mm&r=g\",\"contentUrl\":\"https:\/\/secure.gravatar.com\/avatar\/e0a867bdedb85fd243eadf09663511f96fc81e0720a4a42581f334ad4303aa6b?s=96&d=mm&r=g\",\"caption\":\"Reda\u00e7\u00e3o\"}}]}<\/script>\n<!-- \/ Yoast SEO plugin. -->","yoast_head_json":{"title":"Inmetro inicia opera\u00e7\u00e3o Crian\u00e7a Segura contra brinquedos ruins - Notibras","robots":{"index":"index","follow":"follow","max-snippet":"max-snippet:-1","max-image-preview":"max-image-preview:large","max-video-preview":"max-video-preview:-1"},"canonical":"https:\/\/www.notibras.com\/site\/inmetro-inicia-operacao-crianca-segura-contra-brinquedos-ruins\/","og_locale":"pt_BR","og_type":"article","og_title":"Inmetro inicia opera\u00e7\u00e3o Crian\u00e7a Segura contra brinquedos ruins - Notibras","og_description":"O Instituto Nacional de Metrologia, Qualidade e Tecnologia (Inmetro) iniciou nesta segunda-feira (2) &#8211; em todo o pa\u00eds &#8211; a opera\u00e7\u00e3o Crian\u00e7a Segura. Ela ter\u00e1 sequ\u00eancia at\u00e9 a pr\u00f3xima sexta-feira (6) e se concentrar\u00e1 em cinco produtos infantis: brinquedos, ber\u00e7os, bicicletas, cadeira de alimenta\u00e7\u00e3o para crian\u00e7as e carrinhos para beb\u00ea. A informa\u00e7\u00e3o foi dada \u00e0 [&hellip;]","og_url":"https:\/\/www.notibras.com\/site\/inmetro-inicia-operacao-crianca-segura-contra-brinquedos-ruins\/","og_site_name":"Notibras","article_publisher":"https:\/\/www.facebook.com\/notibras\/","article_published_time":"2023-10-03T03:26:21+00:00","article_modified_time":"2023-10-03T11:29:04+00:00","og_image":[{"width":1170,"height":700,"url":"https:\/\/www.notibras.com\/site\/wp-content\/uploads\/2023\/10\/brincadeira_de_crianca_fpzzb_abr_291220204110_0.jpg","type":"image\/jpeg"}],"author":"Reda\u00e7\u00e3o","twitter_card":"summary_large_image","twitter_creator":"@Notibras","twitter_site":"@Notibras","twitter_misc":{"Escrito por":"Reda\u00e7\u00e3o","Est. tempo de leitura":"4 minutos"},"schema":{"@context":"https:\/\/schema.org","@graph":[{"@type":"Article","@id":"https:\/\/www.notibras.com\/site\/inmetro-inicia-operacao-crianca-segura-contra-brinquedos-ruins\/#article","isPartOf":{"@id":"https:\/\/www.notibras.com\/site\/inmetro-inicia-operacao-crianca-segura-contra-brinquedos-ruins\/"},"author":{"name":"Reda\u00e7\u00e3o","@id":"https:\/\/www.notibras.com\/site\/#\/schema\/person\/36ab0979449956132d3e5b517ea76ac8"},"headline":"Inmetro inicia opera\u00e7\u00e3o Crian\u00e7a Segura contra brinquedos ruins","datePublished":"2023-10-03T03:26:21+00:00","dateModified":"2023-10-03T11:29:04+00:00","mainEntityOfPage":{"@id":"https:\/\/www.notibras.com\/site\/inmetro-inicia-operacao-crianca-segura-contra-brinquedos-ruins\/"},"wordCount":691,"publisher":{"@id":"https:\/\/www.notibras.com\/site\/#organization"},"image":{"@id":"https:\/\/www.notibras.com\/site\/inmetro-inicia-operacao-crianca-segura-contra-brinquedos-ruins\/#primaryimage"},"thumbnailUrl":"https:\/\/www.notibras.com\/site\/wp-content\/uploads\/2023\/10\/brincadeira_de_crianca_fpzzb_abr_291220204110_0.jpg","articleSection":["Quadradinho em Foco"],"inLanguage":"pt-BR"},{"@type":"WebPage","@id":"https:\/\/www.notibras.com\/site\/inmetro-inicia-operacao-crianca-segura-contra-brinquedos-ruins\/","url":"https:\/\/www.notibras.com\/site\/inmetro-inicia-operacao-crianca-segura-contra-brinquedos-ruins\/","name":"Inmetro inicia opera\u00e7\u00e3o Crian\u00e7a Segura contra brinquedos ruins - Notibras","isPartOf":{"@id":"https:\/\/www.notibras.com\/site\/#website"},"primaryImageOfPage":{"@id":"https:\/\/www.notibras.com\/site\/inmetro-inicia-operacao-crianca-segura-contra-brinquedos-ruins\/#primaryimage"},"image":{"@id":"https:\/\/www.notibras.com\/site\/inmetro-inicia-operacao-crianca-segura-contra-brinquedos-ruins\/#primaryimage"},"thumbnailUrl":"https:\/\/www.notibras.com\/site\/wp-content\/uploads\/2023\/10\/brincadeira_de_crianca_fpzzb_abr_291220204110_0.jpg","datePublished":"2023-10-03T03:26:21+00:00","dateModified":"2023-10-03T11:29:04+00:00","breadcrumb":{"@id":"https:\/\/www.notibras.com\/site\/inmetro-inicia-operacao-crianca-segura-contra-brinquedos-ruins\/#breadcrumb"},"inLanguage":"pt-BR","potentialAction":[{"@type":"ReadAction","target":["https:\/\/www.notibras.com\/site\/inmetro-inicia-operacao-crianca-segura-contra-brinquedos-ruins\/"]}]},{"@type":"ImageObject","inLanguage":"pt-BR","@id":"https:\/\/www.notibras.com\/site\/inmetro-inicia-operacao-crianca-segura-contra-brinquedos-ruins\/#primaryimage","url":"https:\/\/www.notibras.com\/site\/wp-content\/uploads\/2023\/10\/brincadeira_de_crianca_fpzzb_abr_291220204110_0.jpg","contentUrl":"https:\/\/www.notibras.com\/site\/wp-content\/uploads\/2023\/10\/brincadeira_de_crianca_fpzzb_abr_291220204110_0.jpg","width":1170,"height":700,"caption":"Brincadeira de crian\u00e7a"},{"@type":"BreadcrumbList","@id":"https:\/\/www.notibras.com\/site\/inmetro-inicia-operacao-crianca-segura-contra-brinquedos-ruins\/#breadcrumb","itemListElement":[{"@type":"ListItem","position":1,"name":"In\u00edcio","item":"https:\/\/www.notibras.com\/site\/"},{"@type":"ListItem","position":2,"name":"Inmetro inicia opera\u00e7\u00e3o Crian\u00e7a Segura contra brinquedos ruins"}]},{"@type":"WebSite","@id":"https:\/\/www.notibras.com\/site\/#website","url":"https:\/\/www.notibras.com\/site\/","name":"Notibras","description":"Not\u00edcias de Bras\u00edlia, do Brasil e do Mundo","publisher":{"@id":"https:\/\/www.notibras.com\/site\/#organization"},"potentialAction":[{"@type":"SearchAction","target":{"@type":"EntryPoint","urlTemplate":"https:\/\/www.notibras.com\/site\/?s={search_term_string}"},"query-input":{"@type":"PropertyValueSpecification","valueRequired":true,"valueName":"search_term_string"}}],"inLanguage":"pt-BR"},{"@type":"Organization","@id":"https:\/\/www.notibras.com\/site\/#organization","name":"Grupo Notibras de Comunica\u00e7\u00e3o","url":"https:\/\/www.notibras.com\/site\/","logo":{"@type":"ImageObject","inLanguage":"pt-BR","@id":"https:\/\/www.notibras.com\/site\/#\/schema\/logo\/image\/","url":"https:\/\/www.notibras.com\/site\/wp-content\/uploads\/2023\/01\/notibras23.png","contentUrl":"https:\/\/www.notibras.com\/site\/wp-content\/uploads\/2023\/01\/notibras23.png","width":350,"height":87,"caption":"Grupo Notibras de Comunica\u00e7\u00e3o"},"image":{"@id":"https:\/\/www.notibras.com\/site\/#\/schema\/logo\/image\/"},"sameAs":["https:\/\/www.facebook.com\/notibras\/","https:\/\/x.com\/Notibras","https:\/\/www.instagram.com\/notibras\/"]},{"@type":"Person","@id":"https:\/\/www.notibras.com\/site\/#\/schema\/person\/36ab0979449956132d3e5b517ea76ac8","name":"Reda\u00e7\u00e3o","image":{"@type":"ImageObject","inLanguage":"pt-BR","@id":"https:\/\/secure.gravatar.com\/avatar\/e0a867bdedb85fd243eadf09663511f96fc81e0720a4a42581f334ad4303aa6b?s=96&d=mm&r=g","url":"https:\/\/secure.gravatar.com\/avatar\/e0a867bdedb85fd243eadf09663511f96fc81e0720a4a42581f334ad4303aa6b?s=96&d=mm&r=g","contentUrl":"https:\/\/secure.gravatar.com\/avatar\/e0a867bdedb85fd243eadf09663511f96fc81e0720a4a42581f334ad4303aa6b?s=96&d=mm&r=g","caption":"Reda\u00e7\u00e3o"}}]}},"amp_enabled":true,"_links":{"self":[{"href":"https:\/\/www.notibras.com\/site\/wp-json\/wp\/v2\/posts\/313934","targetHints":{"allow":["GET"]}}],"collection":[{"href":"https:\/\/www.notibras.com\/site\/wp-json\/wp\/v2\/posts"}],"about":[{"href":"https:\/\/www.notibras.com\/site\/wp-json\/wp\/v2\/types\/post"}],"author":[{"embeddable":true,"href":"https:\/\/www.notibras.com\/site\/wp-json\/wp\/v2\/users\/2"}],"replies":[{"embeddable":true,"href":"https:\/\/www.notibras.com\/site\/wp-json\/wp\/v2\/comments?post=313934"}],"version-history":[{"count":1,"href":"https:\/\/www.notibras.com\/site\/wp-json\/wp\/v2\/posts\/313934\/revisions"}],"predecessor-version":[{"id":313936,"href":"https:\/\/www.notibras.com\/site\/wp-json\/wp\/v2\/posts\/313934\/revisions\/313936"}],"wp:featuredmedia":[{"embeddable":true,"href":"https:\/\/www.notibras.com\/site\/wp-json\/wp\/v2\/media\/313935"}],"wp:attachment":[{"href":"https:\/\/www.notibras.com\/site\/wp-json\/wp\/v2\/media?parent=313934"}],"wp:term":[{"taxonomy":"category","embeddable":true,"href":"https:\/\/www.notibras.com\/site\/wp-json\/wp\/v2\/categories?post=313934"},{"taxonomy":"post_tag","embeddable":true,"href":"https:\/\/www.notibras.com\/site\/wp-json\/wp\/v2\/tags?post=313934"}],"curies":[{"name":"wp","href":"https:\/\/api.w.org\/{rel}","templated":true}]}}