{"id":313999,"date":"2023-10-04T07:36:41","date_gmt":"2023-10-04T10:36:41","guid":{"rendered":"https:\/\/www.notibras.com\/site\/?p=313999"},"modified":"2023-10-04T07:48:11","modified_gmt":"2023-10-04T10:48:11","slug":"um-lobo-solitario-que-canta-para-agradar","status":"publish","type":"post","link":"https:\/\/www.notibras.com\/site\/um-lobo-solitario-que-canta-para-agradar\/","title":{"rendered":"Um lobo solit\u00e1rio que canta para agradar"},"content":{"rendered":"<p>Vir a Porto Alegre e n\u00e3o conhecer o Daniel Da Get\u00falio \u00e9 o mesmo que ir a Roma e n\u00e3o ver o Papa, tamanha \u00e9 a import\u00e2ncia desse \u00edcone da capital ga\u00facha e, em especial, do bairro Menino Deus. Tanto \u00e9 que, assim que vim para c\u00e1, cansei de passar por ele, mas sem nunca ter parado para conversar. \u00c9 verdade que, quase sempre, troc\u00e1vamos cumprimentos como quem se conhece de vista. Entretanto, aquele cara misterioso ainda era um desconhecido para mim.<\/p>\n<p>Minha mulher, a Dona Irene, muito mais inteirada sobre o local, um dia veio me contar que o Daniel era cantor e at\u00e9 possu\u00eda um canal no Youtube. Fiquei confuso, pois n\u00e3o liguei o nome \u00e0quele cara de bigode vistoso por quem eu passava quase todos os dias.<\/p>\n<p>&#8211; Daniel? Que Daniel?<\/p>\n<p>&#8211; Aquele homem que sempre est\u00e1 aqui na rua.<\/p>\n<p>N\u00e3o demorou, ela me mostrou alguns v\u00eddeos do Daniel, em que ele canta e toca viol\u00e3o. Gostei de cara daquele estilo lobo solit\u00e1rio de se apresentar. Tanto \u00e9 que curti e fiz alguns coment\u00e1rios por l\u00e1. E, assim que o encontrei novamente, ali em frente ao Bar do Vav\u00e1, atravessei a rua e fiz quest\u00e3o de ir cumpriment\u00e1-lo.<\/p>\n<p>A partir desse dia, trocamos algumas palavras de vez em quando, at\u00e9 que, ontem, conversamos por algum tempo, quando, ent\u00e3o, pude entender um pouco sobre esse personagem ic\u00f4nico do bairro mais tradicional de Porto Alegre. &#8211;<\/p>\n<p>&#8211; Dudu, a m\u00fasica n\u00e3o \u00e9 para principiante. Tem muitos artistas por a\u00ed, mas eles n\u00e3o est\u00e3o preparados. \u00c9 um trabalho muito dif\u00edcil e at\u00e9 perigoso, \u00c9 dif\u00edcil gravar. Voc\u00ea pode ver que n\u00e3o tem mais CD.<\/p>\n<p>&#8211; E voc\u00ea se apresenta em algum lugar?<\/p>\n<p>&#8211; Fa\u00e7o shows, \u00e0s vezes me apresento ali no Shopping Total.<\/p>\n<p>N\u00e3o sei se voc\u00ea j\u00e1 veio a Porto Alegre, mas, caso venha, saiba que por aqui temos o Daniel Da Get\u00falio, um homem simples, simp\u00e1tico, muito querido pela maioria e que gosta de mostrar a sua arte para quem quiser assistir.<\/p>\n","protected":false},"excerpt":{"rendered":"<p>Vir a Porto Alegre e n\u00e3o conhecer o Daniel Da Get\u00falio \u00e9 o mesmo que ir a Roma e n\u00e3o ver o Papa, tamanha \u00e9 a import\u00e2ncia desse \u00edcone da capital ga\u00facha e, em especial, do bairro Menino Deus. Tanto \u00e9 que, assim que vim para c\u00e1, cansei de passar por ele, mas sem nunca [&hellip;]<\/p>\n","protected":false},"author":2,"featured_media":314000,"comment_status":"closed","ping_status":"closed","sticky":false,"template":"","format":"standard","meta":{"_acf_changed":false,"footnotes":""},"categories":[161],"tags":[],"class_list":["post-313999","post","type-post","status-publish","format-standard","has-post-thumbnail","hentry","category-quadradinho-em-foco"],"acf":[],"yoast_head":"<!-- This site is optimized with the Yoast SEO plugin v27.2 - https:\/\/yoast.com\/product\/yoast-seo-wordpress\/ -->\n<title>Um lobo solit\u00e1rio que canta para agradar - Notibras<\/title>\n<meta name=\"robots\" content=\"index, follow, max-snippet:-1, max-image-preview:large, max-video-preview:-1\" \/>\n<link rel=\"canonical\" href=\"https:\/\/www.notibras.com\/site\/um-lobo-solitario-que-canta-para-agradar\/\" \/>\n<meta property=\"og:locale\" content=\"pt_BR\" \/>\n<meta property=\"og:type\" content=\"article\" \/>\n<meta property=\"og:title\" content=\"Um lobo solit\u00e1rio que canta para agradar - Notibras\" \/>\n<meta property=\"og:description\" content=\"Vir a Porto Alegre e n\u00e3o conhecer o Daniel Da Get\u00falio \u00e9 o mesmo que ir a Roma e n\u00e3o ver o Papa, tamanha \u00e9 a import\u00e2ncia desse \u00edcone da capital ga\u00facha e, em especial, do bairro Menino Deus. Tanto \u00e9 que, assim que vim para c\u00e1, cansei de passar por ele, mas sem nunca [&hellip;]\" \/>\n<meta property=\"og:url\" content=\"https:\/\/www.notibras.com\/site\/um-lobo-solitario-que-canta-para-agradar\/\" \/>\n<meta property=\"og:site_name\" content=\"Notibras\" \/>\n<meta property=\"article:publisher\" content=\"https:\/\/www.facebook.com\/notibras\/\" \/>\n<meta property=\"article:published_time\" content=\"2023-10-04T10:36:41+00:00\" \/>\n<meta property=\"article:modified_time\" content=\"2023-10-04T10:48:11+00:00\" \/>\n<meta property=\"og:image\" content=\"https:\/\/www.notibras.com\/site\/wp-content\/uploads\/2023\/10\/dududaniel.jpg\" \/>\n\t<meta property=\"og:image:width\" content=\"1600\" \/>\n\t<meta property=\"og:image:height\" content=\"900\" \/>\n\t<meta property=\"og:image:type\" content=\"image\/jpeg\" \/>\n<meta name=\"author\" content=\"Reda\u00e7\u00e3o\" \/>\n<meta name=\"twitter:card\" content=\"summary_large_image\" \/>\n<meta name=\"twitter:creator\" content=\"@Notibras\" \/>\n<meta name=\"twitter:site\" content=\"@Notibras\" \/>\n<meta name=\"twitter:label1\" content=\"Escrito por\" \/>\n\t<meta name=\"twitter:data1\" content=\"Reda\u00e7\u00e3o\" \/>\n\t<meta name=\"twitter:label2\" content=\"Est. tempo de leitura\" \/>\n\t<meta name=\"twitter:data2\" content=\"2 minutos\" \/>\n<script type=\"application\/ld+json\" class=\"yoast-schema-graph\">{\"@context\":\"https:\/\/schema.org\",\"@graph\":[{\"@type\":\"Article\",\"@id\":\"https:\/\/www.notibras.com\/site\/um-lobo-solitario-que-canta-para-agradar\/#article\",\"isPartOf\":{\"@id\":\"https:\/\/www.notibras.com\/site\/um-lobo-solitario-que-canta-para-agradar\/\"},\"author\":{\"name\":\"Reda\u00e7\u00e3o\",\"@id\":\"https:\/\/www.notibras.com\/site\/#\/schema\/person\/36ab0979449956132d3e5b517ea76ac8\"},\"headline\":\"Um lobo solit\u00e1rio que canta para agradar\",\"datePublished\":\"2023-10-04T10:36:41+00:00\",\"dateModified\":\"2023-10-04T10:48:11+00:00\",\"mainEntityOfPage\":{\"@id\":\"https:\/\/www.notibras.com\/site\/um-lobo-solitario-que-canta-para-agradar\/\"},\"wordCount\":362,\"publisher\":{\"@id\":\"https:\/\/www.notibras.com\/site\/#organization\"},\"image\":{\"@id\":\"https:\/\/www.notibras.com\/site\/um-lobo-solitario-que-canta-para-agradar\/#primaryimage\"},\"thumbnailUrl\":\"https:\/\/www.notibras.com\/site\/wp-content\/uploads\/2023\/10\/dududaniel.jpg\",\"articleSection\":[\"Quadradinho em Foco\"],\"inLanguage\":\"pt-BR\"},{\"@type\":\"WebPage\",\"@id\":\"https:\/\/www.notibras.com\/site\/um-lobo-solitario-que-canta-para-agradar\/\",\"url\":\"https:\/\/www.notibras.com\/site\/um-lobo-solitario-que-canta-para-agradar\/\",\"name\":\"Um lobo solit\u00e1rio que canta para agradar - Notibras\",\"isPartOf\":{\"@id\":\"https:\/\/www.notibras.com\/site\/#website\"},\"primaryImageOfPage\":{\"@id\":\"https:\/\/www.notibras.com\/site\/um-lobo-solitario-que-canta-para-agradar\/#primaryimage\"},\"image\":{\"@id\":\"https:\/\/www.notibras.com\/site\/um-lobo-solitario-que-canta-para-agradar\/#primaryimage\"},\"thumbnailUrl\":\"https:\/\/www.notibras.com\/site\/wp-content\/uploads\/2023\/10\/dududaniel.jpg\",\"datePublished\":\"2023-10-04T10:36:41+00:00\",\"dateModified\":\"2023-10-04T10:48:11+00:00\",\"breadcrumb\":{\"@id\":\"https:\/\/www.notibras.com\/site\/um-lobo-solitario-que-canta-para-agradar\/#breadcrumb\"},\"inLanguage\":\"pt-BR\",\"potentialAction\":[{\"@type\":\"ReadAction\",\"target\":[\"https:\/\/www.notibras.com\/site\/um-lobo-solitario-que-canta-para-agradar\/\"]}]},{\"@type\":\"ImageObject\",\"inLanguage\":\"pt-BR\",\"@id\":\"https:\/\/www.notibras.com\/site\/um-lobo-solitario-que-canta-para-agradar\/#primaryimage\",\"url\":\"https:\/\/www.notibras.com\/site\/wp-content\/uploads\/2023\/10\/dududaniel.jpg\",\"contentUrl\":\"https:\/\/www.notibras.com\/site\/wp-content\/uploads\/2023\/10\/dududaniel.jpg\",\"width\":1600,\"height\":900},{\"@type\":\"BreadcrumbList\",\"@id\":\"https:\/\/www.notibras.com\/site\/um-lobo-solitario-que-canta-para-agradar\/#breadcrumb\",\"itemListElement\":[{\"@type\":\"ListItem\",\"position\":1,\"name\":\"In\u00edcio\",\"item\":\"https:\/\/www.notibras.com\/site\/\"},{\"@type\":\"ListItem\",\"position\":2,\"name\":\"Um lobo solit\u00e1rio que canta para agradar\"}]},{\"@type\":\"WebSite\",\"@id\":\"https:\/\/www.notibras.com\/site\/#website\",\"url\":\"https:\/\/www.notibras.com\/site\/\",\"name\":\"Notibras\",\"description\":\"Not\u00edcias de Bras\u00edlia, do Brasil e do Mundo\",\"publisher\":{\"@id\":\"https:\/\/www.notibras.com\/site\/#organization\"},\"potentialAction\":[{\"@type\":\"SearchAction\",\"target\":{\"@type\":\"EntryPoint\",\"urlTemplate\":\"https:\/\/www.notibras.com\/site\/?s={search_term_string}\"},\"query-input\":{\"@type\":\"PropertyValueSpecification\",\"valueRequired\":true,\"valueName\":\"search_term_string\"}}],\"inLanguage\":\"pt-BR\"},{\"@type\":\"Organization\",\"@id\":\"https:\/\/www.notibras.com\/site\/#organization\",\"name\":\"Grupo Notibras de Comunica\u00e7\u00e3o\",\"url\":\"https:\/\/www.notibras.com\/site\/\",\"logo\":{\"@type\":\"ImageObject\",\"inLanguage\":\"pt-BR\",\"@id\":\"https:\/\/www.notibras.com\/site\/#\/schema\/logo\/image\/\",\"url\":\"https:\/\/www.notibras.com\/site\/wp-content\/uploads\/2023\/01\/notibras23.png\",\"contentUrl\":\"https:\/\/www.notibras.com\/site\/wp-content\/uploads\/2023\/01\/notibras23.png\",\"width\":350,\"height\":87,\"caption\":\"Grupo Notibras de Comunica\u00e7\u00e3o\"},\"image\":{\"@id\":\"https:\/\/www.notibras.com\/site\/#\/schema\/logo\/image\/\"},\"sameAs\":[\"https:\/\/www.facebook.com\/notibras\/\",\"https:\/\/x.com\/Notibras\",\"https:\/\/www.instagram.com\/notibras\/\"]},{\"@type\":\"Person\",\"@id\":\"https:\/\/www.notibras.com\/site\/#\/schema\/person\/36ab0979449956132d3e5b517ea76ac8\",\"name\":\"Reda\u00e7\u00e3o\",\"image\":{\"@type\":\"ImageObject\",\"inLanguage\":\"pt-BR\",\"@id\":\"https:\/\/secure.gravatar.com\/avatar\/e0a867bdedb85fd243eadf09663511f96fc81e0720a4a42581f334ad4303aa6b?s=96&d=mm&r=g\",\"url\":\"https:\/\/secure.gravatar.com\/avatar\/e0a867bdedb85fd243eadf09663511f96fc81e0720a4a42581f334ad4303aa6b?s=96&d=mm&r=g\",\"contentUrl\":\"https:\/\/secure.gravatar.com\/avatar\/e0a867bdedb85fd243eadf09663511f96fc81e0720a4a42581f334ad4303aa6b?s=96&d=mm&r=g\",\"caption\":\"Reda\u00e7\u00e3o\"}}]}<\/script>\n<!-- \/ Yoast SEO plugin. -->","yoast_head_json":{"title":"Um lobo solit\u00e1rio que canta para agradar - Notibras","robots":{"index":"index","follow":"follow","max-snippet":"max-snippet:-1","max-image-preview":"max-image-preview:large","max-video-preview":"max-video-preview:-1"},"canonical":"https:\/\/www.notibras.com\/site\/um-lobo-solitario-que-canta-para-agradar\/","og_locale":"pt_BR","og_type":"article","og_title":"Um lobo solit\u00e1rio que canta para agradar - Notibras","og_description":"Vir a Porto Alegre e n\u00e3o conhecer o Daniel Da Get\u00falio \u00e9 o mesmo que ir a Roma e n\u00e3o ver o Papa, tamanha \u00e9 a import\u00e2ncia desse \u00edcone da capital ga\u00facha e, em especial, do bairro Menino Deus. Tanto \u00e9 que, assim que vim para c\u00e1, cansei de passar por ele, mas sem nunca [&hellip;]","og_url":"https:\/\/www.notibras.com\/site\/um-lobo-solitario-que-canta-para-agradar\/","og_site_name":"Notibras","article_publisher":"https:\/\/www.facebook.com\/notibras\/","article_published_time":"2023-10-04T10:36:41+00:00","article_modified_time":"2023-10-04T10:48:11+00:00","og_image":[{"width":1600,"height":900,"url":"https:\/\/www.notibras.com\/site\/wp-content\/uploads\/2023\/10\/dududaniel.jpg","type":"image\/jpeg"}],"author":"Reda\u00e7\u00e3o","twitter_card":"summary_large_image","twitter_creator":"@Notibras","twitter_site":"@Notibras","twitter_misc":{"Escrito por":"Reda\u00e7\u00e3o","Est. tempo de leitura":"2 minutos"},"schema":{"@context":"https:\/\/schema.org","@graph":[{"@type":"Article","@id":"https:\/\/www.notibras.com\/site\/um-lobo-solitario-que-canta-para-agradar\/#article","isPartOf":{"@id":"https:\/\/www.notibras.com\/site\/um-lobo-solitario-que-canta-para-agradar\/"},"author":{"name":"Reda\u00e7\u00e3o","@id":"https:\/\/www.notibras.com\/site\/#\/schema\/person\/36ab0979449956132d3e5b517ea76ac8"},"headline":"Um lobo solit\u00e1rio que canta para agradar","datePublished":"2023-10-04T10:36:41+00:00","dateModified":"2023-10-04T10:48:11+00:00","mainEntityOfPage":{"@id":"https:\/\/www.notibras.com\/site\/um-lobo-solitario-que-canta-para-agradar\/"},"wordCount":362,"publisher":{"@id":"https:\/\/www.notibras.com\/site\/#organization"},"image":{"@id":"https:\/\/www.notibras.com\/site\/um-lobo-solitario-que-canta-para-agradar\/#primaryimage"},"thumbnailUrl":"https:\/\/www.notibras.com\/site\/wp-content\/uploads\/2023\/10\/dududaniel.jpg","articleSection":["Quadradinho em Foco"],"inLanguage":"pt-BR"},{"@type":"WebPage","@id":"https:\/\/www.notibras.com\/site\/um-lobo-solitario-que-canta-para-agradar\/","url":"https:\/\/www.notibras.com\/site\/um-lobo-solitario-que-canta-para-agradar\/","name":"Um lobo solit\u00e1rio que canta para agradar - Notibras","isPartOf":{"@id":"https:\/\/www.notibras.com\/site\/#website"},"primaryImageOfPage":{"@id":"https:\/\/www.notibras.com\/site\/um-lobo-solitario-que-canta-para-agradar\/#primaryimage"},"image":{"@id":"https:\/\/www.notibras.com\/site\/um-lobo-solitario-que-canta-para-agradar\/#primaryimage"},"thumbnailUrl":"https:\/\/www.notibras.com\/site\/wp-content\/uploads\/2023\/10\/dududaniel.jpg","datePublished":"2023-10-04T10:36:41+00:00","dateModified":"2023-10-04T10:48:11+00:00","breadcrumb":{"@id":"https:\/\/www.notibras.com\/site\/um-lobo-solitario-que-canta-para-agradar\/#breadcrumb"},"inLanguage":"pt-BR","potentialAction":[{"@type":"ReadAction","target":["https:\/\/www.notibras.com\/site\/um-lobo-solitario-que-canta-para-agradar\/"]}]},{"@type":"ImageObject","inLanguage":"pt-BR","@id":"https:\/\/www.notibras.com\/site\/um-lobo-solitario-que-canta-para-agradar\/#primaryimage","url":"https:\/\/www.notibras.com\/site\/wp-content\/uploads\/2023\/10\/dududaniel.jpg","contentUrl":"https:\/\/www.notibras.com\/site\/wp-content\/uploads\/2023\/10\/dududaniel.jpg","width":1600,"height":900},{"@type":"BreadcrumbList","@id":"https:\/\/www.notibras.com\/site\/um-lobo-solitario-que-canta-para-agradar\/#breadcrumb","itemListElement":[{"@type":"ListItem","position":1,"name":"In\u00edcio","item":"https:\/\/www.notibras.com\/site\/"},{"@type":"ListItem","position":2,"name":"Um lobo solit\u00e1rio que canta para agradar"}]},{"@type":"WebSite","@id":"https:\/\/www.notibras.com\/site\/#website","url":"https:\/\/www.notibras.com\/site\/","name":"Notibras","description":"Not\u00edcias de Bras\u00edlia, do Brasil e do Mundo","publisher":{"@id":"https:\/\/www.notibras.com\/site\/#organization"},"potentialAction":[{"@type":"SearchAction","target":{"@type":"EntryPoint","urlTemplate":"https:\/\/www.notibras.com\/site\/?s={search_term_string}"},"query-input":{"@type":"PropertyValueSpecification","valueRequired":true,"valueName":"search_term_string"}}],"inLanguage":"pt-BR"},{"@type":"Organization","@id":"https:\/\/www.notibras.com\/site\/#organization","name":"Grupo Notibras de Comunica\u00e7\u00e3o","url":"https:\/\/www.notibras.com\/site\/","logo":{"@type":"ImageObject","inLanguage":"pt-BR","@id":"https:\/\/www.notibras.com\/site\/#\/schema\/logo\/image\/","url":"https:\/\/www.notibras.com\/site\/wp-content\/uploads\/2023\/01\/notibras23.png","contentUrl":"https:\/\/www.notibras.com\/site\/wp-content\/uploads\/2023\/01\/notibras23.png","width":350,"height":87,"caption":"Grupo Notibras de Comunica\u00e7\u00e3o"},"image":{"@id":"https:\/\/www.notibras.com\/site\/#\/schema\/logo\/image\/"},"sameAs":["https:\/\/www.facebook.com\/notibras\/","https:\/\/x.com\/Notibras","https:\/\/www.instagram.com\/notibras\/"]},{"@type":"Person","@id":"https:\/\/www.notibras.com\/site\/#\/schema\/person\/36ab0979449956132d3e5b517ea76ac8","name":"Reda\u00e7\u00e3o","image":{"@type":"ImageObject","inLanguage":"pt-BR","@id":"https:\/\/secure.gravatar.com\/avatar\/e0a867bdedb85fd243eadf09663511f96fc81e0720a4a42581f334ad4303aa6b?s=96&d=mm&r=g","url":"https:\/\/secure.gravatar.com\/avatar\/e0a867bdedb85fd243eadf09663511f96fc81e0720a4a42581f334ad4303aa6b?s=96&d=mm&r=g","contentUrl":"https:\/\/secure.gravatar.com\/avatar\/e0a867bdedb85fd243eadf09663511f96fc81e0720a4a42581f334ad4303aa6b?s=96&d=mm&r=g","caption":"Reda\u00e7\u00e3o"}}]}},"amp_enabled":true,"_links":{"self":[{"href":"https:\/\/www.notibras.com\/site\/wp-json\/wp\/v2\/posts\/313999","targetHints":{"allow":["GET"]}}],"collection":[{"href":"https:\/\/www.notibras.com\/site\/wp-json\/wp\/v2\/posts"}],"about":[{"href":"https:\/\/www.notibras.com\/site\/wp-json\/wp\/v2\/types\/post"}],"author":[{"embeddable":true,"href":"https:\/\/www.notibras.com\/site\/wp-json\/wp\/v2\/users\/2"}],"replies":[{"embeddable":true,"href":"https:\/\/www.notibras.com\/site\/wp-json\/wp\/v2\/comments?post=313999"}],"version-history":[{"count":1,"href":"https:\/\/www.notibras.com\/site\/wp-json\/wp\/v2\/posts\/313999\/revisions"}],"predecessor-version":[{"id":314001,"href":"https:\/\/www.notibras.com\/site\/wp-json\/wp\/v2\/posts\/313999\/revisions\/314001"}],"wp:featuredmedia":[{"embeddable":true,"href":"https:\/\/www.notibras.com\/site\/wp-json\/wp\/v2\/media\/314000"}],"wp:attachment":[{"href":"https:\/\/www.notibras.com\/site\/wp-json\/wp\/v2\/media?parent=313999"}],"wp:term":[{"taxonomy":"category","embeddable":true,"href":"https:\/\/www.notibras.com\/site\/wp-json\/wp\/v2\/categories?post=313999"},{"taxonomy":"post_tag","embeddable":true,"href":"https:\/\/www.notibras.com\/site\/wp-json\/wp\/v2\/tags?post=313999"}],"curies":[{"name":"wp","href":"https:\/\/api.w.org\/{rel}","templated":true}]}}