{"id":314002,"date":"2023-10-04T07:30:20","date_gmt":"2023-10-04T10:30:20","guid":{"rendered":"https:\/\/www.notibras.com\/site\/?p=314002"},"modified":"2023-10-04T07:56:53","modified_gmt":"2023-10-04T10:56:53","slug":"incenso-que-perfumou-jesus-e-o-aroma-do-nosso-dia-a-dia","status":"publish","type":"post","link":"https:\/\/www.notibras.com\/site\/incenso-que-perfumou-jesus-e-o-aroma-do-nosso-dia-a-dia\/","title":{"rendered":"Incenso que perfumou Jesus \u00e9 o aroma do nosso dia-a-dia"},"content":{"rendered":"<p>Desnecess\u00e1rio dizer (embora j\u00e1 dizendo) que o enxadrista da foto acima sou eu, em flagrante registrado por Neusa, minha m\u00e3e. Repare dois detalhes: a cadeira de rodas, que parece ter vindo ao mundo como uma minha irm\u00e3 siamesa, e o incenso, junto \u00e0 minha m\u00e3o esquerda. Sobre o xadrez, nada a falar por ora. O assunto aqui \u00e9 incenso.<\/p>\n<p>Incenso, ali\u00e1s, que tem uma hist\u00f3ria milenar. Transporta-se \u00e0s mais antigas dinastias chinesas (desde os tempos neol\u00edticos, ou seja, h\u00e1 10 mil anos) e seu uso tornou-se mais difundido durante os imp\u00e9rios de Xia, Shang e Zhou. De l\u00e1 seguiu para a vizinha \u00cdndia.<\/p>\n<p>Da terra hindu, seu aroma foi levado sobre dunas africanas, soprado por um vento \u00e1rido, para perfumar as cortes dos fara\u00f3s do Egito. Logo depois, atravessou as \u00e1guas da Pen\u00ednsula do Sinai para se espalhar por todo Oriente M\u00e9dio.<\/p>\n<p>N\u00e3o \u00e9 por acaso que Baltazar, Melchior e Gaspar presentearam Maria com incenso, mirra e ouro. Como este mineral foge do alcance de pobres mortais como n\u00f3s, vou ater- me aqui ao palitinho que faz fuma\u00e7a quando aceso e perfumou a manjedoura onde se via deitado o menino Jesus.<\/p>\n<p>Como sabemos, existem incensos de v\u00e1rios aromas, a exemplo de b\u00e9guin, cravo, canela, rosas,\u00a0al\u00e9m da pr\u00f3pria mirra.<\/p>\n<p>Vamos a eles: de <strong>canela<\/strong>, bom para transa\u00e7\u00f5es comerciais, tamb\u00e9m \u00e9 antiss\u00e9ptico e curador. Deve ser usado nos quartos de doentes, pois tem fun\u00e7\u00f5es curativas; de <strong>lavanda<\/strong>, s\u00e3o perfeitos para momentos de agita\u00e7\u00e3o. A ess\u00eancia da planta naturalmente tem um efeito calmante, e pode ajudar a trazer tranquilidade e harmonia;<strong> alfazema<\/strong>, bom para crian\u00e7as e pessoas sens\u00edveis, traz paz de esp\u00edrito e tranquilidade, limpando o ambiente; de <strong>mirra<\/strong>, cria um bom ambiente para medita\u00e7\u00e3o, ora\u00e7\u00f5es e relaxamento; de alecrim: melhora a vista, auxilia na concentra\u00e7\u00e3o, d\u00e1 clareza de mente, coragem, seguran\u00e7a e prud\u00eancia. Tamb\u00e9m utilizado para limpeza de ambientes; <strong>arruda<\/strong>, protege contra o mau olhado e serve para limpeza de ambientes; <strong>camomila,<\/strong>\u00a0apazigua os \u00e2nimos e acalma o sistema nervoso; <strong>cravo<\/strong>, bom para pessoas que trabalham muito com a voz, como professores, cantores e locutores; <strong>eucalipto<\/strong>, possui faculdades curativas, ajuda em problemas respirat\u00f3rios; <strong>flor de campo<\/strong>, \u00f3timo para crian\u00e7as, traz paz e prote\u00e7\u00e3o espiritual; <strong>ma\u00e7\u00e3 verde<\/strong>, proporciona harmonia com os animais, bom para a sa\u00fade; <strong>rosa da \u00cdndia<\/strong>, para ambientes de trabalho em grupo. Queima os elementos de baixa vibra\u00e7\u00e3o; rosa branca, traz paz e harmonia, purifica\u00e7\u00e3o de ambientes.<\/p>\n<p>O incenso nos faz meditar. O que somos, o que queremos, o que podemos ter. Certeza mesmo, h\u00e1 uma: c\u00e9rebro todos temos, embora saibamos que nem todos sejam privilegiados.<\/p>\n<p>Observando a brasa na ponta do palito, e a fuma\u00e7a que se espalha pelo ambiente, misturando-se ao verde primaveril de minhas plantas, avalio que n\u00e3o \u00e9 qualquer um que planta a semente e colhe o trigo. Afagar a terra \u00e9 f\u00e1cil; dif\u00edcil \u00e9 a colheita que permitir\u00e1 produzir o delicioso p\u00e3o nosso de cada dia.<\/p>\n<p>Reflito mais. Foi-se o tempo do &#8220;coitadinho&#8221;, do &#8220;que peninha&#8221;. N\u00f3s, PcD &#8211; e eu me incluo nesse grupo de Portadores de Defici\u00eancia &#8211; n\u00e3o somos PNE (Portadores de Necessidades Especiais). Esse \u00e9 um segmento diferente da sociedade. \u00c9 o morador de rua, o que vive em comunidade com a geladeira vazia&#8230; esses sim, s\u00e3o portadores de necessidades, e que merecem tanta ou mais aten\u00e7\u00e3o do que n\u00f3s.<\/p>\n<p>Os PcD &#8211; sem querer aqui subestimar a for\u00e7a e a intelig\u00eancia dos PNE &#8211; t\u00eam c\u00e9rebro, mesmo que, eventualmente, surjam com curto-circuito no cerebelo. E sabemos, enquanto portadores de defici\u00eancia, que incenso n\u00e3o \u00e9 s\u00f3 aroma. \u00c9 preciso saber inalar, meditar e buscar o que se quer alcan\u00e7ar.<\/p>\n<p>O resto \u00e9 como fuma\u00e7a que, soprada por qualquer brisa, se perde numa esquina.<\/p>\n<p>Sou o Andr\u00e9, uma &#8216;verdadeira montanha&#8217; de for\u00e7a de vontade. <strong>Notibras<\/strong> abriu\u00a0este espa\u00e7o para pessoas como eu, como voc\u00ea. O espa\u00e7o \u00e9 nosso. Se desejar interagir, mande sugest\u00f5es, mande seus textos. Meu contato (WhatsApp) \u00e9 +55 61 98425-4895.<\/p>\n","protected":false},"excerpt":{"rendered":"<p>Desnecess\u00e1rio dizer (embora j\u00e1 dizendo) que o enxadrista da foto acima sou eu, em flagrante registrado por Neusa, minha m\u00e3e. Repare dois detalhes: a cadeira de rodas, que parece ter vindo ao mundo como uma minha irm\u00e3 siamesa, e o incenso, junto \u00e0 minha m\u00e3o esquerda. Sobre o xadrez, nada a falar por ora. O [&hellip;]<\/p>\n","protected":false},"author":2,"featured_media":314003,"comment_status":"closed","ping_status":"closed","sticky":false,"template":"","format":"standard","meta":{"_acf_changed":false,"footnotes":""},"categories":[161],"tags":[],"class_list":["post-314002","post","type-post","status-publish","format-standard","has-post-thumbnail","hentry","category-quadradinho-em-foco"],"acf":[],"yoast_head":"<!-- This site is optimized with the Yoast SEO plugin v27.2 - https:\/\/yoast.com\/product\/yoast-seo-wordpress\/ -->\n<title>Incenso que perfumou Jesus \u00e9 o aroma do nosso dia-a-dia - Notibras<\/title>\n<meta name=\"robots\" content=\"index, follow, max-snippet:-1, max-image-preview:large, max-video-preview:-1\" \/>\n<link rel=\"canonical\" href=\"https:\/\/www.notibras.com\/site\/incenso-que-perfumou-jesus-e-o-aroma-do-nosso-dia-a-dia\/\" \/>\n<meta property=\"og:locale\" content=\"pt_BR\" \/>\n<meta property=\"og:type\" content=\"article\" \/>\n<meta property=\"og:title\" content=\"Incenso que perfumou Jesus \u00e9 o aroma do nosso dia-a-dia - Notibras\" \/>\n<meta property=\"og:description\" content=\"Desnecess\u00e1rio dizer (embora j\u00e1 dizendo) que o enxadrista da foto acima sou eu, em flagrante registrado por Neusa, minha m\u00e3e. Repare dois detalhes: a cadeira de rodas, que parece ter vindo ao mundo como uma minha irm\u00e3 siamesa, e o incenso, junto \u00e0 minha m\u00e3o esquerda. Sobre o xadrez, nada a falar por ora. O [&hellip;]\" \/>\n<meta property=\"og:url\" content=\"https:\/\/www.notibras.com\/site\/incenso-que-perfumou-jesus-e-o-aroma-do-nosso-dia-a-dia\/\" \/>\n<meta property=\"og:site_name\" content=\"Notibras\" \/>\n<meta property=\"article:publisher\" content=\"https:\/\/www.facebook.com\/notibras\/\" \/>\n<meta property=\"article:published_time\" content=\"2023-10-04T10:30:20+00:00\" \/>\n<meta property=\"article:modified_time\" content=\"2023-10-04T10:56:53+00:00\" \/>\n<meta property=\"og:image\" content=\"https:\/\/www.notibras.com\/site\/wp-content\/uploads\/2023\/10\/7f99ecc8-3be2-4809-9c43-ae5cd90a08d7.jpg\" \/>\n\t<meta property=\"og:image:width\" content=\"1024\" \/>\n\t<meta property=\"og:image:height\" content=\"768\" \/>\n\t<meta property=\"og:image:type\" content=\"image\/jpeg\" \/>\n<meta name=\"author\" content=\"Reda\u00e7\u00e3o\" \/>\n<meta name=\"twitter:card\" content=\"summary_large_image\" \/>\n<meta name=\"twitter:creator\" content=\"@Notibras\" \/>\n<meta name=\"twitter:site\" content=\"@Notibras\" \/>\n<meta name=\"twitter:label1\" content=\"Escrito por\" \/>\n\t<meta name=\"twitter:data1\" content=\"Reda\u00e7\u00e3o\" \/>\n\t<meta name=\"twitter:label2\" content=\"Est. tempo de leitura\" \/>\n\t<meta name=\"twitter:data2\" content=\"4 minutos\" \/>\n<script type=\"application\/ld+json\" class=\"yoast-schema-graph\">{\"@context\":\"https:\/\/schema.org\",\"@graph\":[{\"@type\":\"Article\",\"@id\":\"https:\/\/www.notibras.com\/site\/incenso-que-perfumou-jesus-e-o-aroma-do-nosso-dia-a-dia\/#article\",\"isPartOf\":{\"@id\":\"https:\/\/www.notibras.com\/site\/incenso-que-perfumou-jesus-e-o-aroma-do-nosso-dia-a-dia\/\"},\"author\":{\"name\":\"Reda\u00e7\u00e3o\",\"@id\":\"https:\/\/www.notibras.com\/site\/#\/schema\/person\/36ab0979449956132d3e5b517ea76ac8\"},\"headline\":\"Incenso que perfumou Jesus \u00e9 o aroma do nosso dia-a-dia\",\"datePublished\":\"2023-10-04T10:30:20+00:00\",\"dateModified\":\"2023-10-04T10:56:53+00:00\",\"mainEntityOfPage\":{\"@id\":\"https:\/\/www.notibras.com\/site\/incenso-que-perfumou-jesus-e-o-aroma-do-nosso-dia-a-dia\/\"},\"wordCount\":707,\"publisher\":{\"@id\":\"https:\/\/www.notibras.com\/site\/#organization\"},\"image\":{\"@id\":\"https:\/\/www.notibras.com\/site\/incenso-que-perfumou-jesus-e-o-aroma-do-nosso-dia-a-dia\/#primaryimage\"},\"thumbnailUrl\":\"https:\/\/www.notibras.com\/site\/wp-content\/uploads\/2023\/10\/7f99ecc8-3be2-4809-9c43-ae5cd90a08d7.jpg\",\"articleSection\":[\"Quadradinho em Foco\"],\"inLanguage\":\"pt-BR\"},{\"@type\":\"WebPage\",\"@id\":\"https:\/\/www.notibras.com\/site\/incenso-que-perfumou-jesus-e-o-aroma-do-nosso-dia-a-dia\/\",\"url\":\"https:\/\/www.notibras.com\/site\/incenso-que-perfumou-jesus-e-o-aroma-do-nosso-dia-a-dia\/\",\"name\":\"Incenso que perfumou Jesus \u00e9 o aroma do nosso dia-a-dia - Notibras\",\"isPartOf\":{\"@id\":\"https:\/\/www.notibras.com\/site\/#website\"},\"primaryImageOfPage\":{\"@id\":\"https:\/\/www.notibras.com\/site\/incenso-que-perfumou-jesus-e-o-aroma-do-nosso-dia-a-dia\/#primaryimage\"},\"image\":{\"@id\":\"https:\/\/www.notibras.com\/site\/incenso-que-perfumou-jesus-e-o-aroma-do-nosso-dia-a-dia\/#primaryimage\"},\"thumbnailUrl\":\"https:\/\/www.notibras.com\/site\/wp-content\/uploads\/2023\/10\/7f99ecc8-3be2-4809-9c43-ae5cd90a08d7.jpg\",\"datePublished\":\"2023-10-04T10:30:20+00:00\",\"dateModified\":\"2023-10-04T10:56:53+00:00\",\"breadcrumb\":{\"@id\":\"https:\/\/www.notibras.com\/site\/incenso-que-perfumou-jesus-e-o-aroma-do-nosso-dia-a-dia\/#breadcrumb\"},\"inLanguage\":\"pt-BR\",\"potentialAction\":[{\"@type\":\"ReadAction\",\"target\":[\"https:\/\/www.notibras.com\/site\/incenso-que-perfumou-jesus-e-o-aroma-do-nosso-dia-a-dia\/\"]}]},{\"@type\":\"ImageObject\",\"inLanguage\":\"pt-BR\",\"@id\":\"https:\/\/www.notibras.com\/site\/incenso-que-perfumou-jesus-e-o-aroma-do-nosso-dia-a-dia\/#primaryimage\",\"url\":\"https:\/\/www.notibras.com\/site\/wp-content\/uploads\/2023\/10\/7f99ecc8-3be2-4809-9c43-ae5cd90a08d7.jpg\",\"contentUrl\":\"https:\/\/www.notibras.com\/site\/wp-content\/uploads\/2023\/10\/7f99ecc8-3be2-4809-9c43-ae5cd90a08d7.jpg\",\"width\":1024,\"height\":768},{\"@type\":\"BreadcrumbList\",\"@id\":\"https:\/\/www.notibras.com\/site\/incenso-que-perfumou-jesus-e-o-aroma-do-nosso-dia-a-dia\/#breadcrumb\",\"itemListElement\":[{\"@type\":\"ListItem\",\"position\":1,\"name\":\"In\u00edcio\",\"item\":\"https:\/\/www.notibras.com\/site\/\"},{\"@type\":\"ListItem\",\"position\":2,\"name\":\"Incenso que perfumou Jesus \u00e9 o aroma do nosso dia-a-dia\"}]},{\"@type\":\"WebSite\",\"@id\":\"https:\/\/www.notibras.com\/site\/#website\",\"url\":\"https:\/\/www.notibras.com\/site\/\",\"name\":\"Notibras\",\"description\":\"Not\u00edcias de Bras\u00edlia, do Brasil e do Mundo\",\"publisher\":{\"@id\":\"https:\/\/www.notibras.com\/site\/#organization\"},\"potentialAction\":[{\"@type\":\"SearchAction\",\"target\":{\"@type\":\"EntryPoint\",\"urlTemplate\":\"https:\/\/www.notibras.com\/site\/?s={search_term_string}\"},\"query-input\":{\"@type\":\"PropertyValueSpecification\",\"valueRequired\":true,\"valueName\":\"search_term_string\"}}],\"inLanguage\":\"pt-BR\"},{\"@type\":\"Organization\",\"@id\":\"https:\/\/www.notibras.com\/site\/#organization\",\"name\":\"Grupo Notibras de Comunica\u00e7\u00e3o\",\"url\":\"https:\/\/www.notibras.com\/site\/\",\"logo\":{\"@type\":\"ImageObject\",\"inLanguage\":\"pt-BR\",\"@id\":\"https:\/\/www.notibras.com\/site\/#\/schema\/logo\/image\/\",\"url\":\"https:\/\/www.notibras.com\/site\/wp-content\/uploads\/2023\/01\/notibras23.png\",\"contentUrl\":\"https:\/\/www.notibras.com\/site\/wp-content\/uploads\/2023\/01\/notibras23.png\",\"width\":350,\"height\":87,\"caption\":\"Grupo Notibras de Comunica\u00e7\u00e3o\"},\"image\":{\"@id\":\"https:\/\/www.notibras.com\/site\/#\/schema\/logo\/image\/\"},\"sameAs\":[\"https:\/\/www.facebook.com\/notibras\/\",\"https:\/\/x.com\/Notibras\",\"https:\/\/www.instagram.com\/notibras\/\"]},{\"@type\":\"Person\",\"@id\":\"https:\/\/www.notibras.com\/site\/#\/schema\/person\/36ab0979449956132d3e5b517ea76ac8\",\"name\":\"Reda\u00e7\u00e3o\",\"image\":{\"@type\":\"ImageObject\",\"inLanguage\":\"pt-BR\",\"@id\":\"https:\/\/secure.gravatar.com\/avatar\/e0a867bdedb85fd243eadf09663511f96fc81e0720a4a42581f334ad4303aa6b?s=96&d=mm&r=g\",\"url\":\"https:\/\/secure.gravatar.com\/avatar\/e0a867bdedb85fd243eadf09663511f96fc81e0720a4a42581f334ad4303aa6b?s=96&d=mm&r=g\",\"contentUrl\":\"https:\/\/secure.gravatar.com\/avatar\/e0a867bdedb85fd243eadf09663511f96fc81e0720a4a42581f334ad4303aa6b?s=96&d=mm&r=g\",\"caption\":\"Reda\u00e7\u00e3o\"}}]}<\/script>\n<!-- \/ Yoast SEO plugin. -->","yoast_head_json":{"title":"Incenso que perfumou Jesus \u00e9 o aroma do nosso dia-a-dia - Notibras","robots":{"index":"index","follow":"follow","max-snippet":"max-snippet:-1","max-image-preview":"max-image-preview:large","max-video-preview":"max-video-preview:-1"},"canonical":"https:\/\/www.notibras.com\/site\/incenso-que-perfumou-jesus-e-o-aroma-do-nosso-dia-a-dia\/","og_locale":"pt_BR","og_type":"article","og_title":"Incenso que perfumou Jesus \u00e9 o aroma do nosso dia-a-dia - Notibras","og_description":"Desnecess\u00e1rio dizer (embora j\u00e1 dizendo) que o enxadrista da foto acima sou eu, em flagrante registrado por Neusa, minha m\u00e3e. Repare dois detalhes: a cadeira de rodas, que parece ter vindo ao mundo como uma minha irm\u00e3 siamesa, e o incenso, junto \u00e0 minha m\u00e3o esquerda. Sobre o xadrez, nada a falar por ora. O [&hellip;]","og_url":"https:\/\/www.notibras.com\/site\/incenso-que-perfumou-jesus-e-o-aroma-do-nosso-dia-a-dia\/","og_site_name":"Notibras","article_publisher":"https:\/\/www.facebook.com\/notibras\/","article_published_time":"2023-10-04T10:30:20+00:00","article_modified_time":"2023-10-04T10:56:53+00:00","og_image":[{"width":1024,"height":768,"url":"https:\/\/www.notibras.com\/site\/wp-content\/uploads\/2023\/10\/7f99ecc8-3be2-4809-9c43-ae5cd90a08d7.jpg","type":"image\/jpeg"}],"author":"Reda\u00e7\u00e3o","twitter_card":"summary_large_image","twitter_creator":"@Notibras","twitter_site":"@Notibras","twitter_misc":{"Escrito por":"Reda\u00e7\u00e3o","Est. tempo de leitura":"4 minutos"},"schema":{"@context":"https:\/\/schema.org","@graph":[{"@type":"Article","@id":"https:\/\/www.notibras.com\/site\/incenso-que-perfumou-jesus-e-o-aroma-do-nosso-dia-a-dia\/#article","isPartOf":{"@id":"https:\/\/www.notibras.com\/site\/incenso-que-perfumou-jesus-e-o-aroma-do-nosso-dia-a-dia\/"},"author":{"name":"Reda\u00e7\u00e3o","@id":"https:\/\/www.notibras.com\/site\/#\/schema\/person\/36ab0979449956132d3e5b517ea76ac8"},"headline":"Incenso que perfumou Jesus \u00e9 o aroma do nosso dia-a-dia","datePublished":"2023-10-04T10:30:20+00:00","dateModified":"2023-10-04T10:56:53+00:00","mainEntityOfPage":{"@id":"https:\/\/www.notibras.com\/site\/incenso-que-perfumou-jesus-e-o-aroma-do-nosso-dia-a-dia\/"},"wordCount":707,"publisher":{"@id":"https:\/\/www.notibras.com\/site\/#organization"},"image":{"@id":"https:\/\/www.notibras.com\/site\/incenso-que-perfumou-jesus-e-o-aroma-do-nosso-dia-a-dia\/#primaryimage"},"thumbnailUrl":"https:\/\/www.notibras.com\/site\/wp-content\/uploads\/2023\/10\/7f99ecc8-3be2-4809-9c43-ae5cd90a08d7.jpg","articleSection":["Quadradinho em Foco"],"inLanguage":"pt-BR"},{"@type":"WebPage","@id":"https:\/\/www.notibras.com\/site\/incenso-que-perfumou-jesus-e-o-aroma-do-nosso-dia-a-dia\/","url":"https:\/\/www.notibras.com\/site\/incenso-que-perfumou-jesus-e-o-aroma-do-nosso-dia-a-dia\/","name":"Incenso que perfumou Jesus \u00e9 o aroma do nosso dia-a-dia - Notibras","isPartOf":{"@id":"https:\/\/www.notibras.com\/site\/#website"},"primaryImageOfPage":{"@id":"https:\/\/www.notibras.com\/site\/incenso-que-perfumou-jesus-e-o-aroma-do-nosso-dia-a-dia\/#primaryimage"},"image":{"@id":"https:\/\/www.notibras.com\/site\/incenso-que-perfumou-jesus-e-o-aroma-do-nosso-dia-a-dia\/#primaryimage"},"thumbnailUrl":"https:\/\/www.notibras.com\/site\/wp-content\/uploads\/2023\/10\/7f99ecc8-3be2-4809-9c43-ae5cd90a08d7.jpg","datePublished":"2023-10-04T10:30:20+00:00","dateModified":"2023-10-04T10:56:53+00:00","breadcrumb":{"@id":"https:\/\/www.notibras.com\/site\/incenso-que-perfumou-jesus-e-o-aroma-do-nosso-dia-a-dia\/#breadcrumb"},"inLanguage":"pt-BR","potentialAction":[{"@type":"ReadAction","target":["https:\/\/www.notibras.com\/site\/incenso-que-perfumou-jesus-e-o-aroma-do-nosso-dia-a-dia\/"]}]},{"@type":"ImageObject","inLanguage":"pt-BR","@id":"https:\/\/www.notibras.com\/site\/incenso-que-perfumou-jesus-e-o-aroma-do-nosso-dia-a-dia\/#primaryimage","url":"https:\/\/www.notibras.com\/site\/wp-content\/uploads\/2023\/10\/7f99ecc8-3be2-4809-9c43-ae5cd90a08d7.jpg","contentUrl":"https:\/\/www.notibras.com\/site\/wp-content\/uploads\/2023\/10\/7f99ecc8-3be2-4809-9c43-ae5cd90a08d7.jpg","width":1024,"height":768},{"@type":"BreadcrumbList","@id":"https:\/\/www.notibras.com\/site\/incenso-que-perfumou-jesus-e-o-aroma-do-nosso-dia-a-dia\/#breadcrumb","itemListElement":[{"@type":"ListItem","position":1,"name":"In\u00edcio","item":"https:\/\/www.notibras.com\/site\/"},{"@type":"ListItem","position":2,"name":"Incenso que perfumou Jesus \u00e9 o aroma do nosso dia-a-dia"}]},{"@type":"WebSite","@id":"https:\/\/www.notibras.com\/site\/#website","url":"https:\/\/www.notibras.com\/site\/","name":"Notibras","description":"Not\u00edcias de Bras\u00edlia, do Brasil e do Mundo","publisher":{"@id":"https:\/\/www.notibras.com\/site\/#organization"},"potentialAction":[{"@type":"SearchAction","target":{"@type":"EntryPoint","urlTemplate":"https:\/\/www.notibras.com\/site\/?s={search_term_string}"},"query-input":{"@type":"PropertyValueSpecification","valueRequired":true,"valueName":"search_term_string"}}],"inLanguage":"pt-BR"},{"@type":"Organization","@id":"https:\/\/www.notibras.com\/site\/#organization","name":"Grupo Notibras de Comunica\u00e7\u00e3o","url":"https:\/\/www.notibras.com\/site\/","logo":{"@type":"ImageObject","inLanguage":"pt-BR","@id":"https:\/\/www.notibras.com\/site\/#\/schema\/logo\/image\/","url":"https:\/\/www.notibras.com\/site\/wp-content\/uploads\/2023\/01\/notibras23.png","contentUrl":"https:\/\/www.notibras.com\/site\/wp-content\/uploads\/2023\/01\/notibras23.png","width":350,"height":87,"caption":"Grupo Notibras de Comunica\u00e7\u00e3o"},"image":{"@id":"https:\/\/www.notibras.com\/site\/#\/schema\/logo\/image\/"},"sameAs":["https:\/\/www.facebook.com\/notibras\/","https:\/\/x.com\/Notibras","https:\/\/www.instagram.com\/notibras\/"]},{"@type":"Person","@id":"https:\/\/www.notibras.com\/site\/#\/schema\/person\/36ab0979449956132d3e5b517ea76ac8","name":"Reda\u00e7\u00e3o","image":{"@type":"ImageObject","inLanguage":"pt-BR","@id":"https:\/\/secure.gravatar.com\/avatar\/e0a867bdedb85fd243eadf09663511f96fc81e0720a4a42581f334ad4303aa6b?s=96&d=mm&r=g","url":"https:\/\/secure.gravatar.com\/avatar\/e0a867bdedb85fd243eadf09663511f96fc81e0720a4a42581f334ad4303aa6b?s=96&d=mm&r=g","contentUrl":"https:\/\/secure.gravatar.com\/avatar\/e0a867bdedb85fd243eadf09663511f96fc81e0720a4a42581f334ad4303aa6b?s=96&d=mm&r=g","caption":"Reda\u00e7\u00e3o"}}]}},"amp_enabled":true,"_links":{"self":[{"href":"https:\/\/www.notibras.com\/site\/wp-json\/wp\/v2\/posts\/314002","targetHints":{"allow":["GET"]}}],"collection":[{"href":"https:\/\/www.notibras.com\/site\/wp-json\/wp\/v2\/posts"}],"about":[{"href":"https:\/\/www.notibras.com\/site\/wp-json\/wp\/v2\/types\/post"}],"author":[{"embeddable":true,"href":"https:\/\/www.notibras.com\/site\/wp-json\/wp\/v2\/users\/2"}],"replies":[{"embeddable":true,"href":"https:\/\/www.notibras.com\/site\/wp-json\/wp\/v2\/comments?post=314002"}],"version-history":[{"count":1,"href":"https:\/\/www.notibras.com\/site\/wp-json\/wp\/v2\/posts\/314002\/revisions"}],"predecessor-version":[{"id":314004,"href":"https:\/\/www.notibras.com\/site\/wp-json\/wp\/v2\/posts\/314002\/revisions\/314004"}],"wp:featuredmedia":[{"embeddable":true,"href":"https:\/\/www.notibras.com\/site\/wp-json\/wp\/v2\/media\/314003"}],"wp:attachment":[{"href":"https:\/\/www.notibras.com\/site\/wp-json\/wp\/v2\/media?parent=314002"}],"wp:term":[{"taxonomy":"category","embeddable":true,"href":"https:\/\/www.notibras.com\/site\/wp-json\/wp\/v2\/categories?post=314002"},{"taxonomy":"post_tag","embeddable":true,"href":"https:\/\/www.notibras.com\/site\/wp-json\/wp\/v2\/tags?post=314002"}],"curies":[{"name":"wp","href":"https:\/\/api.w.org\/{rel}","templated":true}]}}