{"id":314021,"date":"2023-10-04T05:16:27","date_gmt":"2023-10-04T08:16:27","guid":{"rendered":"https:\/\/www.notibras.com\/site\/?p=314021"},"modified":"2023-10-04T09:18:37","modified_gmt":"2023-10-04T12:18:37","slug":"brinquedos-mostram-variacao-de-preco-de-ate-251","status":"publish","type":"post","link":"https:\/\/www.notibras.com\/site\/brinquedos-mostram-variacao-de-preco-de-ate-251\/","title":{"rendered":"Brinquedos mostram varia\u00e7\u00e3o de pre\u00e7o de at\u00e9 251%"},"content":{"rendered":"<p>Levantamento de pre\u00e7os feito pelo Procon em lojas virtuais, com foco no Dia das Crian\u00e7as, constatou varia\u00e7\u00e3o de at\u00e9 251% nos valores de 100 brinquedos. A pesquisa foi feita de 25 de setembro a 2 de outubro em diferentes sites direcionados \u00e0s crian\u00e7as, que v\u00eam sendo fiscalizados pela autarquia. Tr\u00eas deles foram notificados por apresentar irregularidades na informa\u00e7\u00e3o do pre\u00e7o que, segundo o Procon, podem induzir o consumidor ao erro.<\/p>\n<p>Os sites notificados ap\u00f3s a fiscaliza\u00e7\u00e3o ter\u00e3o 48 horas para fazer a adequa\u00e7\u00e3o. O levantamento feito em lojas que tinham mais de um fornecedor do produto pesquisado considerou na pesquisa o menor valor. Os pre\u00e7os informados podem variar conforme a data.<\/p>\n<p>De acordo com o levantamento, as varia\u00e7\u00f5es mais significativas nos valores dos brinquedos foram de 251% em um jogo e 235% em um quebra-cabe\u00e7a. A menor varia\u00e7\u00e3o foi encontrada em um lan\u00e7ador com acess\u00f3rios, que variou 12% em lojas diferentes.<\/p>\n<p><strong>Recomenda\u00e7\u00f5es<\/strong><br \/>\nConsiderando que o Dia das Crian\u00e7as movimentar\u00e1 o com\u00e9rcio eletr\u00f4nico e tamb\u00e9m lojas f\u00edsicas, o Procon d\u00e1 algumas dicas para os consumidores. Uma sugest\u00e3o importante \u00e9 pesquisar, porque produtos id\u00eanticos podem apresentar grandes varia\u00e7\u00f5es nas lojas. Se for fazer compra de forma virtual, fique atento ao prazo de entrega e \u00e0s especifica\u00e7\u00f5es do produto. \u00c9 preciso tamb\u00e9m verificar a classifica\u00e7\u00e3o et\u00e1ria do brinquedo, que dever\u00e1 ser adequada \u00e0 idade da crian\u00e7a.<\/p>\n<p>O consumidor deve verificar se o brinquedo adquirido tem o selo do Instituto Nacional de Metrologia, Qualidade e Tecnologia (Inmetro). Isso garantir\u00e1 que o produto passou por testes antes de ser liberado para comercializa\u00e7\u00e3o. Outras dicas s\u00e3o observar o r\u00f3tulo e certificar-se de que n\u00e3o h\u00e1 agentes que possam causar intoxica\u00e7\u00f5es ou alergias \u00e0 crian\u00e7a.<\/p>\n<p>Uma sugest\u00e3o \u00e9 n\u00e3o digite dados pessoais e n\u00e3o envie fotos por meio de links, aplicativos de mensagens, e-mails ou sites desconhecidos. Veja com outros consumidores a credibilidade do site em que far\u00e1 a compra e, tamb\u00e9m, busque sites espec\u00edficos para isso, como o consumidor.gov.br, recomenda a autarquia. \u00c9 preciso estar atento \u00e0 pol\u00edtica de troca de cada loja, pois ela n\u00e3o \u00e9 obrigat\u00f3ria.<\/p>\n<p>O arrependimento \u00e9 um direito do consumidor e poder\u00e1 ser exercido para compras realizadas pela internet, por telefone e at\u00e9 mesmo por cat\u00e1logos. Nesse caso, o consumidor ter\u00e1 sete dias para desistir da compra, por qualquer motivo, e dever\u00e1 ser restitu\u00eddo do valor pago, inclusive do frete. A autarquia orienta ainda que o consumidor deve sempre pedir a nota fiscal, n\u00e3o importa a modalidade da compra.<\/p>\n","protected":false},"excerpt":{"rendered":"<p>Levantamento de pre\u00e7os feito pelo Procon em lojas virtuais, com foco no Dia das Crian\u00e7as, constatou varia\u00e7\u00e3o de at\u00e9 251% nos valores de 100 brinquedos. A pesquisa foi feita de 25 de setembro a 2 de outubro em diferentes sites direcionados \u00e0s crian\u00e7as, que v\u00eam sendo fiscalizados pela autarquia. Tr\u00eas deles foram notificados por apresentar [&hellip;]<\/p>\n","protected":false},"author":2,"featured_media":314022,"comment_status":"closed","ping_status":"closed","sticky":false,"template":"","format":"standard","meta":{"_acf_changed":false,"footnotes":""},"categories":[161],"tags":[],"class_list":["post-314021","post","type-post","status-publish","format-standard","has-post-thumbnail","hentry","category-quadradinho-em-foco"],"acf":[],"yoast_head":"<!-- This site is optimized with the Yoast SEO plugin v27.2 - https:\/\/yoast.com\/product\/yoast-seo-wordpress\/ -->\n<title>Brinquedos mostram varia\u00e7\u00e3o de pre\u00e7o de at\u00e9 251% - Notibras<\/title>\n<meta name=\"robots\" content=\"index, follow, max-snippet:-1, max-image-preview:large, max-video-preview:-1\" \/>\n<link rel=\"canonical\" href=\"https:\/\/www.notibras.com\/site\/brinquedos-mostram-variacao-de-preco-de-ate-251\/\" \/>\n<meta property=\"og:locale\" content=\"pt_BR\" \/>\n<meta property=\"og:type\" content=\"article\" \/>\n<meta property=\"og:title\" content=\"Brinquedos mostram varia\u00e7\u00e3o de pre\u00e7o de at\u00e9 251% - Notibras\" \/>\n<meta property=\"og:description\" content=\"Levantamento de pre\u00e7os feito pelo Procon em lojas virtuais, com foco no Dia das Crian\u00e7as, constatou varia\u00e7\u00e3o de at\u00e9 251% nos valores de 100 brinquedos. A pesquisa foi feita de 25 de setembro a 2 de outubro em diferentes sites direcionados \u00e0s crian\u00e7as, que v\u00eam sendo fiscalizados pela autarquia. Tr\u00eas deles foram notificados por apresentar [&hellip;]\" \/>\n<meta property=\"og:url\" content=\"https:\/\/www.notibras.com\/site\/brinquedos-mostram-variacao-de-preco-de-ate-251\/\" \/>\n<meta property=\"og:site_name\" content=\"Notibras\" \/>\n<meta property=\"article:publisher\" content=\"https:\/\/www.facebook.com\/notibras\/\" \/>\n<meta property=\"article:published_time\" content=\"2023-10-04T08:16:27+00:00\" \/>\n<meta property=\"article:modified_time\" content=\"2023-10-04T12:18:37+00:00\" \/>\n<meta property=\"og:image\" content=\"https:\/\/www.notibras.com\/site\/wp-content\/uploads\/2023\/10\/08102015-_dsc4471.jpg\" \/>\n\t<meta property=\"og:image:width\" content=\"1170\" \/>\n\t<meta property=\"og:image:height\" content=\"700\" \/>\n\t<meta property=\"og:image:type\" content=\"image\/jpeg\" \/>\n<meta name=\"author\" content=\"Reda\u00e7\u00e3o\" \/>\n<meta name=\"twitter:card\" content=\"summary_large_image\" \/>\n<meta name=\"twitter:creator\" content=\"@Notibras\" \/>\n<meta name=\"twitter:site\" content=\"@Notibras\" \/>\n<meta name=\"twitter:label1\" content=\"Escrito por\" \/>\n\t<meta name=\"twitter:data1\" content=\"Reda\u00e7\u00e3o\" \/>\n\t<meta name=\"twitter:label2\" content=\"Est. tempo de leitura\" \/>\n\t<meta name=\"twitter:data2\" content=\"3 minutos\" \/>\n<script type=\"application\/ld+json\" class=\"yoast-schema-graph\">{\"@context\":\"https:\/\/schema.org\",\"@graph\":[{\"@type\":\"Article\",\"@id\":\"https:\/\/www.notibras.com\/site\/brinquedos-mostram-variacao-de-preco-de-ate-251\/#article\",\"isPartOf\":{\"@id\":\"https:\/\/www.notibras.com\/site\/brinquedos-mostram-variacao-de-preco-de-ate-251\/\"},\"author\":{\"name\":\"Reda\u00e7\u00e3o\",\"@id\":\"https:\/\/www.notibras.com\/site\/#\/schema\/person\/36ab0979449956132d3e5b517ea76ac8\"},\"headline\":\"Brinquedos mostram varia\u00e7\u00e3o de pre\u00e7o de at\u00e9 251%\",\"datePublished\":\"2023-10-04T08:16:27+00:00\",\"dateModified\":\"2023-10-04T12:18:37+00:00\",\"mainEntityOfPage\":{\"@id\":\"https:\/\/www.notibras.com\/site\/brinquedos-mostram-variacao-de-preco-de-ate-251\/\"},\"wordCount\":451,\"publisher\":{\"@id\":\"https:\/\/www.notibras.com\/site\/#organization\"},\"image\":{\"@id\":\"https:\/\/www.notibras.com\/site\/brinquedos-mostram-variacao-de-preco-de-ate-251\/#primaryimage\"},\"thumbnailUrl\":\"https:\/\/www.notibras.com\/site\/wp-content\/uploads\/2023\/10\/08102015-_dsc4471.jpg\",\"articleSection\":[\"Quadradinho em Foco\"],\"inLanguage\":\"pt-BR\"},{\"@type\":\"WebPage\",\"@id\":\"https:\/\/www.notibras.com\/site\/brinquedos-mostram-variacao-de-preco-de-ate-251\/\",\"url\":\"https:\/\/www.notibras.com\/site\/brinquedos-mostram-variacao-de-preco-de-ate-251\/\",\"name\":\"Brinquedos mostram varia\u00e7\u00e3o de pre\u00e7o de at\u00e9 251% - Notibras\",\"isPartOf\":{\"@id\":\"https:\/\/www.notibras.com\/site\/#website\"},\"primaryImageOfPage\":{\"@id\":\"https:\/\/www.notibras.com\/site\/brinquedos-mostram-variacao-de-preco-de-ate-251\/#primaryimage\"},\"image\":{\"@id\":\"https:\/\/www.notibras.com\/site\/brinquedos-mostram-variacao-de-preco-de-ate-251\/#primaryimage\"},\"thumbnailUrl\":\"https:\/\/www.notibras.com\/site\/wp-content\/uploads\/2023\/10\/08102015-_dsc4471.jpg\",\"datePublished\":\"2023-10-04T08:16:27+00:00\",\"dateModified\":\"2023-10-04T12:18:37+00:00\",\"breadcrumb\":{\"@id\":\"https:\/\/www.notibras.com\/site\/brinquedos-mostram-variacao-de-preco-de-ate-251\/#breadcrumb\"},\"inLanguage\":\"pt-BR\",\"potentialAction\":[{\"@type\":\"ReadAction\",\"target\":[\"https:\/\/www.notibras.com\/site\/brinquedos-mostram-variacao-de-preco-de-ate-251\/\"]}]},{\"@type\":\"ImageObject\",\"inLanguage\":\"pt-BR\",\"@id\":\"https:\/\/www.notibras.com\/site\/brinquedos-mostram-variacao-de-preco-de-ate-251\/#primaryimage\",\"url\":\"https:\/\/www.notibras.com\/site\/wp-content\/uploads\/2023\/10\/08102015-_dsc4471.jpg\",\"contentUrl\":\"https:\/\/www.notibras.com\/site\/wp-content\/uploads\/2023\/10\/08102015-_dsc4471.jpg\",\"width\":1170,\"height\":700,\"caption\":\"Rio de Janeiro - A dona de casa Maria das Gra\u00e7as Benedito, 67 anos, compra presentes para o Dia das Crian\u00e7as no com\u00e9rcio da Sociedade de Amigos da Rua da Alf\u00e2ndega e Adjac\u00eancias (Saara), o maior centro comercial popular do Rio de Janeiro.\"},{\"@type\":\"BreadcrumbList\",\"@id\":\"https:\/\/www.notibras.com\/site\/brinquedos-mostram-variacao-de-preco-de-ate-251\/#breadcrumb\",\"itemListElement\":[{\"@type\":\"ListItem\",\"position\":1,\"name\":\"In\u00edcio\",\"item\":\"https:\/\/www.notibras.com\/site\/\"},{\"@type\":\"ListItem\",\"position\":2,\"name\":\"Brinquedos mostram varia\u00e7\u00e3o de pre\u00e7o de at\u00e9 251%\"}]},{\"@type\":\"WebSite\",\"@id\":\"https:\/\/www.notibras.com\/site\/#website\",\"url\":\"https:\/\/www.notibras.com\/site\/\",\"name\":\"Notibras\",\"description\":\"Not\u00edcias de Bras\u00edlia, do Brasil e do Mundo\",\"publisher\":{\"@id\":\"https:\/\/www.notibras.com\/site\/#organization\"},\"potentialAction\":[{\"@type\":\"SearchAction\",\"target\":{\"@type\":\"EntryPoint\",\"urlTemplate\":\"https:\/\/www.notibras.com\/site\/?s={search_term_string}\"},\"query-input\":{\"@type\":\"PropertyValueSpecification\",\"valueRequired\":true,\"valueName\":\"search_term_string\"}}],\"inLanguage\":\"pt-BR\"},{\"@type\":\"Organization\",\"@id\":\"https:\/\/www.notibras.com\/site\/#organization\",\"name\":\"Grupo Notibras de Comunica\u00e7\u00e3o\",\"url\":\"https:\/\/www.notibras.com\/site\/\",\"logo\":{\"@type\":\"ImageObject\",\"inLanguage\":\"pt-BR\",\"@id\":\"https:\/\/www.notibras.com\/site\/#\/schema\/logo\/image\/\",\"url\":\"https:\/\/www.notibras.com\/site\/wp-content\/uploads\/2023\/01\/notibras23.png\",\"contentUrl\":\"https:\/\/www.notibras.com\/site\/wp-content\/uploads\/2023\/01\/notibras23.png\",\"width\":350,\"height\":87,\"caption\":\"Grupo Notibras de Comunica\u00e7\u00e3o\"},\"image\":{\"@id\":\"https:\/\/www.notibras.com\/site\/#\/schema\/logo\/image\/\"},\"sameAs\":[\"https:\/\/www.facebook.com\/notibras\/\",\"https:\/\/x.com\/Notibras\",\"https:\/\/www.instagram.com\/notibras\/\"]},{\"@type\":\"Person\",\"@id\":\"https:\/\/www.notibras.com\/site\/#\/schema\/person\/36ab0979449956132d3e5b517ea76ac8\",\"name\":\"Reda\u00e7\u00e3o\",\"image\":{\"@type\":\"ImageObject\",\"inLanguage\":\"pt-BR\",\"@id\":\"https:\/\/secure.gravatar.com\/avatar\/e0a867bdedb85fd243eadf09663511f96fc81e0720a4a42581f334ad4303aa6b?s=96&d=mm&r=g\",\"url\":\"https:\/\/secure.gravatar.com\/avatar\/e0a867bdedb85fd243eadf09663511f96fc81e0720a4a42581f334ad4303aa6b?s=96&d=mm&r=g\",\"contentUrl\":\"https:\/\/secure.gravatar.com\/avatar\/e0a867bdedb85fd243eadf09663511f96fc81e0720a4a42581f334ad4303aa6b?s=96&d=mm&r=g\",\"caption\":\"Reda\u00e7\u00e3o\"}}]}<\/script>\n<!-- \/ Yoast SEO plugin. -->","yoast_head_json":{"title":"Brinquedos mostram varia\u00e7\u00e3o de pre\u00e7o de at\u00e9 251% - Notibras","robots":{"index":"index","follow":"follow","max-snippet":"max-snippet:-1","max-image-preview":"max-image-preview:large","max-video-preview":"max-video-preview:-1"},"canonical":"https:\/\/www.notibras.com\/site\/brinquedos-mostram-variacao-de-preco-de-ate-251\/","og_locale":"pt_BR","og_type":"article","og_title":"Brinquedos mostram varia\u00e7\u00e3o de pre\u00e7o de at\u00e9 251% - Notibras","og_description":"Levantamento de pre\u00e7os feito pelo Procon em lojas virtuais, com foco no Dia das Crian\u00e7as, constatou varia\u00e7\u00e3o de at\u00e9 251% nos valores de 100 brinquedos. A pesquisa foi feita de 25 de setembro a 2 de outubro em diferentes sites direcionados \u00e0s crian\u00e7as, que v\u00eam sendo fiscalizados pela autarquia. Tr\u00eas deles foram notificados por apresentar [&hellip;]","og_url":"https:\/\/www.notibras.com\/site\/brinquedos-mostram-variacao-de-preco-de-ate-251\/","og_site_name":"Notibras","article_publisher":"https:\/\/www.facebook.com\/notibras\/","article_published_time":"2023-10-04T08:16:27+00:00","article_modified_time":"2023-10-04T12:18:37+00:00","og_image":[{"width":1170,"height":700,"url":"https:\/\/www.notibras.com\/site\/wp-content\/uploads\/2023\/10\/08102015-_dsc4471.jpg","type":"image\/jpeg"}],"author":"Reda\u00e7\u00e3o","twitter_card":"summary_large_image","twitter_creator":"@Notibras","twitter_site":"@Notibras","twitter_misc":{"Escrito por":"Reda\u00e7\u00e3o","Est. tempo de leitura":"3 minutos"},"schema":{"@context":"https:\/\/schema.org","@graph":[{"@type":"Article","@id":"https:\/\/www.notibras.com\/site\/brinquedos-mostram-variacao-de-preco-de-ate-251\/#article","isPartOf":{"@id":"https:\/\/www.notibras.com\/site\/brinquedos-mostram-variacao-de-preco-de-ate-251\/"},"author":{"name":"Reda\u00e7\u00e3o","@id":"https:\/\/www.notibras.com\/site\/#\/schema\/person\/36ab0979449956132d3e5b517ea76ac8"},"headline":"Brinquedos mostram varia\u00e7\u00e3o de pre\u00e7o de at\u00e9 251%","datePublished":"2023-10-04T08:16:27+00:00","dateModified":"2023-10-04T12:18:37+00:00","mainEntityOfPage":{"@id":"https:\/\/www.notibras.com\/site\/brinquedos-mostram-variacao-de-preco-de-ate-251\/"},"wordCount":451,"publisher":{"@id":"https:\/\/www.notibras.com\/site\/#organization"},"image":{"@id":"https:\/\/www.notibras.com\/site\/brinquedos-mostram-variacao-de-preco-de-ate-251\/#primaryimage"},"thumbnailUrl":"https:\/\/www.notibras.com\/site\/wp-content\/uploads\/2023\/10\/08102015-_dsc4471.jpg","articleSection":["Quadradinho em Foco"],"inLanguage":"pt-BR"},{"@type":"WebPage","@id":"https:\/\/www.notibras.com\/site\/brinquedos-mostram-variacao-de-preco-de-ate-251\/","url":"https:\/\/www.notibras.com\/site\/brinquedos-mostram-variacao-de-preco-de-ate-251\/","name":"Brinquedos mostram varia\u00e7\u00e3o de pre\u00e7o de at\u00e9 251% - Notibras","isPartOf":{"@id":"https:\/\/www.notibras.com\/site\/#website"},"primaryImageOfPage":{"@id":"https:\/\/www.notibras.com\/site\/brinquedos-mostram-variacao-de-preco-de-ate-251\/#primaryimage"},"image":{"@id":"https:\/\/www.notibras.com\/site\/brinquedos-mostram-variacao-de-preco-de-ate-251\/#primaryimage"},"thumbnailUrl":"https:\/\/www.notibras.com\/site\/wp-content\/uploads\/2023\/10\/08102015-_dsc4471.jpg","datePublished":"2023-10-04T08:16:27+00:00","dateModified":"2023-10-04T12:18:37+00:00","breadcrumb":{"@id":"https:\/\/www.notibras.com\/site\/brinquedos-mostram-variacao-de-preco-de-ate-251\/#breadcrumb"},"inLanguage":"pt-BR","potentialAction":[{"@type":"ReadAction","target":["https:\/\/www.notibras.com\/site\/brinquedos-mostram-variacao-de-preco-de-ate-251\/"]}]},{"@type":"ImageObject","inLanguage":"pt-BR","@id":"https:\/\/www.notibras.com\/site\/brinquedos-mostram-variacao-de-preco-de-ate-251\/#primaryimage","url":"https:\/\/www.notibras.com\/site\/wp-content\/uploads\/2023\/10\/08102015-_dsc4471.jpg","contentUrl":"https:\/\/www.notibras.com\/site\/wp-content\/uploads\/2023\/10\/08102015-_dsc4471.jpg","width":1170,"height":700,"caption":"Rio de Janeiro - A dona de casa Maria das Gra\u00e7as Benedito, 67 anos, compra presentes para o Dia das Crian\u00e7as no com\u00e9rcio da Sociedade de Amigos da Rua da Alf\u00e2ndega e Adjac\u00eancias (Saara), o maior centro comercial popular do Rio de Janeiro."},{"@type":"BreadcrumbList","@id":"https:\/\/www.notibras.com\/site\/brinquedos-mostram-variacao-de-preco-de-ate-251\/#breadcrumb","itemListElement":[{"@type":"ListItem","position":1,"name":"In\u00edcio","item":"https:\/\/www.notibras.com\/site\/"},{"@type":"ListItem","position":2,"name":"Brinquedos mostram varia\u00e7\u00e3o de pre\u00e7o de at\u00e9 251%"}]},{"@type":"WebSite","@id":"https:\/\/www.notibras.com\/site\/#website","url":"https:\/\/www.notibras.com\/site\/","name":"Notibras","description":"Not\u00edcias de Bras\u00edlia, do Brasil e do Mundo","publisher":{"@id":"https:\/\/www.notibras.com\/site\/#organization"},"potentialAction":[{"@type":"SearchAction","target":{"@type":"EntryPoint","urlTemplate":"https:\/\/www.notibras.com\/site\/?s={search_term_string}"},"query-input":{"@type":"PropertyValueSpecification","valueRequired":true,"valueName":"search_term_string"}}],"inLanguage":"pt-BR"},{"@type":"Organization","@id":"https:\/\/www.notibras.com\/site\/#organization","name":"Grupo Notibras de Comunica\u00e7\u00e3o","url":"https:\/\/www.notibras.com\/site\/","logo":{"@type":"ImageObject","inLanguage":"pt-BR","@id":"https:\/\/www.notibras.com\/site\/#\/schema\/logo\/image\/","url":"https:\/\/www.notibras.com\/site\/wp-content\/uploads\/2023\/01\/notibras23.png","contentUrl":"https:\/\/www.notibras.com\/site\/wp-content\/uploads\/2023\/01\/notibras23.png","width":350,"height":87,"caption":"Grupo Notibras de Comunica\u00e7\u00e3o"},"image":{"@id":"https:\/\/www.notibras.com\/site\/#\/schema\/logo\/image\/"},"sameAs":["https:\/\/www.facebook.com\/notibras\/","https:\/\/x.com\/Notibras","https:\/\/www.instagram.com\/notibras\/"]},{"@type":"Person","@id":"https:\/\/www.notibras.com\/site\/#\/schema\/person\/36ab0979449956132d3e5b517ea76ac8","name":"Reda\u00e7\u00e3o","image":{"@type":"ImageObject","inLanguage":"pt-BR","@id":"https:\/\/secure.gravatar.com\/avatar\/e0a867bdedb85fd243eadf09663511f96fc81e0720a4a42581f334ad4303aa6b?s=96&d=mm&r=g","url":"https:\/\/secure.gravatar.com\/avatar\/e0a867bdedb85fd243eadf09663511f96fc81e0720a4a42581f334ad4303aa6b?s=96&d=mm&r=g","contentUrl":"https:\/\/secure.gravatar.com\/avatar\/e0a867bdedb85fd243eadf09663511f96fc81e0720a4a42581f334ad4303aa6b?s=96&d=mm&r=g","caption":"Reda\u00e7\u00e3o"}}]}},"amp_enabled":true,"_links":{"self":[{"href":"https:\/\/www.notibras.com\/site\/wp-json\/wp\/v2\/posts\/314021","targetHints":{"allow":["GET"]}}],"collection":[{"href":"https:\/\/www.notibras.com\/site\/wp-json\/wp\/v2\/posts"}],"about":[{"href":"https:\/\/www.notibras.com\/site\/wp-json\/wp\/v2\/types\/post"}],"author":[{"embeddable":true,"href":"https:\/\/www.notibras.com\/site\/wp-json\/wp\/v2\/users\/2"}],"replies":[{"embeddable":true,"href":"https:\/\/www.notibras.com\/site\/wp-json\/wp\/v2\/comments?post=314021"}],"version-history":[{"count":1,"href":"https:\/\/www.notibras.com\/site\/wp-json\/wp\/v2\/posts\/314021\/revisions"}],"predecessor-version":[{"id":314023,"href":"https:\/\/www.notibras.com\/site\/wp-json\/wp\/v2\/posts\/314021\/revisions\/314023"}],"wp:featuredmedia":[{"embeddable":true,"href":"https:\/\/www.notibras.com\/site\/wp-json\/wp\/v2\/media\/314022"}],"wp:attachment":[{"href":"https:\/\/www.notibras.com\/site\/wp-json\/wp\/v2\/media?parent=314021"}],"wp:term":[{"taxonomy":"category","embeddable":true,"href":"https:\/\/www.notibras.com\/site\/wp-json\/wp\/v2\/categories?post=314021"},{"taxonomy":"post_tag","embeddable":true,"href":"https:\/\/www.notibras.com\/site\/wp-json\/wp\/v2\/tags?post=314021"}],"curies":[{"name":"wp","href":"https:\/\/api.w.org\/{rel}","templated":true}]}}