{"id":314026,"date":"2023-10-04T00:34:03","date_gmt":"2023-10-04T03:34:03","guid":{"rendered":"https:\/\/www.notibras.com\/site\/?p=314026"},"modified":"2023-10-04T09:36:23","modified_gmt":"2023-10-04T12:36:23","slug":"trabalhador-sonha-em-ter-a-velha-correcao-do-fgts","status":"publish","type":"post","link":"https:\/\/www.notibras.com\/site\/trabalhador-sonha-em-ter-a-velha-correcao-do-fgts\/","title":{"rendered":"Trabalhador sonha em ter a velha corre\u00e7\u00e3o do FGTS"},"content":{"rendered":"<p>O Supremo Tribunal Federal (STF) divulgou a pauta de julgamentos, elaborada pelo presidente da Corte, ministro Lu\u00eds Roberto Barroso, para todo o m\u00eas de outubro. Entre os destaques est\u00e1 a retomada do julgamento que trata da taxa de corre\u00e7\u00e3o monet\u00e1ria do saldo do Fundo de Garanta do Tempo de Servi\u00e7o (FGTS), marcada para 18 de outubro.<\/p>\n<p>A a\u00e7\u00e3o, que pode resultar em ganhos para centenas de milhares de trabalhadores com carteira assinada, j\u00e1 foi levada cinco vezes ao plen\u00e1rio, a mais recente em abril, quando o julgamento foi interrompido por um pedido de vista (mais tempo de an\u00e1lise) do ministro Nunes Marques.<\/p>\n<p>O julgamento deve definir qual o \u00edndice deve ser adotado para a corre\u00e7\u00e3o monet\u00e1ria dos saldos do FGTS. Durante mais de duas d\u00e9cadas, as contas foram corrigidas pela Taxa Referencial (TR), definida pelo Banco Central.<\/p>\n<p>O partido Solidariedade, autor da a\u00e7\u00e3o, argumenta que a corre\u00e7\u00e3o pela TR resultou em preju\u00edzo bilion\u00e1rio aos titulares, uma vez que a taxa permaneceu por longos per\u00edodos zerada, n\u00e3o refletindo assim o avan\u00e7o da infla\u00e7\u00e3o e a perda de poder aquisitivo da moeda. A legenda defende a aplica\u00e7\u00e3o de algum \u00edndice inflacion\u00e1rio alternativo.<\/p>\n<p>At\u00e9 o momento, os ministros Lu\u00eds Roberto Barroso e Andr\u00e9 Mendon\u00e7a votaram por derrubar a aplica\u00e7\u00e3o da TR, que seria inconstitucional. Para eles, a remunera\u00e7\u00e3o das contas n\u00e3o pode ser inferior ao rendimento da caderneta de poupan\u00e7a. Os demais ministros ainda n\u00e3o votaram. O julgamento ser\u00e1 retomado com o voto de Nunes Marques.<\/p>\n<p>O FGTS foi criado em 1966 para substituir a garantia de estabilidade no emprego. O fundo funciona como uma poupan\u00e7a compuls\u00f3ria e prote\u00e7\u00e3o financeira contra o desemprego. Todo m\u00eas, os empregadores s\u00e3o obrigados a depositar no fundo o equivalente a 8% do sal\u00e1rio de cada funcion\u00e1rio com carteira assinada.<\/p>\n<p>No caso de dispensa sem justa causa, o empregado recebe o saldo do FGTS, mais multa de 40% sobre o montante acumulado.<\/p>\n<p>Ap\u00f3s a entrada da a\u00e7\u00e3o no STF, come\u00e7aram a vigorar novas regras, que passaram a corrigir as contas do FGTS com juros de 3% ao ano, mais a distribui\u00e7\u00e3o de lucros do fundo, al\u00e9m da corre\u00e7\u00e3o pela TR.<\/p>\n<p>No in\u00edcio do julgamento, a Advocacia-Geral da Uni\u00e3o (AGU) defendeu a extin\u00e7\u00e3o da a\u00e7\u00e3o. No entendimento da AGU, as leis 13.446\/2017 e 13.932\/2019 estabeleceram a distribui\u00e7\u00e3o de lucros para os cotistas. Dessa forma, segundo o \u00f3rg\u00e3o, n\u00e3o \u00e9 mais poss\u00edvel afirmar que o emprego da TR gera remunera\u00e7\u00e3o menor que a infla\u00e7\u00e3o real.<\/p>\n","protected":false},"excerpt":{"rendered":"<p>O Supremo Tribunal Federal (STF) divulgou a pauta de julgamentos, elaborada pelo presidente da Corte, ministro Lu\u00eds Roberto Barroso, para todo o m\u00eas de outubro. Entre os destaques est\u00e1 a retomada do julgamento que trata da taxa de corre\u00e7\u00e3o monet\u00e1ria do saldo do Fundo de Garanta do Tempo de Servi\u00e7o (FGTS), marcada para 18 de [&hellip;]<\/p>\n","protected":false},"author":2,"featured_media":314027,"comment_status":"closed","ping_status":"closed","sticky":false,"template":"","format":"standard","meta":{"_acf_changed":false,"footnotes":""},"categories":[161],"tags":[],"class_list":["post-314026","post","type-post","status-publish","format-standard","has-post-thumbnail","hentry","category-quadradinho-em-foco"],"acf":[],"yoast_head":"<!-- This site is optimized with the Yoast SEO plugin v27.2 - https:\/\/yoast.com\/product\/yoast-seo-wordpress\/ -->\n<title>Trabalhador sonha em ter a velha corre\u00e7\u00e3o do FGTS - Notibras<\/title>\n<meta name=\"robots\" content=\"index, follow, max-snippet:-1, max-image-preview:large, max-video-preview:-1\" \/>\n<link rel=\"canonical\" href=\"https:\/\/www.notibras.com\/site\/trabalhador-sonha-em-ter-a-velha-correcao-do-fgts\/\" \/>\n<meta property=\"og:locale\" content=\"pt_BR\" \/>\n<meta property=\"og:type\" content=\"article\" \/>\n<meta property=\"og:title\" content=\"Trabalhador sonha em ter a velha corre\u00e7\u00e3o do FGTS - Notibras\" \/>\n<meta property=\"og:description\" content=\"O Supremo Tribunal Federal (STF) divulgou a pauta de julgamentos, elaborada pelo presidente da Corte, ministro Lu\u00eds Roberto Barroso, para todo o m\u00eas de outubro. Entre os destaques est\u00e1 a retomada do julgamento que trata da taxa de corre\u00e7\u00e3o monet\u00e1ria do saldo do Fundo de Garanta do Tempo de Servi\u00e7o (FGTS), marcada para 18 de [&hellip;]\" \/>\n<meta property=\"og:url\" content=\"https:\/\/www.notibras.com\/site\/trabalhador-sonha-em-ter-a-velha-correcao-do-fgts\/\" \/>\n<meta property=\"og:site_name\" content=\"Notibras\" \/>\n<meta property=\"article:publisher\" content=\"https:\/\/www.facebook.com\/notibras\/\" \/>\n<meta property=\"article:published_time\" content=\"2023-10-04T03:34:03+00:00\" \/>\n<meta property=\"article:modified_time\" content=\"2023-10-04T12:36:23+00:00\" \/>\n<meta property=\"og:image\" content=\"https:\/\/www.notibras.com\/site\/wp-content\/uploads\/2023\/10\/mcmgo_abr_18071919263df.jpg\" \/>\n\t<meta property=\"og:image:width\" content=\"1170\" \/>\n\t<meta property=\"og:image:height\" content=\"700\" \/>\n\t<meta property=\"og:image:type\" content=\"image\/jpeg\" \/>\n<meta name=\"author\" content=\"Reda\u00e7\u00e3o\" \/>\n<meta name=\"twitter:card\" content=\"summary_large_image\" \/>\n<meta name=\"twitter:creator\" content=\"@Notibras\" \/>\n<meta name=\"twitter:site\" content=\"@Notibras\" \/>\n<meta name=\"twitter:label1\" content=\"Escrito por\" \/>\n\t<meta name=\"twitter:data1\" content=\"Reda\u00e7\u00e3o\" \/>\n\t<meta name=\"twitter:label2\" content=\"Est. tempo de leitura\" \/>\n\t<meta name=\"twitter:data2\" content=\"3 minutos\" \/>\n<script type=\"application\/ld+json\" class=\"yoast-schema-graph\">{\"@context\":\"https:\/\/schema.org\",\"@graph\":[{\"@type\":\"Article\",\"@id\":\"https:\/\/www.notibras.com\/site\/trabalhador-sonha-em-ter-a-velha-correcao-do-fgts\/#article\",\"isPartOf\":{\"@id\":\"https:\/\/www.notibras.com\/site\/trabalhador-sonha-em-ter-a-velha-correcao-do-fgts\/\"},\"author\":{\"name\":\"Reda\u00e7\u00e3o\",\"@id\":\"https:\/\/www.notibras.com\/site\/#\/schema\/person\/36ab0979449956132d3e5b517ea76ac8\"},\"headline\":\"Trabalhador sonha em ter a velha corre\u00e7\u00e3o do FGTS\",\"datePublished\":\"2023-10-04T03:34:03+00:00\",\"dateModified\":\"2023-10-04T12:36:23+00:00\",\"mainEntityOfPage\":{\"@id\":\"https:\/\/www.notibras.com\/site\/trabalhador-sonha-em-ter-a-velha-correcao-do-fgts\/\"},\"wordCount\":458,\"publisher\":{\"@id\":\"https:\/\/www.notibras.com\/site\/#organization\"},\"image\":{\"@id\":\"https:\/\/www.notibras.com\/site\/trabalhador-sonha-em-ter-a-velha-correcao-do-fgts\/#primaryimage\"},\"thumbnailUrl\":\"https:\/\/www.notibras.com\/site\/wp-content\/uploads\/2023\/10\/mcmgo_abr_18071919263df.jpg\",\"articleSection\":[\"Quadradinho em Foco\"],\"inLanguage\":\"pt-BR\"},{\"@type\":\"WebPage\",\"@id\":\"https:\/\/www.notibras.com\/site\/trabalhador-sonha-em-ter-a-velha-correcao-do-fgts\/\",\"url\":\"https:\/\/www.notibras.com\/site\/trabalhador-sonha-em-ter-a-velha-correcao-do-fgts\/\",\"name\":\"Trabalhador sonha em ter a velha corre\u00e7\u00e3o do FGTS - Notibras\",\"isPartOf\":{\"@id\":\"https:\/\/www.notibras.com\/site\/#website\"},\"primaryImageOfPage\":{\"@id\":\"https:\/\/www.notibras.com\/site\/trabalhador-sonha-em-ter-a-velha-correcao-do-fgts\/#primaryimage\"},\"image\":{\"@id\":\"https:\/\/www.notibras.com\/site\/trabalhador-sonha-em-ter-a-velha-correcao-do-fgts\/#primaryimage\"},\"thumbnailUrl\":\"https:\/\/www.notibras.com\/site\/wp-content\/uploads\/2023\/10\/mcmgo_abr_18071919263df.jpg\",\"datePublished\":\"2023-10-04T03:34:03+00:00\",\"dateModified\":\"2023-10-04T12:36:23+00:00\",\"breadcrumb\":{\"@id\":\"https:\/\/www.notibras.com\/site\/trabalhador-sonha-em-ter-a-velha-correcao-do-fgts\/#breadcrumb\"},\"inLanguage\":\"pt-BR\",\"potentialAction\":[{\"@type\":\"ReadAction\",\"target\":[\"https:\/\/www.notibras.com\/site\/trabalhador-sonha-em-ter-a-velha-correcao-do-fgts\/\"]}]},{\"@type\":\"ImageObject\",\"inLanguage\":\"pt-BR\",\"@id\":\"https:\/\/www.notibras.com\/site\/trabalhador-sonha-em-ter-a-velha-correcao-do-fgts\/#primaryimage\",\"url\":\"https:\/\/www.notibras.com\/site\/wp-content\/uploads\/2023\/10\/mcmgo_abr_18071919263df.jpg\",\"contentUrl\":\"https:\/\/www.notibras.com\/site\/wp-content\/uploads\/2023\/10\/mcmgo_abr_18071919263df.jpg\",\"width\":1170,\"height\":700,\"caption\":\"Aplicativo Caixa Econ\u00f4mica Federal- FGTS.\"},{\"@type\":\"BreadcrumbList\",\"@id\":\"https:\/\/www.notibras.com\/site\/trabalhador-sonha-em-ter-a-velha-correcao-do-fgts\/#breadcrumb\",\"itemListElement\":[{\"@type\":\"ListItem\",\"position\":1,\"name\":\"In\u00edcio\",\"item\":\"https:\/\/www.notibras.com\/site\/\"},{\"@type\":\"ListItem\",\"position\":2,\"name\":\"Trabalhador sonha em ter a velha corre\u00e7\u00e3o do FGTS\"}]},{\"@type\":\"WebSite\",\"@id\":\"https:\/\/www.notibras.com\/site\/#website\",\"url\":\"https:\/\/www.notibras.com\/site\/\",\"name\":\"Notibras\",\"description\":\"Not\u00edcias de Bras\u00edlia, do Brasil e do Mundo\",\"publisher\":{\"@id\":\"https:\/\/www.notibras.com\/site\/#organization\"},\"potentialAction\":[{\"@type\":\"SearchAction\",\"target\":{\"@type\":\"EntryPoint\",\"urlTemplate\":\"https:\/\/www.notibras.com\/site\/?s={search_term_string}\"},\"query-input\":{\"@type\":\"PropertyValueSpecification\",\"valueRequired\":true,\"valueName\":\"search_term_string\"}}],\"inLanguage\":\"pt-BR\"},{\"@type\":\"Organization\",\"@id\":\"https:\/\/www.notibras.com\/site\/#organization\",\"name\":\"Grupo Notibras de Comunica\u00e7\u00e3o\",\"url\":\"https:\/\/www.notibras.com\/site\/\",\"logo\":{\"@type\":\"ImageObject\",\"inLanguage\":\"pt-BR\",\"@id\":\"https:\/\/www.notibras.com\/site\/#\/schema\/logo\/image\/\",\"url\":\"https:\/\/www.notibras.com\/site\/wp-content\/uploads\/2023\/01\/notibras23.png\",\"contentUrl\":\"https:\/\/www.notibras.com\/site\/wp-content\/uploads\/2023\/01\/notibras23.png\",\"width\":350,\"height\":87,\"caption\":\"Grupo Notibras de Comunica\u00e7\u00e3o\"},\"image\":{\"@id\":\"https:\/\/www.notibras.com\/site\/#\/schema\/logo\/image\/\"},\"sameAs\":[\"https:\/\/www.facebook.com\/notibras\/\",\"https:\/\/x.com\/Notibras\",\"https:\/\/www.instagram.com\/notibras\/\"]},{\"@type\":\"Person\",\"@id\":\"https:\/\/www.notibras.com\/site\/#\/schema\/person\/36ab0979449956132d3e5b517ea76ac8\",\"name\":\"Reda\u00e7\u00e3o\",\"image\":{\"@type\":\"ImageObject\",\"inLanguage\":\"pt-BR\",\"@id\":\"https:\/\/secure.gravatar.com\/avatar\/e0a867bdedb85fd243eadf09663511f96fc81e0720a4a42581f334ad4303aa6b?s=96&d=mm&r=g\",\"url\":\"https:\/\/secure.gravatar.com\/avatar\/e0a867bdedb85fd243eadf09663511f96fc81e0720a4a42581f334ad4303aa6b?s=96&d=mm&r=g\",\"contentUrl\":\"https:\/\/secure.gravatar.com\/avatar\/e0a867bdedb85fd243eadf09663511f96fc81e0720a4a42581f334ad4303aa6b?s=96&d=mm&r=g\",\"caption\":\"Reda\u00e7\u00e3o\"}}]}<\/script>\n<!-- \/ Yoast SEO plugin. -->","yoast_head_json":{"title":"Trabalhador sonha em ter a velha corre\u00e7\u00e3o do FGTS - Notibras","robots":{"index":"index","follow":"follow","max-snippet":"max-snippet:-1","max-image-preview":"max-image-preview:large","max-video-preview":"max-video-preview:-1"},"canonical":"https:\/\/www.notibras.com\/site\/trabalhador-sonha-em-ter-a-velha-correcao-do-fgts\/","og_locale":"pt_BR","og_type":"article","og_title":"Trabalhador sonha em ter a velha corre\u00e7\u00e3o do FGTS - Notibras","og_description":"O Supremo Tribunal Federal (STF) divulgou a pauta de julgamentos, elaborada pelo presidente da Corte, ministro Lu\u00eds Roberto Barroso, para todo o m\u00eas de outubro. Entre os destaques est\u00e1 a retomada do julgamento que trata da taxa de corre\u00e7\u00e3o monet\u00e1ria do saldo do Fundo de Garanta do Tempo de Servi\u00e7o (FGTS), marcada para 18 de [&hellip;]","og_url":"https:\/\/www.notibras.com\/site\/trabalhador-sonha-em-ter-a-velha-correcao-do-fgts\/","og_site_name":"Notibras","article_publisher":"https:\/\/www.facebook.com\/notibras\/","article_published_time":"2023-10-04T03:34:03+00:00","article_modified_time":"2023-10-04T12:36:23+00:00","og_image":[{"width":1170,"height":700,"url":"https:\/\/www.notibras.com\/site\/wp-content\/uploads\/2023\/10\/mcmgo_abr_18071919263df.jpg","type":"image\/jpeg"}],"author":"Reda\u00e7\u00e3o","twitter_card":"summary_large_image","twitter_creator":"@Notibras","twitter_site":"@Notibras","twitter_misc":{"Escrito por":"Reda\u00e7\u00e3o","Est. tempo de leitura":"3 minutos"},"schema":{"@context":"https:\/\/schema.org","@graph":[{"@type":"Article","@id":"https:\/\/www.notibras.com\/site\/trabalhador-sonha-em-ter-a-velha-correcao-do-fgts\/#article","isPartOf":{"@id":"https:\/\/www.notibras.com\/site\/trabalhador-sonha-em-ter-a-velha-correcao-do-fgts\/"},"author":{"name":"Reda\u00e7\u00e3o","@id":"https:\/\/www.notibras.com\/site\/#\/schema\/person\/36ab0979449956132d3e5b517ea76ac8"},"headline":"Trabalhador sonha em ter a velha corre\u00e7\u00e3o do FGTS","datePublished":"2023-10-04T03:34:03+00:00","dateModified":"2023-10-04T12:36:23+00:00","mainEntityOfPage":{"@id":"https:\/\/www.notibras.com\/site\/trabalhador-sonha-em-ter-a-velha-correcao-do-fgts\/"},"wordCount":458,"publisher":{"@id":"https:\/\/www.notibras.com\/site\/#organization"},"image":{"@id":"https:\/\/www.notibras.com\/site\/trabalhador-sonha-em-ter-a-velha-correcao-do-fgts\/#primaryimage"},"thumbnailUrl":"https:\/\/www.notibras.com\/site\/wp-content\/uploads\/2023\/10\/mcmgo_abr_18071919263df.jpg","articleSection":["Quadradinho em Foco"],"inLanguage":"pt-BR"},{"@type":"WebPage","@id":"https:\/\/www.notibras.com\/site\/trabalhador-sonha-em-ter-a-velha-correcao-do-fgts\/","url":"https:\/\/www.notibras.com\/site\/trabalhador-sonha-em-ter-a-velha-correcao-do-fgts\/","name":"Trabalhador sonha em ter a velha corre\u00e7\u00e3o do FGTS - Notibras","isPartOf":{"@id":"https:\/\/www.notibras.com\/site\/#website"},"primaryImageOfPage":{"@id":"https:\/\/www.notibras.com\/site\/trabalhador-sonha-em-ter-a-velha-correcao-do-fgts\/#primaryimage"},"image":{"@id":"https:\/\/www.notibras.com\/site\/trabalhador-sonha-em-ter-a-velha-correcao-do-fgts\/#primaryimage"},"thumbnailUrl":"https:\/\/www.notibras.com\/site\/wp-content\/uploads\/2023\/10\/mcmgo_abr_18071919263df.jpg","datePublished":"2023-10-04T03:34:03+00:00","dateModified":"2023-10-04T12:36:23+00:00","breadcrumb":{"@id":"https:\/\/www.notibras.com\/site\/trabalhador-sonha-em-ter-a-velha-correcao-do-fgts\/#breadcrumb"},"inLanguage":"pt-BR","potentialAction":[{"@type":"ReadAction","target":["https:\/\/www.notibras.com\/site\/trabalhador-sonha-em-ter-a-velha-correcao-do-fgts\/"]}]},{"@type":"ImageObject","inLanguage":"pt-BR","@id":"https:\/\/www.notibras.com\/site\/trabalhador-sonha-em-ter-a-velha-correcao-do-fgts\/#primaryimage","url":"https:\/\/www.notibras.com\/site\/wp-content\/uploads\/2023\/10\/mcmgo_abr_18071919263df.jpg","contentUrl":"https:\/\/www.notibras.com\/site\/wp-content\/uploads\/2023\/10\/mcmgo_abr_18071919263df.jpg","width":1170,"height":700,"caption":"Aplicativo Caixa Econ\u00f4mica Federal- FGTS."},{"@type":"BreadcrumbList","@id":"https:\/\/www.notibras.com\/site\/trabalhador-sonha-em-ter-a-velha-correcao-do-fgts\/#breadcrumb","itemListElement":[{"@type":"ListItem","position":1,"name":"In\u00edcio","item":"https:\/\/www.notibras.com\/site\/"},{"@type":"ListItem","position":2,"name":"Trabalhador sonha em ter a velha corre\u00e7\u00e3o do FGTS"}]},{"@type":"WebSite","@id":"https:\/\/www.notibras.com\/site\/#website","url":"https:\/\/www.notibras.com\/site\/","name":"Notibras","description":"Not\u00edcias de Bras\u00edlia, do Brasil e do Mundo","publisher":{"@id":"https:\/\/www.notibras.com\/site\/#organization"},"potentialAction":[{"@type":"SearchAction","target":{"@type":"EntryPoint","urlTemplate":"https:\/\/www.notibras.com\/site\/?s={search_term_string}"},"query-input":{"@type":"PropertyValueSpecification","valueRequired":true,"valueName":"search_term_string"}}],"inLanguage":"pt-BR"},{"@type":"Organization","@id":"https:\/\/www.notibras.com\/site\/#organization","name":"Grupo Notibras de Comunica\u00e7\u00e3o","url":"https:\/\/www.notibras.com\/site\/","logo":{"@type":"ImageObject","inLanguage":"pt-BR","@id":"https:\/\/www.notibras.com\/site\/#\/schema\/logo\/image\/","url":"https:\/\/www.notibras.com\/site\/wp-content\/uploads\/2023\/01\/notibras23.png","contentUrl":"https:\/\/www.notibras.com\/site\/wp-content\/uploads\/2023\/01\/notibras23.png","width":350,"height":87,"caption":"Grupo Notibras de Comunica\u00e7\u00e3o"},"image":{"@id":"https:\/\/www.notibras.com\/site\/#\/schema\/logo\/image\/"},"sameAs":["https:\/\/www.facebook.com\/notibras\/","https:\/\/x.com\/Notibras","https:\/\/www.instagram.com\/notibras\/"]},{"@type":"Person","@id":"https:\/\/www.notibras.com\/site\/#\/schema\/person\/36ab0979449956132d3e5b517ea76ac8","name":"Reda\u00e7\u00e3o","image":{"@type":"ImageObject","inLanguage":"pt-BR","@id":"https:\/\/secure.gravatar.com\/avatar\/e0a867bdedb85fd243eadf09663511f96fc81e0720a4a42581f334ad4303aa6b?s=96&d=mm&r=g","url":"https:\/\/secure.gravatar.com\/avatar\/e0a867bdedb85fd243eadf09663511f96fc81e0720a4a42581f334ad4303aa6b?s=96&d=mm&r=g","contentUrl":"https:\/\/secure.gravatar.com\/avatar\/e0a867bdedb85fd243eadf09663511f96fc81e0720a4a42581f334ad4303aa6b?s=96&d=mm&r=g","caption":"Reda\u00e7\u00e3o"}}]}},"amp_enabled":true,"_links":{"self":[{"href":"https:\/\/www.notibras.com\/site\/wp-json\/wp\/v2\/posts\/314026","targetHints":{"allow":["GET"]}}],"collection":[{"href":"https:\/\/www.notibras.com\/site\/wp-json\/wp\/v2\/posts"}],"about":[{"href":"https:\/\/www.notibras.com\/site\/wp-json\/wp\/v2\/types\/post"}],"author":[{"embeddable":true,"href":"https:\/\/www.notibras.com\/site\/wp-json\/wp\/v2\/users\/2"}],"replies":[{"embeddable":true,"href":"https:\/\/www.notibras.com\/site\/wp-json\/wp\/v2\/comments?post=314026"}],"version-history":[{"count":1,"href":"https:\/\/www.notibras.com\/site\/wp-json\/wp\/v2\/posts\/314026\/revisions"}],"predecessor-version":[{"id":314028,"href":"https:\/\/www.notibras.com\/site\/wp-json\/wp\/v2\/posts\/314026\/revisions\/314028"}],"wp:featuredmedia":[{"embeddable":true,"href":"https:\/\/www.notibras.com\/site\/wp-json\/wp\/v2\/media\/314027"}],"wp:attachment":[{"href":"https:\/\/www.notibras.com\/site\/wp-json\/wp\/v2\/media?parent=314026"}],"wp:term":[{"taxonomy":"category","embeddable":true,"href":"https:\/\/www.notibras.com\/site\/wp-json\/wp\/v2\/categories?post=314026"},{"taxonomy":"post_tag","embeddable":true,"href":"https:\/\/www.notibras.com\/site\/wp-json\/wp\/v2\/tags?post=314026"}],"curies":[{"name":"wp","href":"https:\/\/api.w.org\/{rel}","templated":true}]}}