{"id":314106,"date":"2023-10-05T21:16:50","date_gmt":"2023-10-06T00:16:50","guid":{"rendered":"https:\/\/www.notibras.com\/site\/?p=314106"},"modified":"2023-10-05T21:17:09","modified_gmt":"2023-10-06T00:17:09","slug":"evento-celebra-dia-das-criancas-e-54-anos-do-parque-ana-lidia","status":"publish","type":"post","link":"https:\/\/www.notibras.com\/site\/evento-celebra-dia-das-criancas-e-54-anos-do-parque-ana-lidia\/","title":{"rendered":"Evento celebra Dia das Crian\u00e7as e 54 anos do Parque Ana L\u00eddia"},"content":{"rendered":"<p>No dia 12 de outubro, no marco dos 54 anos do Parque Ana L\u00eddia, o PicniK apresenta \u00e0 fam\u00edlia candanga uma programa\u00e7\u00e3o especial para celebrar o anivers\u00e1rio do ponto de lazer brasiliense juntamente com o Dia das Crian\u00e7as. Das 13h \u00e0s 23h, o Estacionamento 12 do Sarah Kubitschek \u2014 parque que tamb\u00e9m faz anivers\u00e1rio este m\u00eas, completando 45 anos no dia 11 \u2014 recebe uma programa\u00e7\u00e3o cultural composta por eixos tem\u00e1ticos que abrem um leque de atra\u00e7\u00f5es e atividades ofertadas em diferentes espa\u00e7os.<\/p>\n<p>Tradi\u00e7\u00e3o e entretenimento<br \/>\nEsta edi\u00e7\u00e3o do PicniK oferece mais de 4 atividades gratuitas voltadas para o p\u00fablico infantil e outras duas que podem ser desfrutadas tamb\u00e9m pelos adultos. E os tradicionais Mercadinho de Arte, Moda e Design, a Feira de Vinil e o Feir\u00e3o de Bikes continuam presentes nos espa\u00e7os do evento.<\/p>\n<p>E como n\u00e3o pode faltar divers\u00e3o, entre as atra\u00e7\u00f5es da vez, est\u00e1 o espet\u00e1culo Vida Viva de Um Palha\u00e7o, com o emblem\u00e1tico Mandioca Frita, grande Mestre de Bras\u00edlia, que conta sobre sua obra e fala da import\u00e2ncia do PicniK para a cena circense: &#8220;o evento \u00e9 bem tradicional por aqui. J\u00e1 participei de algumas edi\u00e7\u00f5es em outros locais da cidade. Tem uma circula\u00e7\u00e3o importante, que agrega v\u00e1rios p\u00fablicos.<\/p>\n<p>Essa edi\u00e7\u00e3o no Ana L\u00eddia ser\u00e1 maravilhosa, porque pode receber gente de Bras\u00edlia toda, que poder\u00e1 assistir \u00e0 apresenta\u00e7\u00e3o que fa\u00e7o h\u00e1 30 anos. \u00c9 um espet\u00e1culo de rua, que tem muita intera\u00e7\u00e3o com adultos e crian\u00e7as, resgate de cirandas e can\u00e7\u00f5es, al\u00e9m de magias e palha\u00e7aria&#8221;.<\/p>\n<p><strong>Muita m\u00fasica boa<\/strong><br \/>\nO encontro tamb\u00e9m tem em sua grade de atra\u00e7\u00f5es, diversos grupos, DJs, instrumentistas, al\u00e9m de dois palcos para receber suas estrelas: o Principal e o Disco&#8217;n&#8217;funk.<\/p>\n<p>Entre essa constela\u00e7\u00e3o, figura a banda argentina Onda Vaga, que mescla ritmos tradicionais, rock, reggae e ska. O integrante do grupo, Nacho Rodr\u00edguez, que toca o t\u00edpico cuatro venezolano, al\u00e9m de cantar expressa sua satisfa\u00e7\u00e3o por fazer parte da festa: &#8220;\u00e9 uma alegria ter sido convidado para tocar em Bras\u00edlia, em um festival t\u00e3o bonito. Sou muito grato pela oportunidade de voltar ao Brasil, um pa\u00eds que eu adoro e que me deu tanta m\u00fasica bonita&#8221;.<\/p>\n<p><strong>Facilidades e novidades<\/strong><br \/>\nComo \u00e9 de praxe, este tradicional encontro da fam\u00edlia cerratense faz quest\u00e3o de propiciar acesso facilitado com estacionamento amplo e gratuito. Tamb\u00e9m \u00e9 pr\u00e1tica t\u00edpica do PicniK, oferecer servi\u00e7o gr\u00e1tis de transfer, partindo da rodovi\u00e1ria, possibilitando amplo acesso ao evento. Este ano n\u00e3o ser\u00e1 diferente.<\/p>\n<p>O que muda para esta edi\u00e7\u00e3o \u00e9 parte das atra\u00e7\u00f5es. A novidade da edi\u00e7\u00e3o especial de outubro inclui exposi\u00e7\u00f5es e instala\u00e7\u00f5es art\u00edsticas e interativas: Calangos na \u00e1rvore do Seu Estrelo e Fu\u00e1 do Terreiro; Fant\u00e1stico Carro Piscina; Piscina Ex\u00f3tica; Carrossel Infinito; e Mundo PicniK.<\/p>\n<p><strong>Programa\u00e7\u00e3o<\/strong><br \/>\nMercadinho Arte, Moda e Design<br \/>\nMais de 100 empreendedores criativos que transitam pela arte, moda, decora\u00e7\u00e3o, artesanato, plantinhas, produtos org\u00e2nicos, etc, promovendo a economia criativa candanga.<\/p>\n<p>\u00c1rea Ind\u00edgena no Picnik<br \/>\nO espa\u00e7o de curas e culturas ind\u00edgenas \u00e9 o ponto de contato do p\u00fablico com nossa ancestralidade nativa: artesanatos, pinturas, pr\u00e1ticas xam\u00e2nicas, cantos, literatura e medita\u00e7\u00e3o.<\/p>\n<p>Feira de Vinil<br \/>\nA feira oferece muita m\u00fasica, capas, encartes, fichas t\u00e9cnicas, selos e raridades em grava\u00e7\u00f5es originais, fazendo pulsar mais forte a cultura do vinil.<\/p>\n<p>Nesta edi\u00e7\u00e3o estar\u00e3o presentes as seguintes lojas e colecionadores: Givaldo Discos, Oto Livraria, Se7e Vinil, Garimpo do Vinil e Marcondes com mais de 5 mil t\u00edtulos.<\/p>\n<p>Espa\u00e7o Belezas<br \/>\nPonto de encontro de quem quer dar aquele realce no visual, com marcas locais focadas no atendimento ao p\u00fablico com cabeleireiros e barbeiros destaques da cidade. Presen\u00e7a confirmada de @apenteadeira_, @praiasalaodeboniteza, @nailqueenbsb e @coletivosul.<\/p>\n<p>Pra\u00e7a de Alimenta\u00e7\u00e3o<br \/>\nA pra\u00e7a conta com chefs renomados, jovens talentos e os food trucks de destaque do DF, comprovando a diversidade da gastronomia brasiliense em mais de 60 opera\u00e7\u00f5es.<\/p>\n<p>\u00c1rea Vegana por Fala (Frente de A\u00e7\u00f5es Pela Liberta\u00e7\u00e3o Animal)<br \/>\nQuitutes saborosos para recompor energia de maneira saud\u00e1vel e equilibrada, destinado principalmente ao p\u00fablico com restri\u00e7\u00f5es alimentares (gl\u00faten, a\u00e7\u00facar, etc).<\/p>\n<p>Mini-Arena*<br \/>\nEspet\u00e1culos infantis, circenses e de encantarias para animar esse dia especial, trazendo a boa palha\u00e7aria e a magia #feitoembsb para o picadeiro do Parque Ana L\u00eddia:<br \/>\n14h30 \u2013 Vassoura sobre Humano \u2013 Jo\u00e3o Aguiar;<br \/>\n15h30 \u2013 Palha\u00e7a Superela em A\u00e7\u00e3o! \u2013 Lel\u00ea Marins;<br \/>\n16h30 \u2013 Vida Viva de Um Palha\u00e7o \u2013 Mandioca Frita;<br \/>\n18h \u2013 Capitu, El Gran Showman \u2013 Cleberson Capitu.<\/p>\n<p>Rol\u00eazando Pelo Picnik*<br \/>\nAinda, o universo m\u00e1gico das performances passeando pelo evento, deixando tudo mais divertido e encantado com os condutores e mestres da vibe Marcelo Nemev\u00ea, Lis Piantino, Larissa de Paula e Marcella Romar.<\/p>\n<p>Espa\u00e7o Mirim por Alegria*<br \/>\nUm canto de intera\u00e7\u00e3o entre as crian\u00e7as e suas fam\u00edlias a partir da ecopedagogia, do colaborativo, da criatividade e do contato com a natureza, das 13h \u00e0s 19h:<br \/>\nEspa\u00e7o de artes: pintura com tinta natural, mandalas e pintura de rosto;<br \/>\nBrincadeiras tradicionais: balangand\u00e3, corda, pique e pega e corre cutia.<\/p>\n<p>\u00c1rea Kids<br \/>\nBrinquedos infl\u00e1veis com Tio Kiko, pula-pula, brinquedoteca, oficina de perna de pau com Professor Z\u00e9, em um universo de divers\u00f5es para os pequenos se divertirem at\u00e9 cansar!<\/p>\n<p>Palco Principal<br \/>\nUm compilado de artistas que contribuem muito para manter a sanidade e a entender horizontes do cosmos tupiniquim:<\/p>\n<p>Onda Vaga (ARG) + Tagua Tagua (SP) + Seu Estrelo e o Fu\u00e1 do Terreiro (DF) + Bruno Berle (AL) + Graveola (MG) + Kir\u00e1 (DF).<br \/>\nAntes, depois e nos intervalos: Ogunda-O (DF) + Paulo Z\u00e9 (SC).<\/p>\n<p>Disco&#8217;n&#8217;funk<br \/>\nA experi\u00eancia \u00fanica dentro de um \u00f4nibus, dos mais animados e divertidos do DF. No som, p\u00e9rolas do groove acariciando ouvidos e trabalhando corpo, alma e mente. No comando sonoro desta edi\u00e7\u00e3o os DJs: Tamempi (RJ) + Lethal Breakz (DF) + Jean C (DF) + Ogunda-O + Jhully (DF) + Kabe\u00e7a.<\/p>\n<p>Exposi\u00e7\u00f5es Art\u00edsticas<br \/>\nCalangos na \u00e1rvore do Seu Estrelo e Fu\u00e1 do Terreiro: os calangos fazem parte da brincadeira no mundo do Cerrado e seu folclore, que o Seu Estrelo traz por meio de seus contos, m\u00fasicas e fantasias.<\/p>\n<p>Fant\u00e1stico Carro Piscina por Daniel Banda: o carro de bolinhas forma uma instala\u00e7\u00e3o art\u00edstica interativa de repagina\u00e7\u00e3o de um dign\u00edssimo autom\u00f3vel que iria para o ferro velho, mas que pelo mundo vivenciando experi\u00eancias inimagin\u00e1veis.<\/p>\n<p>Piscina ex\u00f3ticas por Equipe PicniK: alguns dos j\u00e1 conhecidos brinquedos do Parque Ana L\u00eddia ganham bolinhas, trazendo um novo efeito ao horizonte do local e tornando as brincadeiras ainda mais divertidas e espaciais.<\/p>\n<p>Carrossel Infinito por Douglas Viana: vamos voltar a ser crian\u00e7a de novo? Que tal se aventurar por um mini carrossel que faz parte do nosso parque de divers\u00f5es desenhado para todas as idades?<\/p>\n<p>Mundo PicniK por Equipe PicniK: um passeio pela cole\u00e7\u00e3o de posters do projeto, sempre desenhados por artistas independentes locais e retratando o cotidiano ou elementos da realidade candanga. E se gostar, pode comprar e levar para casa.<\/p>\n<p>Atividades Radicais<br \/>\nBungee Jump por @megabungee: adrenalina e sensa\u00e7\u00f5es coloridas com essa oportunidade de pular de uma base de 45m.<\/p>\n<p>Espa\u00e7o Bal\u00e3o Arco-\u00cdris com @dami.becker: passeio com o Bal\u00e3o Arco \u00cdris, num voo cativo com a balonista Dami, piloto mulher que far\u00e1 acontecer este mirante natural para ver uma Bras\u00edlia sob um ponto de vista diferente. Nessa atividade o bal\u00e3o fica amarrado por cordas com aproximadamente 20 metros de comprimento, faz a subida r\u00e1pida, fica alguns minutos no ar e desce.<\/p>\n<p>\u00c1rea De Cura<br \/>\nAtividades de massoterapia, reiki e florais, entre outras pr\u00e1ticas hol\u00edsticas e ancestrais. Atendimentos individuais, sujeito a doa\u00e7\u00f5es, das 13h \u00e0s 19h:<\/p>\n<p>Massoterapia com Maristela e Adalberto (AADV &#8211; Associa\u00e7\u00e3o de Amigos do Deficiente Visual);<br \/>\nBenzimento com Beatriz Aguiar \u2013 Espa\u00e7o Harika;<br \/>\nFlorais de Saint Germain com Ana Carla Domingues \u2013 Espa\u00e7o Aret\u00ea;<br \/>\nReiki para crian\u00e7as e adultos, com Ma\u00edsa Flor e Lu Amorim.<\/p>\n<p>\u00c1rea Zen*<br \/>\nAtividades voltadas para promover a intera\u00e7\u00e3o saud\u00e1vel entre toda a fam\u00edlia, entre 14h e 19h:<br \/>\n14h \u2013 Samba de Coco e Ciranda com Cris Flores e Estela;<br \/>\n15h \u2013 Yoga para Crian\u00e7as com Mel Baracho;<br \/>\n16h \u2013 Shantala, massagem para beb\u00eas por Magali Melo;<br \/>\n17h \u2013 Dan\u00e7a Circular para fam\u00edlia e amigos com Carla Ferreira e M\u00f4nica Chaves (@careioga e @confrariadadancacircular).<\/p>\n<p>Espa\u00e7o Marandubinha*<br \/>\nEspa\u00e7o dedicado \u00e0s fam\u00edlias com beb\u00eas e crian\u00e7as, com uma biblioteca infantil e rodas de leitura de hora em hora: 14h, 16h e 17h com Mel Baracho.<\/p>\n<p>Central Acessibilidade por Surdos do Cerrado + AADV<br \/>\nA entrada principal conta com um receptivo especial para pessoas com defici\u00eancia auditiva e visual, com facilitadores e visitas guiadas pelo evento. Para pessoas com defici\u00eancia ou limita\u00e7\u00f5es f\u00edsico-motoras teremos um acesso especial com acessibilidade para cadeirantes!<\/p>\n<p>Rest My Bike* por Geringon\u00e7a Oficina<br \/>\nCarro n\u00e3o est\u00e1 com nada, bom mesmo \u00e9 ir de bicicleta. Para facilitar a vida de ciclistas, um guarda-bikes gratuito dentro do evento.<\/p>\n<p>8\u00b0 Feir\u00e3o De Bikes Usadas Rodas Da Paz<br \/>\nEncontro de pessoas que querem vender e comprar bicicletas. O cadastro \u00e9 feito na hora e o ideal \u00e9 chegar no primeiro hor\u00e1rio, assim aumentam as chances de algu\u00e9m se interessar em fechar neg\u00f3cio.<\/p>\n<p>Caso tenha uma bicicleta parada e queira fazer uma doa\u00e7\u00e3o, tamb\u00e9m est\u00e1 o projeto Doe Bicicleta destinado a pessoas em situa\u00e7\u00e3o de vulnerabilidade social. Al\u00e9m disso, haver\u00e1 distribui\u00e7\u00e3o de adesivos e sorteio de uma bike para associados do Rodas da Paz.<\/p>\n<p>Ecoponto<br \/>\n\u00c1gua de gra\u00e7a no PicniK? Sim, para quem tem consci\u00eancia ambiental! O Ecoponto \u00e9 onde o p\u00fablico poder\u00e1 separar seu descarte com aux\u00edlio dos agentes ambientais. B\u00f4nus ao fazer a entrega: uma \u00e1gua.<\/p>\n<p>Transfer Gratuito Rodovi\u00e1ria at\u00e9 o Parque Da Cidade<\/p>\n<p>Partiu PicniK?! Basta procurar um dos monitores:<br \/>\nHor\u00e1rios de sa\u00edda: 13h30, 15h, 16h30 e 18h;<br \/>\nHor\u00e1rios de retorno: 18h30, 20h e 22h;<\/p>\n<p>Obs: \u00d4nibus PcD e Van, capaz de atender p\u00fablico cadeirante.<\/p>\n<p>Pontos de encontro:<br \/>\nRodovi\u00e1ria: na plataforma superior, sentido norte;<br \/>\nNo Parque Ana L\u00eddia: pr\u00f3ximo a Rest my Bike.<\/p>\n<p>Acesso por ABRACE (Associa\u00e7\u00e3o Brasileira de Assist\u00eancia \u00e0s Fam\u00edlias de Crian\u00e7as Portadoras de C\u00e2ncer e Hemopatias). A partir das 16h ser\u00e1 necess\u00e1rio 1kg de alimento para ingressar no evento<\/p>\n<p>Para fortalecer o trabalho de institui\u00e7\u00f5es do terceiro setor, o PicniK firma parceria com a ABRACE para ajudar as fam\u00edlias que, al\u00e9m da doen\u00e7a, enfrentam condi\u00e7\u00f5es socioecon\u00f4micas delicadas. Quem n\u00e3o levar o alimento, pode optar por contribuir com valor monet\u00e1rio.<br \/>\n* Atividades Gratuitas<\/p>\n<p><strong>Servi\u00e7o:<\/strong><br \/>\nPicniK \u2013 Dia das Crian\u00e7as e Anivers\u00e1rio do Parque Ana L\u00eddia.<br \/>\nData: 12 de outubro de 2023.<br \/>\nHor\u00e1rio: das 13h \u00e0s 23h.<br \/>\nLocal: Parque Ana L\u00eddia, Estacionamento 12, Parque da Cidade, Bras\u00edlia-DF.<br \/>\nEntrada: Gratuita at\u00e9 \u00e0s 16h. Ap\u00f3s, \u00e9 necess\u00e1ria a colabora\u00e7\u00e3o com 1 Kg de alimento n\u00e3o perec\u00edvel para o programa Abrace. Proibida a entrada com bebidas e comidas.<br \/>\nClassifica\u00e7\u00e3o: livre.<\/p>\n","protected":false},"excerpt":{"rendered":"<p>No dia 12 de outubro, no marco dos 54 anos do Parque Ana L\u00eddia, o PicniK apresenta \u00e0 fam\u00edlia candanga uma programa\u00e7\u00e3o especial para celebrar o anivers\u00e1rio do ponto de lazer brasiliense juntamente com o Dia das Crian\u00e7as. Das 13h \u00e0s 23h, o Estacionamento 12 do Sarah Kubitschek \u2014 parque que tamb\u00e9m faz anivers\u00e1rio este [&hellip;]<\/p>\n","protected":false},"author":2,"featured_media":314107,"comment_status":"closed","ping_status":"closed","sticky":false,"template":"","format":"standard","meta":{"_acf_changed":false,"footnotes":""},"categories":[161],"tags":[],"class_list":["post-314106","post","type-post","status-publish","format-standard","has-post-thumbnail","hentry","category-quadradinho-em-foco"],"acf":[],"yoast_head":"<!-- This site is optimized with the Yoast SEO plugin v27.2 - https:\/\/yoast.com\/product\/yoast-seo-wordpress\/ -->\n<title>Evento celebra Dia das Crian\u00e7as e 54 anos do Parque Ana L\u00eddia - Notibras<\/title>\n<meta name=\"robots\" content=\"index, follow, max-snippet:-1, max-image-preview:large, max-video-preview:-1\" \/>\n<link rel=\"canonical\" href=\"https:\/\/www.notibras.com\/site\/evento-celebra-dia-das-criancas-e-54-anos-do-parque-ana-lidia\/\" \/>\n<meta property=\"og:locale\" content=\"pt_BR\" \/>\n<meta property=\"og:type\" content=\"article\" \/>\n<meta property=\"og:title\" content=\"Evento celebra Dia das Crian\u00e7as e 54 anos do Parque Ana L\u00eddia - Notibras\" \/>\n<meta property=\"og:description\" content=\"No dia 12 de outubro, no marco dos 54 anos do Parque Ana L\u00eddia, o PicniK apresenta \u00e0 fam\u00edlia candanga uma programa\u00e7\u00e3o especial para celebrar o anivers\u00e1rio do ponto de lazer brasiliense juntamente com o Dia das Crian\u00e7as. Das 13h \u00e0s 23h, o Estacionamento 12 do Sarah Kubitschek \u2014 parque que tamb\u00e9m faz anivers\u00e1rio este [&hellip;]\" \/>\n<meta property=\"og:url\" content=\"https:\/\/www.notibras.com\/site\/evento-celebra-dia-das-criancas-e-54-anos-do-parque-ana-lidia\/\" \/>\n<meta property=\"og:site_name\" content=\"Notibras\" \/>\n<meta property=\"article:publisher\" content=\"https:\/\/www.facebook.com\/notibras\/\" \/>\n<meta property=\"article:published_time\" content=\"2023-10-06T00:16:50+00:00\" \/>\n<meta property=\"article:modified_time\" content=\"2023-10-06T00:17:09+00:00\" \/>\n<meta property=\"og:image\" content=\"https:\/\/www.notibras.com\/site\/wp-content\/uploads\/2023\/10\/Edicoes-anteriores_PicniK_Foto-Dilvulgalcao.jpg\" \/>\n\t<meta property=\"og:image:width\" content=\"1000\" \/>\n\t<meta property=\"og:image:height\" content=\"667\" \/>\n\t<meta property=\"og:image:type\" content=\"image\/jpeg\" \/>\n<meta name=\"author\" content=\"Reda\u00e7\u00e3o\" \/>\n<meta name=\"twitter:card\" content=\"summary_large_image\" \/>\n<meta name=\"twitter:creator\" content=\"@Notibras\" \/>\n<meta name=\"twitter:site\" content=\"@Notibras\" \/>\n<meta name=\"twitter:label1\" content=\"Escrito por\" \/>\n\t<meta name=\"twitter:data1\" content=\"Reda\u00e7\u00e3o\" \/>\n\t<meta name=\"twitter:label2\" content=\"Est. tempo de leitura\" \/>\n\t<meta name=\"twitter:data2\" content=\"10 minutos\" \/>\n<script type=\"application\/ld+json\" class=\"yoast-schema-graph\">{\"@context\":\"https:\/\/schema.org\",\"@graph\":[{\"@type\":\"Article\",\"@id\":\"https:\/\/www.notibras.com\/site\/evento-celebra-dia-das-criancas-e-54-anos-do-parque-ana-lidia\/#article\",\"isPartOf\":{\"@id\":\"https:\/\/www.notibras.com\/site\/evento-celebra-dia-das-criancas-e-54-anos-do-parque-ana-lidia\/\"},\"author\":{\"name\":\"Reda\u00e7\u00e3o\",\"@id\":\"https:\/\/www.notibras.com\/site\/#\/schema\/person\/36ab0979449956132d3e5b517ea76ac8\"},\"headline\":\"Evento celebra Dia das Crian\u00e7as e 54 anos do Parque Ana L\u00eddia\",\"datePublished\":\"2023-10-06T00:16:50+00:00\",\"dateModified\":\"2023-10-06T00:17:09+00:00\",\"mainEntityOfPage\":{\"@id\":\"https:\/\/www.notibras.com\/site\/evento-celebra-dia-das-criancas-e-54-anos-do-parque-ana-lidia\/\"},\"wordCount\":1916,\"publisher\":{\"@id\":\"https:\/\/www.notibras.com\/site\/#organization\"},\"image\":{\"@id\":\"https:\/\/www.notibras.com\/site\/evento-celebra-dia-das-criancas-e-54-anos-do-parque-ana-lidia\/#primaryimage\"},\"thumbnailUrl\":\"https:\/\/www.notibras.com\/site\/wp-content\/uploads\/2023\/10\/Edicoes-anteriores_PicniK_Foto-Dilvulgalcao.jpg\",\"articleSection\":[\"Quadradinho em Foco\"],\"inLanguage\":\"pt-BR\"},{\"@type\":\"WebPage\",\"@id\":\"https:\/\/www.notibras.com\/site\/evento-celebra-dia-das-criancas-e-54-anos-do-parque-ana-lidia\/\",\"url\":\"https:\/\/www.notibras.com\/site\/evento-celebra-dia-das-criancas-e-54-anos-do-parque-ana-lidia\/\",\"name\":\"Evento celebra Dia das Crian\u00e7as e 54 anos do Parque Ana L\u00eddia - Notibras\",\"isPartOf\":{\"@id\":\"https:\/\/www.notibras.com\/site\/#website\"},\"primaryImageOfPage\":{\"@id\":\"https:\/\/www.notibras.com\/site\/evento-celebra-dia-das-criancas-e-54-anos-do-parque-ana-lidia\/#primaryimage\"},\"image\":{\"@id\":\"https:\/\/www.notibras.com\/site\/evento-celebra-dia-das-criancas-e-54-anos-do-parque-ana-lidia\/#primaryimage\"},\"thumbnailUrl\":\"https:\/\/www.notibras.com\/site\/wp-content\/uploads\/2023\/10\/Edicoes-anteriores_PicniK_Foto-Dilvulgalcao.jpg\",\"datePublished\":\"2023-10-06T00:16:50+00:00\",\"dateModified\":\"2023-10-06T00:17:09+00:00\",\"breadcrumb\":{\"@id\":\"https:\/\/www.notibras.com\/site\/evento-celebra-dia-das-criancas-e-54-anos-do-parque-ana-lidia\/#breadcrumb\"},\"inLanguage\":\"pt-BR\",\"potentialAction\":[{\"@type\":\"ReadAction\",\"target\":[\"https:\/\/www.notibras.com\/site\/evento-celebra-dia-das-criancas-e-54-anos-do-parque-ana-lidia\/\"]}]},{\"@type\":\"ImageObject\",\"inLanguage\":\"pt-BR\",\"@id\":\"https:\/\/www.notibras.com\/site\/evento-celebra-dia-das-criancas-e-54-anos-do-parque-ana-lidia\/#primaryimage\",\"url\":\"https:\/\/www.notibras.com\/site\/wp-content\/uploads\/2023\/10\/Edicoes-anteriores_PicniK_Foto-Dilvulgalcao.jpg\",\"contentUrl\":\"https:\/\/www.notibras.com\/site\/wp-content\/uploads\/2023\/10\/Edicoes-anteriores_PicniK_Foto-Dilvulgalcao.jpg\",\"width\":1000,\"height\":667},{\"@type\":\"BreadcrumbList\",\"@id\":\"https:\/\/www.notibras.com\/site\/evento-celebra-dia-das-criancas-e-54-anos-do-parque-ana-lidia\/#breadcrumb\",\"itemListElement\":[{\"@type\":\"ListItem\",\"position\":1,\"name\":\"In\u00edcio\",\"item\":\"https:\/\/www.notibras.com\/site\/\"},{\"@type\":\"ListItem\",\"position\":2,\"name\":\"Evento celebra Dia das Crian\u00e7as e 54 anos do Parque Ana L\u00eddia\"}]},{\"@type\":\"WebSite\",\"@id\":\"https:\/\/www.notibras.com\/site\/#website\",\"url\":\"https:\/\/www.notibras.com\/site\/\",\"name\":\"Notibras\",\"description\":\"Not\u00edcias de Bras\u00edlia, do Brasil e do Mundo\",\"publisher\":{\"@id\":\"https:\/\/www.notibras.com\/site\/#organization\"},\"potentialAction\":[{\"@type\":\"SearchAction\",\"target\":{\"@type\":\"EntryPoint\",\"urlTemplate\":\"https:\/\/www.notibras.com\/site\/?s={search_term_string}\"},\"query-input\":{\"@type\":\"PropertyValueSpecification\",\"valueRequired\":true,\"valueName\":\"search_term_string\"}}],\"inLanguage\":\"pt-BR\"},{\"@type\":\"Organization\",\"@id\":\"https:\/\/www.notibras.com\/site\/#organization\",\"name\":\"Grupo Notibras de Comunica\u00e7\u00e3o\",\"url\":\"https:\/\/www.notibras.com\/site\/\",\"logo\":{\"@type\":\"ImageObject\",\"inLanguage\":\"pt-BR\",\"@id\":\"https:\/\/www.notibras.com\/site\/#\/schema\/logo\/image\/\",\"url\":\"https:\/\/www.notibras.com\/site\/wp-content\/uploads\/2023\/01\/notibras23.png\",\"contentUrl\":\"https:\/\/www.notibras.com\/site\/wp-content\/uploads\/2023\/01\/notibras23.png\",\"width\":350,\"height\":87,\"caption\":\"Grupo Notibras de Comunica\u00e7\u00e3o\"},\"image\":{\"@id\":\"https:\/\/www.notibras.com\/site\/#\/schema\/logo\/image\/\"},\"sameAs\":[\"https:\/\/www.facebook.com\/notibras\/\",\"https:\/\/x.com\/Notibras\",\"https:\/\/www.instagram.com\/notibras\/\"]},{\"@type\":\"Person\",\"@id\":\"https:\/\/www.notibras.com\/site\/#\/schema\/person\/36ab0979449956132d3e5b517ea76ac8\",\"name\":\"Reda\u00e7\u00e3o\",\"image\":{\"@type\":\"ImageObject\",\"inLanguage\":\"pt-BR\",\"@id\":\"https:\/\/secure.gravatar.com\/avatar\/e0a867bdedb85fd243eadf09663511f96fc81e0720a4a42581f334ad4303aa6b?s=96&d=mm&r=g\",\"url\":\"https:\/\/secure.gravatar.com\/avatar\/e0a867bdedb85fd243eadf09663511f96fc81e0720a4a42581f334ad4303aa6b?s=96&d=mm&r=g\",\"contentUrl\":\"https:\/\/secure.gravatar.com\/avatar\/e0a867bdedb85fd243eadf09663511f96fc81e0720a4a42581f334ad4303aa6b?s=96&d=mm&r=g\",\"caption\":\"Reda\u00e7\u00e3o\"}}]}<\/script>\n<!-- \/ Yoast SEO plugin. -->","yoast_head_json":{"title":"Evento celebra Dia das Crian\u00e7as e 54 anos do Parque Ana L\u00eddia - Notibras","robots":{"index":"index","follow":"follow","max-snippet":"max-snippet:-1","max-image-preview":"max-image-preview:large","max-video-preview":"max-video-preview:-1"},"canonical":"https:\/\/www.notibras.com\/site\/evento-celebra-dia-das-criancas-e-54-anos-do-parque-ana-lidia\/","og_locale":"pt_BR","og_type":"article","og_title":"Evento celebra Dia das Crian\u00e7as e 54 anos do Parque Ana L\u00eddia - Notibras","og_description":"No dia 12 de outubro, no marco dos 54 anos do Parque Ana L\u00eddia, o PicniK apresenta \u00e0 fam\u00edlia candanga uma programa\u00e7\u00e3o especial para celebrar o anivers\u00e1rio do ponto de lazer brasiliense juntamente com o Dia das Crian\u00e7as. Das 13h \u00e0s 23h, o Estacionamento 12 do Sarah Kubitschek \u2014 parque que tamb\u00e9m faz anivers\u00e1rio este [&hellip;]","og_url":"https:\/\/www.notibras.com\/site\/evento-celebra-dia-das-criancas-e-54-anos-do-parque-ana-lidia\/","og_site_name":"Notibras","article_publisher":"https:\/\/www.facebook.com\/notibras\/","article_published_time":"2023-10-06T00:16:50+00:00","article_modified_time":"2023-10-06T00:17:09+00:00","og_image":[{"width":1000,"height":667,"url":"https:\/\/www.notibras.com\/site\/wp-content\/uploads\/2023\/10\/Edicoes-anteriores_PicniK_Foto-Dilvulgalcao.jpg","type":"image\/jpeg"}],"author":"Reda\u00e7\u00e3o","twitter_card":"summary_large_image","twitter_creator":"@Notibras","twitter_site":"@Notibras","twitter_misc":{"Escrito por":"Reda\u00e7\u00e3o","Est. tempo de leitura":"10 minutos"},"schema":{"@context":"https:\/\/schema.org","@graph":[{"@type":"Article","@id":"https:\/\/www.notibras.com\/site\/evento-celebra-dia-das-criancas-e-54-anos-do-parque-ana-lidia\/#article","isPartOf":{"@id":"https:\/\/www.notibras.com\/site\/evento-celebra-dia-das-criancas-e-54-anos-do-parque-ana-lidia\/"},"author":{"name":"Reda\u00e7\u00e3o","@id":"https:\/\/www.notibras.com\/site\/#\/schema\/person\/36ab0979449956132d3e5b517ea76ac8"},"headline":"Evento celebra Dia das Crian\u00e7as e 54 anos do Parque Ana L\u00eddia","datePublished":"2023-10-06T00:16:50+00:00","dateModified":"2023-10-06T00:17:09+00:00","mainEntityOfPage":{"@id":"https:\/\/www.notibras.com\/site\/evento-celebra-dia-das-criancas-e-54-anos-do-parque-ana-lidia\/"},"wordCount":1916,"publisher":{"@id":"https:\/\/www.notibras.com\/site\/#organization"},"image":{"@id":"https:\/\/www.notibras.com\/site\/evento-celebra-dia-das-criancas-e-54-anos-do-parque-ana-lidia\/#primaryimage"},"thumbnailUrl":"https:\/\/www.notibras.com\/site\/wp-content\/uploads\/2023\/10\/Edicoes-anteriores_PicniK_Foto-Dilvulgalcao.jpg","articleSection":["Quadradinho em Foco"],"inLanguage":"pt-BR"},{"@type":"WebPage","@id":"https:\/\/www.notibras.com\/site\/evento-celebra-dia-das-criancas-e-54-anos-do-parque-ana-lidia\/","url":"https:\/\/www.notibras.com\/site\/evento-celebra-dia-das-criancas-e-54-anos-do-parque-ana-lidia\/","name":"Evento celebra Dia das Crian\u00e7as e 54 anos do Parque Ana L\u00eddia - Notibras","isPartOf":{"@id":"https:\/\/www.notibras.com\/site\/#website"},"primaryImageOfPage":{"@id":"https:\/\/www.notibras.com\/site\/evento-celebra-dia-das-criancas-e-54-anos-do-parque-ana-lidia\/#primaryimage"},"image":{"@id":"https:\/\/www.notibras.com\/site\/evento-celebra-dia-das-criancas-e-54-anos-do-parque-ana-lidia\/#primaryimage"},"thumbnailUrl":"https:\/\/www.notibras.com\/site\/wp-content\/uploads\/2023\/10\/Edicoes-anteriores_PicniK_Foto-Dilvulgalcao.jpg","datePublished":"2023-10-06T00:16:50+00:00","dateModified":"2023-10-06T00:17:09+00:00","breadcrumb":{"@id":"https:\/\/www.notibras.com\/site\/evento-celebra-dia-das-criancas-e-54-anos-do-parque-ana-lidia\/#breadcrumb"},"inLanguage":"pt-BR","potentialAction":[{"@type":"ReadAction","target":["https:\/\/www.notibras.com\/site\/evento-celebra-dia-das-criancas-e-54-anos-do-parque-ana-lidia\/"]}]},{"@type":"ImageObject","inLanguage":"pt-BR","@id":"https:\/\/www.notibras.com\/site\/evento-celebra-dia-das-criancas-e-54-anos-do-parque-ana-lidia\/#primaryimage","url":"https:\/\/www.notibras.com\/site\/wp-content\/uploads\/2023\/10\/Edicoes-anteriores_PicniK_Foto-Dilvulgalcao.jpg","contentUrl":"https:\/\/www.notibras.com\/site\/wp-content\/uploads\/2023\/10\/Edicoes-anteriores_PicniK_Foto-Dilvulgalcao.jpg","width":1000,"height":667},{"@type":"BreadcrumbList","@id":"https:\/\/www.notibras.com\/site\/evento-celebra-dia-das-criancas-e-54-anos-do-parque-ana-lidia\/#breadcrumb","itemListElement":[{"@type":"ListItem","position":1,"name":"In\u00edcio","item":"https:\/\/www.notibras.com\/site\/"},{"@type":"ListItem","position":2,"name":"Evento celebra Dia das Crian\u00e7as e 54 anos do Parque Ana L\u00eddia"}]},{"@type":"WebSite","@id":"https:\/\/www.notibras.com\/site\/#website","url":"https:\/\/www.notibras.com\/site\/","name":"Notibras","description":"Not\u00edcias de Bras\u00edlia, do Brasil e do Mundo","publisher":{"@id":"https:\/\/www.notibras.com\/site\/#organization"},"potentialAction":[{"@type":"SearchAction","target":{"@type":"EntryPoint","urlTemplate":"https:\/\/www.notibras.com\/site\/?s={search_term_string}"},"query-input":{"@type":"PropertyValueSpecification","valueRequired":true,"valueName":"search_term_string"}}],"inLanguage":"pt-BR"},{"@type":"Organization","@id":"https:\/\/www.notibras.com\/site\/#organization","name":"Grupo Notibras de Comunica\u00e7\u00e3o","url":"https:\/\/www.notibras.com\/site\/","logo":{"@type":"ImageObject","inLanguage":"pt-BR","@id":"https:\/\/www.notibras.com\/site\/#\/schema\/logo\/image\/","url":"https:\/\/www.notibras.com\/site\/wp-content\/uploads\/2023\/01\/notibras23.png","contentUrl":"https:\/\/www.notibras.com\/site\/wp-content\/uploads\/2023\/01\/notibras23.png","width":350,"height":87,"caption":"Grupo Notibras de Comunica\u00e7\u00e3o"},"image":{"@id":"https:\/\/www.notibras.com\/site\/#\/schema\/logo\/image\/"},"sameAs":["https:\/\/www.facebook.com\/notibras\/","https:\/\/x.com\/Notibras","https:\/\/www.instagram.com\/notibras\/"]},{"@type":"Person","@id":"https:\/\/www.notibras.com\/site\/#\/schema\/person\/36ab0979449956132d3e5b517ea76ac8","name":"Reda\u00e7\u00e3o","image":{"@type":"ImageObject","inLanguage":"pt-BR","@id":"https:\/\/secure.gravatar.com\/avatar\/e0a867bdedb85fd243eadf09663511f96fc81e0720a4a42581f334ad4303aa6b?s=96&d=mm&r=g","url":"https:\/\/secure.gravatar.com\/avatar\/e0a867bdedb85fd243eadf09663511f96fc81e0720a4a42581f334ad4303aa6b?s=96&d=mm&r=g","contentUrl":"https:\/\/secure.gravatar.com\/avatar\/e0a867bdedb85fd243eadf09663511f96fc81e0720a4a42581f334ad4303aa6b?s=96&d=mm&r=g","caption":"Reda\u00e7\u00e3o"}}]}},"amp_enabled":true,"_links":{"self":[{"href":"https:\/\/www.notibras.com\/site\/wp-json\/wp\/v2\/posts\/314106","targetHints":{"allow":["GET"]}}],"collection":[{"href":"https:\/\/www.notibras.com\/site\/wp-json\/wp\/v2\/posts"}],"about":[{"href":"https:\/\/www.notibras.com\/site\/wp-json\/wp\/v2\/types\/post"}],"author":[{"embeddable":true,"href":"https:\/\/www.notibras.com\/site\/wp-json\/wp\/v2\/users\/2"}],"replies":[{"embeddable":true,"href":"https:\/\/www.notibras.com\/site\/wp-json\/wp\/v2\/comments?post=314106"}],"version-history":[{"count":1,"href":"https:\/\/www.notibras.com\/site\/wp-json\/wp\/v2\/posts\/314106\/revisions"}],"predecessor-version":[{"id":314108,"href":"https:\/\/www.notibras.com\/site\/wp-json\/wp\/v2\/posts\/314106\/revisions\/314108"}],"wp:featuredmedia":[{"embeddable":true,"href":"https:\/\/www.notibras.com\/site\/wp-json\/wp\/v2\/media\/314107"}],"wp:attachment":[{"href":"https:\/\/www.notibras.com\/site\/wp-json\/wp\/v2\/media?parent=314106"}],"wp:term":[{"taxonomy":"category","embeddable":true,"href":"https:\/\/www.notibras.com\/site\/wp-json\/wp\/v2\/categories?post=314106"},{"taxonomy":"post_tag","embeddable":true,"href":"https:\/\/www.notibras.com\/site\/wp-json\/wp\/v2\/tags?post=314106"}],"curies":[{"name":"wp","href":"https:\/\/api.w.org\/{rel}","templated":true}]}}