{"id":314110,"date":"2023-10-05T21:26:22","date_gmt":"2023-10-06T00:26:22","guid":{"rendered":"https:\/\/www.notibras.com\/site\/?p=314110"},"modified":"2023-10-05T21:26:22","modified_gmt":"2023-10-06T00:26:22","slug":"tcdf-cobra-providencias-para-mapear-mulheres-vulneraveis","status":"publish","type":"post","link":"https:\/\/www.notibras.com\/site\/tcdf-cobra-providencias-para-mapear-mulheres-vulneraveis\/","title":{"rendered":"TCDF cobra provid\u00eancias para mapear mulheres vulner\u00e1veis"},"content":{"rendered":"<p>O Tribunal de Contas determinou prazo de 30 dias para que a Casa Civil e a Secretaria de Sa\u00fade apresentem esclarecimentos sobre um poss\u00edvel descumprimento da Lei Distrital n\u00ba 6.733\/2020, que torna obrigat\u00f3ria a realiza\u00e7\u00e3o de mapeamento gen\u00e9tico em mulheres com elevado risco de desenvolver c\u00e2ncer de mama. A decis\u00e3o ocorreu na sess\u00e3o plen\u00e1ria desta quarta-feira, dia 5 de outubro.<\/p>\n<p>Pela legisla\u00e7\u00e3o distrital, o exame deveria ser ofertado em todos os hospitais da rede p\u00fablica do DF desde o in\u00edcio de 2021. No entanto, o TCDF recebeu uma representa\u00e7\u00e3o informando que o mapeamento gen\u00e9tico n\u00e3o est\u00e1 sendo realizado em nenhuma unidade de sa\u00fade. Segundo a den\u00fancia, a SES\/DF teria informado que &#8220;n\u00e3o disponibiliza de maneira gratuita a testagem germinativa para pacientes com suspeita de c\u00e2ncer heredit\u00e1rio&#8221;.<\/p>\n<p>Ainda de acordo com a representa\u00e7\u00e3o, a falta de oferta regular desse teste acaba gerando demandas judiciais, que \u2013 pela urg\u00eancia de atendimento \u2013 se tornam mais onerosas para os cofres p\u00fablicos. O documento tamb\u00e9m chama aten\u00e7\u00e3o para as consequ\u00eancias causadas aos pacientes, como interna\u00e7\u00f5es, tratamentos quimioter\u00e1picos, dentre outros.<\/p>\n<p>Com a decis\u00e3o do Tribunal de Contas, a Casa Civil e a Secretaria de Sa\u00fade do DF devem informar \u00e0 Corte o que \u00e9 necess\u00e1rio para a implementa\u00e7\u00e3o e execu\u00e7\u00e3o da pol\u00edtica p\u00fablica. Os \u00f3rg\u00e3os distritais tamb\u00e9m devem se manifestar sobre os custos envolvidos e sobre a aloca\u00e7\u00e3o dos recursos necess\u00e1rios na Lei Or\u00e7ament\u00e1ria Anual e no Plano Plurianual (Processo n\u00ba 00600-00012502\/2023-18-e).<\/p>\n<p><strong>Mais sobre o exame preventivo<\/strong><br \/>\nO mapeamento gen\u00e9tico identifica muta\u00e7\u00f5es no gene BRCA. Muta\u00e7\u00f5es nos genes BRCA 1 e BRCA 2 aumentam muito as chances de a mulher desenvolver c\u00e2ncer de mama ou de ov\u00e1rio. Segundo dados do Instituto Nacional de C\u00e2ncer (Inca), foram estimados 73.610 casos novos de c\u00e2ncer de mama no Brasil em 2023, com um risco estimado de 66 casos a cada 100 mil mulheres.<\/p>\n<p>O c\u00e2ncer de mama tamb\u00e9m ocupa a primeira posi\u00e7\u00e3o em mortalidade por c\u00e2ncer entre as mulheres no Brasil. Os principais sinais e sintomas suspeitos da neoplasia maligna s\u00e3o: caro\u00e7o ou n\u00f3dulo, geralmente endurecido, fixo e indolor; pele da mama avermelhada ou parecida com casca de laranja, altera\u00e7\u00f5es no bico do peito e sa\u00edda espont\u00e2nea de l\u00edquido de um dos mamilos. Tamb\u00e9m podem aparecer pequenos n\u00f3dulos no pesco\u00e7o ou na regi\u00e3o embaixo dos bra\u00e7os.<\/p>\n","protected":false},"excerpt":{"rendered":"<p>O Tribunal de Contas determinou prazo de 30 dias para que a Casa Civil e a Secretaria de Sa\u00fade apresentem esclarecimentos sobre um poss\u00edvel descumprimento da Lei Distrital n\u00ba 6.733\/2020, que torna obrigat\u00f3ria a realiza\u00e7\u00e3o de mapeamento gen\u00e9tico em mulheres com elevado risco de desenvolver c\u00e2ncer de mama. A decis\u00e3o ocorreu na sess\u00e3o plen\u00e1ria desta [&hellip;]<\/p>\n","protected":false},"author":2,"featured_media":245966,"comment_status":"closed","ping_status":"closed","sticky":false,"template":"","format":"standard","meta":{"_acf_changed":false,"footnotes":""},"categories":[161],"tags":[],"class_list":["post-314110","post","type-post","status-publish","format-standard","has-post-thumbnail","hentry","category-quadradinho-em-foco"],"acf":[],"yoast_head":"<!-- This site is optimized with the Yoast SEO plugin v27.2 - https:\/\/yoast.com\/product\/yoast-seo-wordpress\/ -->\n<title>TCDF cobra provid\u00eancias para mapear mulheres vulner\u00e1veis - Notibras<\/title>\n<meta name=\"robots\" content=\"index, follow, max-snippet:-1, max-image-preview:large, max-video-preview:-1\" \/>\n<link rel=\"canonical\" href=\"https:\/\/www.notibras.com\/site\/tcdf-cobra-providencias-para-mapear-mulheres-vulneraveis\/\" \/>\n<meta property=\"og:locale\" content=\"pt_BR\" \/>\n<meta property=\"og:type\" content=\"article\" \/>\n<meta property=\"og:title\" content=\"TCDF cobra provid\u00eancias para mapear mulheres vulner\u00e1veis - Notibras\" \/>\n<meta property=\"og:description\" content=\"O Tribunal de Contas determinou prazo de 30 dias para que a Casa Civil e a Secretaria de Sa\u00fade apresentem esclarecimentos sobre um poss\u00edvel descumprimento da Lei Distrital n\u00ba 6.733\/2020, que torna obrigat\u00f3ria a realiza\u00e7\u00e3o de mapeamento gen\u00e9tico em mulheres com elevado risco de desenvolver c\u00e2ncer de mama. A decis\u00e3o ocorreu na sess\u00e3o plen\u00e1ria desta [&hellip;]\" \/>\n<meta property=\"og:url\" content=\"https:\/\/www.notibras.com\/site\/tcdf-cobra-providencias-para-mapear-mulheres-vulneraveis\/\" \/>\n<meta property=\"og:site_name\" content=\"Notibras\" \/>\n<meta property=\"article:publisher\" content=\"https:\/\/www.facebook.com\/notibras\/\" \/>\n<meta property=\"article:published_time\" content=\"2023-10-06T00:26:22+00:00\" \/>\n<meta property=\"og:image\" content=\"https:\/\/www.notibras.com\/site\/wp-content\/uploads\/2020\/11\/autoexame_cancer_de_mama-1.png\" \/>\n\t<meta property=\"og:image:width\" content=\"1170\" \/>\n\t<meta property=\"og:image:height\" content=\"700\" \/>\n\t<meta property=\"og:image:type\" content=\"image\/png\" \/>\n<meta name=\"author\" content=\"Reda\u00e7\u00e3o\" \/>\n<meta name=\"twitter:card\" content=\"summary_large_image\" \/>\n<meta name=\"twitter:creator\" content=\"@Notibras\" \/>\n<meta name=\"twitter:site\" content=\"@Notibras\" \/>\n<meta name=\"twitter:label1\" content=\"Escrito por\" \/>\n\t<meta name=\"twitter:data1\" content=\"Reda\u00e7\u00e3o\" \/>\n\t<meta name=\"twitter:label2\" content=\"Est. tempo de leitura\" \/>\n\t<meta name=\"twitter:data2\" content=\"3 minutos\" \/>\n<script type=\"application\/ld+json\" class=\"yoast-schema-graph\">{\"@context\":\"https:\/\/schema.org\",\"@graph\":[{\"@type\":\"Article\",\"@id\":\"https:\/\/www.notibras.com\/site\/tcdf-cobra-providencias-para-mapear-mulheres-vulneraveis\/#article\",\"isPartOf\":{\"@id\":\"https:\/\/www.notibras.com\/site\/tcdf-cobra-providencias-para-mapear-mulheres-vulneraveis\/\"},\"author\":{\"name\":\"Reda\u00e7\u00e3o\",\"@id\":\"https:\/\/www.notibras.com\/site\/#\/schema\/person\/36ab0979449956132d3e5b517ea76ac8\"},\"headline\":\"TCDF cobra provid\u00eancias para mapear mulheres vulner\u00e1veis\",\"datePublished\":\"2023-10-06T00:26:22+00:00\",\"mainEntityOfPage\":{\"@id\":\"https:\/\/www.notibras.com\/site\/tcdf-cobra-providencias-para-mapear-mulheres-vulneraveis\/\"},\"wordCount\":440,\"publisher\":{\"@id\":\"https:\/\/www.notibras.com\/site\/#organization\"},\"image\":{\"@id\":\"https:\/\/www.notibras.com\/site\/tcdf-cobra-providencias-para-mapear-mulheres-vulneraveis\/#primaryimage\"},\"thumbnailUrl\":\"https:\/\/www.notibras.com\/site\/wp-content\/uploads\/2020\/11\/autoexame_cancer_de_mama-1.png\",\"articleSection\":[\"Quadradinho em Foco\"],\"inLanguage\":\"pt-BR\"},{\"@type\":\"WebPage\",\"@id\":\"https:\/\/www.notibras.com\/site\/tcdf-cobra-providencias-para-mapear-mulheres-vulneraveis\/\",\"url\":\"https:\/\/www.notibras.com\/site\/tcdf-cobra-providencias-para-mapear-mulheres-vulneraveis\/\",\"name\":\"TCDF cobra provid\u00eancias para mapear mulheres vulner\u00e1veis - Notibras\",\"isPartOf\":{\"@id\":\"https:\/\/www.notibras.com\/site\/#website\"},\"primaryImageOfPage\":{\"@id\":\"https:\/\/www.notibras.com\/site\/tcdf-cobra-providencias-para-mapear-mulheres-vulneraveis\/#primaryimage\"},\"image\":{\"@id\":\"https:\/\/www.notibras.com\/site\/tcdf-cobra-providencias-para-mapear-mulheres-vulneraveis\/#primaryimage\"},\"thumbnailUrl\":\"https:\/\/www.notibras.com\/site\/wp-content\/uploads\/2020\/11\/autoexame_cancer_de_mama-1.png\",\"datePublished\":\"2023-10-06T00:26:22+00:00\",\"breadcrumb\":{\"@id\":\"https:\/\/www.notibras.com\/site\/tcdf-cobra-providencias-para-mapear-mulheres-vulneraveis\/#breadcrumb\"},\"inLanguage\":\"pt-BR\",\"potentialAction\":[{\"@type\":\"ReadAction\",\"target\":[\"https:\/\/www.notibras.com\/site\/tcdf-cobra-providencias-para-mapear-mulheres-vulneraveis\/\"]}]},{\"@type\":\"ImageObject\",\"inLanguage\":\"pt-BR\",\"@id\":\"https:\/\/www.notibras.com\/site\/tcdf-cobra-providencias-para-mapear-mulheres-vulneraveis\/#primaryimage\",\"url\":\"https:\/\/www.notibras.com\/site\/wp-content\/uploads\/2020\/11\/autoexame_cancer_de_mama-1.png\",\"contentUrl\":\"https:\/\/www.notibras.com\/site\/wp-content\/uploads\/2020\/11\/autoexame_cancer_de_mama-1.png\",\"width\":1170,\"height\":700},{\"@type\":\"BreadcrumbList\",\"@id\":\"https:\/\/www.notibras.com\/site\/tcdf-cobra-providencias-para-mapear-mulheres-vulneraveis\/#breadcrumb\",\"itemListElement\":[{\"@type\":\"ListItem\",\"position\":1,\"name\":\"In\u00edcio\",\"item\":\"https:\/\/www.notibras.com\/site\/\"},{\"@type\":\"ListItem\",\"position\":2,\"name\":\"TCDF cobra provid\u00eancias para mapear mulheres vulner\u00e1veis\"}]},{\"@type\":\"WebSite\",\"@id\":\"https:\/\/www.notibras.com\/site\/#website\",\"url\":\"https:\/\/www.notibras.com\/site\/\",\"name\":\"Notibras\",\"description\":\"Not\u00edcias de Bras\u00edlia, do Brasil e do Mundo\",\"publisher\":{\"@id\":\"https:\/\/www.notibras.com\/site\/#organization\"},\"potentialAction\":[{\"@type\":\"SearchAction\",\"target\":{\"@type\":\"EntryPoint\",\"urlTemplate\":\"https:\/\/www.notibras.com\/site\/?s={search_term_string}\"},\"query-input\":{\"@type\":\"PropertyValueSpecification\",\"valueRequired\":true,\"valueName\":\"search_term_string\"}}],\"inLanguage\":\"pt-BR\"},{\"@type\":\"Organization\",\"@id\":\"https:\/\/www.notibras.com\/site\/#organization\",\"name\":\"Grupo Notibras de Comunica\u00e7\u00e3o\",\"url\":\"https:\/\/www.notibras.com\/site\/\",\"logo\":{\"@type\":\"ImageObject\",\"inLanguage\":\"pt-BR\",\"@id\":\"https:\/\/www.notibras.com\/site\/#\/schema\/logo\/image\/\",\"url\":\"https:\/\/www.notibras.com\/site\/wp-content\/uploads\/2023\/01\/notibras23.png\",\"contentUrl\":\"https:\/\/www.notibras.com\/site\/wp-content\/uploads\/2023\/01\/notibras23.png\",\"width\":350,\"height\":87,\"caption\":\"Grupo Notibras de Comunica\u00e7\u00e3o\"},\"image\":{\"@id\":\"https:\/\/www.notibras.com\/site\/#\/schema\/logo\/image\/\"},\"sameAs\":[\"https:\/\/www.facebook.com\/notibras\/\",\"https:\/\/x.com\/Notibras\",\"https:\/\/www.instagram.com\/notibras\/\"]},{\"@type\":\"Person\",\"@id\":\"https:\/\/www.notibras.com\/site\/#\/schema\/person\/36ab0979449956132d3e5b517ea76ac8\",\"name\":\"Reda\u00e7\u00e3o\",\"image\":{\"@type\":\"ImageObject\",\"inLanguage\":\"pt-BR\",\"@id\":\"https:\/\/secure.gravatar.com\/avatar\/e0a867bdedb85fd243eadf09663511f96fc81e0720a4a42581f334ad4303aa6b?s=96&d=mm&r=g\",\"url\":\"https:\/\/secure.gravatar.com\/avatar\/e0a867bdedb85fd243eadf09663511f96fc81e0720a4a42581f334ad4303aa6b?s=96&d=mm&r=g\",\"contentUrl\":\"https:\/\/secure.gravatar.com\/avatar\/e0a867bdedb85fd243eadf09663511f96fc81e0720a4a42581f334ad4303aa6b?s=96&d=mm&r=g\",\"caption\":\"Reda\u00e7\u00e3o\"}}]}<\/script>\n<!-- \/ Yoast SEO plugin. -->","yoast_head_json":{"title":"TCDF cobra provid\u00eancias para mapear mulheres vulner\u00e1veis - Notibras","robots":{"index":"index","follow":"follow","max-snippet":"max-snippet:-1","max-image-preview":"max-image-preview:large","max-video-preview":"max-video-preview:-1"},"canonical":"https:\/\/www.notibras.com\/site\/tcdf-cobra-providencias-para-mapear-mulheres-vulneraveis\/","og_locale":"pt_BR","og_type":"article","og_title":"TCDF cobra provid\u00eancias para mapear mulheres vulner\u00e1veis - Notibras","og_description":"O Tribunal de Contas determinou prazo de 30 dias para que a Casa Civil e a Secretaria de Sa\u00fade apresentem esclarecimentos sobre um poss\u00edvel descumprimento da Lei Distrital n\u00ba 6.733\/2020, que torna obrigat\u00f3ria a realiza\u00e7\u00e3o de mapeamento gen\u00e9tico em mulheres com elevado risco de desenvolver c\u00e2ncer de mama. A decis\u00e3o ocorreu na sess\u00e3o plen\u00e1ria desta [&hellip;]","og_url":"https:\/\/www.notibras.com\/site\/tcdf-cobra-providencias-para-mapear-mulheres-vulneraveis\/","og_site_name":"Notibras","article_publisher":"https:\/\/www.facebook.com\/notibras\/","article_published_time":"2023-10-06T00:26:22+00:00","og_image":[{"width":1170,"height":700,"url":"https:\/\/www.notibras.com\/site\/wp-content\/uploads\/2020\/11\/autoexame_cancer_de_mama-1.png","type":"image\/png"}],"author":"Reda\u00e7\u00e3o","twitter_card":"summary_large_image","twitter_creator":"@Notibras","twitter_site":"@Notibras","twitter_misc":{"Escrito por":"Reda\u00e7\u00e3o","Est. tempo de leitura":"3 minutos"},"schema":{"@context":"https:\/\/schema.org","@graph":[{"@type":"Article","@id":"https:\/\/www.notibras.com\/site\/tcdf-cobra-providencias-para-mapear-mulheres-vulneraveis\/#article","isPartOf":{"@id":"https:\/\/www.notibras.com\/site\/tcdf-cobra-providencias-para-mapear-mulheres-vulneraveis\/"},"author":{"name":"Reda\u00e7\u00e3o","@id":"https:\/\/www.notibras.com\/site\/#\/schema\/person\/36ab0979449956132d3e5b517ea76ac8"},"headline":"TCDF cobra provid\u00eancias para mapear mulheres vulner\u00e1veis","datePublished":"2023-10-06T00:26:22+00:00","mainEntityOfPage":{"@id":"https:\/\/www.notibras.com\/site\/tcdf-cobra-providencias-para-mapear-mulheres-vulneraveis\/"},"wordCount":440,"publisher":{"@id":"https:\/\/www.notibras.com\/site\/#organization"},"image":{"@id":"https:\/\/www.notibras.com\/site\/tcdf-cobra-providencias-para-mapear-mulheres-vulneraveis\/#primaryimage"},"thumbnailUrl":"https:\/\/www.notibras.com\/site\/wp-content\/uploads\/2020\/11\/autoexame_cancer_de_mama-1.png","articleSection":["Quadradinho em Foco"],"inLanguage":"pt-BR"},{"@type":"WebPage","@id":"https:\/\/www.notibras.com\/site\/tcdf-cobra-providencias-para-mapear-mulheres-vulneraveis\/","url":"https:\/\/www.notibras.com\/site\/tcdf-cobra-providencias-para-mapear-mulheres-vulneraveis\/","name":"TCDF cobra provid\u00eancias para mapear mulheres vulner\u00e1veis - Notibras","isPartOf":{"@id":"https:\/\/www.notibras.com\/site\/#website"},"primaryImageOfPage":{"@id":"https:\/\/www.notibras.com\/site\/tcdf-cobra-providencias-para-mapear-mulheres-vulneraveis\/#primaryimage"},"image":{"@id":"https:\/\/www.notibras.com\/site\/tcdf-cobra-providencias-para-mapear-mulheres-vulneraveis\/#primaryimage"},"thumbnailUrl":"https:\/\/www.notibras.com\/site\/wp-content\/uploads\/2020\/11\/autoexame_cancer_de_mama-1.png","datePublished":"2023-10-06T00:26:22+00:00","breadcrumb":{"@id":"https:\/\/www.notibras.com\/site\/tcdf-cobra-providencias-para-mapear-mulheres-vulneraveis\/#breadcrumb"},"inLanguage":"pt-BR","potentialAction":[{"@type":"ReadAction","target":["https:\/\/www.notibras.com\/site\/tcdf-cobra-providencias-para-mapear-mulheres-vulneraveis\/"]}]},{"@type":"ImageObject","inLanguage":"pt-BR","@id":"https:\/\/www.notibras.com\/site\/tcdf-cobra-providencias-para-mapear-mulheres-vulneraveis\/#primaryimage","url":"https:\/\/www.notibras.com\/site\/wp-content\/uploads\/2020\/11\/autoexame_cancer_de_mama-1.png","contentUrl":"https:\/\/www.notibras.com\/site\/wp-content\/uploads\/2020\/11\/autoexame_cancer_de_mama-1.png","width":1170,"height":700},{"@type":"BreadcrumbList","@id":"https:\/\/www.notibras.com\/site\/tcdf-cobra-providencias-para-mapear-mulheres-vulneraveis\/#breadcrumb","itemListElement":[{"@type":"ListItem","position":1,"name":"In\u00edcio","item":"https:\/\/www.notibras.com\/site\/"},{"@type":"ListItem","position":2,"name":"TCDF cobra provid\u00eancias para mapear mulheres vulner\u00e1veis"}]},{"@type":"WebSite","@id":"https:\/\/www.notibras.com\/site\/#website","url":"https:\/\/www.notibras.com\/site\/","name":"Notibras","description":"Not\u00edcias de Bras\u00edlia, do Brasil e do Mundo","publisher":{"@id":"https:\/\/www.notibras.com\/site\/#organization"},"potentialAction":[{"@type":"SearchAction","target":{"@type":"EntryPoint","urlTemplate":"https:\/\/www.notibras.com\/site\/?s={search_term_string}"},"query-input":{"@type":"PropertyValueSpecification","valueRequired":true,"valueName":"search_term_string"}}],"inLanguage":"pt-BR"},{"@type":"Organization","@id":"https:\/\/www.notibras.com\/site\/#organization","name":"Grupo Notibras de Comunica\u00e7\u00e3o","url":"https:\/\/www.notibras.com\/site\/","logo":{"@type":"ImageObject","inLanguage":"pt-BR","@id":"https:\/\/www.notibras.com\/site\/#\/schema\/logo\/image\/","url":"https:\/\/www.notibras.com\/site\/wp-content\/uploads\/2023\/01\/notibras23.png","contentUrl":"https:\/\/www.notibras.com\/site\/wp-content\/uploads\/2023\/01\/notibras23.png","width":350,"height":87,"caption":"Grupo Notibras de Comunica\u00e7\u00e3o"},"image":{"@id":"https:\/\/www.notibras.com\/site\/#\/schema\/logo\/image\/"},"sameAs":["https:\/\/www.facebook.com\/notibras\/","https:\/\/x.com\/Notibras","https:\/\/www.instagram.com\/notibras\/"]},{"@type":"Person","@id":"https:\/\/www.notibras.com\/site\/#\/schema\/person\/36ab0979449956132d3e5b517ea76ac8","name":"Reda\u00e7\u00e3o","image":{"@type":"ImageObject","inLanguage":"pt-BR","@id":"https:\/\/secure.gravatar.com\/avatar\/e0a867bdedb85fd243eadf09663511f96fc81e0720a4a42581f334ad4303aa6b?s=96&d=mm&r=g","url":"https:\/\/secure.gravatar.com\/avatar\/e0a867bdedb85fd243eadf09663511f96fc81e0720a4a42581f334ad4303aa6b?s=96&d=mm&r=g","contentUrl":"https:\/\/secure.gravatar.com\/avatar\/e0a867bdedb85fd243eadf09663511f96fc81e0720a4a42581f334ad4303aa6b?s=96&d=mm&r=g","caption":"Reda\u00e7\u00e3o"}}]}},"amp_enabled":true,"_links":{"self":[{"href":"https:\/\/www.notibras.com\/site\/wp-json\/wp\/v2\/posts\/314110","targetHints":{"allow":["GET"]}}],"collection":[{"href":"https:\/\/www.notibras.com\/site\/wp-json\/wp\/v2\/posts"}],"about":[{"href":"https:\/\/www.notibras.com\/site\/wp-json\/wp\/v2\/types\/post"}],"author":[{"embeddable":true,"href":"https:\/\/www.notibras.com\/site\/wp-json\/wp\/v2\/users\/2"}],"replies":[{"embeddable":true,"href":"https:\/\/www.notibras.com\/site\/wp-json\/wp\/v2\/comments?post=314110"}],"version-history":[{"count":1,"href":"https:\/\/www.notibras.com\/site\/wp-json\/wp\/v2\/posts\/314110\/revisions"}],"predecessor-version":[{"id":314111,"href":"https:\/\/www.notibras.com\/site\/wp-json\/wp\/v2\/posts\/314110\/revisions\/314111"}],"wp:featuredmedia":[{"embeddable":true,"href":"https:\/\/www.notibras.com\/site\/wp-json\/wp\/v2\/media\/245966"}],"wp:attachment":[{"href":"https:\/\/www.notibras.com\/site\/wp-json\/wp\/v2\/media?parent=314110"}],"wp:term":[{"taxonomy":"category","embeddable":true,"href":"https:\/\/www.notibras.com\/site\/wp-json\/wp\/v2\/categories?post=314110"},{"taxonomy":"post_tag","embeddable":true,"href":"https:\/\/www.notibras.com\/site\/wp-json\/wp\/v2\/tags?post=314110"}],"curies":[{"name":"wp","href":"https:\/\/api.w.org\/{rel}","templated":true}]}}