{"id":314137,"date":"2023-10-06T06:17:14","date_gmt":"2023-10-06T09:17:14","guid":{"rendered":"https:\/\/www.notibras.com\/site\/?p=314137"},"modified":"2023-10-06T17:05:38","modified_gmt":"2023-10-06T20:05:38","slug":"veronica-trabalhou-aposentou-e-deixou-barrica-saliente","status":"publish","type":"post","link":"https:\/\/www.notibras.com\/site\/veronica-trabalhou-aposentou-e-deixou-barrica-saliente\/","title":{"rendered":"Ver\u00f4nica trabalhou, aposentou e deixou barriga saliente"},"content":{"rendered":"<p>Ver\u00f4nica ainda n\u00e3o contava com seis outonos quando largou os brinquedos que nunca teve e come\u00e7ou a labutar. Da vassoura passou para o pano de ch\u00e3o, aprendeu logo a ajudar na cozinha e nos afazeres da casa onde sua m\u00e3e trabalhava como dom\u00e9stica. Os calos em suas pequenas m\u00e3os a tornaram dura com o passar dos anos, enquanto os filhos da patroa se formaram e contribu\u00edram para dar sustento \u00e0 tal meritocracia.<\/p>\n<p>Aos 16, enterrou a genitora, acometida por males da pobreza. A velha patroa, que alardeava pelos quatro cantos que a falecida era da fam\u00edlia, parece que n\u00e3o pensava o mesmo sobre a agora \u00f3rf\u00e3. N\u00e3o teve d\u00favida e a despachou sem o menor remorso.<\/p>\n<p>Sem ter para onde ir ou parentes que a acolhessem, se viu no olho da rua. Passou frio, passou fome, passou por perigos inimagin\u00e1veis para os que adormecem em ber\u00e7os espl\u00eandidos. No entanto, a despeito das nefastas probabilidades, sobreviveu. N\u00e3o se sabe ao certo como.<\/p>\n<p>Aqui n\u00e3o vale mencionar os trabalhos realizados pela quase menina, agora quase mulher. Dos mais antigos at\u00e9 os mais simples, como, por exemplo, gar\u00e7onete em restaurante de quinta categoria. Serviu e foi servida como prato do dia ou da semana passada. Iguaria, na certa, \u00e9 o que n\u00e3o era. N\u00e3o mesmo!<\/p>\n<p>Labutou, labutou, labutou por anos a fio. O que n\u00e3o poderia deixar de fazer era labutar, mesmo porque agora, aos quase 20, n\u00e3o estava mais s\u00f3. Precisa alimentar o pequeno Joaquim, fruto de um amor qualquer. Dessa incerteza, restou certid\u00e3o com pai n\u00e3o declarado. Que fosse assim.<\/p>\n<p>O tempo passou, o moleque cresceu parrudo \u00e0s custas do suor de Ver\u00f4nica. Ele estudou um tanto, o suficiente para n\u00e3o se deixar enganar pela vida. Tanto \u00e9 que, aos 13, foi descoberto por um olheiro de um grande time. Com isso, j\u00e1 nas categorias de base, faturava muito mais do que a sua m\u00e3e conseguia esfregando ch\u00e3o pelas casas das madames.<\/p>\n<p>Por conta de tanto dinheiro, Joaquim, agora aos 16, estava prestes a assinar um contrato milion\u00e1rio com um time da Europa. Pois \u00e9, o rapazola iria ludibriar os marcadores pelos gramados do Velho Mundo. Por isso, n\u00e3o teve d\u00favida e, mesmo a contragosto da orgulhosa m\u00e3e, quis porque quis que ela se aposentasse.<\/p>\n<p>Ver\u00f4nica, que durante toda sua carcomida vida havia labutado mais do que a maior parte de todos n\u00f3s, ainda assim pensou em pendular sua cabe\u00e7a. Todavia, j\u00e1 exausta, acenou positivamente para o filho. Aposentou-se!<\/p>\n<p>A mulher, apesar de vislumbrar uma vida de luxo que passou a viver, come\u00e7ou a se incomodar com a barriga, que parecia dar sinais de querer crescer. Como dinheiro \u00e9 o que n\u00e3o faltava, tratou logo de contratar um personal trainer.<\/p>\n<p>J\u00e1 na primeira aula, surgiu uma desaven\u00e7a entre Ver\u00f4nica e Diego, o tal personal. Pois \u00e9, diante de tantas ordens para pular, correr, levantar pesos, esticar daqui, esticar dali, houve o seguinte interl\u00fadio.<\/p>\n<p>&#8211; Chega!<\/p>\n<p>&#8211; Ver\u00f4nica, voc\u00ea precisa trabalhar essa regi\u00e3o para perder essa barriguinha.<\/p>\n<p>&#8211; Diego, voc\u00ea n\u00e3o t\u00e1 entendendo. Eu sou aposentada. S\u00f3 fa\u00e7o o que eu quero!<\/p>\n","protected":false},"excerpt":{"rendered":"<p>Ver\u00f4nica ainda n\u00e3o contava com seis outonos quando largou os brinquedos que nunca teve e come\u00e7ou a labutar. Da vassoura passou para o pano de ch\u00e3o, aprendeu logo a ajudar na cozinha e nos afazeres da casa onde sua m\u00e3e trabalhava como dom\u00e9stica. Os calos em suas pequenas m\u00e3os a tornaram dura com o passar [&hellip;]<\/p>\n","protected":false},"author":2,"featured_media":314139,"comment_status":"closed","ping_status":"closed","sticky":false,"template":"","format":"standard","meta":{"_acf_changed":false,"footnotes":""},"categories":[161],"tags":[],"class_list":["post-314137","post","type-post","status-publish","format-standard","has-post-thumbnail","hentry","category-quadradinho-em-foco"],"acf":[],"yoast_head":"<!-- This site is optimized with the Yoast SEO plugin v27.2 - https:\/\/yoast.com\/product\/yoast-seo-wordpress\/ -->\n<title>Ver\u00f4nica trabalhou, aposentou e deixou barriga saliente - Notibras<\/title>\n<meta name=\"robots\" content=\"index, follow, max-snippet:-1, max-image-preview:large, max-video-preview:-1\" \/>\n<link rel=\"canonical\" href=\"https:\/\/www.notibras.com\/site\/veronica-trabalhou-aposentou-e-deixou-barrica-saliente\/\" \/>\n<meta property=\"og:locale\" content=\"pt_BR\" \/>\n<meta property=\"og:type\" content=\"article\" \/>\n<meta property=\"og:title\" content=\"Ver\u00f4nica trabalhou, aposentou e deixou barriga saliente - Notibras\" \/>\n<meta property=\"og:description\" content=\"Ver\u00f4nica ainda n\u00e3o contava com seis outonos quando largou os brinquedos que nunca teve e come\u00e7ou a labutar. Da vassoura passou para o pano de ch\u00e3o, aprendeu logo a ajudar na cozinha e nos afazeres da casa onde sua m\u00e3e trabalhava como dom\u00e9stica. Os calos em suas pequenas m\u00e3os a tornaram dura com o passar [&hellip;]\" \/>\n<meta property=\"og:url\" content=\"https:\/\/www.notibras.com\/site\/veronica-trabalhou-aposentou-e-deixou-barrica-saliente\/\" \/>\n<meta property=\"og:site_name\" content=\"Notibras\" \/>\n<meta property=\"article:publisher\" content=\"https:\/\/www.facebook.com\/notibras\/\" \/>\n<meta property=\"article:published_time\" content=\"2023-10-06T09:17:14+00:00\" \/>\n<meta property=\"article:modified_time\" content=\"2023-10-06T20:05:38+00:00\" \/>\n<meta property=\"og:image\" content=\"https:\/\/www.notibras.com\/site\/wp-content\/uploads\/2023\/10\/idosacada.png\" \/>\n\t<meta property=\"og:image:width\" content=\"920\" \/>\n\t<meta property=\"og:image:height\" content=\"368\" \/>\n\t<meta property=\"og:image:type\" content=\"image\/png\" \/>\n<meta name=\"author\" content=\"Reda\u00e7\u00e3o\" \/>\n<meta name=\"twitter:card\" content=\"summary_large_image\" \/>\n<meta name=\"twitter:creator\" content=\"@Notibras\" \/>\n<meta name=\"twitter:site\" content=\"@Notibras\" \/>\n<meta name=\"twitter:label1\" content=\"Escrito por\" \/>\n\t<meta name=\"twitter:data1\" content=\"Reda\u00e7\u00e3o\" \/>\n\t<meta name=\"twitter:label2\" content=\"Est. tempo de leitura\" \/>\n\t<meta name=\"twitter:data2\" content=\"3 minutos\" \/>\n<script type=\"application\/ld+json\" class=\"yoast-schema-graph\">{\"@context\":\"https:\/\/schema.org\",\"@graph\":[{\"@type\":\"Article\",\"@id\":\"https:\/\/www.notibras.com\/site\/veronica-trabalhou-aposentou-e-deixou-barrica-saliente\/#article\",\"isPartOf\":{\"@id\":\"https:\/\/www.notibras.com\/site\/veronica-trabalhou-aposentou-e-deixou-barrica-saliente\/\"},\"author\":{\"name\":\"Reda\u00e7\u00e3o\",\"@id\":\"https:\/\/www.notibras.com\/site\/#\/schema\/person\/36ab0979449956132d3e5b517ea76ac8\"},\"headline\":\"Ver\u00f4nica trabalhou, aposentou e deixou barriga saliente\",\"datePublished\":\"2023-10-06T09:17:14+00:00\",\"dateModified\":\"2023-10-06T20:05:38+00:00\",\"mainEntityOfPage\":{\"@id\":\"https:\/\/www.notibras.com\/site\/veronica-trabalhou-aposentou-e-deixou-barrica-saliente\/\"},\"wordCount\":552,\"publisher\":{\"@id\":\"https:\/\/www.notibras.com\/site\/#organization\"},\"image\":{\"@id\":\"https:\/\/www.notibras.com\/site\/veronica-trabalhou-aposentou-e-deixou-barrica-saliente\/#primaryimage\"},\"thumbnailUrl\":\"https:\/\/www.notibras.com\/site\/wp-content\/uploads\/2023\/10\/idosacada.png\",\"articleSection\":[\"Quadradinho em Foco\"],\"inLanguage\":\"pt-BR\"},{\"@type\":\"WebPage\",\"@id\":\"https:\/\/www.notibras.com\/site\/veronica-trabalhou-aposentou-e-deixou-barrica-saliente\/\",\"url\":\"https:\/\/www.notibras.com\/site\/veronica-trabalhou-aposentou-e-deixou-barrica-saliente\/\",\"name\":\"Ver\u00f4nica trabalhou, aposentou e deixou barriga saliente - Notibras\",\"isPartOf\":{\"@id\":\"https:\/\/www.notibras.com\/site\/#website\"},\"primaryImageOfPage\":{\"@id\":\"https:\/\/www.notibras.com\/site\/veronica-trabalhou-aposentou-e-deixou-barrica-saliente\/#primaryimage\"},\"image\":{\"@id\":\"https:\/\/www.notibras.com\/site\/veronica-trabalhou-aposentou-e-deixou-barrica-saliente\/#primaryimage\"},\"thumbnailUrl\":\"https:\/\/www.notibras.com\/site\/wp-content\/uploads\/2023\/10\/idosacada.png\",\"datePublished\":\"2023-10-06T09:17:14+00:00\",\"dateModified\":\"2023-10-06T20:05:38+00:00\",\"breadcrumb\":{\"@id\":\"https:\/\/www.notibras.com\/site\/veronica-trabalhou-aposentou-e-deixou-barrica-saliente\/#breadcrumb\"},\"inLanguage\":\"pt-BR\",\"potentialAction\":[{\"@type\":\"ReadAction\",\"target\":[\"https:\/\/www.notibras.com\/site\/veronica-trabalhou-aposentou-e-deixou-barrica-saliente\/\"]}]},{\"@type\":\"ImageObject\",\"inLanguage\":\"pt-BR\",\"@id\":\"https:\/\/www.notibras.com\/site\/veronica-trabalhou-aposentou-e-deixou-barrica-saliente\/#primaryimage\",\"url\":\"https:\/\/www.notibras.com\/site\/wp-content\/uploads\/2023\/10\/idosacada.png\",\"contentUrl\":\"https:\/\/www.notibras.com\/site\/wp-content\/uploads\/2023\/10\/idosacada.png\",\"width\":920,\"height\":368},{\"@type\":\"BreadcrumbList\",\"@id\":\"https:\/\/www.notibras.com\/site\/veronica-trabalhou-aposentou-e-deixou-barrica-saliente\/#breadcrumb\",\"itemListElement\":[{\"@type\":\"ListItem\",\"position\":1,\"name\":\"In\u00edcio\",\"item\":\"https:\/\/www.notibras.com\/site\/\"},{\"@type\":\"ListItem\",\"position\":2,\"name\":\"Ver\u00f4nica trabalhou, aposentou e deixou barriga saliente\"}]},{\"@type\":\"WebSite\",\"@id\":\"https:\/\/www.notibras.com\/site\/#website\",\"url\":\"https:\/\/www.notibras.com\/site\/\",\"name\":\"Notibras\",\"description\":\"Not\u00edcias de Bras\u00edlia, do Brasil e do Mundo\",\"publisher\":{\"@id\":\"https:\/\/www.notibras.com\/site\/#organization\"},\"potentialAction\":[{\"@type\":\"SearchAction\",\"target\":{\"@type\":\"EntryPoint\",\"urlTemplate\":\"https:\/\/www.notibras.com\/site\/?s={search_term_string}\"},\"query-input\":{\"@type\":\"PropertyValueSpecification\",\"valueRequired\":true,\"valueName\":\"search_term_string\"}}],\"inLanguage\":\"pt-BR\"},{\"@type\":\"Organization\",\"@id\":\"https:\/\/www.notibras.com\/site\/#organization\",\"name\":\"Grupo Notibras de Comunica\u00e7\u00e3o\",\"url\":\"https:\/\/www.notibras.com\/site\/\",\"logo\":{\"@type\":\"ImageObject\",\"inLanguage\":\"pt-BR\",\"@id\":\"https:\/\/www.notibras.com\/site\/#\/schema\/logo\/image\/\",\"url\":\"https:\/\/www.notibras.com\/site\/wp-content\/uploads\/2023\/01\/notibras23.png\",\"contentUrl\":\"https:\/\/www.notibras.com\/site\/wp-content\/uploads\/2023\/01\/notibras23.png\",\"width\":350,\"height\":87,\"caption\":\"Grupo Notibras de Comunica\u00e7\u00e3o\"},\"image\":{\"@id\":\"https:\/\/www.notibras.com\/site\/#\/schema\/logo\/image\/\"},\"sameAs\":[\"https:\/\/www.facebook.com\/notibras\/\",\"https:\/\/x.com\/Notibras\",\"https:\/\/www.instagram.com\/notibras\/\"]},{\"@type\":\"Person\",\"@id\":\"https:\/\/www.notibras.com\/site\/#\/schema\/person\/36ab0979449956132d3e5b517ea76ac8\",\"name\":\"Reda\u00e7\u00e3o\",\"image\":{\"@type\":\"ImageObject\",\"inLanguage\":\"pt-BR\",\"@id\":\"https:\/\/secure.gravatar.com\/avatar\/e0a867bdedb85fd243eadf09663511f96fc81e0720a4a42581f334ad4303aa6b?s=96&d=mm&r=g\",\"url\":\"https:\/\/secure.gravatar.com\/avatar\/e0a867bdedb85fd243eadf09663511f96fc81e0720a4a42581f334ad4303aa6b?s=96&d=mm&r=g\",\"contentUrl\":\"https:\/\/secure.gravatar.com\/avatar\/e0a867bdedb85fd243eadf09663511f96fc81e0720a4a42581f334ad4303aa6b?s=96&d=mm&r=g\",\"caption\":\"Reda\u00e7\u00e3o\"}}]}<\/script>\n<!-- \/ Yoast SEO plugin. -->","yoast_head_json":{"title":"Ver\u00f4nica trabalhou, aposentou e deixou barriga saliente - Notibras","robots":{"index":"index","follow":"follow","max-snippet":"max-snippet:-1","max-image-preview":"max-image-preview:large","max-video-preview":"max-video-preview:-1"},"canonical":"https:\/\/www.notibras.com\/site\/veronica-trabalhou-aposentou-e-deixou-barrica-saliente\/","og_locale":"pt_BR","og_type":"article","og_title":"Ver\u00f4nica trabalhou, aposentou e deixou barriga saliente - Notibras","og_description":"Ver\u00f4nica ainda n\u00e3o contava com seis outonos quando largou os brinquedos que nunca teve e come\u00e7ou a labutar. Da vassoura passou para o pano de ch\u00e3o, aprendeu logo a ajudar na cozinha e nos afazeres da casa onde sua m\u00e3e trabalhava como dom\u00e9stica. Os calos em suas pequenas m\u00e3os a tornaram dura com o passar [&hellip;]","og_url":"https:\/\/www.notibras.com\/site\/veronica-trabalhou-aposentou-e-deixou-barrica-saliente\/","og_site_name":"Notibras","article_publisher":"https:\/\/www.facebook.com\/notibras\/","article_published_time":"2023-10-06T09:17:14+00:00","article_modified_time":"2023-10-06T20:05:38+00:00","og_image":[{"width":920,"height":368,"url":"https:\/\/www.notibras.com\/site\/wp-content\/uploads\/2023\/10\/idosacada.png","type":"image\/png"}],"author":"Reda\u00e7\u00e3o","twitter_card":"summary_large_image","twitter_creator":"@Notibras","twitter_site":"@Notibras","twitter_misc":{"Escrito por":"Reda\u00e7\u00e3o","Est. tempo de leitura":"3 minutos"},"schema":{"@context":"https:\/\/schema.org","@graph":[{"@type":"Article","@id":"https:\/\/www.notibras.com\/site\/veronica-trabalhou-aposentou-e-deixou-barrica-saliente\/#article","isPartOf":{"@id":"https:\/\/www.notibras.com\/site\/veronica-trabalhou-aposentou-e-deixou-barrica-saliente\/"},"author":{"name":"Reda\u00e7\u00e3o","@id":"https:\/\/www.notibras.com\/site\/#\/schema\/person\/36ab0979449956132d3e5b517ea76ac8"},"headline":"Ver\u00f4nica trabalhou, aposentou e deixou barriga saliente","datePublished":"2023-10-06T09:17:14+00:00","dateModified":"2023-10-06T20:05:38+00:00","mainEntityOfPage":{"@id":"https:\/\/www.notibras.com\/site\/veronica-trabalhou-aposentou-e-deixou-barrica-saliente\/"},"wordCount":552,"publisher":{"@id":"https:\/\/www.notibras.com\/site\/#organization"},"image":{"@id":"https:\/\/www.notibras.com\/site\/veronica-trabalhou-aposentou-e-deixou-barrica-saliente\/#primaryimage"},"thumbnailUrl":"https:\/\/www.notibras.com\/site\/wp-content\/uploads\/2023\/10\/idosacada.png","articleSection":["Quadradinho em Foco"],"inLanguage":"pt-BR"},{"@type":"WebPage","@id":"https:\/\/www.notibras.com\/site\/veronica-trabalhou-aposentou-e-deixou-barrica-saliente\/","url":"https:\/\/www.notibras.com\/site\/veronica-trabalhou-aposentou-e-deixou-barrica-saliente\/","name":"Ver\u00f4nica trabalhou, aposentou e deixou barriga saliente - Notibras","isPartOf":{"@id":"https:\/\/www.notibras.com\/site\/#website"},"primaryImageOfPage":{"@id":"https:\/\/www.notibras.com\/site\/veronica-trabalhou-aposentou-e-deixou-barrica-saliente\/#primaryimage"},"image":{"@id":"https:\/\/www.notibras.com\/site\/veronica-trabalhou-aposentou-e-deixou-barrica-saliente\/#primaryimage"},"thumbnailUrl":"https:\/\/www.notibras.com\/site\/wp-content\/uploads\/2023\/10\/idosacada.png","datePublished":"2023-10-06T09:17:14+00:00","dateModified":"2023-10-06T20:05:38+00:00","breadcrumb":{"@id":"https:\/\/www.notibras.com\/site\/veronica-trabalhou-aposentou-e-deixou-barrica-saliente\/#breadcrumb"},"inLanguage":"pt-BR","potentialAction":[{"@type":"ReadAction","target":["https:\/\/www.notibras.com\/site\/veronica-trabalhou-aposentou-e-deixou-barrica-saliente\/"]}]},{"@type":"ImageObject","inLanguage":"pt-BR","@id":"https:\/\/www.notibras.com\/site\/veronica-trabalhou-aposentou-e-deixou-barrica-saliente\/#primaryimage","url":"https:\/\/www.notibras.com\/site\/wp-content\/uploads\/2023\/10\/idosacada.png","contentUrl":"https:\/\/www.notibras.com\/site\/wp-content\/uploads\/2023\/10\/idosacada.png","width":920,"height":368},{"@type":"BreadcrumbList","@id":"https:\/\/www.notibras.com\/site\/veronica-trabalhou-aposentou-e-deixou-barrica-saliente\/#breadcrumb","itemListElement":[{"@type":"ListItem","position":1,"name":"In\u00edcio","item":"https:\/\/www.notibras.com\/site\/"},{"@type":"ListItem","position":2,"name":"Ver\u00f4nica trabalhou, aposentou e deixou barriga saliente"}]},{"@type":"WebSite","@id":"https:\/\/www.notibras.com\/site\/#website","url":"https:\/\/www.notibras.com\/site\/","name":"Notibras","description":"Not\u00edcias de Bras\u00edlia, do Brasil e do Mundo","publisher":{"@id":"https:\/\/www.notibras.com\/site\/#organization"},"potentialAction":[{"@type":"SearchAction","target":{"@type":"EntryPoint","urlTemplate":"https:\/\/www.notibras.com\/site\/?s={search_term_string}"},"query-input":{"@type":"PropertyValueSpecification","valueRequired":true,"valueName":"search_term_string"}}],"inLanguage":"pt-BR"},{"@type":"Organization","@id":"https:\/\/www.notibras.com\/site\/#organization","name":"Grupo Notibras de Comunica\u00e7\u00e3o","url":"https:\/\/www.notibras.com\/site\/","logo":{"@type":"ImageObject","inLanguage":"pt-BR","@id":"https:\/\/www.notibras.com\/site\/#\/schema\/logo\/image\/","url":"https:\/\/www.notibras.com\/site\/wp-content\/uploads\/2023\/01\/notibras23.png","contentUrl":"https:\/\/www.notibras.com\/site\/wp-content\/uploads\/2023\/01\/notibras23.png","width":350,"height":87,"caption":"Grupo Notibras de Comunica\u00e7\u00e3o"},"image":{"@id":"https:\/\/www.notibras.com\/site\/#\/schema\/logo\/image\/"},"sameAs":["https:\/\/www.facebook.com\/notibras\/","https:\/\/x.com\/Notibras","https:\/\/www.instagram.com\/notibras\/"]},{"@type":"Person","@id":"https:\/\/www.notibras.com\/site\/#\/schema\/person\/36ab0979449956132d3e5b517ea76ac8","name":"Reda\u00e7\u00e3o","image":{"@type":"ImageObject","inLanguage":"pt-BR","@id":"https:\/\/secure.gravatar.com\/avatar\/e0a867bdedb85fd243eadf09663511f96fc81e0720a4a42581f334ad4303aa6b?s=96&d=mm&r=g","url":"https:\/\/secure.gravatar.com\/avatar\/e0a867bdedb85fd243eadf09663511f96fc81e0720a4a42581f334ad4303aa6b?s=96&d=mm&r=g","contentUrl":"https:\/\/secure.gravatar.com\/avatar\/e0a867bdedb85fd243eadf09663511f96fc81e0720a4a42581f334ad4303aa6b?s=96&d=mm&r=g","caption":"Reda\u00e7\u00e3o"}}]}},"amp_enabled":true,"_links":{"self":[{"href":"https:\/\/www.notibras.com\/site\/wp-json\/wp\/v2\/posts\/314137","targetHints":{"allow":["GET"]}}],"collection":[{"href":"https:\/\/www.notibras.com\/site\/wp-json\/wp\/v2\/posts"}],"about":[{"href":"https:\/\/www.notibras.com\/site\/wp-json\/wp\/v2\/types\/post"}],"author":[{"embeddable":true,"href":"https:\/\/www.notibras.com\/site\/wp-json\/wp\/v2\/users\/2"}],"replies":[{"embeddable":true,"href":"https:\/\/www.notibras.com\/site\/wp-json\/wp\/v2\/comments?post=314137"}],"version-history":[{"count":2,"href":"https:\/\/www.notibras.com\/site\/wp-json\/wp\/v2\/posts\/314137\/revisions"}],"predecessor-version":[{"id":314174,"href":"https:\/\/www.notibras.com\/site\/wp-json\/wp\/v2\/posts\/314137\/revisions\/314174"}],"wp:featuredmedia":[{"embeddable":true,"href":"https:\/\/www.notibras.com\/site\/wp-json\/wp\/v2\/media\/314139"}],"wp:attachment":[{"href":"https:\/\/www.notibras.com\/site\/wp-json\/wp\/v2\/media?parent=314137"}],"wp:term":[{"taxonomy":"category","embeddable":true,"href":"https:\/\/www.notibras.com\/site\/wp-json\/wp\/v2\/categories?post=314137"},{"taxonomy":"post_tag","embeddable":true,"href":"https:\/\/www.notibras.com\/site\/wp-json\/wp\/v2\/tags?post=314137"}],"curies":[{"name":"wp","href":"https:\/\/api.w.org\/{rel}","templated":true}]}}