{"id":314253,"date":"2023-10-07T00:00:21","date_gmt":"2023-10-07T03:00:21","guid":{"rendered":"https:\/\/www.notibras.com\/site\/?p=314253"},"modified":"2023-10-07T08:04:56","modified_gmt":"2023-10-07T11:04:56","slug":"governo-cria-regras-para-acolher-criancas-ameacadas-de-morte","status":"publish","type":"post","link":"https:\/\/www.notibras.com\/site\/governo-cria-regras-para-acolher-criancas-ameacadas-de-morte\/","title":{"rendered":"Governo cria regras para acolher crian\u00e7as amea\u00e7adas de morte"},"content":{"rendered":"<p>Crian\u00e7as e adolescentes que precisam de prote\u00e7\u00e3o por amea\u00e7a de morte e aus\u00eancia dos pais passar\u00e3o a ser inclu\u00eddas no Programa de Acolhimento Familiar em Fam\u00edlia Solid\u00e1ria. As regas de funcionamento dessa modalidade de ado\u00e7\u00e3o foram estabelecidas por uma resolu\u00e7\u00e3o do Conselho Nacional de Direitos da Crian\u00e7a e do Adolescente (Conanda) e foram publicadas no Di\u00e1rio Oficial da Uni\u00e3o desta sexta-feira (6).<\/p>\n<p>De acordo com a norma, os menores de 18 anos que venham a fazer parte do Programa de Prote\u00e7\u00e3o a Crian\u00e7as e Adolescentes Amea\u00e7ados de Morte (PPCAAM), desacompanhados dos pais ou respons\u00e1veis, ser\u00e3o acolhidos por fam\u00edlias previamente selecionadas, avaliadas e cadastradas.<\/p>\n<p>Para participarem, os grupos familiares tamb\u00e9m passar\u00e3o por forma\u00e7\u00e3o sobre os temas de prote\u00e7\u00e3o integral, pol\u00edtica de atendimento e as especificidades de seguran\u00e7a do programa, com o m\u00ednimo de 20 horas\/aula. Al\u00e9m disso, ser\u00e3o feitos encontros mensais para a forma\u00e7\u00e3o continuada, troca de experi\u00eancias e acompanhamento das fam\u00edlias, pela equipe t\u00e9cnica do programa.<\/p>\n<p>Uma metodologia de acolhimento dever\u00e1 ser desenvolvida pela Coordena\u00e7\u00e3o Geral do Programa de Prote\u00e7\u00e3o a Crian\u00e7as e Adolescentes Amea\u00e7ados de Morte, que tamb\u00e9m far\u00e1 parte da forma\u00e7\u00e3o prevista \u00e0s fam\u00edlias solid\u00e1rias.<\/p>\n<p>As regras preveem um esfor\u00e7o conjunto no acompanhamento da fam\u00edlia de origem da crian\u00e7a amea\u00e7ada de morte, com o objetivo de promover a reintegra\u00e7\u00e3o familiar. Mas em caso de direcionamento para fam\u00edlia solid\u00e1ria, a guarda dever\u00e1 ser autorizada pela Justi\u00e7a. O Sistema de Garantia de Direitos tamb\u00e9m atuar\u00e1 na prote\u00e7\u00e3o da crian\u00e7a ou adolescente amea\u00e7ada.<\/p>\n<p>As fam\u00edlias solid\u00e1rias receber\u00e3o subs\u00eddio financeiro de um sal\u00e1rio m\u00ednimo, atualmente R$ 1.320, para custear as despesas da crian\u00e7a ou adolescente. O valor ser\u00e1 entregue, por meio de dep\u00f3sito, transfer\u00eancia ou ordem banc\u00e1ria ao membro definido no Termo de Guarda e Responsabilidade.<\/p>\n<p>Tamb\u00e9m ser\u00e1 necess\u00e1rio a assinatura de outro termo que garantir\u00e1 o sigilo das informa\u00e7\u00f5es de prote\u00e7\u00e3o, de identifica\u00e7\u00e3o do amea\u00e7ado e das estrat\u00e9gias de seguran\u00e7a do PPCAAM.<\/p>\n<p>Os recursos para financiar o programa de acolhimento poder\u00e3o ter origem federais, estaduais, municipais e distrital; ou ainda ser de fundos para financiamento dos direitos da crian\u00e7a e do adolescente, como o Fundo Nacional dos Direitos da Crian\u00e7a e do Adolescente (FNCA), por exemplo.<\/p>\n","protected":false},"excerpt":{"rendered":"<p>Crian\u00e7as e adolescentes que precisam de prote\u00e7\u00e3o por amea\u00e7a de morte e aus\u00eancia dos pais passar\u00e3o a ser inclu\u00eddas no Programa de Acolhimento Familiar em Fam\u00edlia Solid\u00e1ria. As regas de funcionamento dessa modalidade de ado\u00e7\u00e3o foram estabelecidas por uma resolu\u00e7\u00e3o do Conselho Nacional de Direitos da Crian\u00e7a e do Adolescente (Conanda) e foram publicadas no [&hellip;]<\/p>\n","protected":false},"author":2,"featured_media":314254,"comment_status":"closed","ping_status":"closed","sticky":false,"template":"","format":"standard","meta":{"_acf_changed":false,"footnotes":""},"categories":[161],"tags":[],"class_list":["post-314253","post","type-post","status-publish","format-standard","has-post-thumbnail","hentry","category-quadradinho-em-foco"],"acf":[],"yoast_head":"<!-- This site is optimized with the Yoast SEO plugin v27.2 - https:\/\/yoast.com\/product\/yoast-seo-wordpress\/ -->\n<title>Governo cria regras para acolher crian\u00e7as amea\u00e7adas de morte - Notibras<\/title>\n<meta name=\"robots\" content=\"index, follow, max-snippet:-1, max-image-preview:large, max-video-preview:-1\" \/>\n<link rel=\"canonical\" href=\"https:\/\/www.notibras.com\/site\/governo-cria-regras-para-acolher-criancas-ameacadas-de-morte\/\" \/>\n<meta property=\"og:locale\" content=\"pt_BR\" \/>\n<meta property=\"og:type\" content=\"article\" \/>\n<meta property=\"og:title\" content=\"Governo cria regras para acolher crian\u00e7as amea\u00e7adas de morte - Notibras\" \/>\n<meta property=\"og:description\" content=\"Crian\u00e7as e adolescentes que precisam de prote\u00e7\u00e3o por amea\u00e7a de morte e aus\u00eancia dos pais passar\u00e3o a ser inclu\u00eddas no Programa de Acolhimento Familiar em Fam\u00edlia Solid\u00e1ria. As regas de funcionamento dessa modalidade de ado\u00e7\u00e3o foram estabelecidas por uma resolu\u00e7\u00e3o do Conselho Nacional de Direitos da Crian\u00e7a e do Adolescente (Conanda) e foram publicadas no [&hellip;]\" \/>\n<meta property=\"og:url\" content=\"https:\/\/www.notibras.com\/site\/governo-cria-regras-para-acolher-criancas-ameacadas-de-morte\/\" \/>\n<meta property=\"og:site_name\" content=\"Notibras\" \/>\n<meta property=\"article:publisher\" content=\"https:\/\/www.facebook.com\/notibras\/\" \/>\n<meta property=\"article:published_time\" content=\"2023-10-07T03:00:21+00:00\" \/>\n<meta property=\"article:modified_time\" content=\"2023-10-07T11:04:56+00:00\" \/>\n<meta property=\"og:image\" content=\"https:\/\/www.notibras.com\/site\/wp-content\/uploads\/2023\/10\/mcamg_abr_10052019_9636.jpg\" \/>\n\t<meta property=\"og:image:width\" content=\"1170\" \/>\n\t<meta property=\"og:image:height\" content=\"700\" \/>\n\t<meta property=\"og:image:type\" content=\"image\/jpeg\" \/>\n<meta name=\"author\" content=\"Reda\u00e7\u00e3o\" \/>\n<meta name=\"twitter:card\" content=\"summary_large_image\" \/>\n<meta name=\"twitter:creator\" content=\"@Notibras\" \/>\n<meta name=\"twitter:site\" content=\"@Notibras\" \/>\n<meta name=\"twitter:label1\" content=\"Escrito por\" \/>\n\t<meta name=\"twitter:data1\" content=\"Reda\u00e7\u00e3o\" \/>\n\t<meta name=\"twitter:label2\" content=\"Est. tempo de leitura\" \/>\n\t<meta name=\"twitter:data2\" content=\"2 minutos\" \/>\n<script type=\"application\/ld+json\" class=\"yoast-schema-graph\">{\"@context\":\"https:\/\/schema.org\",\"@graph\":[{\"@type\":\"Article\",\"@id\":\"https:\/\/www.notibras.com\/site\/governo-cria-regras-para-acolher-criancas-ameacadas-de-morte\/#article\",\"isPartOf\":{\"@id\":\"https:\/\/www.notibras.com\/site\/governo-cria-regras-para-acolher-criancas-ameacadas-de-morte\/\"},\"author\":{\"name\":\"Reda\u00e7\u00e3o\",\"@id\":\"https:\/\/www.notibras.com\/site\/#\/schema\/person\/36ab0979449956132d3e5b517ea76ac8\"},\"headline\":\"Governo cria regras para acolher crian\u00e7as amea\u00e7adas de morte\",\"datePublished\":\"2023-10-07T03:00:21+00:00\",\"dateModified\":\"2023-10-07T11:04:56+00:00\",\"mainEntityOfPage\":{\"@id\":\"https:\/\/www.notibras.com\/site\/governo-cria-regras-para-acolher-criancas-ameacadas-de-morte\/\"},\"wordCount\":436,\"publisher\":{\"@id\":\"https:\/\/www.notibras.com\/site\/#organization\"},\"image\":{\"@id\":\"https:\/\/www.notibras.com\/site\/governo-cria-regras-para-acolher-criancas-ameacadas-de-morte\/#primaryimage\"},\"thumbnailUrl\":\"https:\/\/www.notibras.com\/site\/wp-content\/uploads\/2023\/10\/mcamg_abr_10052019_9636.jpg\",\"articleSection\":[\"Quadradinho em Foco\"],\"inLanguage\":\"pt-BR\"},{\"@type\":\"WebPage\",\"@id\":\"https:\/\/www.notibras.com\/site\/governo-cria-regras-para-acolher-criancas-ameacadas-de-morte\/\",\"url\":\"https:\/\/www.notibras.com\/site\/governo-cria-regras-para-acolher-criancas-ameacadas-de-morte\/\",\"name\":\"Governo cria regras para acolher crian\u00e7as amea\u00e7adas de morte - Notibras\",\"isPartOf\":{\"@id\":\"https:\/\/www.notibras.com\/site\/#website\"},\"primaryImageOfPage\":{\"@id\":\"https:\/\/www.notibras.com\/site\/governo-cria-regras-para-acolher-criancas-ameacadas-de-morte\/#primaryimage\"},\"image\":{\"@id\":\"https:\/\/www.notibras.com\/site\/governo-cria-regras-para-acolher-criancas-ameacadas-de-morte\/#primaryimage\"},\"thumbnailUrl\":\"https:\/\/www.notibras.com\/site\/wp-content\/uploads\/2023\/10\/mcamg_abr_10052019_9636.jpg\",\"datePublished\":\"2023-10-07T03:00:21+00:00\",\"dateModified\":\"2023-10-07T11:04:56+00:00\",\"breadcrumb\":{\"@id\":\"https:\/\/www.notibras.com\/site\/governo-cria-regras-para-acolher-criancas-ameacadas-de-morte\/#breadcrumb\"},\"inLanguage\":\"pt-BR\",\"potentialAction\":[{\"@type\":\"ReadAction\",\"target\":[\"https:\/\/www.notibras.com\/site\/governo-cria-regras-para-acolher-criancas-ameacadas-de-morte\/\"]}]},{\"@type\":\"ImageObject\",\"inLanguage\":\"pt-BR\",\"@id\":\"https:\/\/www.notibras.com\/site\/governo-cria-regras-para-acolher-criancas-ameacadas-de-morte\/#primaryimage\",\"url\":\"https:\/\/www.notibras.com\/site\/wp-content\/uploads\/2023\/10\/mcamg_abr_10052019_9636.jpg\",\"contentUrl\":\"https:\/\/www.notibras.com\/site\/wp-content\/uploads\/2023\/10\/mcamg_abr_10052019_9636.jpg\",\"width\":1170,\"height\":700,\"caption\":\"Alunos saindo de escola na Estrutural, no Distrito Federal\"},{\"@type\":\"BreadcrumbList\",\"@id\":\"https:\/\/www.notibras.com\/site\/governo-cria-regras-para-acolher-criancas-ameacadas-de-morte\/#breadcrumb\",\"itemListElement\":[{\"@type\":\"ListItem\",\"position\":1,\"name\":\"In\u00edcio\",\"item\":\"https:\/\/www.notibras.com\/site\/\"},{\"@type\":\"ListItem\",\"position\":2,\"name\":\"Governo cria regras para acolher crian\u00e7as amea\u00e7adas de morte\"}]},{\"@type\":\"WebSite\",\"@id\":\"https:\/\/www.notibras.com\/site\/#website\",\"url\":\"https:\/\/www.notibras.com\/site\/\",\"name\":\"Notibras\",\"description\":\"Not\u00edcias de Bras\u00edlia, do Brasil e do Mundo\",\"publisher\":{\"@id\":\"https:\/\/www.notibras.com\/site\/#organization\"},\"potentialAction\":[{\"@type\":\"SearchAction\",\"target\":{\"@type\":\"EntryPoint\",\"urlTemplate\":\"https:\/\/www.notibras.com\/site\/?s={search_term_string}\"},\"query-input\":{\"@type\":\"PropertyValueSpecification\",\"valueRequired\":true,\"valueName\":\"search_term_string\"}}],\"inLanguage\":\"pt-BR\"},{\"@type\":\"Organization\",\"@id\":\"https:\/\/www.notibras.com\/site\/#organization\",\"name\":\"Grupo Notibras de Comunica\u00e7\u00e3o\",\"url\":\"https:\/\/www.notibras.com\/site\/\",\"logo\":{\"@type\":\"ImageObject\",\"inLanguage\":\"pt-BR\",\"@id\":\"https:\/\/www.notibras.com\/site\/#\/schema\/logo\/image\/\",\"url\":\"https:\/\/www.notibras.com\/site\/wp-content\/uploads\/2023\/01\/notibras23.png\",\"contentUrl\":\"https:\/\/www.notibras.com\/site\/wp-content\/uploads\/2023\/01\/notibras23.png\",\"width\":350,\"height\":87,\"caption\":\"Grupo Notibras de Comunica\u00e7\u00e3o\"},\"image\":{\"@id\":\"https:\/\/www.notibras.com\/site\/#\/schema\/logo\/image\/\"},\"sameAs\":[\"https:\/\/www.facebook.com\/notibras\/\",\"https:\/\/x.com\/Notibras\",\"https:\/\/www.instagram.com\/notibras\/\"]},{\"@type\":\"Person\",\"@id\":\"https:\/\/www.notibras.com\/site\/#\/schema\/person\/36ab0979449956132d3e5b517ea76ac8\",\"name\":\"Reda\u00e7\u00e3o\",\"image\":{\"@type\":\"ImageObject\",\"inLanguage\":\"pt-BR\",\"@id\":\"https:\/\/secure.gravatar.com\/avatar\/e0a867bdedb85fd243eadf09663511f96fc81e0720a4a42581f334ad4303aa6b?s=96&d=mm&r=g\",\"url\":\"https:\/\/secure.gravatar.com\/avatar\/e0a867bdedb85fd243eadf09663511f96fc81e0720a4a42581f334ad4303aa6b?s=96&d=mm&r=g\",\"contentUrl\":\"https:\/\/secure.gravatar.com\/avatar\/e0a867bdedb85fd243eadf09663511f96fc81e0720a4a42581f334ad4303aa6b?s=96&d=mm&r=g\",\"caption\":\"Reda\u00e7\u00e3o\"}}]}<\/script>\n<!-- \/ Yoast SEO plugin. -->","yoast_head_json":{"title":"Governo cria regras para acolher crian\u00e7as amea\u00e7adas de morte - Notibras","robots":{"index":"index","follow":"follow","max-snippet":"max-snippet:-1","max-image-preview":"max-image-preview:large","max-video-preview":"max-video-preview:-1"},"canonical":"https:\/\/www.notibras.com\/site\/governo-cria-regras-para-acolher-criancas-ameacadas-de-morte\/","og_locale":"pt_BR","og_type":"article","og_title":"Governo cria regras para acolher crian\u00e7as amea\u00e7adas de morte - Notibras","og_description":"Crian\u00e7as e adolescentes que precisam de prote\u00e7\u00e3o por amea\u00e7a de morte e aus\u00eancia dos pais passar\u00e3o a ser inclu\u00eddas no Programa de Acolhimento Familiar em Fam\u00edlia Solid\u00e1ria. As regas de funcionamento dessa modalidade de ado\u00e7\u00e3o foram estabelecidas por uma resolu\u00e7\u00e3o do Conselho Nacional de Direitos da Crian\u00e7a e do Adolescente (Conanda) e foram publicadas no [&hellip;]","og_url":"https:\/\/www.notibras.com\/site\/governo-cria-regras-para-acolher-criancas-ameacadas-de-morte\/","og_site_name":"Notibras","article_publisher":"https:\/\/www.facebook.com\/notibras\/","article_published_time":"2023-10-07T03:00:21+00:00","article_modified_time":"2023-10-07T11:04:56+00:00","og_image":[{"width":1170,"height":700,"url":"https:\/\/www.notibras.com\/site\/wp-content\/uploads\/2023\/10\/mcamg_abr_10052019_9636.jpg","type":"image\/jpeg"}],"author":"Reda\u00e7\u00e3o","twitter_card":"summary_large_image","twitter_creator":"@Notibras","twitter_site":"@Notibras","twitter_misc":{"Escrito por":"Reda\u00e7\u00e3o","Est. tempo de leitura":"2 minutos"},"schema":{"@context":"https:\/\/schema.org","@graph":[{"@type":"Article","@id":"https:\/\/www.notibras.com\/site\/governo-cria-regras-para-acolher-criancas-ameacadas-de-morte\/#article","isPartOf":{"@id":"https:\/\/www.notibras.com\/site\/governo-cria-regras-para-acolher-criancas-ameacadas-de-morte\/"},"author":{"name":"Reda\u00e7\u00e3o","@id":"https:\/\/www.notibras.com\/site\/#\/schema\/person\/36ab0979449956132d3e5b517ea76ac8"},"headline":"Governo cria regras para acolher crian\u00e7as amea\u00e7adas de morte","datePublished":"2023-10-07T03:00:21+00:00","dateModified":"2023-10-07T11:04:56+00:00","mainEntityOfPage":{"@id":"https:\/\/www.notibras.com\/site\/governo-cria-regras-para-acolher-criancas-ameacadas-de-morte\/"},"wordCount":436,"publisher":{"@id":"https:\/\/www.notibras.com\/site\/#organization"},"image":{"@id":"https:\/\/www.notibras.com\/site\/governo-cria-regras-para-acolher-criancas-ameacadas-de-morte\/#primaryimage"},"thumbnailUrl":"https:\/\/www.notibras.com\/site\/wp-content\/uploads\/2023\/10\/mcamg_abr_10052019_9636.jpg","articleSection":["Quadradinho em Foco"],"inLanguage":"pt-BR"},{"@type":"WebPage","@id":"https:\/\/www.notibras.com\/site\/governo-cria-regras-para-acolher-criancas-ameacadas-de-morte\/","url":"https:\/\/www.notibras.com\/site\/governo-cria-regras-para-acolher-criancas-ameacadas-de-morte\/","name":"Governo cria regras para acolher crian\u00e7as amea\u00e7adas de morte - Notibras","isPartOf":{"@id":"https:\/\/www.notibras.com\/site\/#website"},"primaryImageOfPage":{"@id":"https:\/\/www.notibras.com\/site\/governo-cria-regras-para-acolher-criancas-ameacadas-de-morte\/#primaryimage"},"image":{"@id":"https:\/\/www.notibras.com\/site\/governo-cria-regras-para-acolher-criancas-ameacadas-de-morte\/#primaryimage"},"thumbnailUrl":"https:\/\/www.notibras.com\/site\/wp-content\/uploads\/2023\/10\/mcamg_abr_10052019_9636.jpg","datePublished":"2023-10-07T03:00:21+00:00","dateModified":"2023-10-07T11:04:56+00:00","breadcrumb":{"@id":"https:\/\/www.notibras.com\/site\/governo-cria-regras-para-acolher-criancas-ameacadas-de-morte\/#breadcrumb"},"inLanguage":"pt-BR","potentialAction":[{"@type":"ReadAction","target":["https:\/\/www.notibras.com\/site\/governo-cria-regras-para-acolher-criancas-ameacadas-de-morte\/"]}]},{"@type":"ImageObject","inLanguage":"pt-BR","@id":"https:\/\/www.notibras.com\/site\/governo-cria-regras-para-acolher-criancas-ameacadas-de-morte\/#primaryimage","url":"https:\/\/www.notibras.com\/site\/wp-content\/uploads\/2023\/10\/mcamg_abr_10052019_9636.jpg","contentUrl":"https:\/\/www.notibras.com\/site\/wp-content\/uploads\/2023\/10\/mcamg_abr_10052019_9636.jpg","width":1170,"height":700,"caption":"Alunos saindo de escola na Estrutural, no Distrito Federal"},{"@type":"BreadcrumbList","@id":"https:\/\/www.notibras.com\/site\/governo-cria-regras-para-acolher-criancas-ameacadas-de-morte\/#breadcrumb","itemListElement":[{"@type":"ListItem","position":1,"name":"In\u00edcio","item":"https:\/\/www.notibras.com\/site\/"},{"@type":"ListItem","position":2,"name":"Governo cria regras para acolher crian\u00e7as amea\u00e7adas de morte"}]},{"@type":"WebSite","@id":"https:\/\/www.notibras.com\/site\/#website","url":"https:\/\/www.notibras.com\/site\/","name":"Notibras","description":"Not\u00edcias de Bras\u00edlia, do Brasil e do Mundo","publisher":{"@id":"https:\/\/www.notibras.com\/site\/#organization"},"potentialAction":[{"@type":"SearchAction","target":{"@type":"EntryPoint","urlTemplate":"https:\/\/www.notibras.com\/site\/?s={search_term_string}"},"query-input":{"@type":"PropertyValueSpecification","valueRequired":true,"valueName":"search_term_string"}}],"inLanguage":"pt-BR"},{"@type":"Organization","@id":"https:\/\/www.notibras.com\/site\/#organization","name":"Grupo Notibras de Comunica\u00e7\u00e3o","url":"https:\/\/www.notibras.com\/site\/","logo":{"@type":"ImageObject","inLanguage":"pt-BR","@id":"https:\/\/www.notibras.com\/site\/#\/schema\/logo\/image\/","url":"https:\/\/www.notibras.com\/site\/wp-content\/uploads\/2023\/01\/notibras23.png","contentUrl":"https:\/\/www.notibras.com\/site\/wp-content\/uploads\/2023\/01\/notibras23.png","width":350,"height":87,"caption":"Grupo Notibras de Comunica\u00e7\u00e3o"},"image":{"@id":"https:\/\/www.notibras.com\/site\/#\/schema\/logo\/image\/"},"sameAs":["https:\/\/www.facebook.com\/notibras\/","https:\/\/x.com\/Notibras","https:\/\/www.instagram.com\/notibras\/"]},{"@type":"Person","@id":"https:\/\/www.notibras.com\/site\/#\/schema\/person\/36ab0979449956132d3e5b517ea76ac8","name":"Reda\u00e7\u00e3o","image":{"@type":"ImageObject","inLanguage":"pt-BR","@id":"https:\/\/secure.gravatar.com\/avatar\/e0a867bdedb85fd243eadf09663511f96fc81e0720a4a42581f334ad4303aa6b?s=96&d=mm&r=g","url":"https:\/\/secure.gravatar.com\/avatar\/e0a867bdedb85fd243eadf09663511f96fc81e0720a4a42581f334ad4303aa6b?s=96&d=mm&r=g","contentUrl":"https:\/\/secure.gravatar.com\/avatar\/e0a867bdedb85fd243eadf09663511f96fc81e0720a4a42581f334ad4303aa6b?s=96&d=mm&r=g","caption":"Reda\u00e7\u00e3o"}}]}},"amp_enabled":true,"_links":{"self":[{"href":"https:\/\/www.notibras.com\/site\/wp-json\/wp\/v2\/posts\/314253","targetHints":{"allow":["GET"]}}],"collection":[{"href":"https:\/\/www.notibras.com\/site\/wp-json\/wp\/v2\/posts"}],"about":[{"href":"https:\/\/www.notibras.com\/site\/wp-json\/wp\/v2\/types\/post"}],"author":[{"embeddable":true,"href":"https:\/\/www.notibras.com\/site\/wp-json\/wp\/v2\/users\/2"}],"replies":[{"embeddable":true,"href":"https:\/\/www.notibras.com\/site\/wp-json\/wp\/v2\/comments?post=314253"}],"version-history":[{"count":1,"href":"https:\/\/www.notibras.com\/site\/wp-json\/wp\/v2\/posts\/314253\/revisions"}],"predecessor-version":[{"id":314255,"href":"https:\/\/www.notibras.com\/site\/wp-json\/wp\/v2\/posts\/314253\/revisions\/314255"}],"wp:featuredmedia":[{"embeddable":true,"href":"https:\/\/www.notibras.com\/site\/wp-json\/wp\/v2\/media\/314254"}],"wp:attachment":[{"href":"https:\/\/www.notibras.com\/site\/wp-json\/wp\/v2\/media?parent=314253"}],"wp:term":[{"taxonomy":"category","embeddable":true,"href":"https:\/\/www.notibras.com\/site\/wp-json\/wp\/v2\/categories?post=314253"},{"taxonomy":"post_tag","embeddable":true,"href":"https:\/\/www.notibras.com\/site\/wp-json\/wp\/v2\/tags?post=314253"}],"curies":[{"name":"wp","href":"https:\/\/api.w.org\/{rel}","templated":true}]}}