{"id":314294,"date":"2023-10-08T07:28:44","date_gmt":"2023-10-08T10:28:44","guid":{"rendered":"https:\/\/www.notibras.com\/site\/?p=314294"},"modified":"2023-10-08T07:28:44","modified_gmt":"2023-10-08T10:28:44","slug":"dona-irene-o-filme-e-a-confissao-escondida-da-ninica","status":"publish","type":"post","link":"https:\/\/www.notibras.com\/site\/dona-irene-o-filme-e-a-confissao-escondida-da-ninica\/","title":{"rendered":"Dona Irene, o filme e a confiss\u00e3o escondida da Ninica"},"content":{"rendered":"<p>Uma das frases que mais ou\u00e7o da minha mulher, a Dona Irene, \u00e9 &#8220;Tenho certeza de que n\u00e3o foi comigo que voc\u00ea viu isso!&#8221; Pois bem, l\u00e1 est\u00e1vamos ela, a minha filha (a Ninica) e eu assistindo a mais um filme, quando iniciamos a seguinte conversa.<\/p>\n<p>&#8211; Amorzinho, n\u00f3s j\u00e1 vimos esse filme!<\/p>\n<p>&#8211; Tenho certeza de que n\u00e3o foi comigo que voc\u00ea viu isso!<\/p>\n<p>Depois que o filme acabou, a Dona Irene e eu fomos passear com as nossas buldogues. Caminh\u00e1vamos tranquilamente, de m\u00e3os dadas como o mais apaixonado dos casais, at\u00e9 que ela se virou para mim e, finalmente, confessou.<\/p>\n<p>&#8211; Dudu, a gente viu mesmo aquele filme. Eu me lembrei quando aqueles dois tentaram fugir pela floresta.<\/p>\n<p>Diante dessa baixa de guarda, fui incisivo e perguntei a ela por que n\u00e3o havia dito isso enquanto assist\u00edamos ao filme. Pois \u00e9, a minha amada sorriu e disse algo que me surpreendeu.<\/p>\n<p>&#8211; E voc\u00ea acha mesmo que eu iria dar o bra\u00e7o a torcer na frente da Ninica?<\/p>\n","protected":false},"excerpt":{"rendered":"<p>Uma das frases que mais ou\u00e7o da minha mulher, a Dona Irene, \u00e9 &#8220;Tenho certeza de que n\u00e3o foi comigo que voc\u00ea viu isso!&#8221; Pois bem, l\u00e1 est\u00e1vamos ela, a minha filha (a Ninica) e eu assistindo a mais um filme, quando iniciamos a seguinte conversa. &#8211; Amorzinho, n\u00f3s j\u00e1 vimos esse filme! &#8211; Tenho [&hellip;]<\/p>\n","protected":false},"author":2,"featured_media":314296,"comment_status":"closed","ping_status":"closed","sticky":false,"template":"","format":"standard","meta":{"_acf_changed":false,"footnotes":""},"categories":[161],"tags":[],"class_list":["post-314294","post","type-post","status-publish","format-standard","has-post-thumbnail","hentry","category-quadradinho-em-foco"],"acf":[],"yoast_head":"<!-- This site is optimized with the Yoast SEO plugin v27.2 - https:\/\/yoast.com\/product\/yoast-seo-wordpress\/ -->\n<title>Dona Irene, o filme e a confiss\u00e3o escondida da Ninica - Notibras<\/title>\n<meta name=\"robots\" content=\"index, follow, max-snippet:-1, max-image-preview:large, max-video-preview:-1\" \/>\n<link rel=\"canonical\" href=\"https:\/\/www.notibras.com\/site\/dona-irene-o-filme-e-a-confissao-escondida-da-ninica\/\" \/>\n<meta property=\"og:locale\" content=\"pt_BR\" \/>\n<meta property=\"og:type\" content=\"article\" \/>\n<meta property=\"og:title\" content=\"Dona Irene, o filme e a confiss\u00e3o escondida da Ninica - Notibras\" \/>\n<meta property=\"og:description\" content=\"Uma das frases que mais ou\u00e7o da minha mulher, a Dona Irene, \u00e9 &#8220;Tenho certeza de que n\u00e3o foi comigo que voc\u00ea viu isso!&#8221; Pois bem, l\u00e1 est\u00e1vamos ela, a minha filha (a Ninica) e eu assistindo a mais um filme, quando iniciamos a seguinte conversa. &#8211; Amorzinho, n\u00f3s j\u00e1 vimos esse filme! &#8211; Tenho [&hellip;]\" \/>\n<meta property=\"og:url\" content=\"https:\/\/www.notibras.com\/site\/dona-irene-o-filme-e-a-confissao-escondida-da-ninica\/\" \/>\n<meta property=\"og:site_name\" content=\"Notibras\" \/>\n<meta property=\"article:publisher\" content=\"https:\/\/www.facebook.com\/notibras\/\" \/>\n<meta property=\"article:published_time\" content=\"2023-10-08T10:28:44+00:00\" \/>\n<meta property=\"og:image\" content=\"https:\/\/www.notibras.com\/site\/wp-content\/uploads\/2023\/10\/02a4b06f-aba0-4ef2-9d2f-15a14c92e0fe.jpg\" \/>\n\t<meta property=\"og:image:width\" content=\"1024\" \/>\n\t<meta property=\"og:image:height\" content=\"769\" \/>\n\t<meta property=\"og:image:type\" content=\"image\/jpeg\" \/>\n<meta name=\"author\" content=\"Reda\u00e7\u00e3o\" \/>\n<meta name=\"twitter:card\" content=\"summary_large_image\" \/>\n<meta name=\"twitter:creator\" content=\"@Notibras\" \/>\n<meta name=\"twitter:site\" content=\"@Notibras\" \/>\n<meta name=\"twitter:label1\" content=\"Escrito por\" \/>\n\t<meta name=\"twitter:data1\" content=\"Reda\u00e7\u00e3o\" \/>\n\t<meta name=\"twitter:label2\" content=\"Est. tempo de leitura\" \/>\n\t<meta name=\"twitter:data2\" content=\"1 minuto\" \/>\n<script type=\"application\/ld+json\" class=\"yoast-schema-graph\">{\"@context\":\"https:\/\/schema.org\",\"@graph\":[{\"@type\":\"Article\",\"@id\":\"https:\/\/www.notibras.com\/site\/dona-irene-o-filme-e-a-confissao-escondida-da-ninica\/#article\",\"isPartOf\":{\"@id\":\"https:\/\/www.notibras.com\/site\/dona-irene-o-filme-e-a-confissao-escondida-da-ninica\/\"},\"author\":{\"name\":\"Reda\u00e7\u00e3o\",\"@id\":\"https:\/\/www.notibras.com\/site\/#\/schema\/person\/36ab0979449956132d3e5b517ea76ac8\"},\"headline\":\"Dona Irene, o filme e a confiss\u00e3o escondida da Ninica\",\"datePublished\":\"2023-10-08T10:28:44+00:00\",\"mainEntityOfPage\":{\"@id\":\"https:\/\/www.notibras.com\/site\/dona-irene-o-filme-e-a-confissao-escondida-da-ninica\/\"},\"wordCount\":189,\"publisher\":{\"@id\":\"https:\/\/www.notibras.com\/site\/#organization\"},\"image\":{\"@id\":\"https:\/\/www.notibras.com\/site\/dona-irene-o-filme-e-a-confissao-escondida-da-ninica\/#primaryimage\"},\"thumbnailUrl\":\"https:\/\/www.notibras.com\/site\/wp-content\/uploads\/2023\/10\/02a4b06f-aba0-4ef2-9d2f-15a14c92e0fe.jpg\",\"articleSection\":[\"Quadradinho em Foco\"],\"inLanguage\":\"pt-BR\"},{\"@type\":\"WebPage\",\"@id\":\"https:\/\/www.notibras.com\/site\/dona-irene-o-filme-e-a-confissao-escondida-da-ninica\/\",\"url\":\"https:\/\/www.notibras.com\/site\/dona-irene-o-filme-e-a-confissao-escondida-da-ninica\/\",\"name\":\"Dona Irene, o filme e a confiss\u00e3o escondida da Ninica - Notibras\",\"isPartOf\":{\"@id\":\"https:\/\/www.notibras.com\/site\/#website\"},\"primaryImageOfPage\":{\"@id\":\"https:\/\/www.notibras.com\/site\/dona-irene-o-filme-e-a-confissao-escondida-da-ninica\/#primaryimage\"},\"image\":{\"@id\":\"https:\/\/www.notibras.com\/site\/dona-irene-o-filme-e-a-confissao-escondida-da-ninica\/#primaryimage\"},\"thumbnailUrl\":\"https:\/\/www.notibras.com\/site\/wp-content\/uploads\/2023\/10\/02a4b06f-aba0-4ef2-9d2f-15a14c92e0fe.jpg\",\"datePublished\":\"2023-10-08T10:28:44+00:00\",\"breadcrumb\":{\"@id\":\"https:\/\/www.notibras.com\/site\/dona-irene-o-filme-e-a-confissao-escondida-da-ninica\/#breadcrumb\"},\"inLanguage\":\"pt-BR\",\"potentialAction\":[{\"@type\":\"ReadAction\",\"target\":[\"https:\/\/www.notibras.com\/site\/dona-irene-o-filme-e-a-confissao-escondida-da-ninica\/\"]}]},{\"@type\":\"ImageObject\",\"inLanguage\":\"pt-BR\",\"@id\":\"https:\/\/www.notibras.com\/site\/dona-irene-o-filme-e-a-confissao-escondida-da-ninica\/#primaryimage\",\"url\":\"https:\/\/www.notibras.com\/site\/wp-content\/uploads\/2023\/10\/02a4b06f-aba0-4ef2-9d2f-15a14c92e0fe.jpg\",\"contentUrl\":\"https:\/\/www.notibras.com\/site\/wp-content\/uploads\/2023\/10\/02a4b06f-aba0-4ef2-9d2f-15a14c92e0fe.jpg\",\"width\":1024,\"height\":769},{\"@type\":\"BreadcrumbList\",\"@id\":\"https:\/\/www.notibras.com\/site\/dona-irene-o-filme-e-a-confissao-escondida-da-ninica\/#breadcrumb\",\"itemListElement\":[{\"@type\":\"ListItem\",\"position\":1,\"name\":\"In\u00edcio\",\"item\":\"https:\/\/www.notibras.com\/site\/\"},{\"@type\":\"ListItem\",\"position\":2,\"name\":\"Dona Irene, o filme e a confiss\u00e3o escondida da Ninica\"}]},{\"@type\":\"WebSite\",\"@id\":\"https:\/\/www.notibras.com\/site\/#website\",\"url\":\"https:\/\/www.notibras.com\/site\/\",\"name\":\"Notibras\",\"description\":\"Not\u00edcias de Bras\u00edlia, do Brasil e do Mundo\",\"publisher\":{\"@id\":\"https:\/\/www.notibras.com\/site\/#organization\"},\"potentialAction\":[{\"@type\":\"SearchAction\",\"target\":{\"@type\":\"EntryPoint\",\"urlTemplate\":\"https:\/\/www.notibras.com\/site\/?s={search_term_string}\"},\"query-input\":{\"@type\":\"PropertyValueSpecification\",\"valueRequired\":true,\"valueName\":\"search_term_string\"}}],\"inLanguage\":\"pt-BR\"},{\"@type\":\"Organization\",\"@id\":\"https:\/\/www.notibras.com\/site\/#organization\",\"name\":\"Grupo Notibras de Comunica\u00e7\u00e3o\",\"url\":\"https:\/\/www.notibras.com\/site\/\",\"logo\":{\"@type\":\"ImageObject\",\"inLanguage\":\"pt-BR\",\"@id\":\"https:\/\/www.notibras.com\/site\/#\/schema\/logo\/image\/\",\"url\":\"https:\/\/www.notibras.com\/site\/wp-content\/uploads\/2023\/01\/notibras23.png\",\"contentUrl\":\"https:\/\/www.notibras.com\/site\/wp-content\/uploads\/2023\/01\/notibras23.png\",\"width\":350,\"height\":87,\"caption\":\"Grupo Notibras de Comunica\u00e7\u00e3o\"},\"image\":{\"@id\":\"https:\/\/www.notibras.com\/site\/#\/schema\/logo\/image\/\"},\"sameAs\":[\"https:\/\/www.facebook.com\/notibras\/\",\"https:\/\/x.com\/Notibras\",\"https:\/\/www.instagram.com\/notibras\/\"]},{\"@type\":\"Person\",\"@id\":\"https:\/\/www.notibras.com\/site\/#\/schema\/person\/36ab0979449956132d3e5b517ea76ac8\",\"name\":\"Reda\u00e7\u00e3o\",\"image\":{\"@type\":\"ImageObject\",\"inLanguage\":\"pt-BR\",\"@id\":\"https:\/\/secure.gravatar.com\/avatar\/e0a867bdedb85fd243eadf09663511f96fc81e0720a4a42581f334ad4303aa6b?s=96&d=mm&r=g\",\"url\":\"https:\/\/secure.gravatar.com\/avatar\/e0a867bdedb85fd243eadf09663511f96fc81e0720a4a42581f334ad4303aa6b?s=96&d=mm&r=g\",\"contentUrl\":\"https:\/\/secure.gravatar.com\/avatar\/e0a867bdedb85fd243eadf09663511f96fc81e0720a4a42581f334ad4303aa6b?s=96&d=mm&r=g\",\"caption\":\"Reda\u00e7\u00e3o\"}}]}<\/script>\n<!-- \/ Yoast SEO plugin. -->","yoast_head_json":{"title":"Dona Irene, o filme e a confiss\u00e3o escondida da Ninica - Notibras","robots":{"index":"index","follow":"follow","max-snippet":"max-snippet:-1","max-image-preview":"max-image-preview:large","max-video-preview":"max-video-preview:-1"},"canonical":"https:\/\/www.notibras.com\/site\/dona-irene-o-filme-e-a-confissao-escondida-da-ninica\/","og_locale":"pt_BR","og_type":"article","og_title":"Dona Irene, o filme e a confiss\u00e3o escondida da Ninica - Notibras","og_description":"Uma das frases que mais ou\u00e7o da minha mulher, a Dona Irene, \u00e9 &#8220;Tenho certeza de que n\u00e3o foi comigo que voc\u00ea viu isso!&#8221; Pois bem, l\u00e1 est\u00e1vamos ela, a minha filha (a Ninica) e eu assistindo a mais um filme, quando iniciamos a seguinte conversa. &#8211; Amorzinho, n\u00f3s j\u00e1 vimos esse filme! &#8211; Tenho [&hellip;]","og_url":"https:\/\/www.notibras.com\/site\/dona-irene-o-filme-e-a-confissao-escondida-da-ninica\/","og_site_name":"Notibras","article_publisher":"https:\/\/www.facebook.com\/notibras\/","article_published_time":"2023-10-08T10:28:44+00:00","og_image":[{"width":1024,"height":769,"url":"https:\/\/www.notibras.com\/site\/wp-content\/uploads\/2023\/10\/02a4b06f-aba0-4ef2-9d2f-15a14c92e0fe.jpg","type":"image\/jpeg"}],"author":"Reda\u00e7\u00e3o","twitter_card":"summary_large_image","twitter_creator":"@Notibras","twitter_site":"@Notibras","twitter_misc":{"Escrito por":"Reda\u00e7\u00e3o","Est. tempo de leitura":"1 minuto"},"schema":{"@context":"https:\/\/schema.org","@graph":[{"@type":"Article","@id":"https:\/\/www.notibras.com\/site\/dona-irene-o-filme-e-a-confissao-escondida-da-ninica\/#article","isPartOf":{"@id":"https:\/\/www.notibras.com\/site\/dona-irene-o-filme-e-a-confissao-escondida-da-ninica\/"},"author":{"name":"Reda\u00e7\u00e3o","@id":"https:\/\/www.notibras.com\/site\/#\/schema\/person\/36ab0979449956132d3e5b517ea76ac8"},"headline":"Dona Irene, o filme e a confiss\u00e3o escondida da Ninica","datePublished":"2023-10-08T10:28:44+00:00","mainEntityOfPage":{"@id":"https:\/\/www.notibras.com\/site\/dona-irene-o-filme-e-a-confissao-escondida-da-ninica\/"},"wordCount":189,"publisher":{"@id":"https:\/\/www.notibras.com\/site\/#organization"},"image":{"@id":"https:\/\/www.notibras.com\/site\/dona-irene-o-filme-e-a-confissao-escondida-da-ninica\/#primaryimage"},"thumbnailUrl":"https:\/\/www.notibras.com\/site\/wp-content\/uploads\/2023\/10\/02a4b06f-aba0-4ef2-9d2f-15a14c92e0fe.jpg","articleSection":["Quadradinho em Foco"],"inLanguage":"pt-BR"},{"@type":"WebPage","@id":"https:\/\/www.notibras.com\/site\/dona-irene-o-filme-e-a-confissao-escondida-da-ninica\/","url":"https:\/\/www.notibras.com\/site\/dona-irene-o-filme-e-a-confissao-escondida-da-ninica\/","name":"Dona Irene, o filme e a confiss\u00e3o escondida da Ninica - Notibras","isPartOf":{"@id":"https:\/\/www.notibras.com\/site\/#website"},"primaryImageOfPage":{"@id":"https:\/\/www.notibras.com\/site\/dona-irene-o-filme-e-a-confissao-escondida-da-ninica\/#primaryimage"},"image":{"@id":"https:\/\/www.notibras.com\/site\/dona-irene-o-filme-e-a-confissao-escondida-da-ninica\/#primaryimage"},"thumbnailUrl":"https:\/\/www.notibras.com\/site\/wp-content\/uploads\/2023\/10\/02a4b06f-aba0-4ef2-9d2f-15a14c92e0fe.jpg","datePublished":"2023-10-08T10:28:44+00:00","breadcrumb":{"@id":"https:\/\/www.notibras.com\/site\/dona-irene-o-filme-e-a-confissao-escondida-da-ninica\/#breadcrumb"},"inLanguage":"pt-BR","potentialAction":[{"@type":"ReadAction","target":["https:\/\/www.notibras.com\/site\/dona-irene-o-filme-e-a-confissao-escondida-da-ninica\/"]}]},{"@type":"ImageObject","inLanguage":"pt-BR","@id":"https:\/\/www.notibras.com\/site\/dona-irene-o-filme-e-a-confissao-escondida-da-ninica\/#primaryimage","url":"https:\/\/www.notibras.com\/site\/wp-content\/uploads\/2023\/10\/02a4b06f-aba0-4ef2-9d2f-15a14c92e0fe.jpg","contentUrl":"https:\/\/www.notibras.com\/site\/wp-content\/uploads\/2023\/10\/02a4b06f-aba0-4ef2-9d2f-15a14c92e0fe.jpg","width":1024,"height":769},{"@type":"BreadcrumbList","@id":"https:\/\/www.notibras.com\/site\/dona-irene-o-filme-e-a-confissao-escondida-da-ninica\/#breadcrumb","itemListElement":[{"@type":"ListItem","position":1,"name":"In\u00edcio","item":"https:\/\/www.notibras.com\/site\/"},{"@type":"ListItem","position":2,"name":"Dona Irene, o filme e a confiss\u00e3o escondida da Ninica"}]},{"@type":"WebSite","@id":"https:\/\/www.notibras.com\/site\/#website","url":"https:\/\/www.notibras.com\/site\/","name":"Notibras","description":"Not\u00edcias de Bras\u00edlia, do Brasil e do Mundo","publisher":{"@id":"https:\/\/www.notibras.com\/site\/#organization"},"potentialAction":[{"@type":"SearchAction","target":{"@type":"EntryPoint","urlTemplate":"https:\/\/www.notibras.com\/site\/?s={search_term_string}"},"query-input":{"@type":"PropertyValueSpecification","valueRequired":true,"valueName":"search_term_string"}}],"inLanguage":"pt-BR"},{"@type":"Organization","@id":"https:\/\/www.notibras.com\/site\/#organization","name":"Grupo Notibras de Comunica\u00e7\u00e3o","url":"https:\/\/www.notibras.com\/site\/","logo":{"@type":"ImageObject","inLanguage":"pt-BR","@id":"https:\/\/www.notibras.com\/site\/#\/schema\/logo\/image\/","url":"https:\/\/www.notibras.com\/site\/wp-content\/uploads\/2023\/01\/notibras23.png","contentUrl":"https:\/\/www.notibras.com\/site\/wp-content\/uploads\/2023\/01\/notibras23.png","width":350,"height":87,"caption":"Grupo Notibras de Comunica\u00e7\u00e3o"},"image":{"@id":"https:\/\/www.notibras.com\/site\/#\/schema\/logo\/image\/"},"sameAs":["https:\/\/www.facebook.com\/notibras\/","https:\/\/x.com\/Notibras","https:\/\/www.instagram.com\/notibras\/"]},{"@type":"Person","@id":"https:\/\/www.notibras.com\/site\/#\/schema\/person\/36ab0979449956132d3e5b517ea76ac8","name":"Reda\u00e7\u00e3o","image":{"@type":"ImageObject","inLanguage":"pt-BR","@id":"https:\/\/secure.gravatar.com\/avatar\/e0a867bdedb85fd243eadf09663511f96fc81e0720a4a42581f334ad4303aa6b?s=96&d=mm&r=g","url":"https:\/\/secure.gravatar.com\/avatar\/e0a867bdedb85fd243eadf09663511f96fc81e0720a4a42581f334ad4303aa6b?s=96&d=mm&r=g","contentUrl":"https:\/\/secure.gravatar.com\/avatar\/e0a867bdedb85fd243eadf09663511f96fc81e0720a4a42581f334ad4303aa6b?s=96&d=mm&r=g","caption":"Reda\u00e7\u00e3o"}}]}},"amp_enabled":true,"_links":{"self":[{"href":"https:\/\/www.notibras.com\/site\/wp-json\/wp\/v2\/posts\/314294","targetHints":{"allow":["GET"]}}],"collection":[{"href":"https:\/\/www.notibras.com\/site\/wp-json\/wp\/v2\/posts"}],"about":[{"href":"https:\/\/www.notibras.com\/site\/wp-json\/wp\/v2\/types\/post"}],"author":[{"embeddable":true,"href":"https:\/\/www.notibras.com\/site\/wp-json\/wp\/v2\/users\/2"}],"replies":[{"embeddable":true,"href":"https:\/\/www.notibras.com\/site\/wp-json\/wp\/v2\/comments?post=314294"}],"version-history":[{"count":1,"href":"https:\/\/www.notibras.com\/site\/wp-json\/wp\/v2\/posts\/314294\/revisions"}],"predecessor-version":[{"id":314297,"href":"https:\/\/www.notibras.com\/site\/wp-json\/wp\/v2\/posts\/314294\/revisions\/314297"}],"wp:featuredmedia":[{"embeddable":true,"href":"https:\/\/www.notibras.com\/site\/wp-json\/wp\/v2\/media\/314296"}],"wp:attachment":[{"href":"https:\/\/www.notibras.com\/site\/wp-json\/wp\/v2\/media?parent=314294"}],"wp:term":[{"taxonomy":"category","embeddable":true,"href":"https:\/\/www.notibras.com\/site\/wp-json\/wp\/v2\/categories?post=314294"},{"taxonomy":"post_tag","embeddable":true,"href":"https:\/\/www.notibras.com\/site\/wp-json\/wp\/v2\/tags?post=314294"}],"curies":[{"name":"wp","href":"https:\/\/api.w.org\/{rel}","templated":true}]}}