{"id":31430,"date":"2014-12-17T11:14:46","date_gmt":"2014-12-17T14:14:46","guid":{"rendered":"http:\/\/www.notibras.com\/site\/?p=31430"},"modified":"2014-12-17T12:18:40","modified_gmt":"2014-12-17T15:18:40","slug":"pt-vai-para-o-tudo-ou-nada-contra-cunha-e-lanca-chinaglia-para-presidir-camara","status":"publish","type":"post","link":"https:\/\/www.notibras.com\/site\/pt-vai-para-o-tudo-ou-nada-contra-cunha-e-lanca-chinaglia-para-presidir-camara\/","title":{"rendered":"PT vai para tudo ou nada contra Cunha e oficializa Chinaglia para a C\u00e2mara"},"content":{"rendered":"<p class=\"text\">O PT lan\u00e7ou nesta quarta-feira a candidatura do deputado Arlindo Chinaglia (SP) para a presid\u00eancia da C\u00e2mara dos Deputados em elei\u00e7\u00e3o que ocorrer\u00e1 no in\u00edcio do ano que vem, quando come\u00e7a a pr\u00f3xima legislatura.<\/p>\n<p class=\"text\">O an\u00fancio do lan\u00e7amento da candidatura de Chinaglia foi feito durante sess\u00e3o do Congresso Nacional pelo l\u00edder do PT na C\u00e2mara, deputado Vicentinho (SP), que afirmou que o nome de Chinaglia, que j\u00e1 foi presidente da Casa, tamb\u00e9m tem apoio de outras legendas, como Pros e PCdoB.<\/p>\n<blockquote>\n<p class=\"text\">&#8220;Eu anuncio esta candidatura porque estamos todos abertos ao di\u00e1logo para discutirmos. Nesta candidatura existe, portanto, o respeito a todas as outras candidaturas&#8221;, disse Vicentinho. &#8220;Um, dois, tr\u00eas, Arlindo outra vez&#8221;, completou.<\/p>\n<\/blockquote>\n<p class=\"text\">O l\u00edder do PMDB, Eduardo Cunha (RJ) j\u00e1 lan\u00e7ou sua candidatura \u00e0 presid\u00eancia da C\u00e2mara com o apoio, al\u00e9m de seu partido, de uma s\u00e9rie de outras legendas. Cunha \u00e9 considerado um desafeto do Pal\u00e1cio do Planalto e j\u00e1 criou dificuldades para o Executivo na C\u00e2mara no passado.<\/p>\n<p class=\"text\">Al\u00e9m de Cunha e Chinaglia, o deputado Julio Delgado (PSB-MG) tamb\u00e9m se lan\u00e7ou para a presid\u00eancia da C\u00e2mara.<\/p>\n<p class=\"text\">A candidatura de Cunha coloca fim a um acordo entre PT e PMDB que previa um rod\u00edzio entre os dois partidos no comando da C\u00e2mara. O PT tem a maior bancada da Casa, seguido pelo PMDB, que tem atualmente o presidente da C\u00e2mara, deputado Henrique Eduardo Alves (RN).<\/p>\n","protected":false},"excerpt":{"rendered":"<p>O PT lan\u00e7ou nesta quarta-feira a candidatura do deputado Arlindo Chinaglia (SP) para a presid\u00eancia da C\u00e2mara dos Deputados em elei\u00e7\u00e3o que ocorrer\u00e1 no in\u00edcio do ano que vem, quando come\u00e7a a pr\u00f3xima legislatura. O an\u00fancio do lan\u00e7amento da candidatura de Chinaglia foi feito durante sess\u00e3o do Congresso Nacional pelo l\u00edder do PT na C\u00e2mara, [&hellip;]<\/p>\n","protected":false},"author":2,"featured_media":31431,"comment_status":"open","ping_status":"closed","sticky":false,"template":"","format":"standard","meta":{"_acf_changed":false,"footnotes":""},"categories":[16],"tags":[],"class_list":["post-31430","post","type-post","status-publish","format-standard","has-post-thumbnail","hentry","category-brasil"],"acf":[],"yoast_head":"<!-- This site is optimized with the Yoast SEO plugin v27.2 - https:\/\/yoast.com\/product\/yoast-seo-wordpress\/ -->\n<title>PT vai para tudo ou nada contra Cunha e oficializa Chinaglia para a C\u00e2mara - Notibras<\/title>\n<meta name=\"robots\" content=\"index, follow, max-snippet:-1, max-image-preview:large, max-video-preview:-1\" \/>\n<link rel=\"canonical\" href=\"https:\/\/www.notibras.com\/site\/pt-vai-para-o-tudo-ou-nada-contra-cunha-e-lanca-chinaglia-para-presidir-camara\/\" \/>\n<meta property=\"og:locale\" content=\"pt_BR\" \/>\n<meta property=\"og:type\" content=\"article\" \/>\n<meta property=\"og:title\" content=\"PT vai para tudo ou nada contra Cunha e oficializa Chinaglia para a C\u00e2mara - Notibras\" \/>\n<meta property=\"og:description\" content=\"O PT lan\u00e7ou nesta quarta-feira a candidatura do deputado Arlindo Chinaglia (SP) para a presid\u00eancia da C\u00e2mara dos Deputados em elei\u00e7\u00e3o que ocorrer\u00e1 no in\u00edcio do ano que vem, quando come\u00e7a a pr\u00f3xima legislatura. O an\u00fancio do lan\u00e7amento da candidatura de Chinaglia foi feito durante sess\u00e3o do Congresso Nacional pelo l\u00edder do PT na C\u00e2mara, [&hellip;]\" \/>\n<meta property=\"og:url\" content=\"https:\/\/www.notibras.com\/site\/pt-vai-para-o-tudo-ou-nada-contra-cunha-e-lanca-chinaglia-para-presidir-camara\/\" \/>\n<meta property=\"og:site_name\" content=\"Notibras\" \/>\n<meta property=\"article:publisher\" content=\"https:\/\/www.facebook.com\/notibras\/\" \/>\n<meta property=\"article:published_time\" content=\"2014-12-17T14:14:46+00:00\" \/>\n<meta property=\"article:modified_time\" content=\"2014-12-17T15:18:40+00:00\" \/>\n<meta property=\"og:image\" content=\"https:\/\/www.notibras.com\/site\/wp-content\/uploads\/2014\/12\/chi.jpg\" \/>\n\t<meta property=\"og:image:width\" content=\"460\" \/>\n\t<meta property=\"og:image:height\" content=\"340\" \/>\n\t<meta property=\"og:image:type\" content=\"image\/jpeg\" \/>\n<meta name=\"author\" content=\"Reda\u00e7\u00e3o\" \/>\n<meta name=\"twitter:card\" content=\"summary_large_image\" \/>\n<meta name=\"twitter:creator\" content=\"@Notibras\" \/>\n<meta name=\"twitter:site\" content=\"@Notibras\" \/>\n<meta name=\"twitter:label1\" content=\"Escrito por\" \/>\n\t<meta name=\"twitter:data1\" content=\"Reda\u00e7\u00e3o\" \/>\n\t<meta name=\"twitter:label2\" content=\"Est. tempo de leitura\" \/>\n\t<meta name=\"twitter:data2\" content=\"1 minuto\" \/>\n<script type=\"application\/ld+json\" class=\"yoast-schema-graph\">{\"@context\":\"https:\/\/schema.org\",\"@graph\":[{\"@type\":\"Article\",\"@id\":\"https:\/\/www.notibras.com\/site\/pt-vai-para-o-tudo-ou-nada-contra-cunha-e-lanca-chinaglia-para-presidir-camara\/#article\",\"isPartOf\":{\"@id\":\"https:\/\/www.notibras.com\/site\/pt-vai-para-o-tudo-ou-nada-contra-cunha-e-lanca-chinaglia-para-presidir-camara\/\"},\"author\":{\"name\":\"Reda\u00e7\u00e3o\",\"@id\":\"https:\/\/www.notibras.com\/site\/#\/schema\/person\/36ab0979449956132d3e5b517ea76ac8\"},\"headline\":\"PT vai para tudo ou nada contra Cunha e oficializa Chinaglia para a C\u00e2mara\",\"datePublished\":\"2014-12-17T14:14:46+00:00\",\"dateModified\":\"2014-12-17T15:18:40+00:00\",\"mainEntityOfPage\":{\"@id\":\"https:\/\/www.notibras.com\/site\/pt-vai-para-o-tudo-ou-nada-contra-cunha-e-lanca-chinaglia-para-presidir-camara\/\"},\"wordCount\":271,\"commentCount\":0,\"publisher\":{\"@id\":\"https:\/\/www.notibras.com\/site\/#organization\"},\"image\":{\"@id\":\"https:\/\/www.notibras.com\/site\/pt-vai-para-o-tudo-ou-nada-contra-cunha-e-lanca-chinaglia-para-presidir-camara\/#primaryimage\"},\"thumbnailUrl\":\"https:\/\/www.notibras.com\/site\/wp-content\/uploads\/2014\/12\/chi.jpg\",\"articleSection\":[\"Brasil\"],\"inLanguage\":\"pt-BR\",\"potentialAction\":[{\"@type\":\"CommentAction\",\"name\":\"Comment\",\"target\":[\"https:\/\/www.notibras.com\/site\/pt-vai-para-o-tudo-ou-nada-contra-cunha-e-lanca-chinaglia-para-presidir-camara\/#respond\"]}]},{\"@type\":\"WebPage\",\"@id\":\"https:\/\/www.notibras.com\/site\/pt-vai-para-o-tudo-ou-nada-contra-cunha-e-lanca-chinaglia-para-presidir-camara\/\",\"url\":\"https:\/\/www.notibras.com\/site\/pt-vai-para-o-tudo-ou-nada-contra-cunha-e-lanca-chinaglia-para-presidir-camara\/\",\"name\":\"PT vai para tudo ou nada contra Cunha e oficializa Chinaglia para a C\u00e2mara - Notibras\",\"isPartOf\":{\"@id\":\"https:\/\/www.notibras.com\/site\/#website\"},\"primaryImageOfPage\":{\"@id\":\"https:\/\/www.notibras.com\/site\/pt-vai-para-o-tudo-ou-nada-contra-cunha-e-lanca-chinaglia-para-presidir-camara\/#primaryimage\"},\"image\":{\"@id\":\"https:\/\/www.notibras.com\/site\/pt-vai-para-o-tudo-ou-nada-contra-cunha-e-lanca-chinaglia-para-presidir-camara\/#primaryimage\"},\"thumbnailUrl\":\"https:\/\/www.notibras.com\/site\/wp-content\/uploads\/2014\/12\/chi.jpg\",\"datePublished\":\"2014-12-17T14:14:46+00:00\",\"dateModified\":\"2014-12-17T15:18:40+00:00\",\"breadcrumb\":{\"@id\":\"https:\/\/www.notibras.com\/site\/pt-vai-para-o-tudo-ou-nada-contra-cunha-e-lanca-chinaglia-para-presidir-camara\/#breadcrumb\"},\"inLanguage\":\"pt-BR\",\"potentialAction\":[{\"@type\":\"ReadAction\",\"target\":[\"https:\/\/www.notibras.com\/site\/pt-vai-para-o-tudo-ou-nada-contra-cunha-e-lanca-chinaglia-para-presidir-camara\/\"]}]},{\"@type\":\"ImageObject\",\"inLanguage\":\"pt-BR\",\"@id\":\"https:\/\/www.notibras.com\/site\/pt-vai-para-o-tudo-ou-nada-contra-cunha-e-lanca-chinaglia-para-presidir-camara\/#primaryimage\",\"url\":\"https:\/\/www.notibras.com\/site\/wp-content\/uploads\/2014\/12\/chi.jpg\",\"contentUrl\":\"https:\/\/www.notibras.com\/site\/wp-content\/uploads\/2014\/12\/chi.jpg\",\"width\":460,\"height\":340},{\"@type\":\"BreadcrumbList\",\"@id\":\"https:\/\/www.notibras.com\/site\/pt-vai-para-o-tudo-ou-nada-contra-cunha-e-lanca-chinaglia-para-presidir-camara\/#breadcrumb\",\"itemListElement\":[{\"@type\":\"ListItem\",\"position\":1,\"name\":\"In\u00edcio\",\"item\":\"https:\/\/www.notibras.com\/site\/\"},{\"@type\":\"ListItem\",\"position\":2,\"name\":\"PT vai para tudo ou nada contra Cunha e oficializa Chinaglia para a C\u00e2mara\"}]},{\"@type\":\"WebSite\",\"@id\":\"https:\/\/www.notibras.com\/site\/#website\",\"url\":\"https:\/\/www.notibras.com\/site\/\",\"name\":\"Notibras\",\"description\":\"Not\u00edcias de Bras\u00edlia, do Brasil e do Mundo\",\"publisher\":{\"@id\":\"https:\/\/www.notibras.com\/site\/#organization\"},\"potentialAction\":[{\"@type\":\"SearchAction\",\"target\":{\"@type\":\"EntryPoint\",\"urlTemplate\":\"https:\/\/www.notibras.com\/site\/?s={search_term_string}\"},\"query-input\":{\"@type\":\"PropertyValueSpecification\",\"valueRequired\":true,\"valueName\":\"search_term_string\"}}],\"inLanguage\":\"pt-BR\"},{\"@type\":\"Organization\",\"@id\":\"https:\/\/www.notibras.com\/site\/#organization\",\"name\":\"Grupo Notibras de Comunica\u00e7\u00e3o\",\"url\":\"https:\/\/www.notibras.com\/site\/\",\"logo\":{\"@type\":\"ImageObject\",\"inLanguage\":\"pt-BR\",\"@id\":\"https:\/\/www.notibras.com\/site\/#\/schema\/logo\/image\/\",\"url\":\"https:\/\/www.notibras.com\/site\/wp-content\/uploads\/2023\/01\/notibras23.png\",\"contentUrl\":\"https:\/\/www.notibras.com\/site\/wp-content\/uploads\/2023\/01\/notibras23.png\",\"width\":350,\"height\":87,\"caption\":\"Grupo Notibras de Comunica\u00e7\u00e3o\"},\"image\":{\"@id\":\"https:\/\/www.notibras.com\/site\/#\/schema\/logo\/image\/\"},\"sameAs\":[\"https:\/\/www.facebook.com\/notibras\/\",\"https:\/\/x.com\/Notibras\",\"https:\/\/www.instagram.com\/notibras\/\"]},{\"@type\":\"Person\",\"@id\":\"https:\/\/www.notibras.com\/site\/#\/schema\/person\/36ab0979449956132d3e5b517ea76ac8\",\"name\":\"Reda\u00e7\u00e3o\",\"image\":{\"@type\":\"ImageObject\",\"inLanguage\":\"pt-BR\",\"@id\":\"https:\/\/secure.gravatar.com\/avatar\/e0a867bdedb85fd243eadf09663511f96fc81e0720a4a42581f334ad4303aa6b?s=96&d=mm&r=g\",\"url\":\"https:\/\/secure.gravatar.com\/avatar\/e0a867bdedb85fd243eadf09663511f96fc81e0720a4a42581f334ad4303aa6b?s=96&d=mm&r=g\",\"contentUrl\":\"https:\/\/secure.gravatar.com\/avatar\/e0a867bdedb85fd243eadf09663511f96fc81e0720a4a42581f334ad4303aa6b?s=96&d=mm&r=g\",\"caption\":\"Reda\u00e7\u00e3o\"}}]}<\/script>\n<!-- \/ Yoast SEO plugin. -->","yoast_head_json":{"title":"PT vai para tudo ou nada contra Cunha e oficializa Chinaglia para a C\u00e2mara - Notibras","robots":{"index":"index","follow":"follow","max-snippet":"max-snippet:-1","max-image-preview":"max-image-preview:large","max-video-preview":"max-video-preview:-1"},"canonical":"https:\/\/www.notibras.com\/site\/pt-vai-para-o-tudo-ou-nada-contra-cunha-e-lanca-chinaglia-para-presidir-camara\/","og_locale":"pt_BR","og_type":"article","og_title":"PT vai para tudo ou nada contra Cunha e oficializa Chinaglia para a C\u00e2mara - Notibras","og_description":"O PT lan\u00e7ou nesta quarta-feira a candidatura do deputado Arlindo Chinaglia (SP) para a presid\u00eancia da C\u00e2mara dos Deputados em elei\u00e7\u00e3o que ocorrer\u00e1 no in\u00edcio do ano que vem, quando come\u00e7a a pr\u00f3xima legislatura. O an\u00fancio do lan\u00e7amento da candidatura de Chinaglia foi feito durante sess\u00e3o do Congresso Nacional pelo l\u00edder do PT na C\u00e2mara, [&hellip;]","og_url":"https:\/\/www.notibras.com\/site\/pt-vai-para-o-tudo-ou-nada-contra-cunha-e-lanca-chinaglia-para-presidir-camara\/","og_site_name":"Notibras","article_publisher":"https:\/\/www.facebook.com\/notibras\/","article_published_time":"2014-12-17T14:14:46+00:00","article_modified_time":"2014-12-17T15:18:40+00:00","og_image":[{"width":460,"height":340,"url":"https:\/\/www.notibras.com\/site\/wp-content\/uploads\/2014\/12\/chi.jpg","type":"image\/jpeg"}],"author":"Reda\u00e7\u00e3o","twitter_card":"summary_large_image","twitter_creator":"@Notibras","twitter_site":"@Notibras","twitter_misc":{"Escrito por":"Reda\u00e7\u00e3o","Est. tempo de leitura":"1 minuto"},"schema":{"@context":"https:\/\/schema.org","@graph":[{"@type":"Article","@id":"https:\/\/www.notibras.com\/site\/pt-vai-para-o-tudo-ou-nada-contra-cunha-e-lanca-chinaglia-para-presidir-camara\/#article","isPartOf":{"@id":"https:\/\/www.notibras.com\/site\/pt-vai-para-o-tudo-ou-nada-contra-cunha-e-lanca-chinaglia-para-presidir-camara\/"},"author":{"name":"Reda\u00e7\u00e3o","@id":"https:\/\/www.notibras.com\/site\/#\/schema\/person\/36ab0979449956132d3e5b517ea76ac8"},"headline":"PT vai para tudo ou nada contra Cunha e oficializa Chinaglia para a C\u00e2mara","datePublished":"2014-12-17T14:14:46+00:00","dateModified":"2014-12-17T15:18:40+00:00","mainEntityOfPage":{"@id":"https:\/\/www.notibras.com\/site\/pt-vai-para-o-tudo-ou-nada-contra-cunha-e-lanca-chinaglia-para-presidir-camara\/"},"wordCount":271,"commentCount":0,"publisher":{"@id":"https:\/\/www.notibras.com\/site\/#organization"},"image":{"@id":"https:\/\/www.notibras.com\/site\/pt-vai-para-o-tudo-ou-nada-contra-cunha-e-lanca-chinaglia-para-presidir-camara\/#primaryimage"},"thumbnailUrl":"https:\/\/www.notibras.com\/site\/wp-content\/uploads\/2014\/12\/chi.jpg","articleSection":["Brasil"],"inLanguage":"pt-BR","potentialAction":[{"@type":"CommentAction","name":"Comment","target":["https:\/\/www.notibras.com\/site\/pt-vai-para-o-tudo-ou-nada-contra-cunha-e-lanca-chinaglia-para-presidir-camara\/#respond"]}]},{"@type":"WebPage","@id":"https:\/\/www.notibras.com\/site\/pt-vai-para-o-tudo-ou-nada-contra-cunha-e-lanca-chinaglia-para-presidir-camara\/","url":"https:\/\/www.notibras.com\/site\/pt-vai-para-o-tudo-ou-nada-contra-cunha-e-lanca-chinaglia-para-presidir-camara\/","name":"PT vai para tudo ou nada contra Cunha e oficializa Chinaglia para a C\u00e2mara - Notibras","isPartOf":{"@id":"https:\/\/www.notibras.com\/site\/#website"},"primaryImageOfPage":{"@id":"https:\/\/www.notibras.com\/site\/pt-vai-para-o-tudo-ou-nada-contra-cunha-e-lanca-chinaglia-para-presidir-camara\/#primaryimage"},"image":{"@id":"https:\/\/www.notibras.com\/site\/pt-vai-para-o-tudo-ou-nada-contra-cunha-e-lanca-chinaglia-para-presidir-camara\/#primaryimage"},"thumbnailUrl":"https:\/\/www.notibras.com\/site\/wp-content\/uploads\/2014\/12\/chi.jpg","datePublished":"2014-12-17T14:14:46+00:00","dateModified":"2014-12-17T15:18:40+00:00","breadcrumb":{"@id":"https:\/\/www.notibras.com\/site\/pt-vai-para-o-tudo-ou-nada-contra-cunha-e-lanca-chinaglia-para-presidir-camara\/#breadcrumb"},"inLanguage":"pt-BR","potentialAction":[{"@type":"ReadAction","target":["https:\/\/www.notibras.com\/site\/pt-vai-para-o-tudo-ou-nada-contra-cunha-e-lanca-chinaglia-para-presidir-camara\/"]}]},{"@type":"ImageObject","inLanguage":"pt-BR","@id":"https:\/\/www.notibras.com\/site\/pt-vai-para-o-tudo-ou-nada-contra-cunha-e-lanca-chinaglia-para-presidir-camara\/#primaryimage","url":"https:\/\/www.notibras.com\/site\/wp-content\/uploads\/2014\/12\/chi.jpg","contentUrl":"https:\/\/www.notibras.com\/site\/wp-content\/uploads\/2014\/12\/chi.jpg","width":460,"height":340},{"@type":"BreadcrumbList","@id":"https:\/\/www.notibras.com\/site\/pt-vai-para-o-tudo-ou-nada-contra-cunha-e-lanca-chinaglia-para-presidir-camara\/#breadcrumb","itemListElement":[{"@type":"ListItem","position":1,"name":"In\u00edcio","item":"https:\/\/www.notibras.com\/site\/"},{"@type":"ListItem","position":2,"name":"PT vai para tudo ou nada contra Cunha e oficializa Chinaglia para a C\u00e2mara"}]},{"@type":"WebSite","@id":"https:\/\/www.notibras.com\/site\/#website","url":"https:\/\/www.notibras.com\/site\/","name":"Notibras","description":"Not\u00edcias de Bras\u00edlia, do Brasil e do Mundo","publisher":{"@id":"https:\/\/www.notibras.com\/site\/#organization"},"potentialAction":[{"@type":"SearchAction","target":{"@type":"EntryPoint","urlTemplate":"https:\/\/www.notibras.com\/site\/?s={search_term_string}"},"query-input":{"@type":"PropertyValueSpecification","valueRequired":true,"valueName":"search_term_string"}}],"inLanguage":"pt-BR"},{"@type":"Organization","@id":"https:\/\/www.notibras.com\/site\/#organization","name":"Grupo Notibras de Comunica\u00e7\u00e3o","url":"https:\/\/www.notibras.com\/site\/","logo":{"@type":"ImageObject","inLanguage":"pt-BR","@id":"https:\/\/www.notibras.com\/site\/#\/schema\/logo\/image\/","url":"https:\/\/www.notibras.com\/site\/wp-content\/uploads\/2023\/01\/notibras23.png","contentUrl":"https:\/\/www.notibras.com\/site\/wp-content\/uploads\/2023\/01\/notibras23.png","width":350,"height":87,"caption":"Grupo Notibras de Comunica\u00e7\u00e3o"},"image":{"@id":"https:\/\/www.notibras.com\/site\/#\/schema\/logo\/image\/"},"sameAs":["https:\/\/www.facebook.com\/notibras\/","https:\/\/x.com\/Notibras","https:\/\/www.instagram.com\/notibras\/"]},{"@type":"Person","@id":"https:\/\/www.notibras.com\/site\/#\/schema\/person\/36ab0979449956132d3e5b517ea76ac8","name":"Reda\u00e7\u00e3o","image":{"@type":"ImageObject","inLanguage":"pt-BR","@id":"https:\/\/secure.gravatar.com\/avatar\/e0a867bdedb85fd243eadf09663511f96fc81e0720a4a42581f334ad4303aa6b?s=96&d=mm&r=g","url":"https:\/\/secure.gravatar.com\/avatar\/e0a867bdedb85fd243eadf09663511f96fc81e0720a4a42581f334ad4303aa6b?s=96&d=mm&r=g","contentUrl":"https:\/\/secure.gravatar.com\/avatar\/e0a867bdedb85fd243eadf09663511f96fc81e0720a4a42581f334ad4303aa6b?s=96&d=mm&r=g","caption":"Reda\u00e7\u00e3o"}}]}},"amp_enabled":true,"_links":{"self":[{"href":"https:\/\/www.notibras.com\/site\/wp-json\/wp\/v2\/posts\/31430","targetHints":{"allow":["GET"]}}],"collection":[{"href":"https:\/\/www.notibras.com\/site\/wp-json\/wp\/v2\/posts"}],"about":[{"href":"https:\/\/www.notibras.com\/site\/wp-json\/wp\/v2\/types\/post"}],"author":[{"embeddable":true,"href":"https:\/\/www.notibras.com\/site\/wp-json\/wp\/v2\/users\/2"}],"replies":[{"embeddable":true,"href":"https:\/\/www.notibras.com\/site\/wp-json\/wp\/v2\/comments?post=31430"}],"version-history":[{"count":0,"href":"https:\/\/www.notibras.com\/site\/wp-json\/wp\/v2\/posts\/31430\/revisions"}],"wp:featuredmedia":[{"embeddable":true,"href":"https:\/\/www.notibras.com\/site\/wp-json\/wp\/v2\/media\/31431"}],"wp:attachment":[{"href":"https:\/\/www.notibras.com\/site\/wp-json\/wp\/v2\/media?parent=31430"}],"wp:term":[{"taxonomy":"category","embeddable":true,"href":"https:\/\/www.notibras.com\/site\/wp-json\/wp\/v2\/categories?post=31430"},{"taxonomy":"post_tag","embeddable":true,"href":"https:\/\/www.notibras.com\/site\/wp-json\/wp\/v2\/tags?post=31430"}],"curies":[{"name":"wp","href":"https:\/\/api.w.org\/{rel}","templated":true}]}}