{"id":314321,"date":"2023-10-09T06:00:19","date_gmt":"2023-10-09T09:00:19","guid":{"rendered":"https:\/\/www.notibras.com\/site\/?p=314321"},"modified":"2023-10-09T13:30:38","modified_gmt":"2023-10-09T16:30:38","slug":"lado-perverso-da-guerra-deixa-gente-mutilada-mas-ha-hefesto","status":"publish","type":"post","link":"https:\/\/www.notibras.com\/site\/lado-perverso-da-guerra-deixa-gente-mutilada-mas-ha-hefesto\/","title":{"rendered":"Lado perverso da guerra deixa gente mutilada, mas h\u00e1 Hefesto"},"content":{"rendered":"<p>H\u00e1 uma parcela do ser humano estranha &#8211; e que se estranha. Esses n\u00e3o s\u00e3o feitos \u00e0 imagem e semelhan\u00e7a de Deus. Brigam por poder e em nome Dele. Vivem como fratricidas. Matam e se deixam matar em conflitos. Ou saem das guerras mutilados moral e mentalmente. E com membros amputados.<\/p>\n<p>Esses, os sobreviventes, reverenciam um deus mitol\u00f3gico. Atende pelo nome de Hefesto, que, do Olimpo, atua em duas frentes. De um lado, cria armas; de outro, fabrica cadeiras de rodas para quem deixou partes do corpo nos campos de batalha. De todos os males, vale o menor.<\/p>\n<p>Imaginava escrever para <strong>Notibras<\/strong> um tema diferente. Mas o mundo em conflito transportou-me \u00e0 antiga Gr\u00e9cia. Achei Hefesto. E acordei no fim de semana como outros simples mortais, estarrecido com o deflagrar de mais uma guerra. Mas, diante da minha \u00edndole pacifista, deixemos de lado bombas, m\u00edsseis, sangue. Voltarei minha aten\u00e7\u00e3o, portanto, \u00e0quele personagem glorificado na Gr\u00e9cia.<\/p>\n<p>Quem acompanha meus textos sabe que sou PcD (pessoa com defici\u00eancia). Nasci assim, com paralisia cerebral. Mas nem por isso deixei de lutar pela vida desde que me entendo por gente. E foi com garra que conquistei o que tenho: habilidade como cadeirante, judoca faixa azul, enxadrista, gamer e geek. Agora, com a oportunidade que me foi dada por <strong>Notibras<\/strong>, aos poucos vou aprendendo a transmitir com o uso do meu &#8216;teclado informatizado&#8217;, o que penso. S\u00e3o palavras soltas, leves como uma folha de \u00e1rvore que \u00e9 levada pelo vento no fim do outono.<\/p>\n<p>Para n\u00e3o perder o fio da meada, volto a Hefesto. Foi ele (respeitada sempre a mitologia grega) o criador da cadeira de rodas. A prop\u00f3sito, ganhei a minha aos 15 anos de idade.<\/p>\n<p>Hefesto, conta a lenda, \u00e9 manco, por ter uma perna maior que a outra. \u00c9 o deus do fogo, da metalurgia, dos vulc\u00f5es, do artesanato em metal. Habilidoso ferreiro, \u00e9 o patrono dessa profiss\u00e3o, al\u00e9m de ser coroado como rei tamb\u00e9m por escultores e artes\u00e3os.<\/p>\n<p>De sua oficina originaram-se armas e armaduras utilizadas por seus irm\u00e3os do Olimpo. Um exemplo \u00e9 o elmo de Hades, cujo poder d\u00e1 invisibilidade ao seu portador. Outra inven\u00e7\u00e3o not\u00f3ria de Hefesto foram os aut\u00f4matos, esp\u00e9cie de servos feitos de metal.<\/p>\n<p>Dois atributos bem singulares de Hefesto s\u00e3o sua apar\u00eancia, considerada bastante feia, e os mitos gregos fazem quest\u00e3o de real\u00e7ar isso, e ser coxo, isto \u00e9, uma de suas pernas tinha o comprimento menor que a outra. Essas duas caracter\u00edsticas s\u00e3o \u00fanicas a Hefesto, uma vez que os deuses gregos sempre foram conhecidos por serem perfeitos fisicamente.<\/p>\n<p>Todos os objetos que Hefesto fabricava sa\u00edam de sua forja, que ficava no interior de seu pal\u00e1cio de bronze, erguido entre os Etna e Vulcano. Seus s\u00edmbolos m\u00e1ximos s\u00e3o a bigorna e o martelo, dois objetos fundamentais para qualquer ferreiro.<\/p>\n<p>N\u00e3o se sabe quando, mas sup\u00f5e-se que tenha sido bem antes de antigamente, que Hefesto criou a cadeira de rodas, servindo como extens\u00e3o das pernas de quem tem alguma dificuldade em se locomover. \u00c9, portanto, uma ferramenta crucial para os PcD. Com o passar dos s\u00e9culos, a inven\u00e7\u00e3o foi aprimorada.<\/p>\n<p>Montada sobre duas rodas maiores atr\u00e1s, que servem como alicerce, e outras duas, de menor di\u00e2metro, na frente, a cadeira \u00e9 utilizada por indiv\u00edduos com dificuldade de locomo\u00e7\u00e3o (s\u00e3o os cadeirantes, como eu), podendo ser movida manual ou eletronicamente pelo ocupante, ou empurrada por algu\u00e9m.<\/p>\n<p>Por ser largamente utilizada por pessoas portadoras de defici\u00eancia f\u00edsica, \u00e9 tamb\u00e9m empregada no s\u00edmbolo que indica acesso a pessoas com defici\u00eancias. Depois de fabricadas, muitas passam por testes a cargo de terapeutas ocupacionais, a quem cabe uma ou outra sugest\u00e3o para seu aprimoramento.<\/p>\n<p>Com os avan\u00e7os da tecnologia, surgiram diferentes modelos, a saber: Cadeira manual simples, ideal para quem busca o menor custo; Cadeira dobr\u00e1vel em X (do modelo que possuo algumas); Cadeira monobloco; Cadeira motorizada; Cadeira com eleva\u00e7\u00e3o autom\u00e1tica; Cadeira reclin\u00e1vel; e, Cadeira de rodas para banho.<\/p>\n<p>H\u00e1 30 anos (caminho para chegar aos 45 em janeiro pr\u00f3ximo) sentei em minha primeira cadeira de rodas. No in\u00edcio, admito, foi um pouco dif\u00edcil adaptar-me \u00e0 novidade e com a no\u00e7\u00e3o de espa\u00e7o ao meu redor. Assim, trombava com a minha extens\u00e3o de pernas para todos os lados. Por\u00e9m, com passar dos tempos, fui pegando o traquejo e melhorando minhas habilidades no comando das minhas &#8216;pernas auxiliares&#8217;.<\/p>\n<p>Assim vou levando a vida para chegar ao meu objetivo maior &#8211; uma Faculdade de Letras. Eu posso, voc\u00ea pode. Basta querer. Quanto \u00e0 guerra dos homens, deixa pra l\u00e1. As batalhas que enfrento se restringem a um tabuleiro de xadrez, onde se perde e se ganha, principalmente o prazer de viver. Sobre Hefesto, apenas mais uma observa\u00e7\u00e3o: te sa\u00fado, cara. Te pe\u00e7o a b\u00ean\u00e7\u00e3o. Mesmo porque, se escrevo agora sobre uma cadeira de rodas, \u00e9 porque tu a criaste.<\/p>\n<p><strong>Post scriptum<\/strong>: Lembre-se que sou o Andr\u00e9, uma \u2018verdadeira montanha\u2019 de for\u00e7a de vontade. <strong>Notibras<\/strong> abriu este espa\u00e7o para pessoas como eu, como voc\u00ea. O espa\u00e7o \u00e9 nosso. Se desejar interagir, mande sugest\u00f5es, mande seus textos. Meu contato (WhatsApp) \u00e9 +55 61 98425-4895.<\/p>\n","protected":false},"excerpt":{"rendered":"<p>H\u00e1 uma parcela do ser humano estranha &#8211; e que se estranha. Esses n\u00e3o s\u00e3o feitos \u00e0 imagem e semelhan\u00e7a de Deus. Brigam por poder e em nome Dele. Vivem como fratricidas. Matam e se deixam matar em conflitos. Ou saem das guerras mutilados moral e mentalmente. E com membros amputados. Esses, os sobreviventes, reverenciam [&hellip;]<\/p>\n","protected":false},"author":2,"featured_media":314325,"comment_status":"closed","ping_status":"closed","sticky":false,"template":"","format":"standard","meta":{"_acf_changed":false,"footnotes":""},"categories":[161],"tags":[],"class_list":["post-314321","post","type-post","status-publish","format-standard","has-post-thumbnail","hentry","category-quadradinho-em-foco"],"acf":[],"yoast_head":"<!-- This site is optimized with the Yoast SEO plugin v27.2 - https:\/\/yoast.com\/product\/yoast-seo-wordpress\/ -->\n<title>Lado perverso da guerra deixa gente mutilada, mas h\u00e1 Hefesto - Notibras<\/title>\n<meta name=\"robots\" content=\"index, follow, max-snippet:-1, max-image-preview:large, max-video-preview:-1\" \/>\n<link rel=\"canonical\" href=\"https:\/\/www.notibras.com\/site\/lado-perverso-da-guerra-deixa-gente-mutilada-mas-ha-hefesto\/\" \/>\n<meta property=\"og:locale\" content=\"pt_BR\" \/>\n<meta property=\"og:type\" content=\"article\" \/>\n<meta property=\"og:title\" content=\"Lado perverso da guerra deixa gente mutilada, mas h\u00e1 Hefesto - Notibras\" \/>\n<meta property=\"og:description\" content=\"H\u00e1 uma parcela do ser humano estranha &#8211; e que se estranha. Esses n\u00e3o s\u00e3o feitos \u00e0 imagem e semelhan\u00e7a de Deus. Brigam por poder e em nome Dele. Vivem como fratricidas. Matam e se deixam matar em conflitos. Ou saem das guerras mutilados moral e mentalmente. E com membros amputados. Esses, os sobreviventes, reverenciam [&hellip;]\" \/>\n<meta property=\"og:url\" content=\"https:\/\/www.notibras.com\/site\/lado-perverso-da-guerra-deixa-gente-mutilada-mas-ha-hefesto\/\" \/>\n<meta property=\"og:site_name\" content=\"Notibras\" \/>\n<meta property=\"article:publisher\" content=\"https:\/\/www.facebook.com\/notibras\/\" \/>\n<meta property=\"article:published_time\" content=\"2023-10-09T09:00:19+00:00\" \/>\n<meta property=\"article:modified_time\" content=\"2023-10-09T16:30:38+00:00\" \/>\n<meta property=\"og:image\" content=\"https:\/\/www.notibras.com\/site\/wp-content\/uploads\/2023\/10\/hefesto.manco_.webp\" \/>\n\t<meta property=\"og:image:width\" content=\"768\" \/>\n\t<meta property=\"og:image:height\" content=\"438\" \/>\n\t<meta property=\"og:image:type\" content=\"image\/webp\" \/>\n<meta name=\"author\" content=\"Reda\u00e7\u00e3o\" \/>\n<meta name=\"twitter:card\" content=\"summary_large_image\" \/>\n<meta name=\"twitter:creator\" content=\"@Notibras\" \/>\n<meta name=\"twitter:site\" content=\"@Notibras\" \/>\n<meta name=\"twitter:label1\" content=\"Escrito por\" \/>\n\t<meta name=\"twitter:data1\" content=\"Reda\u00e7\u00e3o\" \/>\n\t<meta name=\"twitter:label2\" content=\"Est. tempo de leitura\" \/>\n\t<meta name=\"twitter:data2\" content=\"5 minutos\" \/>\n<script type=\"application\/ld+json\" class=\"yoast-schema-graph\">{\"@context\":\"https:\/\/schema.org\",\"@graph\":[{\"@type\":\"Article\",\"@id\":\"https:\/\/www.notibras.com\/site\/lado-perverso-da-guerra-deixa-gente-mutilada-mas-ha-hefesto\/#article\",\"isPartOf\":{\"@id\":\"https:\/\/www.notibras.com\/site\/lado-perverso-da-guerra-deixa-gente-mutilada-mas-ha-hefesto\/\"},\"author\":{\"name\":\"Reda\u00e7\u00e3o\",\"@id\":\"https:\/\/www.notibras.com\/site\/#\/schema\/person\/36ab0979449956132d3e5b517ea76ac8\"},\"headline\":\"Lado perverso da guerra deixa gente mutilada, mas h\u00e1 Hefesto\",\"datePublished\":\"2023-10-09T09:00:19+00:00\",\"dateModified\":\"2023-10-09T16:30:38+00:00\",\"mainEntityOfPage\":{\"@id\":\"https:\/\/www.notibras.com\/site\/lado-perverso-da-guerra-deixa-gente-mutilada-mas-ha-hefesto\/\"},\"wordCount\":900,\"publisher\":{\"@id\":\"https:\/\/www.notibras.com\/site\/#organization\"},\"image\":{\"@id\":\"https:\/\/www.notibras.com\/site\/lado-perverso-da-guerra-deixa-gente-mutilada-mas-ha-hefesto\/#primaryimage\"},\"thumbnailUrl\":\"https:\/\/www.notibras.com\/site\/wp-content\/uploads\/2023\/10\/hefesto.manco_.webp\",\"articleSection\":[\"Quadradinho em Foco\"],\"inLanguage\":\"pt-BR\"},{\"@type\":\"WebPage\",\"@id\":\"https:\/\/www.notibras.com\/site\/lado-perverso-da-guerra-deixa-gente-mutilada-mas-ha-hefesto\/\",\"url\":\"https:\/\/www.notibras.com\/site\/lado-perverso-da-guerra-deixa-gente-mutilada-mas-ha-hefesto\/\",\"name\":\"Lado perverso da guerra deixa gente mutilada, mas h\u00e1 Hefesto - Notibras\",\"isPartOf\":{\"@id\":\"https:\/\/www.notibras.com\/site\/#website\"},\"primaryImageOfPage\":{\"@id\":\"https:\/\/www.notibras.com\/site\/lado-perverso-da-guerra-deixa-gente-mutilada-mas-ha-hefesto\/#primaryimage\"},\"image\":{\"@id\":\"https:\/\/www.notibras.com\/site\/lado-perverso-da-guerra-deixa-gente-mutilada-mas-ha-hefesto\/#primaryimage\"},\"thumbnailUrl\":\"https:\/\/www.notibras.com\/site\/wp-content\/uploads\/2023\/10\/hefesto.manco_.webp\",\"datePublished\":\"2023-10-09T09:00:19+00:00\",\"dateModified\":\"2023-10-09T16:30:38+00:00\",\"breadcrumb\":{\"@id\":\"https:\/\/www.notibras.com\/site\/lado-perverso-da-guerra-deixa-gente-mutilada-mas-ha-hefesto\/#breadcrumb\"},\"inLanguage\":\"pt-BR\",\"potentialAction\":[{\"@type\":\"ReadAction\",\"target\":[\"https:\/\/www.notibras.com\/site\/lado-perverso-da-guerra-deixa-gente-mutilada-mas-ha-hefesto\/\"]}]},{\"@type\":\"ImageObject\",\"inLanguage\":\"pt-BR\",\"@id\":\"https:\/\/www.notibras.com\/site\/lado-perverso-da-guerra-deixa-gente-mutilada-mas-ha-hefesto\/#primaryimage\",\"url\":\"https:\/\/www.notibras.com\/site\/wp-content\/uploads\/2023\/10\/hefesto.manco_.webp\",\"contentUrl\":\"https:\/\/www.notibras.com\/site\/wp-content\/uploads\/2023\/10\/hefesto.manco_.webp\",\"width\":768,\"height\":438},{\"@type\":\"BreadcrumbList\",\"@id\":\"https:\/\/www.notibras.com\/site\/lado-perverso-da-guerra-deixa-gente-mutilada-mas-ha-hefesto\/#breadcrumb\",\"itemListElement\":[{\"@type\":\"ListItem\",\"position\":1,\"name\":\"In\u00edcio\",\"item\":\"https:\/\/www.notibras.com\/site\/\"},{\"@type\":\"ListItem\",\"position\":2,\"name\":\"Lado perverso da guerra deixa gente mutilada, mas h\u00e1 Hefesto\"}]},{\"@type\":\"WebSite\",\"@id\":\"https:\/\/www.notibras.com\/site\/#website\",\"url\":\"https:\/\/www.notibras.com\/site\/\",\"name\":\"Notibras\",\"description\":\"Not\u00edcias de Bras\u00edlia, do Brasil e do Mundo\",\"publisher\":{\"@id\":\"https:\/\/www.notibras.com\/site\/#organization\"},\"potentialAction\":[{\"@type\":\"SearchAction\",\"target\":{\"@type\":\"EntryPoint\",\"urlTemplate\":\"https:\/\/www.notibras.com\/site\/?s={search_term_string}\"},\"query-input\":{\"@type\":\"PropertyValueSpecification\",\"valueRequired\":true,\"valueName\":\"search_term_string\"}}],\"inLanguage\":\"pt-BR\"},{\"@type\":\"Organization\",\"@id\":\"https:\/\/www.notibras.com\/site\/#organization\",\"name\":\"Grupo Notibras de Comunica\u00e7\u00e3o\",\"url\":\"https:\/\/www.notibras.com\/site\/\",\"logo\":{\"@type\":\"ImageObject\",\"inLanguage\":\"pt-BR\",\"@id\":\"https:\/\/www.notibras.com\/site\/#\/schema\/logo\/image\/\",\"url\":\"https:\/\/www.notibras.com\/site\/wp-content\/uploads\/2023\/01\/notibras23.png\",\"contentUrl\":\"https:\/\/www.notibras.com\/site\/wp-content\/uploads\/2023\/01\/notibras23.png\",\"width\":350,\"height\":87,\"caption\":\"Grupo Notibras de Comunica\u00e7\u00e3o\"},\"image\":{\"@id\":\"https:\/\/www.notibras.com\/site\/#\/schema\/logo\/image\/\"},\"sameAs\":[\"https:\/\/www.facebook.com\/notibras\/\",\"https:\/\/x.com\/Notibras\",\"https:\/\/www.instagram.com\/notibras\/\"]},{\"@type\":\"Person\",\"@id\":\"https:\/\/www.notibras.com\/site\/#\/schema\/person\/36ab0979449956132d3e5b517ea76ac8\",\"name\":\"Reda\u00e7\u00e3o\",\"image\":{\"@type\":\"ImageObject\",\"inLanguage\":\"pt-BR\",\"@id\":\"https:\/\/secure.gravatar.com\/avatar\/e0a867bdedb85fd243eadf09663511f96fc81e0720a4a42581f334ad4303aa6b?s=96&d=mm&r=g\",\"url\":\"https:\/\/secure.gravatar.com\/avatar\/e0a867bdedb85fd243eadf09663511f96fc81e0720a4a42581f334ad4303aa6b?s=96&d=mm&r=g\",\"contentUrl\":\"https:\/\/secure.gravatar.com\/avatar\/e0a867bdedb85fd243eadf09663511f96fc81e0720a4a42581f334ad4303aa6b?s=96&d=mm&r=g\",\"caption\":\"Reda\u00e7\u00e3o\"}}]}<\/script>\n<!-- \/ Yoast SEO plugin. -->","yoast_head_json":{"title":"Lado perverso da guerra deixa gente mutilada, mas h\u00e1 Hefesto - Notibras","robots":{"index":"index","follow":"follow","max-snippet":"max-snippet:-1","max-image-preview":"max-image-preview:large","max-video-preview":"max-video-preview:-1"},"canonical":"https:\/\/www.notibras.com\/site\/lado-perverso-da-guerra-deixa-gente-mutilada-mas-ha-hefesto\/","og_locale":"pt_BR","og_type":"article","og_title":"Lado perverso da guerra deixa gente mutilada, mas h\u00e1 Hefesto - Notibras","og_description":"H\u00e1 uma parcela do ser humano estranha &#8211; e que se estranha. Esses n\u00e3o s\u00e3o feitos \u00e0 imagem e semelhan\u00e7a de Deus. Brigam por poder e em nome Dele. Vivem como fratricidas. Matam e se deixam matar em conflitos. Ou saem das guerras mutilados moral e mentalmente. E com membros amputados. Esses, os sobreviventes, reverenciam [&hellip;]","og_url":"https:\/\/www.notibras.com\/site\/lado-perverso-da-guerra-deixa-gente-mutilada-mas-ha-hefesto\/","og_site_name":"Notibras","article_publisher":"https:\/\/www.facebook.com\/notibras\/","article_published_time":"2023-10-09T09:00:19+00:00","article_modified_time":"2023-10-09T16:30:38+00:00","og_image":[{"width":768,"height":438,"url":"https:\/\/www.notibras.com\/site\/wp-content\/uploads\/2023\/10\/hefesto.manco_.webp","type":"image\/webp"}],"author":"Reda\u00e7\u00e3o","twitter_card":"summary_large_image","twitter_creator":"@Notibras","twitter_site":"@Notibras","twitter_misc":{"Escrito por":"Reda\u00e7\u00e3o","Est. tempo de leitura":"5 minutos"},"schema":{"@context":"https:\/\/schema.org","@graph":[{"@type":"Article","@id":"https:\/\/www.notibras.com\/site\/lado-perverso-da-guerra-deixa-gente-mutilada-mas-ha-hefesto\/#article","isPartOf":{"@id":"https:\/\/www.notibras.com\/site\/lado-perverso-da-guerra-deixa-gente-mutilada-mas-ha-hefesto\/"},"author":{"name":"Reda\u00e7\u00e3o","@id":"https:\/\/www.notibras.com\/site\/#\/schema\/person\/36ab0979449956132d3e5b517ea76ac8"},"headline":"Lado perverso da guerra deixa gente mutilada, mas h\u00e1 Hefesto","datePublished":"2023-10-09T09:00:19+00:00","dateModified":"2023-10-09T16:30:38+00:00","mainEntityOfPage":{"@id":"https:\/\/www.notibras.com\/site\/lado-perverso-da-guerra-deixa-gente-mutilada-mas-ha-hefesto\/"},"wordCount":900,"publisher":{"@id":"https:\/\/www.notibras.com\/site\/#organization"},"image":{"@id":"https:\/\/www.notibras.com\/site\/lado-perverso-da-guerra-deixa-gente-mutilada-mas-ha-hefesto\/#primaryimage"},"thumbnailUrl":"https:\/\/www.notibras.com\/site\/wp-content\/uploads\/2023\/10\/hefesto.manco_.webp","articleSection":["Quadradinho em Foco"],"inLanguage":"pt-BR"},{"@type":"WebPage","@id":"https:\/\/www.notibras.com\/site\/lado-perverso-da-guerra-deixa-gente-mutilada-mas-ha-hefesto\/","url":"https:\/\/www.notibras.com\/site\/lado-perverso-da-guerra-deixa-gente-mutilada-mas-ha-hefesto\/","name":"Lado perverso da guerra deixa gente mutilada, mas h\u00e1 Hefesto - Notibras","isPartOf":{"@id":"https:\/\/www.notibras.com\/site\/#website"},"primaryImageOfPage":{"@id":"https:\/\/www.notibras.com\/site\/lado-perverso-da-guerra-deixa-gente-mutilada-mas-ha-hefesto\/#primaryimage"},"image":{"@id":"https:\/\/www.notibras.com\/site\/lado-perverso-da-guerra-deixa-gente-mutilada-mas-ha-hefesto\/#primaryimage"},"thumbnailUrl":"https:\/\/www.notibras.com\/site\/wp-content\/uploads\/2023\/10\/hefesto.manco_.webp","datePublished":"2023-10-09T09:00:19+00:00","dateModified":"2023-10-09T16:30:38+00:00","breadcrumb":{"@id":"https:\/\/www.notibras.com\/site\/lado-perverso-da-guerra-deixa-gente-mutilada-mas-ha-hefesto\/#breadcrumb"},"inLanguage":"pt-BR","potentialAction":[{"@type":"ReadAction","target":["https:\/\/www.notibras.com\/site\/lado-perverso-da-guerra-deixa-gente-mutilada-mas-ha-hefesto\/"]}]},{"@type":"ImageObject","inLanguage":"pt-BR","@id":"https:\/\/www.notibras.com\/site\/lado-perverso-da-guerra-deixa-gente-mutilada-mas-ha-hefesto\/#primaryimage","url":"https:\/\/www.notibras.com\/site\/wp-content\/uploads\/2023\/10\/hefesto.manco_.webp","contentUrl":"https:\/\/www.notibras.com\/site\/wp-content\/uploads\/2023\/10\/hefesto.manco_.webp","width":768,"height":438},{"@type":"BreadcrumbList","@id":"https:\/\/www.notibras.com\/site\/lado-perverso-da-guerra-deixa-gente-mutilada-mas-ha-hefesto\/#breadcrumb","itemListElement":[{"@type":"ListItem","position":1,"name":"In\u00edcio","item":"https:\/\/www.notibras.com\/site\/"},{"@type":"ListItem","position":2,"name":"Lado perverso da guerra deixa gente mutilada, mas h\u00e1 Hefesto"}]},{"@type":"WebSite","@id":"https:\/\/www.notibras.com\/site\/#website","url":"https:\/\/www.notibras.com\/site\/","name":"Notibras","description":"Not\u00edcias de Bras\u00edlia, do Brasil e do Mundo","publisher":{"@id":"https:\/\/www.notibras.com\/site\/#organization"},"potentialAction":[{"@type":"SearchAction","target":{"@type":"EntryPoint","urlTemplate":"https:\/\/www.notibras.com\/site\/?s={search_term_string}"},"query-input":{"@type":"PropertyValueSpecification","valueRequired":true,"valueName":"search_term_string"}}],"inLanguage":"pt-BR"},{"@type":"Organization","@id":"https:\/\/www.notibras.com\/site\/#organization","name":"Grupo Notibras de Comunica\u00e7\u00e3o","url":"https:\/\/www.notibras.com\/site\/","logo":{"@type":"ImageObject","inLanguage":"pt-BR","@id":"https:\/\/www.notibras.com\/site\/#\/schema\/logo\/image\/","url":"https:\/\/www.notibras.com\/site\/wp-content\/uploads\/2023\/01\/notibras23.png","contentUrl":"https:\/\/www.notibras.com\/site\/wp-content\/uploads\/2023\/01\/notibras23.png","width":350,"height":87,"caption":"Grupo Notibras de Comunica\u00e7\u00e3o"},"image":{"@id":"https:\/\/www.notibras.com\/site\/#\/schema\/logo\/image\/"},"sameAs":["https:\/\/www.facebook.com\/notibras\/","https:\/\/x.com\/Notibras","https:\/\/www.instagram.com\/notibras\/"]},{"@type":"Person","@id":"https:\/\/www.notibras.com\/site\/#\/schema\/person\/36ab0979449956132d3e5b517ea76ac8","name":"Reda\u00e7\u00e3o","image":{"@type":"ImageObject","inLanguage":"pt-BR","@id":"https:\/\/secure.gravatar.com\/avatar\/e0a867bdedb85fd243eadf09663511f96fc81e0720a4a42581f334ad4303aa6b?s=96&d=mm&r=g","url":"https:\/\/secure.gravatar.com\/avatar\/e0a867bdedb85fd243eadf09663511f96fc81e0720a4a42581f334ad4303aa6b?s=96&d=mm&r=g","contentUrl":"https:\/\/secure.gravatar.com\/avatar\/e0a867bdedb85fd243eadf09663511f96fc81e0720a4a42581f334ad4303aa6b?s=96&d=mm&r=g","caption":"Reda\u00e7\u00e3o"}}]}},"amp_enabled":true,"_links":{"self":[{"href":"https:\/\/www.notibras.com\/site\/wp-json\/wp\/v2\/posts\/314321","targetHints":{"allow":["GET"]}}],"collection":[{"href":"https:\/\/www.notibras.com\/site\/wp-json\/wp\/v2\/posts"}],"about":[{"href":"https:\/\/www.notibras.com\/site\/wp-json\/wp\/v2\/types\/post"}],"author":[{"embeddable":true,"href":"https:\/\/www.notibras.com\/site\/wp-json\/wp\/v2\/users\/2"}],"replies":[{"embeddable":true,"href":"https:\/\/www.notibras.com\/site\/wp-json\/wp\/v2\/comments?post=314321"}],"version-history":[{"count":7,"href":"https:\/\/www.notibras.com\/site\/wp-json\/wp\/v2\/posts\/314321\/revisions"}],"predecessor-version":[{"id":314332,"href":"https:\/\/www.notibras.com\/site\/wp-json\/wp\/v2\/posts\/314321\/revisions\/314332"}],"wp:featuredmedia":[{"embeddable":true,"href":"https:\/\/www.notibras.com\/site\/wp-json\/wp\/v2\/media\/314325"}],"wp:attachment":[{"href":"https:\/\/www.notibras.com\/site\/wp-json\/wp\/v2\/media?parent=314321"}],"wp:term":[{"taxonomy":"category","embeddable":true,"href":"https:\/\/www.notibras.com\/site\/wp-json\/wp\/v2\/categories?post=314321"},{"taxonomy":"post_tag","embeddable":true,"href":"https:\/\/www.notibras.com\/site\/wp-json\/wp\/v2\/tags?post=314321"}],"curies":[{"name":"wp","href":"https:\/\/api.w.org\/{rel}","templated":true}]}}