{"id":314345,"date":"2023-10-09T07:41:47","date_gmt":"2023-10-09T10:41:47","guid":{"rendered":"https:\/\/www.notibras.com\/site\/?p=314345"},"modified":"2023-10-09T07:43:04","modified_gmt":"2023-10-09T10:43:04","slug":"presente-trocado-acirra-disputa-entre-irmaos","status":"publish","type":"post","link":"https:\/\/www.notibras.com\/site\/presente-trocado-acirra-disputa-entre-irmaos\/","title":{"rendered":"Presente trocado acirra disputa entre irm\u00e3os"},"content":{"rendered":"<p>Nos idos dos anos 1980, aqueles dois irm\u00e3os, Tonho e Juca, apesar de mineiros, eram torcedores de times de outros estados. O mais velho era flamenguista, enquanto o menor, talvez influenciado por gl\u00f3rias passadas, torcia fervorosamente pelo Palmeiras. O pai at\u00e9 que gostava de futebol, mas a m\u00e3e, mais s\u00e1bia, queria paz.<\/p>\n<p>Durante os campeonatos estaduais, a disc\u00f3rdia entre os meninos era m\u00ednima. No entanto, bastava come\u00e7ar o campeonato brasileiro, perigava sair at\u00e9 fa\u00edsca. Juca, no auge da sua meninice, passou perrengue de ver seu time do cora\u00e7\u00e3o ser massacrado at\u00e9 que, j\u00e1 um jovem rapaz, passou a cantar de galo, quando o Palmeiras venceu e venceu e venceu.<\/p>\n<p>\u00c9 certo que aconteceram outros altos e baixos de Flamengo e Palmeiras. Tonho, mais afeito a brincadeiras, adorava quando conseguia deixar o irm\u00e3o emburrado. Na verdade, nem precisava fazer grande esfor\u00e7o para atingir seu intento. Se o Palmeiras perdesse at\u00e9 mesmo um simples amistoso, Juca fazia aquele bico. Era a deixa para que o mais velho ca\u00edsse matando e, n\u00e3o raro, a m\u00e3e precisava intervir para garantir que a prole sa\u00edsse ilesa.<\/p>\n<p>J\u00e1 homens feitos, casaram, tiveram filhos e foram morar em S\u00e3o Paulo. No entanto, voltavam para as comemora\u00e7\u00f5es de Natal, quando a m\u00e3e preparava um delicioso pernil \u00e0 pururuca. Momento de reencontros, abra\u00e7os, beijos, choros, promessas de uni\u00e3o, at\u00e9 que, perto da meia-noite, os presentes foram distribu\u00eddos.<\/p>\n<p>A m\u00e3e, que n\u00e3o estava encontrando os \u00f3culos, acabou se confundindo na hora de entregar os embrulhos para os filhos. Eles, sorrisos francos estampados nos rostos barbados, abriram os presentes sem se darem conta do equ\u00edvoco da matriarca. Pra qu\u00ea? Tonho logo percebeu o verde daquela camisa e, sem perder a oportunidade, emendou: &#8220;Mam\u00e3e, que bom! Adorei! L\u00e1 em casa estamos mesmo precisando de pano de ch\u00e3o&#8221;.<\/p>\n<p>Juca, percebendo a atrapalhada da m\u00e3e, rasgou o pacote e atirou a blusa do Flamento pela janela. Foi um escarc\u00e9u, at\u00e9 que a velha, cansada daquela desaven\u00e7a, gritou t\u00e3o alto, que at\u00e9 despertou o velho gato, que dormia pregui\u00e7osamente no cesto no canto da sala.<\/p>\n<p>&#8211; Chega!!! J\u00e1 n\u00e3o aguento mais essa besteira de time!<\/p>\n<p>Os marmanjos, constrangidos pelo papel\u00e3o, ainda tentaram se desculpar. Falaram que o futebol era algo que aflorava as emo\u00e7\u00f5es. A velha, ao ouvir isso, olhou para os filhos e, sem perda de tempo, emendou:<\/p>\n<p>&#8211; Se voc\u00eas n\u00e3o conseguem viver civilizadamente com essas emo\u00e7\u00f5es, que fa\u00e7am como eu.<\/p>\n<p>&#8211; Como assim, mam\u00e3e?, perguntou Tonho.<\/p>\n<p>&#8211; Simples! N\u00e3o tenham time!<\/p>\n<p>&#8211; Ou, ent\u00e3o, que v\u00e3o torcer pro Real Madrid, emendou o pai.<\/p>\n","protected":false},"excerpt":{"rendered":"<p>Nos idos dos anos 1980, aqueles dois irm\u00e3os, Tonho e Juca, apesar de mineiros, eram torcedores de times de outros estados. O mais velho era flamenguista, enquanto o menor, talvez influenciado por gl\u00f3rias passadas, torcia fervorosamente pelo Palmeiras. O pai at\u00e9 que gostava de futebol, mas a m\u00e3e, mais s\u00e1bia, queria paz. Durante os campeonatos [&hellip;]<\/p>\n","protected":false},"author":2,"featured_media":314346,"comment_status":"closed","ping_status":"closed","sticky":false,"template":"","format":"standard","meta":{"_acf_changed":false,"footnotes":""},"categories":[161],"tags":[],"class_list":["post-314345","post","type-post","status-publish","format-standard","has-post-thumbnail","hentry","category-quadradinho-em-foco"],"acf":[],"yoast_head":"<!-- This site is optimized with the Yoast SEO plugin v27.2 - https:\/\/yoast.com\/product\/yoast-seo-wordpress\/ -->\n<title>Presente trocado acirra disputa entre irm\u00e3os - Notibras<\/title>\n<meta name=\"robots\" content=\"index, follow, max-snippet:-1, max-image-preview:large, max-video-preview:-1\" \/>\n<link rel=\"canonical\" href=\"https:\/\/www.notibras.com\/site\/presente-trocado-acirra-disputa-entre-irmaos\/\" \/>\n<meta property=\"og:locale\" content=\"pt_BR\" \/>\n<meta property=\"og:type\" content=\"article\" \/>\n<meta property=\"og:title\" content=\"Presente trocado acirra disputa entre irm\u00e3os - Notibras\" \/>\n<meta property=\"og:description\" content=\"Nos idos dos anos 1980, aqueles dois irm\u00e3os, Tonho e Juca, apesar de mineiros, eram torcedores de times de outros estados. O mais velho era flamenguista, enquanto o menor, talvez influenciado por gl\u00f3rias passadas, torcia fervorosamente pelo Palmeiras. O pai at\u00e9 que gostava de futebol, mas a m\u00e3e, mais s\u00e1bia, queria paz. Durante os campeonatos [&hellip;]\" \/>\n<meta property=\"og:url\" content=\"https:\/\/www.notibras.com\/site\/presente-trocado-acirra-disputa-entre-irmaos\/\" \/>\n<meta property=\"og:site_name\" content=\"Notibras\" \/>\n<meta property=\"article:publisher\" content=\"https:\/\/www.facebook.com\/notibras\/\" \/>\n<meta property=\"article:published_time\" content=\"2023-10-09T10:41:47+00:00\" \/>\n<meta property=\"article:modified_time\" content=\"2023-10-09T10:43:04+00:00\" \/>\n<meta property=\"og:image\" content=\"https:\/\/www.notibras.com\/site\/wp-content\/uploads\/2023\/10\/622_48c0a144-6f65-34ce-8a63-02c56230b466.jpg\" \/>\n\t<meta property=\"og:image:width\" content=\"622\" \/>\n\t<meta property=\"og:image:height\" content=\"350\" \/>\n\t<meta property=\"og:image:type\" content=\"image\/jpeg\" \/>\n<meta name=\"author\" content=\"Reda\u00e7\u00e3o\" \/>\n<meta name=\"twitter:card\" content=\"summary_large_image\" \/>\n<meta name=\"twitter:creator\" content=\"@Notibras\" \/>\n<meta name=\"twitter:site\" content=\"@Notibras\" \/>\n<meta name=\"twitter:label1\" content=\"Escrito por\" \/>\n\t<meta name=\"twitter:data1\" content=\"Reda\u00e7\u00e3o\" \/>\n\t<meta name=\"twitter:label2\" content=\"Est. tempo de leitura\" \/>\n\t<meta name=\"twitter:data2\" content=\"3 minutos\" \/>\n<script type=\"application\/ld+json\" class=\"yoast-schema-graph\">{\"@context\":\"https:\/\/schema.org\",\"@graph\":[{\"@type\":\"Article\",\"@id\":\"https:\/\/www.notibras.com\/site\/presente-trocado-acirra-disputa-entre-irmaos\/#article\",\"isPartOf\":{\"@id\":\"https:\/\/www.notibras.com\/site\/presente-trocado-acirra-disputa-entre-irmaos\/\"},\"author\":{\"name\":\"Reda\u00e7\u00e3o\",\"@id\":\"https:\/\/www.notibras.com\/site\/#\/schema\/person\/36ab0979449956132d3e5b517ea76ac8\"},\"headline\":\"Presente trocado acirra disputa entre irm\u00e3os\",\"datePublished\":\"2023-10-09T10:41:47+00:00\",\"dateModified\":\"2023-10-09T10:43:04+00:00\",\"mainEntityOfPage\":{\"@id\":\"https:\/\/www.notibras.com\/site\/presente-trocado-acirra-disputa-entre-irmaos\/\"},\"wordCount\":467,\"publisher\":{\"@id\":\"https:\/\/www.notibras.com\/site\/#organization\"},\"image\":{\"@id\":\"https:\/\/www.notibras.com\/site\/presente-trocado-acirra-disputa-entre-irmaos\/#primaryimage\"},\"thumbnailUrl\":\"https:\/\/www.notibras.com\/site\/wp-content\/uploads\/2023\/10\/622_48c0a144-6f65-34ce-8a63-02c56230b466.jpg\",\"articleSection\":[\"Quadradinho em Foco\"],\"inLanguage\":\"pt-BR\"},{\"@type\":\"WebPage\",\"@id\":\"https:\/\/www.notibras.com\/site\/presente-trocado-acirra-disputa-entre-irmaos\/\",\"url\":\"https:\/\/www.notibras.com\/site\/presente-trocado-acirra-disputa-entre-irmaos\/\",\"name\":\"Presente trocado acirra disputa entre irm\u00e3os - Notibras\",\"isPartOf\":{\"@id\":\"https:\/\/www.notibras.com\/site\/#website\"},\"primaryImageOfPage\":{\"@id\":\"https:\/\/www.notibras.com\/site\/presente-trocado-acirra-disputa-entre-irmaos\/#primaryimage\"},\"image\":{\"@id\":\"https:\/\/www.notibras.com\/site\/presente-trocado-acirra-disputa-entre-irmaos\/#primaryimage\"},\"thumbnailUrl\":\"https:\/\/www.notibras.com\/site\/wp-content\/uploads\/2023\/10\/622_48c0a144-6f65-34ce-8a63-02c56230b466.jpg\",\"datePublished\":\"2023-10-09T10:41:47+00:00\",\"dateModified\":\"2023-10-09T10:43:04+00:00\",\"breadcrumb\":{\"@id\":\"https:\/\/www.notibras.com\/site\/presente-trocado-acirra-disputa-entre-irmaos\/#breadcrumb\"},\"inLanguage\":\"pt-BR\",\"potentialAction\":[{\"@type\":\"ReadAction\",\"target\":[\"https:\/\/www.notibras.com\/site\/presente-trocado-acirra-disputa-entre-irmaos\/\"]}]},{\"@type\":\"ImageObject\",\"inLanguage\":\"pt-BR\",\"@id\":\"https:\/\/www.notibras.com\/site\/presente-trocado-acirra-disputa-entre-irmaos\/#primaryimage\",\"url\":\"https:\/\/www.notibras.com\/site\/wp-content\/uploads\/2023\/10\/622_48c0a144-6f65-34ce-8a63-02c56230b466.jpg\",\"contentUrl\":\"https:\/\/www.notibras.com\/site\/wp-content\/uploads\/2023\/10\/622_48c0a144-6f65-34ce-8a63-02c56230b466.jpg\",\"width\":622,\"height\":350},{\"@type\":\"BreadcrumbList\",\"@id\":\"https:\/\/www.notibras.com\/site\/presente-trocado-acirra-disputa-entre-irmaos\/#breadcrumb\",\"itemListElement\":[{\"@type\":\"ListItem\",\"position\":1,\"name\":\"In\u00edcio\",\"item\":\"https:\/\/www.notibras.com\/site\/\"},{\"@type\":\"ListItem\",\"position\":2,\"name\":\"Presente trocado acirra disputa entre irm\u00e3os\"}]},{\"@type\":\"WebSite\",\"@id\":\"https:\/\/www.notibras.com\/site\/#website\",\"url\":\"https:\/\/www.notibras.com\/site\/\",\"name\":\"Notibras\",\"description\":\"Not\u00edcias de Bras\u00edlia, do Brasil e do Mundo\",\"publisher\":{\"@id\":\"https:\/\/www.notibras.com\/site\/#organization\"},\"potentialAction\":[{\"@type\":\"SearchAction\",\"target\":{\"@type\":\"EntryPoint\",\"urlTemplate\":\"https:\/\/www.notibras.com\/site\/?s={search_term_string}\"},\"query-input\":{\"@type\":\"PropertyValueSpecification\",\"valueRequired\":true,\"valueName\":\"search_term_string\"}}],\"inLanguage\":\"pt-BR\"},{\"@type\":\"Organization\",\"@id\":\"https:\/\/www.notibras.com\/site\/#organization\",\"name\":\"Grupo Notibras de Comunica\u00e7\u00e3o\",\"url\":\"https:\/\/www.notibras.com\/site\/\",\"logo\":{\"@type\":\"ImageObject\",\"inLanguage\":\"pt-BR\",\"@id\":\"https:\/\/www.notibras.com\/site\/#\/schema\/logo\/image\/\",\"url\":\"https:\/\/www.notibras.com\/site\/wp-content\/uploads\/2023\/01\/notibras23.png\",\"contentUrl\":\"https:\/\/www.notibras.com\/site\/wp-content\/uploads\/2023\/01\/notibras23.png\",\"width\":350,\"height\":87,\"caption\":\"Grupo Notibras de Comunica\u00e7\u00e3o\"},\"image\":{\"@id\":\"https:\/\/www.notibras.com\/site\/#\/schema\/logo\/image\/\"},\"sameAs\":[\"https:\/\/www.facebook.com\/notibras\/\",\"https:\/\/x.com\/Notibras\",\"https:\/\/www.instagram.com\/notibras\/\"]},{\"@type\":\"Person\",\"@id\":\"https:\/\/www.notibras.com\/site\/#\/schema\/person\/36ab0979449956132d3e5b517ea76ac8\",\"name\":\"Reda\u00e7\u00e3o\",\"image\":{\"@type\":\"ImageObject\",\"inLanguage\":\"pt-BR\",\"@id\":\"https:\/\/secure.gravatar.com\/avatar\/e0a867bdedb85fd243eadf09663511f96fc81e0720a4a42581f334ad4303aa6b?s=96&d=mm&r=g\",\"url\":\"https:\/\/secure.gravatar.com\/avatar\/e0a867bdedb85fd243eadf09663511f96fc81e0720a4a42581f334ad4303aa6b?s=96&d=mm&r=g\",\"contentUrl\":\"https:\/\/secure.gravatar.com\/avatar\/e0a867bdedb85fd243eadf09663511f96fc81e0720a4a42581f334ad4303aa6b?s=96&d=mm&r=g\",\"caption\":\"Reda\u00e7\u00e3o\"}}]}<\/script>\n<!-- \/ Yoast SEO plugin. -->","yoast_head_json":{"title":"Presente trocado acirra disputa entre irm\u00e3os - Notibras","robots":{"index":"index","follow":"follow","max-snippet":"max-snippet:-1","max-image-preview":"max-image-preview:large","max-video-preview":"max-video-preview:-1"},"canonical":"https:\/\/www.notibras.com\/site\/presente-trocado-acirra-disputa-entre-irmaos\/","og_locale":"pt_BR","og_type":"article","og_title":"Presente trocado acirra disputa entre irm\u00e3os - Notibras","og_description":"Nos idos dos anos 1980, aqueles dois irm\u00e3os, Tonho e Juca, apesar de mineiros, eram torcedores de times de outros estados. O mais velho era flamenguista, enquanto o menor, talvez influenciado por gl\u00f3rias passadas, torcia fervorosamente pelo Palmeiras. O pai at\u00e9 que gostava de futebol, mas a m\u00e3e, mais s\u00e1bia, queria paz. Durante os campeonatos [&hellip;]","og_url":"https:\/\/www.notibras.com\/site\/presente-trocado-acirra-disputa-entre-irmaos\/","og_site_name":"Notibras","article_publisher":"https:\/\/www.facebook.com\/notibras\/","article_published_time":"2023-10-09T10:41:47+00:00","article_modified_time":"2023-10-09T10:43:04+00:00","og_image":[{"width":622,"height":350,"url":"https:\/\/www.notibras.com\/site\/wp-content\/uploads\/2023\/10\/622_48c0a144-6f65-34ce-8a63-02c56230b466.jpg","type":"image\/jpeg"}],"author":"Reda\u00e7\u00e3o","twitter_card":"summary_large_image","twitter_creator":"@Notibras","twitter_site":"@Notibras","twitter_misc":{"Escrito por":"Reda\u00e7\u00e3o","Est. tempo de leitura":"3 minutos"},"schema":{"@context":"https:\/\/schema.org","@graph":[{"@type":"Article","@id":"https:\/\/www.notibras.com\/site\/presente-trocado-acirra-disputa-entre-irmaos\/#article","isPartOf":{"@id":"https:\/\/www.notibras.com\/site\/presente-trocado-acirra-disputa-entre-irmaos\/"},"author":{"name":"Reda\u00e7\u00e3o","@id":"https:\/\/www.notibras.com\/site\/#\/schema\/person\/36ab0979449956132d3e5b517ea76ac8"},"headline":"Presente trocado acirra disputa entre irm\u00e3os","datePublished":"2023-10-09T10:41:47+00:00","dateModified":"2023-10-09T10:43:04+00:00","mainEntityOfPage":{"@id":"https:\/\/www.notibras.com\/site\/presente-trocado-acirra-disputa-entre-irmaos\/"},"wordCount":467,"publisher":{"@id":"https:\/\/www.notibras.com\/site\/#organization"},"image":{"@id":"https:\/\/www.notibras.com\/site\/presente-trocado-acirra-disputa-entre-irmaos\/#primaryimage"},"thumbnailUrl":"https:\/\/www.notibras.com\/site\/wp-content\/uploads\/2023\/10\/622_48c0a144-6f65-34ce-8a63-02c56230b466.jpg","articleSection":["Quadradinho em Foco"],"inLanguage":"pt-BR"},{"@type":"WebPage","@id":"https:\/\/www.notibras.com\/site\/presente-trocado-acirra-disputa-entre-irmaos\/","url":"https:\/\/www.notibras.com\/site\/presente-trocado-acirra-disputa-entre-irmaos\/","name":"Presente trocado acirra disputa entre irm\u00e3os - Notibras","isPartOf":{"@id":"https:\/\/www.notibras.com\/site\/#website"},"primaryImageOfPage":{"@id":"https:\/\/www.notibras.com\/site\/presente-trocado-acirra-disputa-entre-irmaos\/#primaryimage"},"image":{"@id":"https:\/\/www.notibras.com\/site\/presente-trocado-acirra-disputa-entre-irmaos\/#primaryimage"},"thumbnailUrl":"https:\/\/www.notibras.com\/site\/wp-content\/uploads\/2023\/10\/622_48c0a144-6f65-34ce-8a63-02c56230b466.jpg","datePublished":"2023-10-09T10:41:47+00:00","dateModified":"2023-10-09T10:43:04+00:00","breadcrumb":{"@id":"https:\/\/www.notibras.com\/site\/presente-trocado-acirra-disputa-entre-irmaos\/#breadcrumb"},"inLanguage":"pt-BR","potentialAction":[{"@type":"ReadAction","target":["https:\/\/www.notibras.com\/site\/presente-trocado-acirra-disputa-entre-irmaos\/"]}]},{"@type":"ImageObject","inLanguage":"pt-BR","@id":"https:\/\/www.notibras.com\/site\/presente-trocado-acirra-disputa-entre-irmaos\/#primaryimage","url":"https:\/\/www.notibras.com\/site\/wp-content\/uploads\/2023\/10\/622_48c0a144-6f65-34ce-8a63-02c56230b466.jpg","contentUrl":"https:\/\/www.notibras.com\/site\/wp-content\/uploads\/2023\/10\/622_48c0a144-6f65-34ce-8a63-02c56230b466.jpg","width":622,"height":350},{"@type":"BreadcrumbList","@id":"https:\/\/www.notibras.com\/site\/presente-trocado-acirra-disputa-entre-irmaos\/#breadcrumb","itemListElement":[{"@type":"ListItem","position":1,"name":"In\u00edcio","item":"https:\/\/www.notibras.com\/site\/"},{"@type":"ListItem","position":2,"name":"Presente trocado acirra disputa entre irm\u00e3os"}]},{"@type":"WebSite","@id":"https:\/\/www.notibras.com\/site\/#website","url":"https:\/\/www.notibras.com\/site\/","name":"Notibras","description":"Not\u00edcias de Bras\u00edlia, do Brasil e do Mundo","publisher":{"@id":"https:\/\/www.notibras.com\/site\/#organization"},"potentialAction":[{"@type":"SearchAction","target":{"@type":"EntryPoint","urlTemplate":"https:\/\/www.notibras.com\/site\/?s={search_term_string}"},"query-input":{"@type":"PropertyValueSpecification","valueRequired":true,"valueName":"search_term_string"}}],"inLanguage":"pt-BR"},{"@type":"Organization","@id":"https:\/\/www.notibras.com\/site\/#organization","name":"Grupo Notibras de Comunica\u00e7\u00e3o","url":"https:\/\/www.notibras.com\/site\/","logo":{"@type":"ImageObject","inLanguage":"pt-BR","@id":"https:\/\/www.notibras.com\/site\/#\/schema\/logo\/image\/","url":"https:\/\/www.notibras.com\/site\/wp-content\/uploads\/2023\/01\/notibras23.png","contentUrl":"https:\/\/www.notibras.com\/site\/wp-content\/uploads\/2023\/01\/notibras23.png","width":350,"height":87,"caption":"Grupo Notibras de Comunica\u00e7\u00e3o"},"image":{"@id":"https:\/\/www.notibras.com\/site\/#\/schema\/logo\/image\/"},"sameAs":["https:\/\/www.facebook.com\/notibras\/","https:\/\/x.com\/Notibras","https:\/\/www.instagram.com\/notibras\/"]},{"@type":"Person","@id":"https:\/\/www.notibras.com\/site\/#\/schema\/person\/36ab0979449956132d3e5b517ea76ac8","name":"Reda\u00e7\u00e3o","image":{"@type":"ImageObject","inLanguage":"pt-BR","@id":"https:\/\/secure.gravatar.com\/avatar\/e0a867bdedb85fd243eadf09663511f96fc81e0720a4a42581f334ad4303aa6b?s=96&d=mm&r=g","url":"https:\/\/secure.gravatar.com\/avatar\/e0a867bdedb85fd243eadf09663511f96fc81e0720a4a42581f334ad4303aa6b?s=96&d=mm&r=g","contentUrl":"https:\/\/secure.gravatar.com\/avatar\/e0a867bdedb85fd243eadf09663511f96fc81e0720a4a42581f334ad4303aa6b?s=96&d=mm&r=g","caption":"Reda\u00e7\u00e3o"}}]}},"amp_enabled":true,"_links":{"self":[{"href":"https:\/\/www.notibras.com\/site\/wp-json\/wp\/v2\/posts\/314345","targetHints":{"allow":["GET"]}}],"collection":[{"href":"https:\/\/www.notibras.com\/site\/wp-json\/wp\/v2\/posts"}],"about":[{"href":"https:\/\/www.notibras.com\/site\/wp-json\/wp\/v2\/types\/post"}],"author":[{"embeddable":true,"href":"https:\/\/www.notibras.com\/site\/wp-json\/wp\/v2\/users\/2"}],"replies":[{"embeddable":true,"href":"https:\/\/www.notibras.com\/site\/wp-json\/wp\/v2\/comments?post=314345"}],"version-history":[{"count":3,"href":"https:\/\/www.notibras.com\/site\/wp-json\/wp\/v2\/posts\/314345\/revisions"}],"predecessor-version":[{"id":314349,"href":"https:\/\/www.notibras.com\/site\/wp-json\/wp\/v2\/posts\/314345\/revisions\/314349"}],"wp:featuredmedia":[{"embeddable":true,"href":"https:\/\/www.notibras.com\/site\/wp-json\/wp\/v2\/media\/314346"}],"wp:attachment":[{"href":"https:\/\/www.notibras.com\/site\/wp-json\/wp\/v2\/media?parent=314345"}],"wp:term":[{"taxonomy":"category","embeddable":true,"href":"https:\/\/www.notibras.com\/site\/wp-json\/wp\/v2\/categories?post=314345"},{"taxonomy":"post_tag","embeddable":true,"href":"https:\/\/www.notibras.com\/site\/wp-json\/wp\/v2\/tags?post=314345"}],"curies":[{"name":"wp","href":"https:\/\/api.w.org\/{rel}","templated":true}]}}