{"id":314353,"date":"2023-10-09T05:37:04","date_gmt":"2023-10-09T08:37:04","guid":{"rendered":"https:\/\/www.notibras.com\/site\/?p=314353"},"modified":"2023-10-09T08:39:46","modified_gmt":"2023-10-09T11:39:46","slug":"festival-de-cabacaria-tradicional-promove-rodas-de-conversa","status":"publish","type":"post","link":"https:\/\/www.notibras.com\/site\/festival-de-cabacaria-tradicional-promove-rodas-de-conversa\/","title":{"rendered":"Festival de Caba\u00e7aria Tradicional promove rodas de conversa"},"content":{"rendered":"<p>A primeira edi\u00e7\u00e3o do Sereiau \u2013 Festival de Caba\u00e7aria Tradicional \u2013 chega a Bras\u00edlia promovendo muitos dias de atividades gratuitas. A prtir do dia 15 (e at\u00e9 23 de outubro), a programa\u00e7\u00e3o acontece em diferentes pontos culturais da cidade, como Renato Russo, Kifanda e Infinu, al\u00e9m de ambiente virtual, no canal Sereia Luzia e na plataforma Zoom.<\/p>\n<p>O projeto que enaltece as tradi\u00e7\u00f5es populares conta com rodas de conversa compostas por mestres e mestras das culturas tradicionais, bem como shows e espet\u00e1culos de artistas nacionais e internacionais. O festival oferece ainda, nos dias 15 e 23 deste m\u00eas, oficinas de agb\u00ea para adultos e crian\u00e7as.<\/p>\n<p>Pessoas interessadas em participar dos encontros virtuais e das oficinas, devem garantir a vaga, preenchendo os formul\u00e1rios de inscri\u00e7\u00e3o. Para os shows, n\u00e3o haver\u00e1 retirada de ingressos, por\u00e9m, o espa\u00e7o \u00e9 sujeito a lota\u00e7\u00e3o.<\/p>\n<p>Sereiau conta com fomento do Fundo de Apoio \u00e0 Cultura (FAC) e do Minist\u00e9rio da Cultura do Governo Federal (MinC).<\/p>\n<p><strong>O Festival<\/strong><br \/>\nIdealizado por Jun Cascaes, artista, brincante brasiliense e diretore do projeto Sereia Luzia, o encontro visa possibilitar a partilha de ensinamentos e mitologias origin\u00e1rias das culturas afro-brasileira e ind\u00edgena que envolvem as caba\u00e7as como instrumentos e artesanatos. Com isso, prop\u00f5e-se um movimento de decoloniza\u00e7\u00e3o da conta\u00e7\u00e3o da hist\u00f3ria brasileira, a partir de vozes ancestrais e brincantes.<\/p>\n<p>A rela\u00e7\u00e3o entre a manuten\u00e7\u00e3o das tradi\u00e7\u00f5es com o bioma local \u00e9 tamb\u00e9m ponto de debate no Sereiau. Ainda sobre ancestralidade, o festival traz mestras e mestres brasileiros de manifesta\u00e7\u00f5es que utilizam os agb\u00eas h\u00e1 mais tempo no pa\u00eds, para fortalecer la\u00e7os entre passado e presente.<\/p>\n<p>Al\u00e9m disso, as apresenta\u00e7\u00f5es virtuais e rodas de conversa ampliam as participa\u00e7\u00f5es de artistas, a troca entre luthiers, instrumentistas, brincantes e p\u00fablico em geral, possibilitando o acesso de quem est\u00e1 em outras cidades e pa\u00edses.<\/p>\n","protected":false},"excerpt":{"rendered":"<p>A primeira edi\u00e7\u00e3o do Sereiau \u2013 Festival de Caba\u00e7aria Tradicional \u2013 chega a Bras\u00edlia promovendo muitos dias de atividades gratuitas. A prtir do dia 15 (e at\u00e9 23 de outubro), a programa\u00e7\u00e3o acontece em diferentes pontos culturais da cidade, como Renato Russo, Kifanda e Infinu, al\u00e9m de ambiente virtual, no canal Sereia Luzia e na [&hellip;]<\/p>\n","protected":false},"author":2,"featured_media":314354,"comment_status":"closed","ping_status":"closed","sticky":false,"template":"","format":"standard","meta":{"_acf_changed":false,"footnotes":""},"categories":[161],"tags":[],"class_list":["post-314353","post","type-post","status-publish","format-standard","has-post-thumbnail","hentry","category-quadradinho-em-foco"],"acf":[],"yoast_head":"<!-- This site is optimized with the Yoast SEO plugin v27.2 - https:\/\/yoast.com\/product\/yoast-seo-wordpress\/ -->\n<title>Festival de Caba\u00e7aria Tradicional promove rodas de conversa - Notibras<\/title>\n<meta name=\"robots\" content=\"index, follow, max-snippet:-1, max-image-preview:large, max-video-preview:-1\" \/>\n<link rel=\"canonical\" href=\"https:\/\/www.notibras.com\/site\/festival-de-cabacaria-tradicional-promove-rodas-de-conversa\/\" \/>\n<meta property=\"og:locale\" content=\"pt_BR\" \/>\n<meta property=\"og:type\" content=\"article\" \/>\n<meta property=\"og:title\" content=\"Festival de Caba\u00e7aria Tradicional promove rodas de conversa - Notibras\" \/>\n<meta property=\"og:description\" content=\"A primeira edi\u00e7\u00e3o do Sereiau \u2013 Festival de Caba\u00e7aria Tradicional \u2013 chega a Bras\u00edlia promovendo muitos dias de atividades gratuitas. A prtir do dia 15 (e at\u00e9 23 de outubro), a programa\u00e7\u00e3o acontece em diferentes pontos culturais da cidade, como Renato Russo, Kifanda e Infinu, al\u00e9m de ambiente virtual, no canal Sereia Luzia e na [&hellip;]\" \/>\n<meta property=\"og:url\" content=\"https:\/\/www.notibras.com\/site\/festival-de-cabacaria-tradicional-promove-rodas-de-conversa\/\" \/>\n<meta property=\"og:site_name\" content=\"Notibras\" \/>\n<meta property=\"article:publisher\" content=\"https:\/\/www.facebook.com\/notibras\/\" \/>\n<meta property=\"article:published_time\" content=\"2023-10-09T08:37:04+00:00\" \/>\n<meta property=\"article:modified_time\" content=\"2023-10-09T11:39:46+00:00\" \/>\n<meta property=\"og:image\" content=\"https:\/\/www.notibras.com\/site\/wp-content\/uploads\/2023\/10\/Sereia-Luzia_-Foto_Webert-da-Cruz-1.jpg\" \/>\n\t<meta property=\"og:image:width\" content=\"1200\" \/>\n\t<meta property=\"og:image:height\" content=\"801\" \/>\n\t<meta property=\"og:image:type\" content=\"image\/jpeg\" \/>\n<meta name=\"author\" content=\"Reda\u00e7\u00e3o\" \/>\n<meta name=\"twitter:card\" content=\"summary_large_image\" \/>\n<meta name=\"twitter:creator\" content=\"@Notibras\" \/>\n<meta name=\"twitter:site\" content=\"@Notibras\" \/>\n<meta name=\"twitter:label1\" content=\"Escrito por\" \/>\n\t<meta name=\"twitter:data1\" content=\"Reda\u00e7\u00e3o\" \/>\n\t<meta name=\"twitter:label2\" content=\"Est. tempo de leitura\" \/>\n\t<meta name=\"twitter:data2\" content=\"2 minutos\" \/>\n<script type=\"application\/ld+json\" class=\"yoast-schema-graph\">{\"@context\":\"https:\/\/schema.org\",\"@graph\":[{\"@type\":\"Article\",\"@id\":\"https:\/\/www.notibras.com\/site\/festival-de-cabacaria-tradicional-promove-rodas-de-conversa\/#article\",\"isPartOf\":{\"@id\":\"https:\/\/www.notibras.com\/site\/festival-de-cabacaria-tradicional-promove-rodas-de-conversa\/\"},\"author\":{\"name\":\"Reda\u00e7\u00e3o\",\"@id\":\"https:\/\/www.notibras.com\/site\/#\/schema\/person\/36ab0979449956132d3e5b517ea76ac8\"},\"headline\":\"Festival de Caba\u00e7aria Tradicional promove rodas de conversa\",\"datePublished\":\"2023-10-09T08:37:04+00:00\",\"dateModified\":\"2023-10-09T11:39:46+00:00\",\"mainEntityOfPage\":{\"@id\":\"https:\/\/www.notibras.com\/site\/festival-de-cabacaria-tradicional-promove-rodas-de-conversa\/\"},\"wordCount\":334,\"publisher\":{\"@id\":\"https:\/\/www.notibras.com\/site\/#organization\"},\"image\":{\"@id\":\"https:\/\/www.notibras.com\/site\/festival-de-cabacaria-tradicional-promove-rodas-de-conversa\/#primaryimage\"},\"thumbnailUrl\":\"https:\/\/www.notibras.com\/site\/wp-content\/uploads\/2023\/10\/Sereia-Luzia_-Foto_Webert-da-Cruz-1.jpg\",\"articleSection\":[\"Quadradinho em Foco\"],\"inLanguage\":\"pt-BR\"},{\"@type\":\"WebPage\",\"@id\":\"https:\/\/www.notibras.com\/site\/festival-de-cabacaria-tradicional-promove-rodas-de-conversa\/\",\"url\":\"https:\/\/www.notibras.com\/site\/festival-de-cabacaria-tradicional-promove-rodas-de-conversa\/\",\"name\":\"Festival de Caba\u00e7aria Tradicional promove rodas de conversa - Notibras\",\"isPartOf\":{\"@id\":\"https:\/\/www.notibras.com\/site\/#website\"},\"primaryImageOfPage\":{\"@id\":\"https:\/\/www.notibras.com\/site\/festival-de-cabacaria-tradicional-promove-rodas-de-conversa\/#primaryimage\"},\"image\":{\"@id\":\"https:\/\/www.notibras.com\/site\/festival-de-cabacaria-tradicional-promove-rodas-de-conversa\/#primaryimage\"},\"thumbnailUrl\":\"https:\/\/www.notibras.com\/site\/wp-content\/uploads\/2023\/10\/Sereia-Luzia_-Foto_Webert-da-Cruz-1.jpg\",\"datePublished\":\"2023-10-09T08:37:04+00:00\",\"dateModified\":\"2023-10-09T11:39:46+00:00\",\"breadcrumb\":{\"@id\":\"https:\/\/www.notibras.com\/site\/festival-de-cabacaria-tradicional-promove-rodas-de-conversa\/#breadcrumb\"},\"inLanguage\":\"pt-BR\",\"potentialAction\":[{\"@type\":\"ReadAction\",\"target\":[\"https:\/\/www.notibras.com\/site\/festival-de-cabacaria-tradicional-promove-rodas-de-conversa\/\"]}]},{\"@type\":\"ImageObject\",\"inLanguage\":\"pt-BR\",\"@id\":\"https:\/\/www.notibras.com\/site\/festival-de-cabacaria-tradicional-promove-rodas-de-conversa\/#primaryimage\",\"url\":\"https:\/\/www.notibras.com\/site\/wp-content\/uploads\/2023\/10\/Sereia-Luzia_-Foto_Webert-da-Cruz-1.jpg\",\"contentUrl\":\"https:\/\/www.notibras.com\/site\/wp-content\/uploads\/2023\/10\/Sereia-Luzia_-Foto_Webert-da-Cruz-1.jpg\",\"width\":1200,\"height\":801},{\"@type\":\"BreadcrumbList\",\"@id\":\"https:\/\/www.notibras.com\/site\/festival-de-cabacaria-tradicional-promove-rodas-de-conversa\/#breadcrumb\",\"itemListElement\":[{\"@type\":\"ListItem\",\"position\":1,\"name\":\"In\u00edcio\",\"item\":\"https:\/\/www.notibras.com\/site\/\"},{\"@type\":\"ListItem\",\"position\":2,\"name\":\"Festival de Caba\u00e7aria Tradicional promove rodas de conversa\"}]},{\"@type\":\"WebSite\",\"@id\":\"https:\/\/www.notibras.com\/site\/#website\",\"url\":\"https:\/\/www.notibras.com\/site\/\",\"name\":\"Notibras\",\"description\":\"Not\u00edcias de Bras\u00edlia, do Brasil e do Mundo\",\"publisher\":{\"@id\":\"https:\/\/www.notibras.com\/site\/#organization\"},\"potentialAction\":[{\"@type\":\"SearchAction\",\"target\":{\"@type\":\"EntryPoint\",\"urlTemplate\":\"https:\/\/www.notibras.com\/site\/?s={search_term_string}\"},\"query-input\":{\"@type\":\"PropertyValueSpecification\",\"valueRequired\":true,\"valueName\":\"search_term_string\"}}],\"inLanguage\":\"pt-BR\"},{\"@type\":\"Organization\",\"@id\":\"https:\/\/www.notibras.com\/site\/#organization\",\"name\":\"Grupo Notibras de Comunica\u00e7\u00e3o\",\"url\":\"https:\/\/www.notibras.com\/site\/\",\"logo\":{\"@type\":\"ImageObject\",\"inLanguage\":\"pt-BR\",\"@id\":\"https:\/\/www.notibras.com\/site\/#\/schema\/logo\/image\/\",\"url\":\"https:\/\/www.notibras.com\/site\/wp-content\/uploads\/2023\/01\/notibras23.png\",\"contentUrl\":\"https:\/\/www.notibras.com\/site\/wp-content\/uploads\/2023\/01\/notibras23.png\",\"width\":350,\"height\":87,\"caption\":\"Grupo Notibras de Comunica\u00e7\u00e3o\"},\"image\":{\"@id\":\"https:\/\/www.notibras.com\/site\/#\/schema\/logo\/image\/\"},\"sameAs\":[\"https:\/\/www.facebook.com\/notibras\/\",\"https:\/\/x.com\/Notibras\",\"https:\/\/www.instagram.com\/notibras\/\"]},{\"@type\":\"Person\",\"@id\":\"https:\/\/www.notibras.com\/site\/#\/schema\/person\/36ab0979449956132d3e5b517ea76ac8\",\"name\":\"Reda\u00e7\u00e3o\",\"image\":{\"@type\":\"ImageObject\",\"inLanguage\":\"pt-BR\",\"@id\":\"https:\/\/secure.gravatar.com\/avatar\/e0a867bdedb85fd243eadf09663511f96fc81e0720a4a42581f334ad4303aa6b?s=96&d=mm&r=g\",\"url\":\"https:\/\/secure.gravatar.com\/avatar\/e0a867bdedb85fd243eadf09663511f96fc81e0720a4a42581f334ad4303aa6b?s=96&d=mm&r=g\",\"contentUrl\":\"https:\/\/secure.gravatar.com\/avatar\/e0a867bdedb85fd243eadf09663511f96fc81e0720a4a42581f334ad4303aa6b?s=96&d=mm&r=g\",\"caption\":\"Reda\u00e7\u00e3o\"}}]}<\/script>\n<!-- \/ Yoast SEO plugin. -->","yoast_head_json":{"title":"Festival de Caba\u00e7aria Tradicional promove rodas de conversa - Notibras","robots":{"index":"index","follow":"follow","max-snippet":"max-snippet:-1","max-image-preview":"max-image-preview:large","max-video-preview":"max-video-preview:-1"},"canonical":"https:\/\/www.notibras.com\/site\/festival-de-cabacaria-tradicional-promove-rodas-de-conversa\/","og_locale":"pt_BR","og_type":"article","og_title":"Festival de Caba\u00e7aria Tradicional promove rodas de conversa - Notibras","og_description":"A primeira edi\u00e7\u00e3o do Sereiau \u2013 Festival de Caba\u00e7aria Tradicional \u2013 chega a Bras\u00edlia promovendo muitos dias de atividades gratuitas. A prtir do dia 15 (e at\u00e9 23 de outubro), a programa\u00e7\u00e3o acontece em diferentes pontos culturais da cidade, como Renato Russo, Kifanda e Infinu, al\u00e9m de ambiente virtual, no canal Sereia Luzia e na [&hellip;]","og_url":"https:\/\/www.notibras.com\/site\/festival-de-cabacaria-tradicional-promove-rodas-de-conversa\/","og_site_name":"Notibras","article_publisher":"https:\/\/www.facebook.com\/notibras\/","article_published_time":"2023-10-09T08:37:04+00:00","article_modified_time":"2023-10-09T11:39:46+00:00","og_image":[{"width":1200,"height":801,"url":"https:\/\/www.notibras.com\/site\/wp-content\/uploads\/2023\/10\/Sereia-Luzia_-Foto_Webert-da-Cruz-1.jpg","type":"image\/jpeg"}],"author":"Reda\u00e7\u00e3o","twitter_card":"summary_large_image","twitter_creator":"@Notibras","twitter_site":"@Notibras","twitter_misc":{"Escrito por":"Reda\u00e7\u00e3o","Est. tempo de leitura":"2 minutos"},"schema":{"@context":"https:\/\/schema.org","@graph":[{"@type":"Article","@id":"https:\/\/www.notibras.com\/site\/festival-de-cabacaria-tradicional-promove-rodas-de-conversa\/#article","isPartOf":{"@id":"https:\/\/www.notibras.com\/site\/festival-de-cabacaria-tradicional-promove-rodas-de-conversa\/"},"author":{"name":"Reda\u00e7\u00e3o","@id":"https:\/\/www.notibras.com\/site\/#\/schema\/person\/36ab0979449956132d3e5b517ea76ac8"},"headline":"Festival de Caba\u00e7aria Tradicional promove rodas de conversa","datePublished":"2023-10-09T08:37:04+00:00","dateModified":"2023-10-09T11:39:46+00:00","mainEntityOfPage":{"@id":"https:\/\/www.notibras.com\/site\/festival-de-cabacaria-tradicional-promove-rodas-de-conversa\/"},"wordCount":334,"publisher":{"@id":"https:\/\/www.notibras.com\/site\/#organization"},"image":{"@id":"https:\/\/www.notibras.com\/site\/festival-de-cabacaria-tradicional-promove-rodas-de-conversa\/#primaryimage"},"thumbnailUrl":"https:\/\/www.notibras.com\/site\/wp-content\/uploads\/2023\/10\/Sereia-Luzia_-Foto_Webert-da-Cruz-1.jpg","articleSection":["Quadradinho em Foco"],"inLanguage":"pt-BR"},{"@type":"WebPage","@id":"https:\/\/www.notibras.com\/site\/festival-de-cabacaria-tradicional-promove-rodas-de-conversa\/","url":"https:\/\/www.notibras.com\/site\/festival-de-cabacaria-tradicional-promove-rodas-de-conversa\/","name":"Festival de Caba\u00e7aria Tradicional promove rodas de conversa - Notibras","isPartOf":{"@id":"https:\/\/www.notibras.com\/site\/#website"},"primaryImageOfPage":{"@id":"https:\/\/www.notibras.com\/site\/festival-de-cabacaria-tradicional-promove-rodas-de-conversa\/#primaryimage"},"image":{"@id":"https:\/\/www.notibras.com\/site\/festival-de-cabacaria-tradicional-promove-rodas-de-conversa\/#primaryimage"},"thumbnailUrl":"https:\/\/www.notibras.com\/site\/wp-content\/uploads\/2023\/10\/Sereia-Luzia_-Foto_Webert-da-Cruz-1.jpg","datePublished":"2023-10-09T08:37:04+00:00","dateModified":"2023-10-09T11:39:46+00:00","breadcrumb":{"@id":"https:\/\/www.notibras.com\/site\/festival-de-cabacaria-tradicional-promove-rodas-de-conversa\/#breadcrumb"},"inLanguage":"pt-BR","potentialAction":[{"@type":"ReadAction","target":["https:\/\/www.notibras.com\/site\/festival-de-cabacaria-tradicional-promove-rodas-de-conversa\/"]}]},{"@type":"ImageObject","inLanguage":"pt-BR","@id":"https:\/\/www.notibras.com\/site\/festival-de-cabacaria-tradicional-promove-rodas-de-conversa\/#primaryimage","url":"https:\/\/www.notibras.com\/site\/wp-content\/uploads\/2023\/10\/Sereia-Luzia_-Foto_Webert-da-Cruz-1.jpg","contentUrl":"https:\/\/www.notibras.com\/site\/wp-content\/uploads\/2023\/10\/Sereia-Luzia_-Foto_Webert-da-Cruz-1.jpg","width":1200,"height":801},{"@type":"BreadcrumbList","@id":"https:\/\/www.notibras.com\/site\/festival-de-cabacaria-tradicional-promove-rodas-de-conversa\/#breadcrumb","itemListElement":[{"@type":"ListItem","position":1,"name":"In\u00edcio","item":"https:\/\/www.notibras.com\/site\/"},{"@type":"ListItem","position":2,"name":"Festival de Caba\u00e7aria Tradicional promove rodas de conversa"}]},{"@type":"WebSite","@id":"https:\/\/www.notibras.com\/site\/#website","url":"https:\/\/www.notibras.com\/site\/","name":"Notibras","description":"Not\u00edcias de Bras\u00edlia, do Brasil e do Mundo","publisher":{"@id":"https:\/\/www.notibras.com\/site\/#organization"},"potentialAction":[{"@type":"SearchAction","target":{"@type":"EntryPoint","urlTemplate":"https:\/\/www.notibras.com\/site\/?s={search_term_string}"},"query-input":{"@type":"PropertyValueSpecification","valueRequired":true,"valueName":"search_term_string"}}],"inLanguage":"pt-BR"},{"@type":"Organization","@id":"https:\/\/www.notibras.com\/site\/#organization","name":"Grupo Notibras de Comunica\u00e7\u00e3o","url":"https:\/\/www.notibras.com\/site\/","logo":{"@type":"ImageObject","inLanguage":"pt-BR","@id":"https:\/\/www.notibras.com\/site\/#\/schema\/logo\/image\/","url":"https:\/\/www.notibras.com\/site\/wp-content\/uploads\/2023\/01\/notibras23.png","contentUrl":"https:\/\/www.notibras.com\/site\/wp-content\/uploads\/2023\/01\/notibras23.png","width":350,"height":87,"caption":"Grupo Notibras de Comunica\u00e7\u00e3o"},"image":{"@id":"https:\/\/www.notibras.com\/site\/#\/schema\/logo\/image\/"},"sameAs":["https:\/\/www.facebook.com\/notibras\/","https:\/\/x.com\/Notibras","https:\/\/www.instagram.com\/notibras\/"]},{"@type":"Person","@id":"https:\/\/www.notibras.com\/site\/#\/schema\/person\/36ab0979449956132d3e5b517ea76ac8","name":"Reda\u00e7\u00e3o","image":{"@type":"ImageObject","inLanguage":"pt-BR","@id":"https:\/\/secure.gravatar.com\/avatar\/e0a867bdedb85fd243eadf09663511f96fc81e0720a4a42581f334ad4303aa6b?s=96&d=mm&r=g","url":"https:\/\/secure.gravatar.com\/avatar\/e0a867bdedb85fd243eadf09663511f96fc81e0720a4a42581f334ad4303aa6b?s=96&d=mm&r=g","contentUrl":"https:\/\/secure.gravatar.com\/avatar\/e0a867bdedb85fd243eadf09663511f96fc81e0720a4a42581f334ad4303aa6b?s=96&d=mm&r=g","caption":"Reda\u00e7\u00e3o"}}]}},"amp_enabled":true,"_links":{"self":[{"href":"https:\/\/www.notibras.com\/site\/wp-json\/wp\/v2\/posts\/314353","targetHints":{"allow":["GET"]}}],"collection":[{"href":"https:\/\/www.notibras.com\/site\/wp-json\/wp\/v2\/posts"}],"about":[{"href":"https:\/\/www.notibras.com\/site\/wp-json\/wp\/v2\/types\/post"}],"author":[{"embeddable":true,"href":"https:\/\/www.notibras.com\/site\/wp-json\/wp\/v2\/users\/2"}],"replies":[{"embeddable":true,"href":"https:\/\/www.notibras.com\/site\/wp-json\/wp\/v2\/comments?post=314353"}],"version-history":[{"count":1,"href":"https:\/\/www.notibras.com\/site\/wp-json\/wp\/v2\/posts\/314353\/revisions"}],"predecessor-version":[{"id":314355,"href":"https:\/\/www.notibras.com\/site\/wp-json\/wp\/v2\/posts\/314353\/revisions\/314355"}],"wp:featuredmedia":[{"embeddable":true,"href":"https:\/\/www.notibras.com\/site\/wp-json\/wp\/v2\/media\/314354"}],"wp:attachment":[{"href":"https:\/\/www.notibras.com\/site\/wp-json\/wp\/v2\/media?parent=314353"}],"wp:term":[{"taxonomy":"category","embeddable":true,"href":"https:\/\/www.notibras.com\/site\/wp-json\/wp\/v2\/categories?post=314353"},{"taxonomy":"post_tag","embeddable":true,"href":"https:\/\/www.notibras.com\/site\/wp-json\/wp\/v2\/tags?post=314353"}],"curies":[{"name":"wp","href":"https:\/\/api.w.org\/{rel}","templated":true}]}}