{"id":314356,"date":"2023-10-09T00:46:58","date_gmt":"2023-10-09T03:46:58","guid":{"rendered":"https:\/\/www.notibras.com\/site\/?p=314356"},"modified":"2023-10-09T08:49:55","modified_gmt":"2023-10-09T11:49:55","slug":"vacinacao-protege-criancas-de-sequelas-da-covid-19","status":"publish","type":"post","link":"https:\/\/www.notibras.com\/site\/vacinacao-protege-criancas-de-sequelas-da-covid-19\/","title":{"rendered":"Vacina\u00e7\u00e3o protege crian\u00e7as de sequelas da covid-19"},"content":{"rendered":"<p>Al\u00e9m de evitar casos graves da covid-19, a vacina\u00e7\u00e3o infantil contra a doen\u00e7a \u00e9 fundamental para proteger as crian\u00e7as de sequelas da infec\u00e7\u00e3o, a chamada covid longa. A afirma\u00e7\u00e3o \u00e9 de Clovis Artur Almeida da Silva, professor titular do Departamento de Pediatria da Faculdade de Medicina da Universidade de S\u00e3o Paulo (USP) e chefe do departamento de Pediatria da Faculdade de Medicina da USP.<\/p>\n<p>Durante o Congresso Brasileiro de Reumatologia, que terminou no final de semana em Goi\u00e2nia, o professor falou que essa vacina\u00e7\u00e3o \u00e9 importante principalmente para crian\u00e7as que tenham doen\u00e7as cr\u00f4nicas, como as reum\u00e1ticas. \u201cAs vacinas mostraram seguran\u00e7a e resposta imune adequada, inclusive nos pacientes reum\u00e1ticos e que tomam imunossupressores. Mesmo que eles tenham taxas menores de resposta, as vacinas s\u00e3o adequadas para combater a infec\u00e7\u00e3o viral\u201d, disse ele.<\/p>\n<p>A covid longa \u00e9 definida como qualquer sintoma persistente ap\u00f3s tr\u00eas meses da infec\u00e7\u00e3o pelo novo coronav\u00edrus ou pelas complica\u00e7\u00f5es que surgem ap\u00f3s uma infec\u00e7\u00e3o pelo coronav\u00edrus. Associadas a essa covid longa podem surgir problemas s\u00e9rios, como as miocardites (inflama\u00e7\u00e3o no m\u00fasculo que bombeia o cora\u00e7\u00e3o), os impactos emocionais e as dificuldades na aprendizagem. \u201cO v\u00edrus agride o c\u00e9rebro e leva a sequelas. Leva \u00e0 ansiedade e depress\u00e3o tamb\u00e9m. Mas ainda n\u00e3o est\u00e1 claro quanto tempo dura isso [esses impactos]\u201d, acrescentou Silva.<\/p>\n<p>Um estudo feito no Instituto de Pediatria do Hospital das Cl\u00ednicas da USP e publicada na revista Clinics identificou sintomas prolongados da covid-19 em 43% crian\u00e7as e adolescentes tr\u00eas meses ap\u00f3s a infec\u00e7\u00e3o. Os sintomas mais presentes foram dores de cabe\u00e7a, reportadas por 19% do total de pacientes. Dores de cabe\u00e7a fortes e recorrentes foram a queixa de 9%, mesmo percentual disse ter cansa\u00e7o. A falta de ar afetou 8% e a dificuldade de concentra\u00e7\u00e3o, 4%.<\/p>\n<p>O professor destacou que, nesse estudo, cerca de 80% dessas crian\u00e7as j\u00e1 apresentavam, antes da infec\u00e7\u00e3o, problemas cr\u00f4nicos como doen\u00e7as reumatol\u00f3gicas, renais e oncol\u00f3gicas.<\/p>\n<p>Esse estudo tamb\u00e9m identificou que as crian\u00e7as que tiveram covid, passaram a apresentar mais dificuldades de aprendizado do que as crian\u00e7as que n\u00e3o tiveram a doen\u00e7a. \u201cAs crian\u00e7as e adolescentes que tiveram covid tinham significativamente valores menores do dom\u00ednio escolar de aprendizado mostrando que esses pacientes, possivelmente, v\u00e3o ter impacto no rendimento escolar, no aprendizado escolar\u201d.<\/p>\n<p>Para prevenir a covid-19 e a covid longa, refor\u00e7ou o professor, \u00e9 importante que as crian\u00e7as sejam vacinadas. E essas vacinas est\u00e3o dispon\u00edveis gratuitamente no Sistema \u00danico de Sa\u00fade (SUS), em todo o territ\u00f3rio nacional.<\/p>\n<p>Mas n\u00e3o \u00e9 isso que tem ocorrido no Brasil. Segundo boletim do Observat\u00f3rio de Sa\u00fade na Inf\u00e2ncia (Observa Inf\u00e2ncia), divulgado pela Funda\u00e7\u00e3o Oswaldo Cruz (Fiocruz) em agosto deste ano, apenas 11,4% das crian\u00e7as brasileiras entre seis meses e cinco anos tomaram ao menos duas doses da vacina contra a covid-19. \u201cJ\u00e1 h\u00e1 estudos mostrando que a vacina diminuiu a covid, diminuiu a covid longa e que, quem tinha covid longa, melhorou mais r\u00e1pido com a vacina. A grande quest\u00e3o \u00e9: vacine. Se tiver novas doses e novas vacinas, continue sendo vacinado\u201d, aconselhou o professor.<\/p>\n","protected":false},"excerpt":{"rendered":"<p>Al\u00e9m de evitar casos graves da covid-19, a vacina\u00e7\u00e3o infantil contra a doen\u00e7a \u00e9 fundamental para proteger as crian\u00e7as de sequelas da infec\u00e7\u00e3o, a chamada covid longa. A afirma\u00e7\u00e3o \u00e9 de Clovis Artur Almeida da Silva, professor titular do Departamento de Pediatria da Faculdade de Medicina da Universidade de S\u00e3o Paulo (USP) e chefe do [&hellip;]<\/p>\n","protected":false},"author":2,"featured_media":314357,"comment_status":"closed","ping_status":"closed","sticky":false,"template":"","format":"standard","meta":{"_acf_changed":false,"footnotes":""},"categories":[161],"tags":[],"class_list":["post-314356","post","type-post","status-publish","format-standard","has-post-thumbnail","hentry","category-quadradinho-em-foco"],"acf":[],"yoast_head":"<!-- This site is optimized with the Yoast SEO plugin v27.2 - https:\/\/yoast.com\/product\/yoast-seo-wordpress\/ -->\n<title>Vacina\u00e7\u00e3o protege crian\u00e7as de sequelas da covid-19 - Notibras<\/title>\n<meta name=\"robots\" content=\"index, follow, max-snippet:-1, max-image-preview:large, max-video-preview:-1\" \/>\n<link rel=\"canonical\" href=\"https:\/\/www.notibras.com\/site\/vacinacao-protege-criancas-de-sequelas-da-covid-19\/\" \/>\n<meta property=\"og:locale\" content=\"pt_BR\" \/>\n<meta property=\"og:type\" content=\"article\" \/>\n<meta property=\"og:title\" content=\"Vacina\u00e7\u00e3o protege crian\u00e7as de sequelas da covid-19 - Notibras\" \/>\n<meta property=\"og:description\" content=\"Al\u00e9m de evitar casos graves da covid-19, a vacina\u00e7\u00e3o infantil contra a doen\u00e7a \u00e9 fundamental para proteger as crian\u00e7as de sequelas da infec\u00e7\u00e3o, a chamada covid longa. A afirma\u00e7\u00e3o \u00e9 de Clovis Artur Almeida da Silva, professor titular do Departamento de Pediatria da Faculdade de Medicina da Universidade de S\u00e3o Paulo (USP) e chefe do [&hellip;]\" \/>\n<meta property=\"og:url\" content=\"https:\/\/www.notibras.com\/site\/vacinacao-protege-criancas-de-sequelas-da-covid-19\/\" \/>\n<meta property=\"og:site_name\" content=\"Notibras\" \/>\n<meta property=\"article:publisher\" content=\"https:\/\/www.facebook.com\/notibras\/\" \/>\n<meta property=\"article:published_time\" content=\"2023-10-09T03:46:58+00:00\" \/>\n<meta property=\"article:modified_time\" content=\"2023-10-09T11:49:55+00:00\" \/>\n<meta property=\"og:image\" content=\"https:\/\/www.notibras.com\/site\/wp-content\/uploads\/2023\/10\/vacinacao_de_criancas_covid-19_ubs_5_de_taguatinga_sul_jfcrz_abr_1601220037-2.jpg\" \/>\n\t<meta property=\"og:image:width\" content=\"1170\" \/>\n\t<meta property=\"og:image:height\" content=\"700\" \/>\n\t<meta property=\"og:image:type\" content=\"image\/jpeg\" \/>\n<meta name=\"author\" content=\"Reda\u00e7\u00e3o\" \/>\n<meta name=\"twitter:card\" content=\"summary_large_image\" \/>\n<meta name=\"twitter:creator\" content=\"@Notibras\" \/>\n<meta name=\"twitter:site\" content=\"@Notibras\" \/>\n<meta name=\"twitter:label1\" content=\"Escrito por\" \/>\n\t<meta name=\"twitter:data1\" content=\"Reda\u00e7\u00e3o\" \/>\n\t<meta name=\"twitter:label2\" content=\"Est. tempo de leitura\" \/>\n\t<meta name=\"twitter:data2\" content=\"3 minutos\" \/>\n<script type=\"application\/ld+json\" class=\"yoast-schema-graph\">{\"@context\":\"https:\/\/schema.org\",\"@graph\":[{\"@type\":\"Article\",\"@id\":\"https:\/\/www.notibras.com\/site\/vacinacao-protege-criancas-de-sequelas-da-covid-19\/#article\",\"isPartOf\":{\"@id\":\"https:\/\/www.notibras.com\/site\/vacinacao-protege-criancas-de-sequelas-da-covid-19\/\"},\"author\":{\"name\":\"Reda\u00e7\u00e3o\",\"@id\":\"https:\/\/www.notibras.com\/site\/#\/schema\/person\/36ab0979449956132d3e5b517ea76ac8\"},\"headline\":\"Vacina\u00e7\u00e3o protege crian\u00e7as de sequelas da covid-19\",\"datePublished\":\"2023-10-09T03:46:58+00:00\",\"dateModified\":\"2023-10-09T11:49:55+00:00\",\"mainEntityOfPage\":{\"@id\":\"https:\/\/www.notibras.com\/site\/vacinacao-protege-criancas-de-sequelas-da-covid-19\/\"},\"wordCount\":564,\"publisher\":{\"@id\":\"https:\/\/www.notibras.com\/site\/#organization\"},\"image\":{\"@id\":\"https:\/\/www.notibras.com\/site\/vacinacao-protege-criancas-de-sequelas-da-covid-19\/#primaryimage\"},\"thumbnailUrl\":\"https:\/\/www.notibras.com\/site\/wp-content\/uploads\/2023\/10\/vacinacao_de_criancas_covid-19_ubs_5_de_taguatinga_sul_jfcrz_abr_1601220037-2.jpg\",\"articleSection\":[\"Quadradinho em Foco\"],\"inLanguage\":\"pt-BR\"},{\"@type\":\"WebPage\",\"@id\":\"https:\/\/www.notibras.com\/site\/vacinacao-protege-criancas-de-sequelas-da-covid-19\/\",\"url\":\"https:\/\/www.notibras.com\/site\/vacinacao-protege-criancas-de-sequelas-da-covid-19\/\",\"name\":\"Vacina\u00e7\u00e3o protege crian\u00e7as de sequelas da covid-19 - Notibras\",\"isPartOf\":{\"@id\":\"https:\/\/www.notibras.com\/site\/#website\"},\"primaryImageOfPage\":{\"@id\":\"https:\/\/www.notibras.com\/site\/vacinacao-protege-criancas-de-sequelas-da-covid-19\/#primaryimage\"},\"image\":{\"@id\":\"https:\/\/www.notibras.com\/site\/vacinacao-protege-criancas-de-sequelas-da-covid-19\/#primaryimage\"},\"thumbnailUrl\":\"https:\/\/www.notibras.com\/site\/wp-content\/uploads\/2023\/10\/vacinacao_de_criancas_covid-19_ubs_5_de_taguatinga_sul_jfcrz_abr_1601220037-2.jpg\",\"datePublished\":\"2023-10-09T03:46:58+00:00\",\"dateModified\":\"2023-10-09T11:49:55+00:00\",\"breadcrumb\":{\"@id\":\"https:\/\/www.notibras.com\/site\/vacinacao-protege-criancas-de-sequelas-da-covid-19\/#breadcrumb\"},\"inLanguage\":\"pt-BR\",\"potentialAction\":[{\"@type\":\"ReadAction\",\"target\":[\"https:\/\/www.notibras.com\/site\/vacinacao-protege-criancas-de-sequelas-da-covid-19\/\"]}]},{\"@type\":\"ImageObject\",\"inLanguage\":\"pt-BR\",\"@id\":\"https:\/\/www.notibras.com\/site\/vacinacao-protege-criancas-de-sequelas-da-covid-19\/#primaryimage\",\"url\":\"https:\/\/www.notibras.com\/site\/wp-content\/uploads\/2023\/10\/vacinacao_de_criancas_covid-19_ubs_5_de_taguatinga_sul_jfcrz_abr_1601220037-2.jpg\",\"contentUrl\":\"https:\/\/www.notibras.com\/site\/wp-content\/uploads\/2023\/10\/vacinacao_de_criancas_covid-19_ubs_5_de_taguatinga_sul_jfcrz_abr_1601220037-2.jpg\",\"width\":1170,\"height\":700,\"caption\":\"Vacina\u00e7\u00e3o de crian\u00e7as contra a covid-19 na UBS 5 de Taguatinga Sul\"},{\"@type\":\"BreadcrumbList\",\"@id\":\"https:\/\/www.notibras.com\/site\/vacinacao-protege-criancas-de-sequelas-da-covid-19\/#breadcrumb\",\"itemListElement\":[{\"@type\":\"ListItem\",\"position\":1,\"name\":\"In\u00edcio\",\"item\":\"https:\/\/www.notibras.com\/site\/\"},{\"@type\":\"ListItem\",\"position\":2,\"name\":\"Vacina\u00e7\u00e3o protege crian\u00e7as de sequelas da covid-19\"}]},{\"@type\":\"WebSite\",\"@id\":\"https:\/\/www.notibras.com\/site\/#website\",\"url\":\"https:\/\/www.notibras.com\/site\/\",\"name\":\"Notibras\",\"description\":\"Not\u00edcias de Bras\u00edlia, do Brasil e do Mundo\",\"publisher\":{\"@id\":\"https:\/\/www.notibras.com\/site\/#organization\"},\"potentialAction\":[{\"@type\":\"SearchAction\",\"target\":{\"@type\":\"EntryPoint\",\"urlTemplate\":\"https:\/\/www.notibras.com\/site\/?s={search_term_string}\"},\"query-input\":{\"@type\":\"PropertyValueSpecification\",\"valueRequired\":true,\"valueName\":\"search_term_string\"}}],\"inLanguage\":\"pt-BR\"},{\"@type\":\"Organization\",\"@id\":\"https:\/\/www.notibras.com\/site\/#organization\",\"name\":\"Grupo Notibras de Comunica\u00e7\u00e3o\",\"url\":\"https:\/\/www.notibras.com\/site\/\",\"logo\":{\"@type\":\"ImageObject\",\"inLanguage\":\"pt-BR\",\"@id\":\"https:\/\/www.notibras.com\/site\/#\/schema\/logo\/image\/\",\"url\":\"https:\/\/www.notibras.com\/site\/wp-content\/uploads\/2023\/01\/notibras23.png\",\"contentUrl\":\"https:\/\/www.notibras.com\/site\/wp-content\/uploads\/2023\/01\/notibras23.png\",\"width\":350,\"height\":87,\"caption\":\"Grupo Notibras de Comunica\u00e7\u00e3o\"},\"image\":{\"@id\":\"https:\/\/www.notibras.com\/site\/#\/schema\/logo\/image\/\"},\"sameAs\":[\"https:\/\/www.facebook.com\/notibras\/\",\"https:\/\/x.com\/Notibras\",\"https:\/\/www.instagram.com\/notibras\/\"]},{\"@type\":\"Person\",\"@id\":\"https:\/\/www.notibras.com\/site\/#\/schema\/person\/36ab0979449956132d3e5b517ea76ac8\",\"name\":\"Reda\u00e7\u00e3o\",\"image\":{\"@type\":\"ImageObject\",\"inLanguage\":\"pt-BR\",\"@id\":\"https:\/\/secure.gravatar.com\/avatar\/e0a867bdedb85fd243eadf09663511f96fc81e0720a4a42581f334ad4303aa6b?s=96&d=mm&r=g\",\"url\":\"https:\/\/secure.gravatar.com\/avatar\/e0a867bdedb85fd243eadf09663511f96fc81e0720a4a42581f334ad4303aa6b?s=96&d=mm&r=g\",\"contentUrl\":\"https:\/\/secure.gravatar.com\/avatar\/e0a867bdedb85fd243eadf09663511f96fc81e0720a4a42581f334ad4303aa6b?s=96&d=mm&r=g\",\"caption\":\"Reda\u00e7\u00e3o\"}}]}<\/script>\n<!-- \/ Yoast SEO plugin. -->","yoast_head_json":{"title":"Vacina\u00e7\u00e3o protege crian\u00e7as de sequelas da covid-19 - Notibras","robots":{"index":"index","follow":"follow","max-snippet":"max-snippet:-1","max-image-preview":"max-image-preview:large","max-video-preview":"max-video-preview:-1"},"canonical":"https:\/\/www.notibras.com\/site\/vacinacao-protege-criancas-de-sequelas-da-covid-19\/","og_locale":"pt_BR","og_type":"article","og_title":"Vacina\u00e7\u00e3o protege crian\u00e7as de sequelas da covid-19 - Notibras","og_description":"Al\u00e9m de evitar casos graves da covid-19, a vacina\u00e7\u00e3o infantil contra a doen\u00e7a \u00e9 fundamental para proteger as crian\u00e7as de sequelas da infec\u00e7\u00e3o, a chamada covid longa. A afirma\u00e7\u00e3o \u00e9 de Clovis Artur Almeida da Silva, professor titular do Departamento de Pediatria da Faculdade de Medicina da Universidade de S\u00e3o Paulo (USP) e chefe do [&hellip;]","og_url":"https:\/\/www.notibras.com\/site\/vacinacao-protege-criancas-de-sequelas-da-covid-19\/","og_site_name":"Notibras","article_publisher":"https:\/\/www.facebook.com\/notibras\/","article_published_time":"2023-10-09T03:46:58+00:00","article_modified_time":"2023-10-09T11:49:55+00:00","og_image":[{"width":1170,"height":700,"url":"https:\/\/www.notibras.com\/site\/wp-content\/uploads\/2023\/10\/vacinacao_de_criancas_covid-19_ubs_5_de_taguatinga_sul_jfcrz_abr_1601220037-2.jpg","type":"image\/jpeg"}],"author":"Reda\u00e7\u00e3o","twitter_card":"summary_large_image","twitter_creator":"@Notibras","twitter_site":"@Notibras","twitter_misc":{"Escrito por":"Reda\u00e7\u00e3o","Est. tempo de leitura":"3 minutos"},"schema":{"@context":"https:\/\/schema.org","@graph":[{"@type":"Article","@id":"https:\/\/www.notibras.com\/site\/vacinacao-protege-criancas-de-sequelas-da-covid-19\/#article","isPartOf":{"@id":"https:\/\/www.notibras.com\/site\/vacinacao-protege-criancas-de-sequelas-da-covid-19\/"},"author":{"name":"Reda\u00e7\u00e3o","@id":"https:\/\/www.notibras.com\/site\/#\/schema\/person\/36ab0979449956132d3e5b517ea76ac8"},"headline":"Vacina\u00e7\u00e3o protege crian\u00e7as de sequelas da covid-19","datePublished":"2023-10-09T03:46:58+00:00","dateModified":"2023-10-09T11:49:55+00:00","mainEntityOfPage":{"@id":"https:\/\/www.notibras.com\/site\/vacinacao-protege-criancas-de-sequelas-da-covid-19\/"},"wordCount":564,"publisher":{"@id":"https:\/\/www.notibras.com\/site\/#organization"},"image":{"@id":"https:\/\/www.notibras.com\/site\/vacinacao-protege-criancas-de-sequelas-da-covid-19\/#primaryimage"},"thumbnailUrl":"https:\/\/www.notibras.com\/site\/wp-content\/uploads\/2023\/10\/vacinacao_de_criancas_covid-19_ubs_5_de_taguatinga_sul_jfcrz_abr_1601220037-2.jpg","articleSection":["Quadradinho em Foco"],"inLanguage":"pt-BR"},{"@type":"WebPage","@id":"https:\/\/www.notibras.com\/site\/vacinacao-protege-criancas-de-sequelas-da-covid-19\/","url":"https:\/\/www.notibras.com\/site\/vacinacao-protege-criancas-de-sequelas-da-covid-19\/","name":"Vacina\u00e7\u00e3o protege crian\u00e7as de sequelas da covid-19 - Notibras","isPartOf":{"@id":"https:\/\/www.notibras.com\/site\/#website"},"primaryImageOfPage":{"@id":"https:\/\/www.notibras.com\/site\/vacinacao-protege-criancas-de-sequelas-da-covid-19\/#primaryimage"},"image":{"@id":"https:\/\/www.notibras.com\/site\/vacinacao-protege-criancas-de-sequelas-da-covid-19\/#primaryimage"},"thumbnailUrl":"https:\/\/www.notibras.com\/site\/wp-content\/uploads\/2023\/10\/vacinacao_de_criancas_covid-19_ubs_5_de_taguatinga_sul_jfcrz_abr_1601220037-2.jpg","datePublished":"2023-10-09T03:46:58+00:00","dateModified":"2023-10-09T11:49:55+00:00","breadcrumb":{"@id":"https:\/\/www.notibras.com\/site\/vacinacao-protege-criancas-de-sequelas-da-covid-19\/#breadcrumb"},"inLanguage":"pt-BR","potentialAction":[{"@type":"ReadAction","target":["https:\/\/www.notibras.com\/site\/vacinacao-protege-criancas-de-sequelas-da-covid-19\/"]}]},{"@type":"ImageObject","inLanguage":"pt-BR","@id":"https:\/\/www.notibras.com\/site\/vacinacao-protege-criancas-de-sequelas-da-covid-19\/#primaryimage","url":"https:\/\/www.notibras.com\/site\/wp-content\/uploads\/2023\/10\/vacinacao_de_criancas_covid-19_ubs_5_de_taguatinga_sul_jfcrz_abr_1601220037-2.jpg","contentUrl":"https:\/\/www.notibras.com\/site\/wp-content\/uploads\/2023\/10\/vacinacao_de_criancas_covid-19_ubs_5_de_taguatinga_sul_jfcrz_abr_1601220037-2.jpg","width":1170,"height":700,"caption":"Vacina\u00e7\u00e3o de crian\u00e7as contra a covid-19 na UBS 5 de Taguatinga Sul"},{"@type":"BreadcrumbList","@id":"https:\/\/www.notibras.com\/site\/vacinacao-protege-criancas-de-sequelas-da-covid-19\/#breadcrumb","itemListElement":[{"@type":"ListItem","position":1,"name":"In\u00edcio","item":"https:\/\/www.notibras.com\/site\/"},{"@type":"ListItem","position":2,"name":"Vacina\u00e7\u00e3o protege crian\u00e7as de sequelas da covid-19"}]},{"@type":"WebSite","@id":"https:\/\/www.notibras.com\/site\/#website","url":"https:\/\/www.notibras.com\/site\/","name":"Notibras","description":"Not\u00edcias de Bras\u00edlia, do Brasil e do Mundo","publisher":{"@id":"https:\/\/www.notibras.com\/site\/#organization"},"potentialAction":[{"@type":"SearchAction","target":{"@type":"EntryPoint","urlTemplate":"https:\/\/www.notibras.com\/site\/?s={search_term_string}"},"query-input":{"@type":"PropertyValueSpecification","valueRequired":true,"valueName":"search_term_string"}}],"inLanguage":"pt-BR"},{"@type":"Organization","@id":"https:\/\/www.notibras.com\/site\/#organization","name":"Grupo Notibras de Comunica\u00e7\u00e3o","url":"https:\/\/www.notibras.com\/site\/","logo":{"@type":"ImageObject","inLanguage":"pt-BR","@id":"https:\/\/www.notibras.com\/site\/#\/schema\/logo\/image\/","url":"https:\/\/www.notibras.com\/site\/wp-content\/uploads\/2023\/01\/notibras23.png","contentUrl":"https:\/\/www.notibras.com\/site\/wp-content\/uploads\/2023\/01\/notibras23.png","width":350,"height":87,"caption":"Grupo Notibras de Comunica\u00e7\u00e3o"},"image":{"@id":"https:\/\/www.notibras.com\/site\/#\/schema\/logo\/image\/"},"sameAs":["https:\/\/www.facebook.com\/notibras\/","https:\/\/x.com\/Notibras","https:\/\/www.instagram.com\/notibras\/"]},{"@type":"Person","@id":"https:\/\/www.notibras.com\/site\/#\/schema\/person\/36ab0979449956132d3e5b517ea76ac8","name":"Reda\u00e7\u00e3o","image":{"@type":"ImageObject","inLanguage":"pt-BR","@id":"https:\/\/secure.gravatar.com\/avatar\/e0a867bdedb85fd243eadf09663511f96fc81e0720a4a42581f334ad4303aa6b?s=96&d=mm&r=g","url":"https:\/\/secure.gravatar.com\/avatar\/e0a867bdedb85fd243eadf09663511f96fc81e0720a4a42581f334ad4303aa6b?s=96&d=mm&r=g","contentUrl":"https:\/\/secure.gravatar.com\/avatar\/e0a867bdedb85fd243eadf09663511f96fc81e0720a4a42581f334ad4303aa6b?s=96&d=mm&r=g","caption":"Reda\u00e7\u00e3o"}}]}},"amp_enabled":true,"_links":{"self":[{"href":"https:\/\/www.notibras.com\/site\/wp-json\/wp\/v2\/posts\/314356","targetHints":{"allow":["GET"]}}],"collection":[{"href":"https:\/\/www.notibras.com\/site\/wp-json\/wp\/v2\/posts"}],"about":[{"href":"https:\/\/www.notibras.com\/site\/wp-json\/wp\/v2\/types\/post"}],"author":[{"embeddable":true,"href":"https:\/\/www.notibras.com\/site\/wp-json\/wp\/v2\/users\/2"}],"replies":[{"embeddable":true,"href":"https:\/\/www.notibras.com\/site\/wp-json\/wp\/v2\/comments?post=314356"}],"version-history":[{"count":1,"href":"https:\/\/www.notibras.com\/site\/wp-json\/wp\/v2\/posts\/314356\/revisions"}],"predecessor-version":[{"id":314358,"href":"https:\/\/www.notibras.com\/site\/wp-json\/wp\/v2\/posts\/314356\/revisions\/314358"}],"wp:featuredmedia":[{"embeddable":true,"href":"https:\/\/www.notibras.com\/site\/wp-json\/wp\/v2\/media\/314357"}],"wp:attachment":[{"href":"https:\/\/www.notibras.com\/site\/wp-json\/wp\/v2\/media?parent=314356"}],"wp:term":[{"taxonomy":"category","embeddable":true,"href":"https:\/\/www.notibras.com\/site\/wp-json\/wp\/v2\/categories?post=314356"},{"taxonomy":"post_tag","embeddable":true,"href":"https:\/\/www.notibras.com\/site\/wp-json\/wp\/v2\/tags?post=314356"}],"curies":[{"name":"wp","href":"https:\/\/api.w.org\/{rel}","templated":true}]}}