{"id":314359,"date":"2023-10-09T00:56:19","date_gmt":"2023-10-09T03:56:19","guid":{"rendered":"https:\/\/www.notibras.com\/site\/?p=314359"},"modified":"2023-10-09T08:55:47","modified_gmt":"2023-10-09T11:55:47","slug":"saiba-o-que-pode-eliminar-o-candidato-nas-provas-do-enem","status":"publish","type":"post","link":"https:\/\/www.notibras.com\/site\/saiba-o-que-pode-eliminar-o-candidato-nas-provas-do-enem\/","title":{"rendered":"Saiba o que pode eliminar o candidato nas provas do Enem"},"content":{"rendered":"<p>Para ter sucesso na realiza\u00e7\u00e3o das provas do Exame Nacional do Ensino M\u00e9dio (Enem) \u00e9 preciso, al\u00e9m de estudo, prestar aten\u00e7\u00e3o \u00e0s exig\u00eancias e proibi\u00e7\u00f5es estabelecidas pelo edital para n\u00e3o correr o risco de ser eliminado no dia da prova. O Instituto Nacional de Estudos e Pesquisas Educacionais An\u00edsio Teixeira (Inep) estabelece todos os anos uma s\u00e9rie de regras a serem cumpridas pelos candidatos no dia da avalia\u00e7\u00e3o.<\/p>\n<p>Como ocorre desde 2017, o exame ser\u00e1 realizado em dois domingos consecutivos &#8211; antes, era aplicado em um \u00fanico fim de semana, s\u00e1bado e domingo. Em 2023, ser\u00e1 nos dias 5 e 12 de novembro.<\/p>\n<p>Ser\u00e1 eliminado do Enem o participante que se comunicar de qualquer forma com qualquer pessoa que n\u00e3o seja o aplicador da prova ou utilizar livros, notas, pap\u00e9is ou impressos durante a aplica\u00e7\u00e3o do exame. Tamb\u00e9m n\u00e3o pode registrar ou divulgar, por imagem ou som, a realiza\u00e7\u00e3o da prova ou qualquer material utilizado no exame.<\/p>\n<p>Sair da sala de provas a partir das 13h sem o acompanhamento de um fiscal ou ir embora do local antes de ter passado duas horas do in\u00edcio das provas tamb\u00e9m podem eliminar o candidato. O mesmo vale para quem iniciar as provas antes das 13h30 ou da autoriza\u00e7\u00e3o do aplicador.<\/p>\n<p>Ao ingressar na sala de provas, o candidato dever\u00e1 guardar no envelope porta-objetos todos os seus pertences, como \u00f3culos escuros, chap\u00e9u, caneta de material n\u00e3o transparente, l\u00e1pis, lapiseira, borrachas, r\u00e9guas, corretivos, livros, chaves e qualquer equipamento eletr\u00f4nico (que dever\u00e1 estar desligado). Quem n\u00e3o seguir essa regra tamb\u00e9m pode ser eliminado da prova. Se o aparelho eletr\u00f4nico, ainda que dentro do envelope porta-objetos, emitir qualquer tipo de som, como toque ou alarme, o participante ser\u00e1 eliminado.<\/p>\n<p>No dia da prova, os candidatos ser\u00e3o submetidos \u00e0 revista eletr\u00f4nica e os objetos e lanches tamb\u00e9m ser\u00e3o vistoriados. A recusa sem justificativas dessas vistorias pode ser motivo de elimina\u00e7\u00e3o. Tamb\u00e9m \u00e9 preciso prestar aten\u00e7\u00e3o aos documentos exigidos, pois a perman\u00eancia no local de prova sem documento de identifica\u00e7\u00e3o v\u00e1lido pode eliminar o candidato.<\/p>\n<p>No primeiro dia de prova, os participantes fazem as quest\u00f5es de Linguagens e C\u00f3digos, Ci\u00eancias Humanas e reda\u00e7\u00e3o. No segundo dia, de Ci\u00eancias da Natureza e Matem\u00e1tica.<\/p>\n<p>Nos dois dias, a abertura dos port\u00f5es ser\u00e1 \u00e0s 12h e o fechamento \u00e0s 13h, pelo hor\u00e1rio de Bras\u00edlia. O in\u00edcio da prova est\u00e1 marcado para as 13h30 nos dois dias de prova, mas o hor\u00e1rio de t\u00e9rmino \u00e9 diferente: no dia 5 de novembro, as provas terminam \u00e0s 19h e no dia 12 de novembro, \u00e0s 18h30.<\/p>\n","protected":false},"excerpt":{"rendered":"<p>Para ter sucesso na realiza\u00e7\u00e3o das provas do Exame Nacional do Ensino M\u00e9dio (Enem) \u00e9 preciso, al\u00e9m de estudo, prestar aten\u00e7\u00e3o \u00e0s exig\u00eancias e proibi\u00e7\u00f5es estabelecidas pelo edital para n\u00e3o correr o risco de ser eliminado no dia da prova. O Instituto Nacional de Estudos e Pesquisas Educacionais An\u00edsio Teixeira (Inep) estabelece todos os anos [&hellip;]<\/p>\n","protected":false},"author":2,"featured_media":302826,"comment_status":"closed","ping_status":"closed","sticky":false,"template":"","format":"standard","meta":{"_acf_changed":false,"footnotes":""},"categories":[161],"tags":[],"class_list":["post-314359","post","type-post","status-publish","format-standard","has-post-thumbnail","hentry","category-quadradinho-em-foco"],"acf":[],"yoast_head":"<!-- This site is optimized with the Yoast SEO plugin v27.2 - https:\/\/yoast.com\/product\/yoast-seo-wordpress\/ -->\n<title>Saiba o que pode eliminar o candidato nas provas do Enem - Notibras<\/title>\n<meta name=\"robots\" content=\"index, follow, max-snippet:-1, max-image-preview:large, max-video-preview:-1\" \/>\n<link rel=\"canonical\" href=\"https:\/\/www.notibras.com\/site\/saiba-o-que-pode-eliminar-o-candidato-nas-provas-do-enem\/\" \/>\n<meta property=\"og:locale\" content=\"pt_BR\" \/>\n<meta property=\"og:type\" content=\"article\" \/>\n<meta property=\"og:title\" content=\"Saiba o que pode eliminar o candidato nas provas do Enem - Notibras\" \/>\n<meta property=\"og:description\" content=\"Para ter sucesso na realiza\u00e7\u00e3o das provas do Exame Nacional do Ensino M\u00e9dio (Enem) \u00e9 preciso, al\u00e9m de estudo, prestar aten\u00e7\u00e3o \u00e0s exig\u00eancias e proibi\u00e7\u00f5es estabelecidas pelo edital para n\u00e3o correr o risco de ser eliminado no dia da prova. O Instituto Nacional de Estudos e Pesquisas Educacionais An\u00edsio Teixeira (Inep) estabelece todos os anos [&hellip;]\" \/>\n<meta property=\"og:url\" content=\"https:\/\/www.notibras.com\/site\/saiba-o-que-pode-eliminar-o-candidato-nas-provas-do-enem\/\" \/>\n<meta property=\"og:site_name\" content=\"Notibras\" \/>\n<meta property=\"article:publisher\" content=\"https:\/\/www.facebook.com\/notibras\/\" \/>\n<meta property=\"article:published_time\" content=\"2023-10-09T03:56:19+00:00\" \/>\n<meta property=\"article:modified_time\" content=\"2023-10-09T11:55:47+00:00\" \/>\n<meta property=\"og:image\" content=\"https:\/\/www.notibras.com\/site\/wp-content\/uploads\/2023\/04\/vac_abr_enem_20221120_0194.jpg\" \/>\n\t<meta property=\"og:image:width\" content=\"1170\" \/>\n\t<meta property=\"og:image:height\" content=\"700\" \/>\n\t<meta property=\"og:image:type\" content=\"image\/jpeg\" \/>\n<meta name=\"author\" content=\"Reda\u00e7\u00e3o\" \/>\n<meta name=\"twitter:card\" content=\"summary_large_image\" \/>\n<meta name=\"twitter:creator\" content=\"@Notibras\" \/>\n<meta name=\"twitter:site\" content=\"@Notibras\" \/>\n<meta name=\"twitter:label1\" content=\"Escrito por\" \/>\n\t<meta name=\"twitter:data1\" content=\"Reda\u00e7\u00e3o\" \/>\n\t<meta name=\"twitter:label2\" content=\"Est. tempo de leitura\" \/>\n\t<meta name=\"twitter:data2\" content=\"3 minutos\" \/>\n<script type=\"application\/ld+json\" class=\"yoast-schema-graph\">{\"@context\":\"https:\/\/schema.org\",\"@graph\":[{\"@type\":\"Article\",\"@id\":\"https:\/\/www.notibras.com\/site\/saiba-o-que-pode-eliminar-o-candidato-nas-provas-do-enem\/#article\",\"isPartOf\":{\"@id\":\"https:\/\/www.notibras.com\/site\/saiba-o-que-pode-eliminar-o-candidato-nas-provas-do-enem\/\"},\"author\":{\"name\":\"Reda\u00e7\u00e3o\",\"@id\":\"https:\/\/www.notibras.com\/site\/#\/schema\/person\/36ab0979449956132d3e5b517ea76ac8\"},\"headline\":\"Saiba o que pode eliminar o candidato nas provas do Enem\",\"datePublished\":\"2023-10-09T03:56:19+00:00\",\"dateModified\":\"2023-10-09T11:55:47+00:00\",\"mainEntityOfPage\":{\"@id\":\"https:\/\/www.notibras.com\/site\/saiba-o-que-pode-eliminar-o-candidato-nas-provas-do-enem\/\"},\"wordCount\":473,\"publisher\":{\"@id\":\"https:\/\/www.notibras.com\/site\/#organization\"},\"image\":{\"@id\":\"https:\/\/www.notibras.com\/site\/saiba-o-que-pode-eliminar-o-candidato-nas-provas-do-enem\/#primaryimage\"},\"thumbnailUrl\":\"https:\/\/www.notibras.com\/site\/wp-content\/uploads\/2023\/04\/vac_abr_enem_20221120_0194.jpg\",\"articleSection\":[\"Quadradinho em Foco\"],\"inLanguage\":\"pt-BR\"},{\"@type\":\"WebPage\",\"@id\":\"https:\/\/www.notibras.com\/site\/saiba-o-que-pode-eliminar-o-candidato-nas-provas-do-enem\/\",\"url\":\"https:\/\/www.notibras.com\/site\/saiba-o-que-pode-eliminar-o-candidato-nas-provas-do-enem\/\",\"name\":\"Saiba o que pode eliminar o candidato nas provas do Enem - Notibras\",\"isPartOf\":{\"@id\":\"https:\/\/www.notibras.com\/site\/#website\"},\"primaryImageOfPage\":{\"@id\":\"https:\/\/www.notibras.com\/site\/saiba-o-que-pode-eliminar-o-candidato-nas-provas-do-enem\/#primaryimage\"},\"image\":{\"@id\":\"https:\/\/www.notibras.com\/site\/saiba-o-que-pode-eliminar-o-candidato-nas-provas-do-enem\/#primaryimage\"},\"thumbnailUrl\":\"https:\/\/www.notibras.com\/site\/wp-content\/uploads\/2023\/04\/vac_abr_enem_20221120_0194.jpg\",\"datePublished\":\"2023-10-09T03:56:19+00:00\",\"dateModified\":\"2023-10-09T11:55:47+00:00\",\"breadcrumb\":{\"@id\":\"https:\/\/www.notibras.com\/site\/saiba-o-que-pode-eliminar-o-candidato-nas-provas-do-enem\/#breadcrumb\"},\"inLanguage\":\"pt-BR\",\"potentialAction\":[{\"@type\":\"ReadAction\",\"target\":[\"https:\/\/www.notibras.com\/site\/saiba-o-que-pode-eliminar-o-candidato-nas-provas-do-enem\/\"]}]},{\"@type\":\"ImageObject\",\"inLanguage\":\"pt-BR\",\"@id\":\"https:\/\/www.notibras.com\/site\/saiba-o-que-pode-eliminar-o-candidato-nas-provas-do-enem\/#primaryimage\",\"url\":\"https:\/\/www.notibras.com\/site\/wp-content\/uploads\/2023\/04\/vac_abr_enem_20221120_0194.jpg\",\"contentUrl\":\"https:\/\/www.notibras.com\/site\/wp-content\/uploads\/2023\/04\/vac_abr_enem_20221120_0194.jpg\",\"width\":1170,\"height\":700,\"caption\":\"Abertura dos port\u00f5es, segunda etapa do Exame Nacional do Ensino M\u00e9dio (Enem) 2022.\"},{\"@type\":\"BreadcrumbList\",\"@id\":\"https:\/\/www.notibras.com\/site\/saiba-o-que-pode-eliminar-o-candidato-nas-provas-do-enem\/#breadcrumb\",\"itemListElement\":[{\"@type\":\"ListItem\",\"position\":1,\"name\":\"In\u00edcio\",\"item\":\"https:\/\/www.notibras.com\/site\/\"},{\"@type\":\"ListItem\",\"position\":2,\"name\":\"Saiba o que pode eliminar o candidato nas provas do Enem\"}]},{\"@type\":\"WebSite\",\"@id\":\"https:\/\/www.notibras.com\/site\/#website\",\"url\":\"https:\/\/www.notibras.com\/site\/\",\"name\":\"Notibras\",\"description\":\"Not\u00edcias de Bras\u00edlia, do Brasil e do Mundo\",\"publisher\":{\"@id\":\"https:\/\/www.notibras.com\/site\/#organization\"},\"potentialAction\":[{\"@type\":\"SearchAction\",\"target\":{\"@type\":\"EntryPoint\",\"urlTemplate\":\"https:\/\/www.notibras.com\/site\/?s={search_term_string}\"},\"query-input\":{\"@type\":\"PropertyValueSpecification\",\"valueRequired\":true,\"valueName\":\"search_term_string\"}}],\"inLanguage\":\"pt-BR\"},{\"@type\":\"Organization\",\"@id\":\"https:\/\/www.notibras.com\/site\/#organization\",\"name\":\"Grupo Notibras de Comunica\u00e7\u00e3o\",\"url\":\"https:\/\/www.notibras.com\/site\/\",\"logo\":{\"@type\":\"ImageObject\",\"inLanguage\":\"pt-BR\",\"@id\":\"https:\/\/www.notibras.com\/site\/#\/schema\/logo\/image\/\",\"url\":\"https:\/\/www.notibras.com\/site\/wp-content\/uploads\/2023\/01\/notibras23.png\",\"contentUrl\":\"https:\/\/www.notibras.com\/site\/wp-content\/uploads\/2023\/01\/notibras23.png\",\"width\":350,\"height\":87,\"caption\":\"Grupo Notibras de Comunica\u00e7\u00e3o\"},\"image\":{\"@id\":\"https:\/\/www.notibras.com\/site\/#\/schema\/logo\/image\/\"},\"sameAs\":[\"https:\/\/www.facebook.com\/notibras\/\",\"https:\/\/x.com\/Notibras\",\"https:\/\/www.instagram.com\/notibras\/\"]},{\"@type\":\"Person\",\"@id\":\"https:\/\/www.notibras.com\/site\/#\/schema\/person\/36ab0979449956132d3e5b517ea76ac8\",\"name\":\"Reda\u00e7\u00e3o\",\"image\":{\"@type\":\"ImageObject\",\"inLanguage\":\"pt-BR\",\"@id\":\"https:\/\/secure.gravatar.com\/avatar\/e0a867bdedb85fd243eadf09663511f96fc81e0720a4a42581f334ad4303aa6b?s=96&d=mm&r=g\",\"url\":\"https:\/\/secure.gravatar.com\/avatar\/e0a867bdedb85fd243eadf09663511f96fc81e0720a4a42581f334ad4303aa6b?s=96&d=mm&r=g\",\"contentUrl\":\"https:\/\/secure.gravatar.com\/avatar\/e0a867bdedb85fd243eadf09663511f96fc81e0720a4a42581f334ad4303aa6b?s=96&d=mm&r=g\",\"caption\":\"Reda\u00e7\u00e3o\"}}]}<\/script>\n<!-- \/ Yoast SEO plugin. -->","yoast_head_json":{"title":"Saiba o que pode eliminar o candidato nas provas do Enem - Notibras","robots":{"index":"index","follow":"follow","max-snippet":"max-snippet:-1","max-image-preview":"max-image-preview:large","max-video-preview":"max-video-preview:-1"},"canonical":"https:\/\/www.notibras.com\/site\/saiba-o-que-pode-eliminar-o-candidato-nas-provas-do-enem\/","og_locale":"pt_BR","og_type":"article","og_title":"Saiba o que pode eliminar o candidato nas provas do Enem - Notibras","og_description":"Para ter sucesso na realiza\u00e7\u00e3o das provas do Exame Nacional do Ensino M\u00e9dio (Enem) \u00e9 preciso, al\u00e9m de estudo, prestar aten\u00e7\u00e3o \u00e0s exig\u00eancias e proibi\u00e7\u00f5es estabelecidas pelo edital para n\u00e3o correr o risco de ser eliminado no dia da prova. O Instituto Nacional de Estudos e Pesquisas Educacionais An\u00edsio Teixeira (Inep) estabelece todos os anos [&hellip;]","og_url":"https:\/\/www.notibras.com\/site\/saiba-o-que-pode-eliminar-o-candidato-nas-provas-do-enem\/","og_site_name":"Notibras","article_publisher":"https:\/\/www.facebook.com\/notibras\/","article_published_time":"2023-10-09T03:56:19+00:00","article_modified_time":"2023-10-09T11:55:47+00:00","og_image":[{"width":1170,"height":700,"url":"https:\/\/www.notibras.com\/site\/wp-content\/uploads\/2023\/04\/vac_abr_enem_20221120_0194.jpg","type":"image\/jpeg"}],"author":"Reda\u00e7\u00e3o","twitter_card":"summary_large_image","twitter_creator":"@Notibras","twitter_site":"@Notibras","twitter_misc":{"Escrito por":"Reda\u00e7\u00e3o","Est. tempo de leitura":"3 minutos"},"schema":{"@context":"https:\/\/schema.org","@graph":[{"@type":"Article","@id":"https:\/\/www.notibras.com\/site\/saiba-o-que-pode-eliminar-o-candidato-nas-provas-do-enem\/#article","isPartOf":{"@id":"https:\/\/www.notibras.com\/site\/saiba-o-que-pode-eliminar-o-candidato-nas-provas-do-enem\/"},"author":{"name":"Reda\u00e7\u00e3o","@id":"https:\/\/www.notibras.com\/site\/#\/schema\/person\/36ab0979449956132d3e5b517ea76ac8"},"headline":"Saiba o que pode eliminar o candidato nas provas do Enem","datePublished":"2023-10-09T03:56:19+00:00","dateModified":"2023-10-09T11:55:47+00:00","mainEntityOfPage":{"@id":"https:\/\/www.notibras.com\/site\/saiba-o-que-pode-eliminar-o-candidato-nas-provas-do-enem\/"},"wordCount":473,"publisher":{"@id":"https:\/\/www.notibras.com\/site\/#organization"},"image":{"@id":"https:\/\/www.notibras.com\/site\/saiba-o-que-pode-eliminar-o-candidato-nas-provas-do-enem\/#primaryimage"},"thumbnailUrl":"https:\/\/www.notibras.com\/site\/wp-content\/uploads\/2023\/04\/vac_abr_enem_20221120_0194.jpg","articleSection":["Quadradinho em Foco"],"inLanguage":"pt-BR"},{"@type":"WebPage","@id":"https:\/\/www.notibras.com\/site\/saiba-o-que-pode-eliminar-o-candidato-nas-provas-do-enem\/","url":"https:\/\/www.notibras.com\/site\/saiba-o-que-pode-eliminar-o-candidato-nas-provas-do-enem\/","name":"Saiba o que pode eliminar o candidato nas provas do Enem - Notibras","isPartOf":{"@id":"https:\/\/www.notibras.com\/site\/#website"},"primaryImageOfPage":{"@id":"https:\/\/www.notibras.com\/site\/saiba-o-que-pode-eliminar-o-candidato-nas-provas-do-enem\/#primaryimage"},"image":{"@id":"https:\/\/www.notibras.com\/site\/saiba-o-que-pode-eliminar-o-candidato-nas-provas-do-enem\/#primaryimage"},"thumbnailUrl":"https:\/\/www.notibras.com\/site\/wp-content\/uploads\/2023\/04\/vac_abr_enem_20221120_0194.jpg","datePublished":"2023-10-09T03:56:19+00:00","dateModified":"2023-10-09T11:55:47+00:00","breadcrumb":{"@id":"https:\/\/www.notibras.com\/site\/saiba-o-que-pode-eliminar-o-candidato-nas-provas-do-enem\/#breadcrumb"},"inLanguage":"pt-BR","potentialAction":[{"@type":"ReadAction","target":["https:\/\/www.notibras.com\/site\/saiba-o-que-pode-eliminar-o-candidato-nas-provas-do-enem\/"]}]},{"@type":"ImageObject","inLanguage":"pt-BR","@id":"https:\/\/www.notibras.com\/site\/saiba-o-que-pode-eliminar-o-candidato-nas-provas-do-enem\/#primaryimage","url":"https:\/\/www.notibras.com\/site\/wp-content\/uploads\/2023\/04\/vac_abr_enem_20221120_0194.jpg","contentUrl":"https:\/\/www.notibras.com\/site\/wp-content\/uploads\/2023\/04\/vac_abr_enem_20221120_0194.jpg","width":1170,"height":700,"caption":"Abertura dos port\u00f5es, segunda etapa do Exame Nacional do Ensino M\u00e9dio (Enem) 2022."},{"@type":"BreadcrumbList","@id":"https:\/\/www.notibras.com\/site\/saiba-o-que-pode-eliminar-o-candidato-nas-provas-do-enem\/#breadcrumb","itemListElement":[{"@type":"ListItem","position":1,"name":"In\u00edcio","item":"https:\/\/www.notibras.com\/site\/"},{"@type":"ListItem","position":2,"name":"Saiba o que pode eliminar o candidato nas provas do Enem"}]},{"@type":"WebSite","@id":"https:\/\/www.notibras.com\/site\/#website","url":"https:\/\/www.notibras.com\/site\/","name":"Notibras","description":"Not\u00edcias de Bras\u00edlia, do Brasil e do Mundo","publisher":{"@id":"https:\/\/www.notibras.com\/site\/#organization"},"potentialAction":[{"@type":"SearchAction","target":{"@type":"EntryPoint","urlTemplate":"https:\/\/www.notibras.com\/site\/?s={search_term_string}"},"query-input":{"@type":"PropertyValueSpecification","valueRequired":true,"valueName":"search_term_string"}}],"inLanguage":"pt-BR"},{"@type":"Organization","@id":"https:\/\/www.notibras.com\/site\/#organization","name":"Grupo Notibras de Comunica\u00e7\u00e3o","url":"https:\/\/www.notibras.com\/site\/","logo":{"@type":"ImageObject","inLanguage":"pt-BR","@id":"https:\/\/www.notibras.com\/site\/#\/schema\/logo\/image\/","url":"https:\/\/www.notibras.com\/site\/wp-content\/uploads\/2023\/01\/notibras23.png","contentUrl":"https:\/\/www.notibras.com\/site\/wp-content\/uploads\/2023\/01\/notibras23.png","width":350,"height":87,"caption":"Grupo Notibras de Comunica\u00e7\u00e3o"},"image":{"@id":"https:\/\/www.notibras.com\/site\/#\/schema\/logo\/image\/"},"sameAs":["https:\/\/www.facebook.com\/notibras\/","https:\/\/x.com\/Notibras","https:\/\/www.instagram.com\/notibras\/"]},{"@type":"Person","@id":"https:\/\/www.notibras.com\/site\/#\/schema\/person\/36ab0979449956132d3e5b517ea76ac8","name":"Reda\u00e7\u00e3o","image":{"@type":"ImageObject","inLanguage":"pt-BR","@id":"https:\/\/secure.gravatar.com\/avatar\/e0a867bdedb85fd243eadf09663511f96fc81e0720a4a42581f334ad4303aa6b?s=96&d=mm&r=g","url":"https:\/\/secure.gravatar.com\/avatar\/e0a867bdedb85fd243eadf09663511f96fc81e0720a4a42581f334ad4303aa6b?s=96&d=mm&r=g","contentUrl":"https:\/\/secure.gravatar.com\/avatar\/e0a867bdedb85fd243eadf09663511f96fc81e0720a4a42581f334ad4303aa6b?s=96&d=mm&r=g","caption":"Reda\u00e7\u00e3o"}}]}},"amp_enabled":true,"_links":{"self":[{"href":"https:\/\/www.notibras.com\/site\/wp-json\/wp\/v2\/posts\/314359","targetHints":{"allow":["GET"]}}],"collection":[{"href":"https:\/\/www.notibras.com\/site\/wp-json\/wp\/v2\/posts"}],"about":[{"href":"https:\/\/www.notibras.com\/site\/wp-json\/wp\/v2\/types\/post"}],"author":[{"embeddable":true,"href":"https:\/\/www.notibras.com\/site\/wp-json\/wp\/v2\/users\/2"}],"replies":[{"embeddable":true,"href":"https:\/\/www.notibras.com\/site\/wp-json\/wp\/v2\/comments?post=314359"}],"version-history":[{"count":1,"href":"https:\/\/www.notibras.com\/site\/wp-json\/wp\/v2\/posts\/314359\/revisions"}],"predecessor-version":[{"id":314360,"href":"https:\/\/www.notibras.com\/site\/wp-json\/wp\/v2\/posts\/314359\/revisions\/314360"}],"wp:featuredmedia":[{"embeddable":true,"href":"https:\/\/www.notibras.com\/site\/wp-json\/wp\/v2\/media\/302826"}],"wp:attachment":[{"href":"https:\/\/www.notibras.com\/site\/wp-json\/wp\/v2\/media?parent=314359"}],"wp:term":[{"taxonomy":"category","embeddable":true,"href":"https:\/\/www.notibras.com\/site\/wp-json\/wp\/v2\/categories?post=314359"},{"taxonomy":"post_tag","embeddable":true,"href":"https:\/\/www.notibras.com\/site\/wp-json\/wp\/v2\/tags?post=314359"}],"curies":[{"name":"wp","href":"https:\/\/api.w.org\/{rel}","templated":true}]}}