{"id":314361,"date":"2023-10-09T05:59:27","date_gmt":"2023-10-09T08:59:27","guid":{"rendered":"https:\/\/www.notibras.com\/site\/?p=314361"},"modified":"2023-10-09T09:02:09","modified_gmt":"2023-10-09T12:02:09","slug":"consumidor-ja-pode-renegociar-dividas-na-terceira-fase","status":"publish","type":"post","link":"https:\/\/www.notibras.com\/site\/consumidor-ja-pode-renegociar-dividas-na-terceira-fase\/","title":{"rendered":"Consumidor j\u00e1 pode renegociar d\u00edvidas na terceira fase"},"content":{"rendered":"<p>Ap\u00f3s renegociar quase R$ 16 bilh\u00f5es na primeira fase e leiloar R$ 126 bilh\u00f5es em descontos na segunda fase, o Desenrola, programa especial de renegocia\u00e7\u00e3o de d\u00edvidas de consumidores, inicia a terceira etapa. Nesta segunda-feira (9), entra no ar a plataforma online para o refinanciamento de d\u00edvidas banc\u00e1rias e de consumo de at\u00e9 R$ 5 mil para devedores que ganham at\u00e9 dois sal\u00e1rios m\u00ednimos.<\/p>\n<p>Desenvolvida pela B3, a bolsa de valores brasileira, a plataforma est\u00e1 dispon\u00edvel no site www.desenrola.gov.br. Para acess\u00e1-la, o consumidor precisa ter cadastro no Portal Gov.br, com conta n\u00edvel prata ou ouro e estar com os dados cadastrais atualizados. Em seguida, o devedor ter\u00e1 de escolher uma institui\u00e7\u00e3o financeira ou empresa inscrita no programa para fazer a renegocia\u00e7\u00e3o. Em seguida, bastar\u00e1 selecionar o n\u00famero de parcelas e efetuar o pagamento.<\/p>\n<p>A p\u00e1gina listar\u00e1 os credores que ofereceram os descontos por ordem de juros, do mais baixo para o mais alto. Na etapa de leil\u00f5es, 654 empresas apresentaram as propostas, com o desconto m\u00e9dio ficando em 83% do valor original da d\u00edvida. No entanto, em alguns casos, o abatimento superou esse valor, dependendo da atividade econ\u00f4mica.<\/p>\n<p>Os consumidores precisam ficar atentos. A portaria do Minist\u00e9rio da Fazenda que regulamentou o Desenrola d\u00e1 20 dias, a partir da abertura do programa, para que as pessoas pe\u00e7am a renegocia\u00e7\u00e3o de suas d\u00edvidas. Caso o devedor n\u00e3o renegocie nesse intervalo, a fila anda e a oportunidade passa a outras pessoas.<\/p>\n<p><strong>Portal Gov.br<\/strong><br \/>\nS\u00f3 pode consultar se o d\u00e9bito foi contemplado no programa e verificar o desconto oferecido quem tiver conta n\u00edvel ouro ou prata no Portal Gov.br, o portal \u00fanico de servi\u00e7os p\u00fablicos do governo federal. O login \u00fanico tamb\u00e9m \u00e9 necess\u00e1rio para formalizar a renegocia\u00e7\u00e3o.<\/p>\n<p>As d\u00edvidas podem ser pagas \u00e0 vista ou em at\u00e9 60 meses, com juros de at\u00e9 1,99% ao m\u00eas. Os consumidores com d\u00e9bitos n\u00e3o selecionados no leil\u00e3o podem conseguir o desconto oferecido pelo credor, desde que paguem \u00e0 vista<\/p>\n<p><strong>Leil\u00f5es<\/strong><br \/>\nOs leil\u00f5es da segunda fase do Desenrola ocorreram de 25 a 27 de setembro. Ao todo, 654 credores disputaram os descontos no sistema desenvolvido pela B3, a bolsa de valores brasileira. Foram ofertados descontos de R$ 59 bilh\u00f5es para d\u00edvidas at\u00e9 R$ 5 mil e R$ 68 bilh\u00f5es para d\u00edvidas entre R$ 5 mil e R$ 20 mil. O lote que ofereceu o maior valor de desconto m\u00e9dio (96%) foi o de d\u00edvidas com empresas de cart\u00e3o de cr\u00e9dito.<\/p>\n<p>As empresas que propuseram os maiores descontos foram contempladas com recursos do Fundo de Garantia de Opera\u00e7\u00f5es (FGO). Com R$ 8 bilh\u00f5es do Or\u00e7amento da Uni\u00e3o, o fundo cobrir\u00e1 eventuais calotes de quem aderir \u00e0s renegocia\u00e7\u00f5es e voltar a ficar inadimplente. Isso permitiu \u00e0s empresas concederem abatimentos maiores aos consumidores. O credor que n\u00e3o conseguir recursos do FGO poder\u00e1 participar do Desenrola, mas n\u00e3o receber\u00e1 ajuda do Tesouro.<\/p>\n<p><strong>Setores<\/strong><br \/>\nAs empresas credoras est\u00e3o agrupadas em nove setores: servi\u00e7os financeiros; securitizadoras; varejo; energia; telecomunica\u00e7\u00f5es; \u00e1gua e saneamento; educa\u00e7\u00e3o; micro e pequena empresa, educa\u00e7\u00e3o. Destinadas \u00e0 Faixa 1 do programa, a segunda e a terceira etapas do Desenrola pretendem beneficiar at\u00e9 32,5 milh\u00f5es de consumidores com o nome negativado e que ganhem at\u00e9 dois sal\u00e1rios m\u00ednimos.<\/p>\n<p>Em tese, s\u00f3 poder\u00e3o ser renegociadas d\u00edvidas de at\u00e9 R$ 5 mil, que representam 98% dos contratos na plataforma e somam R$ 78,9 bilh\u00f5es. No entanto, caso n\u00e3o haja ades\u00e3o suficiente, o limite de d\u00e9bitos individuais sobe para R$ 20 mil, que somam R$ 161,3 bilh\u00f5es em valores cadastrados pelos credores na plataforma.<\/p>\n<p>A formaliza\u00e7\u00e3o das renegocia\u00e7\u00f5es pelos consumidores s\u00f3 foi poss\u00edvel porque o Senado aprovou, no \u00faltimo dia do prazo, o projeto de lei do Programa Desenrola. Se a medida provis\u00f3ria do programa, incorporada a um projeto durante a tramita\u00e7\u00e3o na C\u00e2mara dos Deputados, n\u00e3o fosse aprovada at\u00e9 2 de outubro, o Desenrola perderia a validade.<\/p>\n<p><strong>Primeira etapa<\/strong><br \/>\nAberta em julho, a primeira etapa do Desenrola, destinada \u00e0 Faixa 2, renegociou R$ 15,8 bilh\u00f5es de 2,22 milh\u00f5es de contratos at\u00e9 o fim de setembro. Segundo a Federa\u00e7\u00e3o Brasileira de Bancos (Febraban), isso equivale a 1,79 milh\u00e3o de clientes, j\u00e1 que um correntista pode ter mais de uma d\u00edvida.<\/p>\n<p>Al\u00e9m disso, 6 milh\u00f5es de pessoas que tinham d\u00e9bitos de at\u00e9 R$ 100 tiveram o nome limpo. Nesse caso, as d\u00edvidas n\u00e3o foram extintas e continuam a ser corrigidas, mas os bancos retiraram as restri\u00e7\u00f5es para o devedor, como assinar contratos de aluguel, contratar novas opera\u00e7\u00f5es de cr\u00e9dito e parcelar compras em credi\u00e1rio. A desnegativa\u00e7\u00e3o dos nomes para d\u00edvidas nessa faixa de valor era condi\u00e7\u00e3o necess\u00e1ria para os bancos aderirem ao Desenrola.<\/p>\n<p>Diferentemente da segunda fase, a primeira etapa renegocia apenas d\u00e9bitos com institui\u00e7\u00f5es financeiras. Podem participar correntistas que ganhem at\u00e9 R$ 20 mil por m\u00eas e tenham d\u00edvidas de qualquer valor, o que permite a renegocia\u00e7\u00e3o de d\u00e9bitos como financiamentos de ve\u00edculos e de im\u00f3veis. As renegocia\u00e7\u00f5es para a Faixa 2 devem ser pedidas nos canais de atendimento da institui\u00e7\u00e3o financeira, como aplicativo, sites e pontos f\u00edsicos de atendimento.<\/p>\n","protected":false},"excerpt":{"rendered":"<p>Ap\u00f3s renegociar quase R$ 16 bilh\u00f5es na primeira fase e leiloar R$ 126 bilh\u00f5es em descontos na segunda fase, o Desenrola, programa especial de renegocia\u00e7\u00e3o de d\u00edvidas de consumidores, inicia a terceira etapa. Nesta segunda-feira (9), entra no ar a plataforma online para o refinanciamento de d\u00edvidas banc\u00e1rias e de consumo de at\u00e9 R$ 5 [&hellip;]<\/p>\n","protected":false},"author":2,"featured_media":264487,"comment_status":"closed","ping_status":"closed","sticky":false,"template":"","format":"standard","meta":{"_acf_changed":false,"footnotes":""},"categories":[161],"tags":[],"class_list":["post-314361","post","type-post","status-publish","format-standard","has-post-thumbnail","hentry","category-quadradinho-em-foco"],"acf":[],"yoast_head":"<!-- This site is optimized with the Yoast SEO plugin v27.2 - https:\/\/yoast.com\/product\/yoast-seo-wordpress\/ -->\n<title>Consumidor j\u00e1 pode renegociar d\u00edvidas na terceira fase - Notibras<\/title>\n<meta name=\"robots\" content=\"index, follow, max-snippet:-1, max-image-preview:large, max-video-preview:-1\" \/>\n<link rel=\"canonical\" href=\"https:\/\/www.notibras.com\/site\/consumidor-ja-pode-renegociar-dividas-na-terceira-fase\/\" \/>\n<meta property=\"og:locale\" content=\"pt_BR\" \/>\n<meta property=\"og:type\" content=\"article\" \/>\n<meta property=\"og:title\" content=\"Consumidor j\u00e1 pode renegociar d\u00edvidas na terceira fase - Notibras\" \/>\n<meta property=\"og:description\" content=\"Ap\u00f3s renegociar quase R$ 16 bilh\u00f5es na primeira fase e leiloar R$ 126 bilh\u00f5es em descontos na segunda fase, o Desenrola, programa especial de renegocia\u00e7\u00e3o de d\u00edvidas de consumidores, inicia a terceira etapa. Nesta segunda-feira (9), entra no ar a plataforma online para o refinanciamento de d\u00edvidas banc\u00e1rias e de consumo de at\u00e9 R$ 5 [&hellip;]\" \/>\n<meta property=\"og:url\" content=\"https:\/\/www.notibras.com\/site\/consumidor-ja-pode-renegociar-dividas-na-terceira-fase\/\" \/>\n<meta property=\"og:site_name\" content=\"Notibras\" \/>\n<meta property=\"article:publisher\" content=\"https:\/\/www.facebook.com\/notibras\/\" \/>\n<meta property=\"article:published_time\" content=\"2023-10-09T08:59:27+00:00\" \/>\n<meta property=\"article:modified_time\" content=\"2023-10-09T12:02:09+00:00\" \/>\n<meta property=\"og:image\" content=\"https:\/\/www.notibras.com\/site\/wp-content\/uploads\/2021\/07\/pessoa-com-dividas.jpeg\" \/>\n\t<meta property=\"og:image:width\" content=\"804\" \/>\n\t<meta property=\"og:image:height\" content=\"452\" \/>\n\t<meta property=\"og:image:type\" content=\"image\/jpeg\" \/>\n<meta name=\"author\" content=\"Reda\u00e7\u00e3o\" \/>\n<meta name=\"twitter:card\" content=\"summary_large_image\" \/>\n<meta name=\"twitter:creator\" content=\"@Notibras\" \/>\n<meta name=\"twitter:site\" content=\"@Notibras\" \/>\n<meta name=\"twitter:label1\" content=\"Escrito por\" \/>\n\t<meta name=\"twitter:data1\" content=\"Reda\u00e7\u00e3o\" \/>\n\t<meta name=\"twitter:label2\" content=\"Est. tempo de leitura\" \/>\n\t<meta name=\"twitter:data2\" content=\"5 minutos\" \/>\n<script type=\"application\/ld+json\" class=\"yoast-schema-graph\">{\"@context\":\"https:\/\/schema.org\",\"@graph\":[{\"@type\":\"Article\",\"@id\":\"https:\/\/www.notibras.com\/site\/consumidor-ja-pode-renegociar-dividas-na-terceira-fase\/#article\",\"isPartOf\":{\"@id\":\"https:\/\/www.notibras.com\/site\/consumidor-ja-pode-renegociar-dividas-na-terceira-fase\/\"},\"author\":{\"name\":\"Reda\u00e7\u00e3o\",\"@id\":\"https:\/\/www.notibras.com\/site\/#\/schema\/person\/36ab0979449956132d3e5b517ea76ac8\"},\"headline\":\"Consumidor j\u00e1 pode renegociar d\u00edvidas na terceira fase\",\"datePublished\":\"2023-10-09T08:59:27+00:00\",\"dateModified\":\"2023-10-09T12:02:09+00:00\",\"mainEntityOfPage\":{\"@id\":\"https:\/\/www.notibras.com\/site\/consumidor-ja-pode-renegociar-dividas-na-terceira-fase\/\"},\"wordCount\":907,\"publisher\":{\"@id\":\"https:\/\/www.notibras.com\/site\/#organization\"},\"image\":{\"@id\":\"https:\/\/www.notibras.com\/site\/consumidor-ja-pode-renegociar-dividas-na-terceira-fase\/#primaryimage\"},\"thumbnailUrl\":\"https:\/\/www.notibras.com\/site\/wp-content\/uploads\/2021\/07\/pessoa-com-dividas.jpeg\",\"articleSection\":[\"Quadradinho em Foco\"],\"inLanguage\":\"pt-BR\"},{\"@type\":\"WebPage\",\"@id\":\"https:\/\/www.notibras.com\/site\/consumidor-ja-pode-renegociar-dividas-na-terceira-fase\/\",\"url\":\"https:\/\/www.notibras.com\/site\/consumidor-ja-pode-renegociar-dividas-na-terceira-fase\/\",\"name\":\"Consumidor j\u00e1 pode renegociar d\u00edvidas na terceira fase - Notibras\",\"isPartOf\":{\"@id\":\"https:\/\/www.notibras.com\/site\/#website\"},\"primaryImageOfPage\":{\"@id\":\"https:\/\/www.notibras.com\/site\/consumidor-ja-pode-renegociar-dividas-na-terceira-fase\/#primaryimage\"},\"image\":{\"@id\":\"https:\/\/www.notibras.com\/site\/consumidor-ja-pode-renegociar-dividas-na-terceira-fase\/#primaryimage\"},\"thumbnailUrl\":\"https:\/\/www.notibras.com\/site\/wp-content\/uploads\/2021\/07\/pessoa-com-dividas.jpeg\",\"datePublished\":\"2023-10-09T08:59:27+00:00\",\"dateModified\":\"2023-10-09T12:02:09+00:00\",\"breadcrumb\":{\"@id\":\"https:\/\/www.notibras.com\/site\/consumidor-ja-pode-renegociar-dividas-na-terceira-fase\/#breadcrumb\"},\"inLanguage\":\"pt-BR\",\"potentialAction\":[{\"@type\":\"ReadAction\",\"target\":[\"https:\/\/www.notibras.com\/site\/consumidor-ja-pode-renegociar-dividas-na-terceira-fase\/\"]}]},{\"@type\":\"ImageObject\",\"inLanguage\":\"pt-BR\",\"@id\":\"https:\/\/www.notibras.com\/site\/consumidor-ja-pode-renegociar-dividas-na-terceira-fase\/#primaryimage\",\"url\":\"https:\/\/www.notibras.com\/site\/wp-content\/uploads\/2021\/07\/pessoa-com-dividas.jpeg\",\"contentUrl\":\"https:\/\/www.notibras.com\/site\/wp-content\/uploads\/2021\/07\/pessoa-com-dividas.jpeg\",\"width\":804,\"height\":452},{\"@type\":\"BreadcrumbList\",\"@id\":\"https:\/\/www.notibras.com\/site\/consumidor-ja-pode-renegociar-dividas-na-terceira-fase\/#breadcrumb\",\"itemListElement\":[{\"@type\":\"ListItem\",\"position\":1,\"name\":\"In\u00edcio\",\"item\":\"https:\/\/www.notibras.com\/site\/\"},{\"@type\":\"ListItem\",\"position\":2,\"name\":\"Consumidor j\u00e1 pode renegociar d\u00edvidas na terceira fase\"}]},{\"@type\":\"WebSite\",\"@id\":\"https:\/\/www.notibras.com\/site\/#website\",\"url\":\"https:\/\/www.notibras.com\/site\/\",\"name\":\"Notibras\",\"description\":\"Not\u00edcias de Bras\u00edlia, do Brasil e do Mundo\",\"publisher\":{\"@id\":\"https:\/\/www.notibras.com\/site\/#organization\"},\"potentialAction\":[{\"@type\":\"SearchAction\",\"target\":{\"@type\":\"EntryPoint\",\"urlTemplate\":\"https:\/\/www.notibras.com\/site\/?s={search_term_string}\"},\"query-input\":{\"@type\":\"PropertyValueSpecification\",\"valueRequired\":true,\"valueName\":\"search_term_string\"}}],\"inLanguage\":\"pt-BR\"},{\"@type\":\"Organization\",\"@id\":\"https:\/\/www.notibras.com\/site\/#organization\",\"name\":\"Grupo Notibras de Comunica\u00e7\u00e3o\",\"url\":\"https:\/\/www.notibras.com\/site\/\",\"logo\":{\"@type\":\"ImageObject\",\"inLanguage\":\"pt-BR\",\"@id\":\"https:\/\/www.notibras.com\/site\/#\/schema\/logo\/image\/\",\"url\":\"https:\/\/www.notibras.com\/site\/wp-content\/uploads\/2023\/01\/notibras23.png\",\"contentUrl\":\"https:\/\/www.notibras.com\/site\/wp-content\/uploads\/2023\/01\/notibras23.png\",\"width\":350,\"height\":87,\"caption\":\"Grupo Notibras de Comunica\u00e7\u00e3o\"},\"image\":{\"@id\":\"https:\/\/www.notibras.com\/site\/#\/schema\/logo\/image\/\"},\"sameAs\":[\"https:\/\/www.facebook.com\/notibras\/\",\"https:\/\/x.com\/Notibras\",\"https:\/\/www.instagram.com\/notibras\/\"]},{\"@type\":\"Person\",\"@id\":\"https:\/\/www.notibras.com\/site\/#\/schema\/person\/36ab0979449956132d3e5b517ea76ac8\",\"name\":\"Reda\u00e7\u00e3o\",\"image\":{\"@type\":\"ImageObject\",\"inLanguage\":\"pt-BR\",\"@id\":\"https:\/\/secure.gravatar.com\/avatar\/e0a867bdedb85fd243eadf09663511f96fc81e0720a4a42581f334ad4303aa6b?s=96&d=mm&r=g\",\"url\":\"https:\/\/secure.gravatar.com\/avatar\/e0a867bdedb85fd243eadf09663511f96fc81e0720a4a42581f334ad4303aa6b?s=96&d=mm&r=g\",\"contentUrl\":\"https:\/\/secure.gravatar.com\/avatar\/e0a867bdedb85fd243eadf09663511f96fc81e0720a4a42581f334ad4303aa6b?s=96&d=mm&r=g\",\"caption\":\"Reda\u00e7\u00e3o\"}}]}<\/script>\n<!-- \/ Yoast SEO plugin. -->","yoast_head_json":{"title":"Consumidor j\u00e1 pode renegociar d\u00edvidas na terceira fase - Notibras","robots":{"index":"index","follow":"follow","max-snippet":"max-snippet:-1","max-image-preview":"max-image-preview:large","max-video-preview":"max-video-preview:-1"},"canonical":"https:\/\/www.notibras.com\/site\/consumidor-ja-pode-renegociar-dividas-na-terceira-fase\/","og_locale":"pt_BR","og_type":"article","og_title":"Consumidor j\u00e1 pode renegociar d\u00edvidas na terceira fase - Notibras","og_description":"Ap\u00f3s renegociar quase R$ 16 bilh\u00f5es na primeira fase e leiloar R$ 126 bilh\u00f5es em descontos na segunda fase, o Desenrola, programa especial de renegocia\u00e7\u00e3o de d\u00edvidas de consumidores, inicia a terceira etapa. Nesta segunda-feira (9), entra no ar a plataforma online para o refinanciamento de d\u00edvidas banc\u00e1rias e de consumo de at\u00e9 R$ 5 [&hellip;]","og_url":"https:\/\/www.notibras.com\/site\/consumidor-ja-pode-renegociar-dividas-na-terceira-fase\/","og_site_name":"Notibras","article_publisher":"https:\/\/www.facebook.com\/notibras\/","article_published_time":"2023-10-09T08:59:27+00:00","article_modified_time":"2023-10-09T12:02:09+00:00","og_image":[{"width":804,"height":452,"url":"https:\/\/www.notibras.com\/site\/wp-content\/uploads\/2021\/07\/pessoa-com-dividas.jpeg","type":"image\/jpeg"}],"author":"Reda\u00e7\u00e3o","twitter_card":"summary_large_image","twitter_creator":"@Notibras","twitter_site":"@Notibras","twitter_misc":{"Escrito por":"Reda\u00e7\u00e3o","Est. tempo de leitura":"5 minutos"},"schema":{"@context":"https:\/\/schema.org","@graph":[{"@type":"Article","@id":"https:\/\/www.notibras.com\/site\/consumidor-ja-pode-renegociar-dividas-na-terceira-fase\/#article","isPartOf":{"@id":"https:\/\/www.notibras.com\/site\/consumidor-ja-pode-renegociar-dividas-na-terceira-fase\/"},"author":{"name":"Reda\u00e7\u00e3o","@id":"https:\/\/www.notibras.com\/site\/#\/schema\/person\/36ab0979449956132d3e5b517ea76ac8"},"headline":"Consumidor j\u00e1 pode renegociar d\u00edvidas na terceira fase","datePublished":"2023-10-09T08:59:27+00:00","dateModified":"2023-10-09T12:02:09+00:00","mainEntityOfPage":{"@id":"https:\/\/www.notibras.com\/site\/consumidor-ja-pode-renegociar-dividas-na-terceira-fase\/"},"wordCount":907,"publisher":{"@id":"https:\/\/www.notibras.com\/site\/#organization"},"image":{"@id":"https:\/\/www.notibras.com\/site\/consumidor-ja-pode-renegociar-dividas-na-terceira-fase\/#primaryimage"},"thumbnailUrl":"https:\/\/www.notibras.com\/site\/wp-content\/uploads\/2021\/07\/pessoa-com-dividas.jpeg","articleSection":["Quadradinho em Foco"],"inLanguage":"pt-BR"},{"@type":"WebPage","@id":"https:\/\/www.notibras.com\/site\/consumidor-ja-pode-renegociar-dividas-na-terceira-fase\/","url":"https:\/\/www.notibras.com\/site\/consumidor-ja-pode-renegociar-dividas-na-terceira-fase\/","name":"Consumidor j\u00e1 pode renegociar d\u00edvidas na terceira fase - Notibras","isPartOf":{"@id":"https:\/\/www.notibras.com\/site\/#website"},"primaryImageOfPage":{"@id":"https:\/\/www.notibras.com\/site\/consumidor-ja-pode-renegociar-dividas-na-terceira-fase\/#primaryimage"},"image":{"@id":"https:\/\/www.notibras.com\/site\/consumidor-ja-pode-renegociar-dividas-na-terceira-fase\/#primaryimage"},"thumbnailUrl":"https:\/\/www.notibras.com\/site\/wp-content\/uploads\/2021\/07\/pessoa-com-dividas.jpeg","datePublished":"2023-10-09T08:59:27+00:00","dateModified":"2023-10-09T12:02:09+00:00","breadcrumb":{"@id":"https:\/\/www.notibras.com\/site\/consumidor-ja-pode-renegociar-dividas-na-terceira-fase\/#breadcrumb"},"inLanguage":"pt-BR","potentialAction":[{"@type":"ReadAction","target":["https:\/\/www.notibras.com\/site\/consumidor-ja-pode-renegociar-dividas-na-terceira-fase\/"]}]},{"@type":"ImageObject","inLanguage":"pt-BR","@id":"https:\/\/www.notibras.com\/site\/consumidor-ja-pode-renegociar-dividas-na-terceira-fase\/#primaryimage","url":"https:\/\/www.notibras.com\/site\/wp-content\/uploads\/2021\/07\/pessoa-com-dividas.jpeg","contentUrl":"https:\/\/www.notibras.com\/site\/wp-content\/uploads\/2021\/07\/pessoa-com-dividas.jpeg","width":804,"height":452},{"@type":"BreadcrumbList","@id":"https:\/\/www.notibras.com\/site\/consumidor-ja-pode-renegociar-dividas-na-terceira-fase\/#breadcrumb","itemListElement":[{"@type":"ListItem","position":1,"name":"In\u00edcio","item":"https:\/\/www.notibras.com\/site\/"},{"@type":"ListItem","position":2,"name":"Consumidor j\u00e1 pode renegociar d\u00edvidas na terceira fase"}]},{"@type":"WebSite","@id":"https:\/\/www.notibras.com\/site\/#website","url":"https:\/\/www.notibras.com\/site\/","name":"Notibras","description":"Not\u00edcias de Bras\u00edlia, do Brasil e do Mundo","publisher":{"@id":"https:\/\/www.notibras.com\/site\/#organization"},"potentialAction":[{"@type":"SearchAction","target":{"@type":"EntryPoint","urlTemplate":"https:\/\/www.notibras.com\/site\/?s={search_term_string}"},"query-input":{"@type":"PropertyValueSpecification","valueRequired":true,"valueName":"search_term_string"}}],"inLanguage":"pt-BR"},{"@type":"Organization","@id":"https:\/\/www.notibras.com\/site\/#organization","name":"Grupo Notibras de Comunica\u00e7\u00e3o","url":"https:\/\/www.notibras.com\/site\/","logo":{"@type":"ImageObject","inLanguage":"pt-BR","@id":"https:\/\/www.notibras.com\/site\/#\/schema\/logo\/image\/","url":"https:\/\/www.notibras.com\/site\/wp-content\/uploads\/2023\/01\/notibras23.png","contentUrl":"https:\/\/www.notibras.com\/site\/wp-content\/uploads\/2023\/01\/notibras23.png","width":350,"height":87,"caption":"Grupo Notibras de Comunica\u00e7\u00e3o"},"image":{"@id":"https:\/\/www.notibras.com\/site\/#\/schema\/logo\/image\/"},"sameAs":["https:\/\/www.facebook.com\/notibras\/","https:\/\/x.com\/Notibras","https:\/\/www.instagram.com\/notibras\/"]},{"@type":"Person","@id":"https:\/\/www.notibras.com\/site\/#\/schema\/person\/36ab0979449956132d3e5b517ea76ac8","name":"Reda\u00e7\u00e3o","image":{"@type":"ImageObject","inLanguage":"pt-BR","@id":"https:\/\/secure.gravatar.com\/avatar\/e0a867bdedb85fd243eadf09663511f96fc81e0720a4a42581f334ad4303aa6b?s=96&d=mm&r=g","url":"https:\/\/secure.gravatar.com\/avatar\/e0a867bdedb85fd243eadf09663511f96fc81e0720a4a42581f334ad4303aa6b?s=96&d=mm&r=g","contentUrl":"https:\/\/secure.gravatar.com\/avatar\/e0a867bdedb85fd243eadf09663511f96fc81e0720a4a42581f334ad4303aa6b?s=96&d=mm&r=g","caption":"Reda\u00e7\u00e3o"}}]}},"amp_enabled":true,"_links":{"self":[{"href":"https:\/\/www.notibras.com\/site\/wp-json\/wp\/v2\/posts\/314361","targetHints":{"allow":["GET"]}}],"collection":[{"href":"https:\/\/www.notibras.com\/site\/wp-json\/wp\/v2\/posts"}],"about":[{"href":"https:\/\/www.notibras.com\/site\/wp-json\/wp\/v2\/types\/post"}],"author":[{"embeddable":true,"href":"https:\/\/www.notibras.com\/site\/wp-json\/wp\/v2\/users\/2"}],"replies":[{"embeddable":true,"href":"https:\/\/www.notibras.com\/site\/wp-json\/wp\/v2\/comments?post=314361"}],"version-history":[{"count":1,"href":"https:\/\/www.notibras.com\/site\/wp-json\/wp\/v2\/posts\/314361\/revisions"}],"predecessor-version":[{"id":314362,"href":"https:\/\/www.notibras.com\/site\/wp-json\/wp\/v2\/posts\/314361\/revisions\/314362"}],"wp:featuredmedia":[{"embeddable":true,"href":"https:\/\/www.notibras.com\/site\/wp-json\/wp\/v2\/media\/264487"}],"wp:attachment":[{"href":"https:\/\/www.notibras.com\/site\/wp-json\/wp\/v2\/media?parent=314361"}],"wp:term":[{"taxonomy":"category","embeddable":true,"href":"https:\/\/www.notibras.com\/site\/wp-json\/wp\/v2\/categories?post=314361"},{"taxonomy":"post_tag","embeddable":true,"href":"https:\/\/www.notibras.com\/site\/wp-json\/wp\/v2\/tags?post=314361"}],"curies":[{"name":"wp","href":"https:\/\/api.w.org\/{rel}","templated":true}]}}