{"id":314452,"date":"2023-10-10T00:00:16","date_gmt":"2023-10-10T03:00:16","guid":{"rendered":"https:\/\/www.notibras.com\/site\/?p=314452"},"modified":"2023-10-10T04:36:59","modified_gmt":"2023-10-10T07:36:59","slug":"bene-ganha-casa-nova-cuidados-e-carinho-no-zoologico","status":"publish","type":"post","link":"https:\/\/www.notibras.com\/site\/bene-ganha-casa-nova-cuidados-e-carinho-no-zoologico\/","title":{"rendered":"Ben\u00e9 ganha casa nova, cuidados e carinho no Zool\u00f3gico"},"content":{"rendered":"<p>Final feliz para a hist\u00f3ria de Ben\u00e9. Depois de perder o pai de forma misteriosa, o solit\u00e1rio ganso descoberto no Parque da Cidade est\u00e1 de casa nova. O bichinho foi levado para o Zool\u00f3gico de Bras\u00edlia. L\u00e1, sob os cuidados de uma equipe de veterin\u00e1rios, ele ser\u00e1 incentivado a socializar com outros animais da mesma esp\u00e9cie. E, quem sabe, at\u00e9 pode ganhar uma namorada.<\/p>\n<p>Ben\u00e9 e seu pai, Deryque, foram abandonados no Parque da Cidade em mar\u00e7o deste ano. Na \u00e9poca, o antigo dono dos gansos precisou vender a fazenda onde viviam, optando por deix\u00e1-los no lago de um dos mais tradicionais pontos tur\u00edsticos de Bras\u00edlia. Mas a dupla, j\u00e1 acostumada a conviver com seres humanos, n\u00e3o conseguiu fazer amizade com outros animais. Para piorar a situa\u00e7\u00e3o, Deryque sumiu h\u00e1 aproximadamente um m\u00eas.<\/p>\n<p>\u201cAl\u00e9m de estar bastante deprimido com a perda do pai, Ben\u00e9 ficava muito exposto aqui. N\u00e3o frequentava o lago e preferia ficar passeando pela pista de bicicleta. O risco de ser atropelado ou atacado por um c\u00e3o era grande\u201d, explicou o administrador do Parque da Cidade, Todi Moreno. \u201cOs veterin\u00e1rios avaliaram a situa\u00e7\u00e3o e decidiram que o ganso estar\u00e1 mais seguro no zoo, onde poder\u00e1 formar uma fam\u00edlia com outros da mesma esp\u00e9cie.\u201d<\/p>\n<p>A diretora de Aves do Zool\u00f3gico de Bras\u00edlia, Ana Cristina de Castro, afirmou que, de fato, o comportamento humanizado de Ben\u00e9 faz com que ele fique muito vulner\u00e1vel. \u201cA gente percebe que o animal busca seres humanos para receber afeto e comida\u201d, comentou. \u201cVamos coloc\u00e1-lo em um ambiente restrito e fazer a aproxima\u00e7\u00e3o com outros gansos aos poucos. Come\u00e7aremos com duas f\u00eameas, para que n\u00e3o haja briga por domin\u00e2ncia\u201d.<\/p>\n<p>Antes de conhecer aquela que poder\u00e1 ser sua futura namorada, Ben\u00e9 ficar\u00e1 um tempo em observa\u00e7\u00e3o. A ideia \u00e9 que ele possa desestressar depois da mudan\u00e7a de casa. \u201cO animal tamb\u00e9m vai passar por testes para verificarmos se est\u00e1 saud\u00e1vel\u201d, observou Ana Cristina. \u201cMas para quem estiver curioso, avisamos que o ganso j\u00e1 pode receber visitas\u201d, garantiu.<\/p>\n<p>A not\u00edcia deixou o vigilante Leonardo Rodrigues, 36 anos, mais tranquilo. Trabalhando na seguran\u00e7a do Parque da Cidade, o homem ficou chateado com a partida de Ben\u00e9. Isso porque ele havia criado uma inusitada rela\u00e7\u00e3o de amizade com o bichinho, que passou a ser companhia constante em suas rondas di\u00e1rias. \u201cEu dava banho nele com o garraf\u00e3o de \u00e1gua, fazia carinho\u2026 \u00c9 um animal muito lindo\u201d, contou Leonardo. \u201cMas, apesar da tristeza, eu tamb\u00e9m estou aliviado de saber que agora ele estar\u00e1 mais seguro\u201d.<\/p>\n<p><strong>Visite o Ben\u00e9!<\/strong><br \/>\nO animal pode ser visto no Zool\u00f3gico de Bras\u00edlia, que fica aberto de ter\u00e7a a domingo e nos feriados, das 8h30 \u00e0s 17h. O ingresso custa R$ 10 (inteira) e pode ser pago em dinheiro ou no cart\u00e3o de d\u00e9bito. Pagam meia-entrada (R$ 5) crian\u00e7as de 6 a 12 anos, idosos acima de 60 anos, estudantes, benefici\u00e1rios de programas sociais do governo e professores. Pessoas com defici\u00eancia e seu acompanhante (quando necess\u00e1rio), al\u00e9m de crian\u00e7as de at\u00e9 5 anos, n\u00e3o pagam. A entrada deve ser comprada at\u00e9 as 16h.<\/p>\n","protected":false},"excerpt":{"rendered":"<p>Final feliz para a hist\u00f3ria de Ben\u00e9. Depois de perder o pai de forma misteriosa, o solit\u00e1rio ganso descoberto no Parque da Cidade est\u00e1 de casa nova. O bichinho foi levado para o Zool\u00f3gico de Bras\u00edlia. L\u00e1, sob os cuidados de uma equipe de veterin\u00e1rios, ele ser\u00e1 incentivado a socializar com outros animais da mesma [&hellip;]<\/p>\n","protected":false},"author":2,"featured_media":314453,"comment_status":"closed","ping_status":"closed","sticky":false,"template":"","format":"standard","meta":{"_acf_changed":false,"footnotes":""},"categories":[161],"tags":[],"class_list":["post-314452","post","type-post","status-publish","format-standard","has-post-thumbnail","hentry","category-quadradinho-em-foco"],"acf":[],"yoast_head":"<!-- This site is optimized with the Yoast SEO plugin v27.2 - https:\/\/yoast.com\/product\/yoast-seo-wordpress\/ -->\n<title>Ben\u00e9 ganha casa nova, cuidados e carinho no Zool\u00f3gico - Notibras<\/title>\n<meta name=\"robots\" content=\"index, follow, max-snippet:-1, max-image-preview:large, max-video-preview:-1\" \/>\n<link rel=\"canonical\" href=\"https:\/\/www.notibras.com\/site\/bene-ganha-casa-nova-cuidados-e-carinho-no-zoologico\/\" \/>\n<meta property=\"og:locale\" content=\"pt_BR\" \/>\n<meta property=\"og:type\" content=\"article\" \/>\n<meta property=\"og:title\" content=\"Ben\u00e9 ganha casa nova, cuidados e carinho no Zool\u00f3gico - Notibras\" \/>\n<meta property=\"og:description\" content=\"Final feliz para a hist\u00f3ria de Ben\u00e9. Depois de perder o pai de forma misteriosa, o solit\u00e1rio ganso descoberto no Parque da Cidade est\u00e1 de casa nova. O bichinho foi levado para o Zool\u00f3gico de Bras\u00edlia. L\u00e1, sob os cuidados de uma equipe de veterin\u00e1rios, ele ser\u00e1 incentivado a socializar com outros animais da mesma [&hellip;]\" \/>\n<meta property=\"og:url\" content=\"https:\/\/www.notibras.com\/site\/bene-ganha-casa-nova-cuidados-e-carinho-no-zoologico\/\" \/>\n<meta property=\"og:site_name\" content=\"Notibras\" \/>\n<meta property=\"article:publisher\" content=\"https:\/\/www.facebook.com\/notibras\/\" \/>\n<meta property=\"article:published_time\" content=\"2023-10-10T03:00:16+00:00\" \/>\n<meta property=\"article:modified_time\" content=\"2023-10-10T07:36:59+00:00\" \/>\n<meta property=\"og:image\" content=\"https:\/\/www.notibras.com\/site\/wp-content\/uploads\/2023\/10\/JRO_2907.jpg\" \/>\n\t<meta property=\"og:image:width\" content=\"1181\" \/>\n\t<meta property=\"og:image:height\" content=\"787\" \/>\n\t<meta property=\"og:image:type\" content=\"image\/jpeg\" \/>\n<meta name=\"author\" content=\"Reda\u00e7\u00e3o\" \/>\n<meta name=\"twitter:card\" content=\"summary_large_image\" \/>\n<meta name=\"twitter:creator\" content=\"@Notibras\" \/>\n<meta name=\"twitter:site\" content=\"@Notibras\" \/>\n<meta name=\"twitter:label1\" content=\"Escrito por\" \/>\n\t<meta name=\"twitter:data1\" content=\"Reda\u00e7\u00e3o\" \/>\n\t<meta name=\"twitter:label2\" content=\"Est. tempo de leitura\" \/>\n\t<meta name=\"twitter:data2\" content=\"3 minutos\" \/>\n<script type=\"application\/ld+json\" class=\"yoast-schema-graph\">{\"@context\":\"https:\/\/schema.org\",\"@graph\":[{\"@type\":\"Article\",\"@id\":\"https:\/\/www.notibras.com\/site\/bene-ganha-casa-nova-cuidados-e-carinho-no-zoologico\/#article\",\"isPartOf\":{\"@id\":\"https:\/\/www.notibras.com\/site\/bene-ganha-casa-nova-cuidados-e-carinho-no-zoologico\/\"},\"author\":{\"name\":\"Reda\u00e7\u00e3o\",\"@id\":\"https:\/\/www.notibras.com\/site\/#\/schema\/person\/36ab0979449956132d3e5b517ea76ac8\"},\"headline\":\"Ben\u00e9 ganha casa nova, cuidados e carinho no Zool\u00f3gico\",\"datePublished\":\"2023-10-10T03:00:16+00:00\",\"dateModified\":\"2023-10-10T07:36:59+00:00\",\"mainEntityOfPage\":{\"@id\":\"https:\/\/www.notibras.com\/site\/bene-ganha-casa-nova-cuidados-e-carinho-no-zoologico\/\"},\"wordCount\":560,\"publisher\":{\"@id\":\"https:\/\/www.notibras.com\/site\/#organization\"},\"image\":{\"@id\":\"https:\/\/www.notibras.com\/site\/bene-ganha-casa-nova-cuidados-e-carinho-no-zoologico\/#primaryimage\"},\"thumbnailUrl\":\"https:\/\/www.notibras.com\/site\/wp-content\/uploads\/2023\/10\/JRO_2907.jpg\",\"articleSection\":[\"Quadradinho em Foco\"],\"inLanguage\":\"pt-BR\"},{\"@type\":\"WebPage\",\"@id\":\"https:\/\/www.notibras.com\/site\/bene-ganha-casa-nova-cuidados-e-carinho-no-zoologico\/\",\"url\":\"https:\/\/www.notibras.com\/site\/bene-ganha-casa-nova-cuidados-e-carinho-no-zoologico\/\",\"name\":\"Ben\u00e9 ganha casa nova, cuidados e carinho no Zool\u00f3gico - Notibras\",\"isPartOf\":{\"@id\":\"https:\/\/www.notibras.com\/site\/#website\"},\"primaryImageOfPage\":{\"@id\":\"https:\/\/www.notibras.com\/site\/bene-ganha-casa-nova-cuidados-e-carinho-no-zoologico\/#primaryimage\"},\"image\":{\"@id\":\"https:\/\/www.notibras.com\/site\/bene-ganha-casa-nova-cuidados-e-carinho-no-zoologico\/#primaryimage\"},\"thumbnailUrl\":\"https:\/\/www.notibras.com\/site\/wp-content\/uploads\/2023\/10\/JRO_2907.jpg\",\"datePublished\":\"2023-10-10T03:00:16+00:00\",\"dateModified\":\"2023-10-10T07:36:59+00:00\",\"breadcrumb\":{\"@id\":\"https:\/\/www.notibras.com\/site\/bene-ganha-casa-nova-cuidados-e-carinho-no-zoologico\/#breadcrumb\"},\"inLanguage\":\"pt-BR\",\"potentialAction\":[{\"@type\":\"ReadAction\",\"target\":[\"https:\/\/www.notibras.com\/site\/bene-ganha-casa-nova-cuidados-e-carinho-no-zoologico\/\"]}]},{\"@type\":\"ImageObject\",\"inLanguage\":\"pt-BR\",\"@id\":\"https:\/\/www.notibras.com\/site\/bene-ganha-casa-nova-cuidados-e-carinho-no-zoologico\/#primaryimage\",\"url\":\"https:\/\/www.notibras.com\/site\/wp-content\/uploads\/2023\/10\/JRO_2907.jpg\",\"contentUrl\":\"https:\/\/www.notibras.com\/site\/wp-content\/uploads\/2023\/10\/JRO_2907.jpg\",\"width\":1181,\"height\":787},{\"@type\":\"BreadcrumbList\",\"@id\":\"https:\/\/www.notibras.com\/site\/bene-ganha-casa-nova-cuidados-e-carinho-no-zoologico\/#breadcrumb\",\"itemListElement\":[{\"@type\":\"ListItem\",\"position\":1,\"name\":\"In\u00edcio\",\"item\":\"https:\/\/www.notibras.com\/site\/\"},{\"@type\":\"ListItem\",\"position\":2,\"name\":\"Ben\u00e9 ganha casa nova, cuidados e carinho no Zool\u00f3gico\"}]},{\"@type\":\"WebSite\",\"@id\":\"https:\/\/www.notibras.com\/site\/#website\",\"url\":\"https:\/\/www.notibras.com\/site\/\",\"name\":\"Notibras\",\"description\":\"Not\u00edcias de Bras\u00edlia, do Brasil e do Mundo\",\"publisher\":{\"@id\":\"https:\/\/www.notibras.com\/site\/#organization\"},\"potentialAction\":[{\"@type\":\"SearchAction\",\"target\":{\"@type\":\"EntryPoint\",\"urlTemplate\":\"https:\/\/www.notibras.com\/site\/?s={search_term_string}\"},\"query-input\":{\"@type\":\"PropertyValueSpecification\",\"valueRequired\":true,\"valueName\":\"search_term_string\"}}],\"inLanguage\":\"pt-BR\"},{\"@type\":\"Organization\",\"@id\":\"https:\/\/www.notibras.com\/site\/#organization\",\"name\":\"Grupo Notibras de Comunica\u00e7\u00e3o\",\"url\":\"https:\/\/www.notibras.com\/site\/\",\"logo\":{\"@type\":\"ImageObject\",\"inLanguage\":\"pt-BR\",\"@id\":\"https:\/\/www.notibras.com\/site\/#\/schema\/logo\/image\/\",\"url\":\"https:\/\/www.notibras.com\/site\/wp-content\/uploads\/2023\/01\/notibras23.png\",\"contentUrl\":\"https:\/\/www.notibras.com\/site\/wp-content\/uploads\/2023\/01\/notibras23.png\",\"width\":350,\"height\":87,\"caption\":\"Grupo Notibras de Comunica\u00e7\u00e3o\"},\"image\":{\"@id\":\"https:\/\/www.notibras.com\/site\/#\/schema\/logo\/image\/\"},\"sameAs\":[\"https:\/\/www.facebook.com\/notibras\/\",\"https:\/\/x.com\/Notibras\",\"https:\/\/www.instagram.com\/notibras\/\"]},{\"@type\":\"Person\",\"@id\":\"https:\/\/www.notibras.com\/site\/#\/schema\/person\/36ab0979449956132d3e5b517ea76ac8\",\"name\":\"Reda\u00e7\u00e3o\",\"image\":{\"@type\":\"ImageObject\",\"inLanguage\":\"pt-BR\",\"@id\":\"https:\/\/secure.gravatar.com\/avatar\/e0a867bdedb85fd243eadf09663511f96fc81e0720a4a42581f334ad4303aa6b?s=96&d=mm&r=g\",\"url\":\"https:\/\/secure.gravatar.com\/avatar\/e0a867bdedb85fd243eadf09663511f96fc81e0720a4a42581f334ad4303aa6b?s=96&d=mm&r=g\",\"contentUrl\":\"https:\/\/secure.gravatar.com\/avatar\/e0a867bdedb85fd243eadf09663511f96fc81e0720a4a42581f334ad4303aa6b?s=96&d=mm&r=g\",\"caption\":\"Reda\u00e7\u00e3o\"}}]}<\/script>\n<!-- \/ Yoast SEO plugin. -->","yoast_head_json":{"title":"Ben\u00e9 ganha casa nova, cuidados e carinho no Zool\u00f3gico - Notibras","robots":{"index":"index","follow":"follow","max-snippet":"max-snippet:-1","max-image-preview":"max-image-preview:large","max-video-preview":"max-video-preview:-1"},"canonical":"https:\/\/www.notibras.com\/site\/bene-ganha-casa-nova-cuidados-e-carinho-no-zoologico\/","og_locale":"pt_BR","og_type":"article","og_title":"Ben\u00e9 ganha casa nova, cuidados e carinho no Zool\u00f3gico - Notibras","og_description":"Final feliz para a hist\u00f3ria de Ben\u00e9. Depois de perder o pai de forma misteriosa, o solit\u00e1rio ganso descoberto no Parque da Cidade est\u00e1 de casa nova. O bichinho foi levado para o Zool\u00f3gico de Bras\u00edlia. L\u00e1, sob os cuidados de uma equipe de veterin\u00e1rios, ele ser\u00e1 incentivado a socializar com outros animais da mesma [&hellip;]","og_url":"https:\/\/www.notibras.com\/site\/bene-ganha-casa-nova-cuidados-e-carinho-no-zoologico\/","og_site_name":"Notibras","article_publisher":"https:\/\/www.facebook.com\/notibras\/","article_published_time":"2023-10-10T03:00:16+00:00","article_modified_time":"2023-10-10T07:36:59+00:00","og_image":[{"width":1181,"height":787,"url":"https:\/\/www.notibras.com\/site\/wp-content\/uploads\/2023\/10\/JRO_2907.jpg","type":"image\/jpeg"}],"author":"Reda\u00e7\u00e3o","twitter_card":"summary_large_image","twitter_creator":"@Notibras","twitter_site":"@Notibras","twitter_misc":{"Escrito por":"Reda\u00e7\u00e3o","Est. tempo de leitura":"3 minutos"},"schema":{"@context":"https:\/\/schema.org","@graph":[{"@type":"Article","@id":"https:\/\/www.notibras.com\/site\/bene-ganha-casa-nova-cuidados-e-carinho-no-zoologico\/#article","isPartOf":{"@id":"https:\/\/www.notibras.com\/site\/bene-ganha-casa-nova-cuidados-e-carinho-no-zoologico\/"},"author":{"name":"Reda\u00e7\u00e3o","@id":"https:\/\/www.notibras.com\/site\/#\/schema\/person\/36ab0979449956132d3e5b517ea76ac8"},"headline":"Ben\u00e9 ganha casa nova, cuidados e carinho no Zool\u00f3gico","datePublished":"2023-10-10T03:00:16+00:00","dateModified":"2023-10-10T07:36:59+00:00","mainEntityOfPage":{"@id":"https:\/\/www.notibras.com\/site\/bene-ganha-casa-nova-cuidados-e-carinho-no-zoologico\/"},"wordCount":560,"publisher":{"@id":"https:\/\/www.notibras.com\/site\/#organization"},"image":{"@id":"https:\/\/www.notibras.com\/site\/bene-ganha-casa-nova-cuidados-e-carinho-no-zoologico\/#primaryimage"},"thumbnailUrl":"https:\/\/www.notibras.com\/site\/wp-content\/uploads\/2023\/10\/JRO_2907.jpg","articleSection":["Quadradinho em Foco"],"inLanguage":"pt-BR"},{"@type":"WebPage","@id":"https:\/\/www.notibras.com\/site\/bene-ganha-casa-nova-cuidados-e-carinho-no-zoologico\/","url":"https:\/\/www.notibras.com\/site\/bene-ganha-casa-nova-cuidados-e-carinho-no-zoologico\/","name":"Ben\u00e9 ganha casa nova, cuidados e carinho no Zool\u00f3gico - Notibras","isPartOf":{"@id":"https:\/\/www.notibras.com\/site\/#website"},"primaryImageOfPage":{"@id":"https:\/\/www.notibras.com\/site\/bene-ganha-casa-nova-cuidados-e-carinho-no-zoologico\/#primaryimage"},"image":{"@id":"https:\/\/www.notibras.com\/site\/bene-ganha-casa-nova-cuidados-e-carinho-no-zoologico\/#primaryimage"},"thumbnailUrl":"https:\/\/www.notibras.com\/site\/wp-content\/uploads\/2023\/10\/JRO_2907.jpg","datePublished":"2023-10-10T03:00:16+00:00","dateModified":"2023-10-10T07:36:59+00:00","breadcrumb":{"@id":"https:\/\/www.notibras.com\/site\/bene-ganha-casa-nova-cuidados-e-carinho-no-zoologico\/#breadcrumb"},"inLanguage":"pt-BR","potentialAction":[{"@type":"ReadAction","target":["https:\/\/www.notibras.com\/site\/bene-ganha-casa-nova-cuidados-e-carinho-no-zoologico\/"]}]},{"@type":"ImageObject","inLanguage":"pt-BR","@id":"https:\/\/www.notibras.com\/site\/bene-ganha-casa-nova-cuidados-e-carinho-no-zoologico\/#primaryimage","url":"https:\/\/www.notibras.com\/site\/wp-content\/uploads\/2023\/10\/JRO_2907.jpg","contentUrl":"https:\/\/www.notibras.com\/site\/wp-content\/uploads\/2023\/10\/JRO_2907.jpg","width":1181,"height":787},{"@type":"BreadcrumbList","@id":"https:\/\/www.notibras.com\/site\/bene-ganha-casa-nova-cuidados-e-carinho-no-zoologico\/#breadcrumb","itemListElement":[{"@type":"ListItem","position":1,"name":"In\u00edcio","item":"https:\/\/www.notibras.com\/site\/"},{"@type":"ListItem","position":2,"name":"Ben\u00e9 ganha casa nova, cuidados e carinho no Zool\u00f3gico"}]},{"@type":"WebSite","@id":"https:\/\/www.notibras.com\/site\/#website","url":"https:\/\/www.notibras.com\/site\/","name":"Notibras","description":"Not\u00edcias de Bras\u00edlia, do Brasil e do Mundo","publisher":{"@id":"https:\/\/www.notibras.com\/site\/#organization"},"potentialAction":[{"@type":"SearchAction","target":{"@type":"EntryPoint","urlTemplate":"https:\/\/www.notibras.com\/site\/?s={search_term_string}"},"query-input":{"@type":"PropertyValueSpecification","valueRequired":true,"valueName":"search_term_string"}}],"inLanguage":"pt-BR"},{"@type":"Organization","@id":"https:\/\/www.notibras.com\/site\/#organization","name":"Grupo Notibras de Comunica\u00e7\u00e3o","url":"https:\/\/www.notibras.com\/site\/","logo":{"@type":"ImageObject","inLanguage":"pt-BR","@id":"https:\/\/www.notibras.com\/site\/#\/schema\/logo\/image\/","url":"https:\/\/www.notibras.com\/site\/wp-content\/uploads\/2023\/01\/notibras23.png","contentUrl":"https:\/\/www.notibras.com\/site\/wp-content\/uploads\/2023\/01\/notibras23.png","width":350,"height":87,"caption":"Grupo Notibras de Comunica\u00e7\u00e3o"},"image":{"@id":"https:\/\/www.notibras.com\/site\/#\/schema\/logo\/image\/"},"sameAs":["https:\/\/www.facebook.com\/notibras\/","https:\/\/x.com\/Notibras","https:\/\/www.instagram.com\/notibras\/"]},{"@type":"Person","@id":"https:\/\/www.notibras.com\/site\/#\/schema\/person\/36ab0979449956132d3e5b517ea76ac8","name":"Reda\u00e7\u00e3o","image":{"@type":"ImageObject","inLanguage":"pt-BR","@id":"https:\/\/secure.gravatar.com\/avatar\/e0a867bdedb85fd243eadf09663511f96fc81e0720a4a42581f334ad4303aa6b?s=96&d=mm&r=g","url":"https:\/\/secure.gravatar.com\/avatar\/e0a867bdedb85fd243eadf09663511f96fc81e0720a4a42581f334ad4303aa6b?s=96&d=mm&r=g","contentUrl":"https:\/\/secure.gravatar.com\/avatar\/e0a867bdedb85fd243eadf09663511f96fc81e0720a4a42581f334ad4303aa6b?s=96&d=mm&r=g","caption":"Reda\u00e7\u00e3o"}}]}},"amp_enabled":true,"_links":{"self":[{"href":"https:\/\/www.notibras.com\/site\/wp-json\/wp\/v2\/posts\/314452","targetHints":{"allow":["GET"]}}],"collection":[{"href":"https:\/\/www.notibras.com\/site\/wp-json\/wp\/v2\/posts"}],"about":[{"href":"https:\/\/www.notibras.com\/site\/wp-json\/wp\/v2\/types\/post"}],"author":[{"embeddable":true,"href":"https:\/\/www.notibras.com\/site\/wp-json\/wp\/v2\/users\/2"}],"replies":[{"embeddable":true,"href":"https:\/\/www.notibras.com\/site\/wp-json\/wp\/v2\/comments?post=314452"}],"version-history":[{"count":1,"href":"https:\/\/www.notibras.com\/site\/wp-json\/wp\/v2\/posts\/314452\/revisions"}],"predecessor-version":[{"id":314454,"href":"https:\/\/www.notibras.com\/site\/wp-json\/wp\/v2\/posts\/314452\/revisions\/314454"}],"wp:featuredmedia":[{"embeddable":true,"href":"https:\/\/www.notibras.com\/site\/wp-json\/wp\/v2\/media\/314453"}],"wp:attachment":[{"href":"https:\/\/www.notibras.com\/site\/wp-json\/wp\/v2\/media?parent=314452"}],"wp:term":[{"taxonomy":"category","embeddable":true,"href":"https:\/\/www.notibras.com\/site\/wp-json\/wp\/v2\/categories?post=314452"},{"taxonomy":"post_tag","embeddable":true,"href":"https:\/\/www.notibras.com\/site\/wp-json\/wp\/v2\/tags?post=314452"}],"curies":[{"name":"wp","href":"https:\/\/api.w.org\/{rel}","templated":true}]}}