{"id":314474,"date":"2023-10-11T07:04:40","date_gmt":"2023-10-11T10:04:40","guid":{"rendered":"https:\/\/www.notibras.com\/site\/?p=314474"},"modified":"2023-10-11T08:09:34","modified_gmt":"2023-10-11T11:09:34","slug":"governo-fica-de-olho-em-uso-de-dispositivos-digitais","status":"publish","type":"post","link":"https:\/\/www.notibras.com\/site\/governo-fica-de-olho-em-uso-de-dispositivos-digitais\/","title":{"rendered":"Governo fica de olho em uso de dispositivos digitais"},"content":{"rendered":"<p>O governo federal acaba de lan\u00e7ar consulta p\u00fablica para a elabora\u00e7\u00e3o de guia com orienta\u00e7\u00f5es para o uso de telas e dispositivos digitais por crian\u00e7as e adolescentes. A consulta \u00e9 aberta a toda a sociedade e ficar\u00e1 dispon\u00edvel por 45 dias na plataforma Participa + Brasil. De acordo com o governo, a elabora\u00e7\u00e3o do guia se dar\u00e1 a partir das informa\u00e7\u00f5es coletadas na consulta, com o aux\u00edlio de um grupo de trabalho de especialistas no assunto, e deve ocorrer ao longo de 2024.<\/p>\n<p>At\u00e9 o momento, n\u00e3o h\u00e1 orienta\u00e7\u00e3o governamental espec\u00edfica para essa tem\u00e1tica no Brasil. A inten\u00e7\u00e3o \u00e9 que o material que ser\u00e1 elaborado forne\u00e7a recursos e aponte estrat\u00e9gias para promover o uso consciente de dispositivos digitais, como celulares, tablets e jogos eletr\u00f4nicos, por crian\u00e7as e adolescentes, e apresente formas de os pais e respons\u00e1veis supervision\u00e1-los, ao mesmo tempo preservando sua autonomia de decis\u00e3o.<\/p>\n<p>O Brasil \u00e9 um dos pa\u00edses em que se passa o maior tempo utilizando smartphones, telas e dispositivos eletr\u00f4nicos. Em m\u00e9dia, s\u00e3o nove horas di\u00e1rias de uso da internet, segundo levantamento recente EletronicsHub. O brasileiro hoje se comunica, consome, informa-se e se relaciona com familiares, amigos e conhecidos, em grande medida, por meio de dispositivos digitais. De acordo com a pesquisa, o pa\u00eds s\u00f3 perde para as Filipinas em tempo de uso de tela.<\/p>\n<p>No caso de crian\u00e7as e adolescentes, n\u00e3o \u00e9 diferente. A \u00faltima pesquisa TIC Kids Online, do Comit\u00ea Gestor da Internet no Brasil, mostra que em 2022, 92% da popula\u00e7\u00e3o com idade entre 9 e 17 anos eram usu\u00e1rios de internet, sendo o celular o dispositivo mais usado por crian\u00e7as e adolescentes.<\/p>\n<p>O governo federal ressalta que como as novas gera\u00e7\u00f5es s\u00e3o as primeiras a terem crescido integralmente num mundo digital, ainda n\u00e3o se sabe precisamente quais os efeitos de longo prazo de uma inf\u00e2ncia ou adolesc\u00eancia intensamente mediadas por plataformas digitais, games e aplicativos. H\u00e1 diversas evid\u00eancias, por\u00e9m, de que o cen\u00e1rio seja preocupante.<\/p>\n<p>A Sociedade Brasileira de Pediatria recomenda que crian\u00e7as menores de 2 anos de idade n\u00e3o devem ser expostas a telas, enquanto crian\u00e7as entre 2 e 5 anos devem ter o tempo de tela limitado a, no m\u00e1ximo, uma hora por dia. J\u00e1 crian\u00e7as entre 6 e 10 anos devem utilizar telas por uma a duas horas di\u00e1rias, e crian\u00e7as maiores e adolescentes, entre 11 e 18 anos, n\u00e3o devem ultrapassar o tempo limite de tr\u00eas horas de tela por dia, incluindo o uso de videogames.<\/p>\n<p>Na consulta p\u00fablica, o governo espera receber contribui\u00e7\u00f5es de especialistas de diversas \u00e1reas relacionadas com o tema, \u00f3rg\u00e3os p\u00fablicos, iniciativa privada e organiza\u00e7\u00f5es da sociedade civil, al\u00e9m de pais, m\u00e3es, familiares, respons\u00e1veis e profissionais da educa\u00e7\u00e3o, sa\u00fade e assist\u00eancia que lidam em seu cotidiano com os desafios relacionados ao uso de telas por crian\u00e7as e adolescentes.<\/p>\n<p>A iniciativa \u00e9 conjunta da Secretaria de Pol\u00edticas Digitais da Secom\/PR e dos minist\u00e9rios da Sa\u00fade, da Educa\u00e7\u00e3o, da Justi\u00e7a e Seguran\u00e7a P\u00fablica, dos Direitos Humanos e da Cidadania e do Desenvolvimento e Assist\u00eancia Social, Fam\u00edlia e Combate \u00e0 Fome, em parceria com representantes da academia e de organiza\u00e7\u00f5es da sociedade civil envolvidas com o tema.<\/p>\n","protected":false},"excerpt":{"rendered":"<p>O governo federal acaba de lan\u00e7ar consulta p\u00fablica para a elabora\u00e7\u00e3o de guia com orienta\u00e7\u00f5es para o uso de telas e dispositivos digitais por crian\u00e7as e adolescentes. A consulta \u00e9 aberta a toda a sociedade e ficar\u00e1 dispon\u00edvel por 45 dias na plataforma Participa + Brasil. De acordo com o governo, a elabora\u00e7\u00e3o do guia [&hellip;]<\/p>\n","protected":false},"author":2,"featured_media":314475,"comment_status":"closed","ping_status":"closed","sticky":false,"template":"","format":"standard","meta":{"_acf_changed":false,"footnotes":""},"categories":[161],"tags":[95],"class_list":["post-314474","post","type-post","status-publish","format-standard","has-post-thumbnail","hentry","category-quadradinho-em-foco","tag-capa"],"acf":[],"yoast_head":"<!-- This site is optimized with the Yoast SEO plugin v27.2 - https:\/\/yoast.com\/product\/yoast-seo-wordpress\/ -->\n<title>Governo fica de olho em uso de dispositivos digitais - Notibras<\/title>\n<meta name=\"robots\" content=\"index, follow, max-snippet:-1, max-image-preview:large, max-video-preview:-1\" \/>\n<link rel=\"canonical\" href=\"https:\/\/www.notibras.com\/site\/governo-fica-de-olho-em-uso-de-dispositivos-digitais\/\" \/>\n<meta property=\"og:locale\" content=\"pt_BR\" \/>\n<meta property=\"og:type\" content=\"article\" \/>\n<meta property=\"og:title\" content=\"Governo fica de olho em uso de dispositivos digitais - Notibras\" \/>\n<meta property=\"og:description\" content=\"O governo federal acaba de lan\u00e7ar consulta p\u00fablica para a elabora\u00e7\u00e3o de guia com orienta\u00e7\u00f5es para o uso de telas e dispositivos digitais por crian\u00e7as e adolescentes. A consulta \u00e9 aberta a toda a sociedade e ficar\u00e1 dispon\u00edvel por 45 dias na plataforma Participa + Brasil. De acordo com o governo, a elabora\u00e7\u00e3o do guia [&hellip;]\" \/>\n<meta property=\"og:url\" content=\"https:\/\/www.notibras.com\/site\/governo-fica-de-olho-em-uso-de-dispositivos-digitais\/\" \/>\n<meta property=\"og:site_name\" content=\"Notibras\" \/>\n<meta property=\"article:publisher\" content=\"https:\/\/www.facebook.com\/notibras\/\" \/>\n<meta property=\"article:published_time\" content=\"2023-10-11T10:04:40+00:00\" \/>\n<meta property=\"article:modified_time\" content=\"2023-10-11T11:09:34+00:00\" \/>\n<meta property=\"og:image\" content=\"https:\/\/www.notibras.com\/site\/wp-content\/uploads\/2023\/10\/50252664411_4540cd8eed_k.jpg\" \/>\n\t<meta property=\"og:image:width\" content=\"1170\" \/>\n\t<meta property=\"og:image:height\" content=\"700\" \/>\n\t<meta property=\"og:image:type\" content=\"image\/jpeg\" \/>\n<meta name=\"author\" content=\"Reda\u00e7\u00e3o\" \/>\n<meta name=\"twitter:card\" content=\"summary_large_image\" \/>\n<meta name=\"twitter:creator\" content=\"@Notibras\" \/>\n<meta name=\"twitter:site\" content=\"@Notibras\" \/>\n<meta name=\"twitter:label1\" content=\"Escrito por\" \/>\n\t<meta name=\"twitter:data1\" content=\"Reda\u00e7\u00e3o\" \/>\n\t<meta name=\"twitter:label2\" content=\"Est. tempo de leitura\" \/>\n\t<meta name=\"twitter:data2\" content=\"3 minutos\" \/>\n<script type=\"application\/ld+json\" class=\"yoast-schema-graph\">{\"@context\":\"https:\/\/schema.org\",\"@graph\":[{\"@type\":\"Article\",\"@id\":\"https:\/\/www.notibras.com\/site\/governo-fica-de-olho-em-uso-de-dispositivos-digitais\/#article\",\"isPartOf\":{\"@id\":\"https:\/\/www.notibras.com\/site\/governo-fica-de-olho-em-uso-de-dispositivos-digitais\/\"},\"author\":{\"name\":\"Reda\u00e7\u00e3o\",\"@id\":\"https:\/\/www.notibras.com\/site\/#\/schema\/person\/36ab0979449956132d3e5b517ea76ac8\"},\"headline\":\"Governo fica de olho em uso de dispositivos digitais\",\"datePublished\":\"2023-10-11T10:04:40+00:00\",\"dateModified\":\"2023-10-11T11:09:34+00:00\",\"mainEntityOfPage\":{\"@id\":\"https:\/\/www.notibras.com\/site\/governo-fica-de-olho-em-uso-de-dispositivos-digitais\/\"},\"wordCount\":581,\"publisher\":{\"@id\":\"https:\/\/www.notibras.com\/site\/#organization\"},\"image\":{\"@id\":\"https:\/\/www.notibras.com\/site\/governo-fica-de-olho-em-uso-de-dispositivos-digitais\/#primaryimage\"},\"thumbnailUrl\":\"https:\/\/www.notibras.com\/site\/wp-content\/uploads\/2023\/10\/50252664411_4540cd8eed_k.jpg\",\"keywords\":[\"capa\"],\"articleSection\":[\"Quadradinho em Foco\"],\"inLanguage\":\"pt-BR\"},{\"@type\":\"WebPage\",\"@id\":\"https:\/\/www.notibras.com\/site\/governo-fica-de-olho-em-uso-de-dispositivos-digitais\/\",\"url\":\"https:\/\/www.notibras.com\/site\/governo-fica-de-olho-em-uso-de-dispositivos-digitais\/\",\"name\":\"Governo fica de olho em uso de dispositivos digitais - Notibras\",\"isPartOf\":{\"@id\":\"https:\/\/www.notibras.com\/site\/#website\"},\"primaryImageOfPage\":{\"@id\":\"https:\/\/www.notibras.com\/site\/governo-fica-de-olho-em-uso-de-dispositivos-digitais\/#primaryimage\"},\"image\":{\"@id\":\"https:\/\/www.notibras.com\/site\/governo-fica-de-olho-em-uso-de-dispositivos-digitais\/#primaryimage\"},\"thumbnailUrl\":\"https:\/\/www.notibras.com\/site\/wp-content\/uploads\/2023\/10\/50252664411_4540cd8eed_k.jpg\",\"datePublished\":\"2023-10-11T10:04:40+00:00\",\"dateModified\":\"2023-10-11T11:09:34+00:00\",\"breadcrumb\":{\"@id\":\"https:\/\/www.notibras.com\/site\/governo-fica-de-olho-em-uso-de-dispositivos-digitais\/#breadcrumb\"},\"inLanguage\":\"pt-BR\",\"potentialAction\":[{\"@type\":\"ReadAction\",\"target\":[\"https:\/\/www.notibras.com\/site\/governo-fica-de-olho-em-uso-de-dispositivos-digitais\/\"]}]},{\"@type\":\"ImageObject\",\"inLanguage\":\"pt-BR\",\"@id\":\"https:\/\/www.notibras.com\/site\/governo-fica-de-olho-em-uso-de-dispositivos-digitais\/#primaryimage\",\"url\":\"https:\/\/www.notibras.com\/site\/wp-content\/uploads\/2023\/10\/50252664411_4540cd8eed_k.jpg\",\"contentUrl\":\"https:\/\/www.notibras.com\/site\/wp-content\/uploads\/2023\/10\/50252664411_4540cd8eed_k.jpg\",\"width\":1170,\"height\":700},{\"@type\":\"BreadcrumbList\",\"@id\":\"https:\/\/www.notibras.com\/site\/governo-fica-de-olho-em-uso-de-dispositivos-digitais\/#breadcrumb\",\"itemListElement\":[{\"@type\":\"ListItem\",\"position\":1,\"name\":\"In\u00edcio\",\"item\":\"https:\/\/www.notibras.com\/site\/\"},{\"@type\":\"ListItem\",\"position\":2,\"name\":\"Governo fica de olho em uso de dispositivos digitais\"}]},{\"@type\":\"WebSite\",\"@id\":\"https:\/\/www.notibras.com\/site\/#website\",\"url\":\"https:\/\/www.notibras.com\/site\/\",\"name\":\"Notibras\",\"description\":\"Not\u00edcias de Bras\u00edlia, do Brasil e do Mundo\",\"publisher\":{\"@id\":\"https:\/\/www.notibras.com\/site\/#organization\"},\"potentialAction\":[{\"@type\":\"SearchAction\",\"target\":{\"@type\":\"EntryPoint\",\"urlTemplate\":\"https:\/\/www.notibras.com\/site\/?s={search_term_string}\"},\"query-input\":{\"@type\":\"PropertyValueSpecification\",\"valueRequired\":true,\"valueName\":\"search_term_string\"}}],\"inLanguage\":\"pt-BR\"},{\"@type\":\"Organization\",\"@id\":\"https:\/\/www.notibras.com\/site\/#organization\",\"name\":\"Grupo Notibras de Comunica\u00e7\u00e3o\",\"url\":\"https:\/\/www.notibras.com\/site\/\",\"logo\":{\"@type\":\"ImageObject\",\"inLanguage\":\"pt-BR\",\"@id\":\"https:\/\/www.notibras.com\/site\/#\/schema\/logo\/image\/\",\"url\":\"https:\/\/www.notibras.com\/site\/wp-content\/uploads\/2023\/01\/notibras23.png\",\"contentUrl\":\"https:\/\/www.notibras.com\/site\/wp-content\/uploads\/2023\/01\/notibras23.png\",\"width\":350,\"height\":87,\"caption\":\"Grupo Notibras de Comunica\u00e7\u00e3o\"},\"image\":{\"@id\":\"https:\/\/www.notibras.com\/site\/#\/schema\/logo\/image\/\"},\"sameAs\":[\"https:\/\/www.facebook.com\/notibras\/\",\"https:\/\/x.com\/Notibras\",\"https:\/\/www.instagram.com\/notibras\/\"]},{\"@type\":\"Person\",\"@id\":\"https:\/\/www.notibras.com\/site\/#\/schema\/person\/36ab0979449956132d3e5b517ea76ac8\",\"name\":\"Reda\u00e7\u00e3o\",\"image\":{\"@type\":\"ImageObject\",\"inLanguage\":\"pt-BR\",\"@id\":\"https:\/\/secure.gravatar.com\/avatar\/e0a867bdedb85fd243eadf09663511f96fc81e0720a4a42581f334ad4303aa6b?s=96&d=mm&r=g\",\"url\":\"https:\/\/secure.gravatar.com\/avatar\/e0a867bdedb85fd243eadf09663511f96fc81e0720a4a42581f334ad4303aa6b?s=96&d=mm&r=g\",\"contentUrl\":\"https:\/\/secure.gravatar.com\/avatar\/e0a867bdedb85fd243eadf09663511f96fc81e0720a4a42581f334ad4303aa6b?s=96&d=mm&r=g\",\"caption\":\"Reda\u00e7\u00e3o\"}}]}<\/script>\n<!-- \/ Yoast SEO plugin. -->","yoast_head_json":{"title":"Governo fica de olho em uso de dispositivos digitais - Notibras","robots":{"index":"index","follow":"follow","max-snippet":"max-snippet:-1","max-image-preview":"max-image-preview:large","max-video-preview":"max-video-preview:-1"},"canonical":"https:\/\/www.notibras.com\/site\/governo-fica-de-olho-em-uso-de-dispositivos-digitais\/","og_locale":"pt_BR","og_type":"article","og_title":"Governo fica de olho em uso de dispositivos digitais - Notibras","og_description":"O governo federal acaba de lan\u00e7ar consulta p\u00fablica para a elabora\u00e7\u00e3o de guia com orienta\u00e7\u00f5es para o uso de telas e dispositivos digitais por crian\u00e7as e adolescentes. A consulta \u00e9 aberta a toda a sociedade e ficar\u00e1 dispon\u00edvel por 45 dias na plataforma Participa + Brasil. De acordo com o governo, a elabora\u00e7\u00e3o do guia [&hellip;]","og_url":"https:\/\/www.notibras.com\/site\/governo-fica-de-olho-em-uso-de-dispositivos-digitais\/","og_site_name":"Notibras","article_publisher":"https:\/\/www.facebook.com\/notibras\/","article_published_time":"2023-10-11T10:04:40+00:00","article_modified_time":"2023-10-11T11:09:34+00:00","og_image":[{"width":1170,"height":700,"url":"https:\/\/www.notibras.com\/site\/wp-content\/uploads\/2023\/10\/50252664411_4540cd8eed_k.jpg","type":"image\/jpeg"}],"author":"Reda\u00e7\u00e3o","twitter_card":"summary_large_image","twitter_creator":"@Notibras","twitter_site":"@Notibras","twitter_misc":{"Escrito por":"Reda\u00e7\u00e3o","Est. tempo de leitura":"3 minutos"},"schema":{"@context":"https:\/\/schema.org","@graph":[{"@type":"Article","@id":"https:\/\/www.notibras.com\/site\/governo-fica-de-olho-em-uso-de-dispositivos-digitais\/#article","isPartOf":{"@id":"https:\/\/www.notibras.com\/site\/governo-fica-de-olho-em-uso-de-dispositivos-digitais\/"},"author":{"name":"Reda\u00e7\u00e3o","@id":"https:\/\/www.notibras.com\/site\/#\/schema\/person\/36ab0979449956132d3e5b517ea76ac8"},"headline":"Governo fica de olho em uso de dispositivos digitais","datePublished":"2023-10-11T10:04:40+00:00","dateModified":"2023-10-11T11:09:34+00:00","mainEntityOfPage":{"@id":"https:\/\/www.notibras.com\/site\/governo-fica-de-olho-em-uso-de-dispositivos-digitais\/"},"wordCount":581,"publisher":{"@id":"https:\/\/www.notibras.com\/site\/#organization"},"image":{"@id":"https:\/\/www.notibras.com\/site\/governo-fica-de-olho-em-uso-de-dispositivos-digitais\/#primaryimage"},"thumbnailUrl":"https:\/\/www.notibras.com\/site\/wp-content\/uploads\/2023\/10\/50252664411_4540cd8eed_k.jpg","keywords":["capa"],"articleSection":["Quadradinho em Foco"],"inLanguage":"pt-BR"},{"@type":"WebPage","@id":"https:\/\/www.notibras.com\/site\/governo-fica-de-olho-em-uso-de-dispositivos-digitais\/","url":"https:\/\/www.notibras.com\/site\/governo-fica-de-olho-em-uso-de-dispositivos-digitais\/","name":"Governo fica de olho em uso de dispositivos digitais - Notibras","isPartOf":{"@id":"https:\/\/www.notibras.com\/site\/#website"},"primaryImageOfPage":{"@id":"https:\/\/www.notibras.com\/site\/governo-fica-de-olho-em-uso-de-dispositivos-digitais\/#primaryimage"},"image":{"@id":"https:\/\/www.notibras.com\/site\/governo-fica-de-olho-em-uso-de-dispositivos-digitais\/#primaryimage"},"thumbnailUrl":"https:\/\/www.notibras.com\/site\/wp-content\/uploads\/2023\/10\/50252664411_4540cd8eed_k.jpg","datePublished":"2023-10-11T10:04:40+00:00","dateModified":"2023-10-11T11:09:34+00:00","breadcrumb":{"@id":"https:\/\/www.notibras.com\/site\/governo-fica-de-olho-em-uso-de-dispositivos-digitais\/#breadcrumb"},"inLanguage":"pt-BR","potentialAction":[{"@type":"ReadAction","target":["https:\/\/www.notibras.com\/site\/governo-fica-de-olho-em-uso-de-dispositivos-digitais\/"]}]},{"@type":"ImageObject","inLanguage":"pt-BR","@id":"https:\/\/www.notibras.com\/site\/governo-fica-de-olho-em-uso-de-dispositivos-digitais\/#primaryimage","url":"https:\/\/www.notibras.com\/site\/wp-content\/uploads\/2023\/10\/50252664411_4540cd8eed_k.jpg","contentUrl":"https:\/\/www.notibras.com\/site\/wp-content\/uploads\/2023\/10\/50252664411_4540cd8eed_k.jpg","width":1170,"height":700},{"@type":"BreadcrumbList","@id":"https:\/\/www.notibras.com\/site\/governo-fica-de-olho-em-uso-de-dispositivos-digitais\/#breadcrumb","itemListElement":[{"@type":"ListItem","position":1,"name":"In\u00edcio","item":"https:\/\/www.notibras.com\/site\/"},{"@type":"ListItem","position":2,"name":"Governo fica de olho em uso de dispositivos digitais"}]},{"@type":"WebSite","@id":"https:\/\/www.notibras.com\/site\/#website","url":"https:\/\/www.notibras.com\/site\/","name":"Notibras","description":"Not\u00edcias de Bras\u00edlia, do Brasil e do Mundo","publisher":{"@id":"https:\/\/www.notibras.com\/site\/#organization"},"potentialAction":[{"@type":"SearchAction","target":{"@type":"EntryPoint","urlTemplate":"https:\/\/www.notibras.com\/site\/?s={search_term_string}"},"query-input":{"@type":"PropertyValueSpecification","valueRequired":true,"valueName":"search_term_string"}}],"inLanguage":"pt-BR"},{"@type":"Organization","@id":"https:\/\/www.notibras.com\/site\/#organization","name":"Grupo Notibras de Comunica\u00e7\u00e3o","url":"https:\/\/www.notibras.com\/site\/","logo":{"@type":"ImageObject","inLanguage":"pt-BR","@id":"https:\/\/www.notibras.com\/site\/#\/schema\/logo\/image\/","url":"https:\/\/www.notibras.com\/site\/wp-content\/uploads\/2023\/01\/notibras23.png","contentUrl":"https:\/\/www.notibras.com\/site\/wp-content\/uploads\/2023\/01\/notibras23.png","width":350,"height":87,"caption":"Grupo Notibras de Comunica\u00e7\u00e3o"},"image":{"@id":"https:\/\/www.notibras.com\/site\/#\/schema\/logo\/image\/"},"sameAs":["https:\/\/www.facebook.com\/notibras\/","https:\/\/x.com\/Notibras","https:\/\/www.instagram.com\/notibras\/"]},{"@type":"Person","@id":"https:\/\/www.notibras.com\/site\/#\/schema\/person\/36ab0979449956132d3e5b517ea76ac8","name":"Reda\u00e7\u00e3o","image":{"@type":"ImageObject","inLanguage":"pt-BR","@id":"https:\/\/secure.gravatar.com\/avatar\/e0a867bdedb85fd243eadf09663511f96fc81e0720a4a42581f334ad4303aa6b?s=96&d=mm&r=g","url":"https:\/\/secure.gravatar.com\/avatar\/e0a867bdedb85fd243eadf09663511f96fc81e0720a4a42581f334ad4303aa6b?s=96&d=mm&r=g","contentUrl":"https:\/\/secure.gravatar.com\/avatar\/e0a867bdedb85fd243eadf09663511f96fc81e0720a4a42581f334ad4303aa6b?s=96&d=mm&r=g","caption":"Reda\u00e7\u00e3o"}}]}},"amp_enabled":true,"_links":{"self":[{"href":"https:\/\/www.notibras.com\/site\/wp-json\/wp\/v2\/posts\/314474","targetHints":{"allow":["GET"]}}],"collection":[{"href":"https:\/\/www.notibras.com\/site\/wp-json\/wp\/v2\/posts"}],"about":[{"href":"https:\/\/www.notibras.com\/site\/wp-json\/wp\/v2\/types\/post"}],"author":[{"embeddable":true,"href":"https:\/\/www.notibras.com\/site\/wp-json\/wp\/v2\/users\/2"}],"replies":[{"embeddable":true,"href":"https:\/\/www.notibras.com\/site\/wp-json\/wp\/v2\/comments?post=314474"}],"version-history":[{"count":1,"href":"https:\/\/www.notibras.com\/site\/wp-json\/wp\/v2\/posts\/314474\/revisions"}],"predecessor-version":[{"id":314476,"href":"https:\/\/www.notibras.com\/site\/wp-json\/wp\/v2\/posts\/314474\/revisions\/314476"}],"wp:featuredmedia":[{"embeddable":true,"href":"https:\/\/www.notibras.com\/site\/wp-json\/wp\/v2\/media\/314475"}],"wp:attachment":[{"href":"https:\/\/www.notibras.com\/site\/wp-json\/wp\/v2\/media?parent=314474"}],"wp:term":[{"taxonomy":"category","embeddable":true,"href":"https:\/\/www.notibras.com\/site\/wp-json\/wp\/v2\/categories?post=314474"},{"taxonomy":"post_tag","embeddable":true,"href":"https:\/\/www.notibras.com\/site\/wp-json\/wp\/v2\/tags?post=314474"}],"curies":[{"name":"wp","href":"https:\/\/api.w.org\/{rel}","templated":true}]}}