{"id":314483,"date":"2023-10-11T08:43:31","date_gmt":"2023-10-11T11:43:31","guid":{"rendered":"https:\/\/www.notibras.com\/site\/?p=314483"},"modified":"2023-10-11T08:43:31","modified_gmt":"2023-10-11T11:43:31","slug":"sufocado-gerente-deixa-bb-e-vai-curtir-bola-de-gude","status":"publish","type":"post","link":"https:\/\/www.notibras.com\/site\/sufocado-gerente-deixa-bb-e-vai-curtir-bola-de-gude\/","title":{"rendered":"Sufocado, gerente deixa BB e vai curtir bola de gude"},"content":{"rendered":"<p>Faltava-lhe dinheiro? N\u00e3o. Na verdade, levava uma vida com in\u00fameros luxos que o cobre pode proporcionar. \u00c9 certo que ainda n\u00e3o havia comprado uma Ferrari, mas desfilava com sua bela BMW convers\u00edvel pelas ruas.<\/p>\n<p>Seu nome? Em nada muda o ocorrido naquele dia, mas v\u00e1 l\u00e1. Albertino. Todavia, bem que poderia ser Diego, Joaquim ou Afr\u00e2nio, pois isso n\u00e3o acrescentaria ou deixaria a hist\u00f3ria incompleta. No entanto, imagino que h\u00e1 pessoas que gostam de se apegar a esses detalhes, da mesma forma que naqueles programas de vida selvagem, em que costumam dar nomes aos le\u00f5es e crocodilos, como se aquilo fosse fazer diferen\u00e7a para tais animais. Nenhuma, por sinal. Entretanto, instaura-se certa intimidade. Que seja!<\/p>\n<p>L\u00e1 estava o nosso Albertino em mais um dia de labuta no Banco do Brasil. Gerente de contas polpudas, s\u00f3 atendia a nata de Bras\u00edlia. Concedia benef\u00edcios para aquela gente endinheirada, tudo em nome da fidelidade. Isso mantinha milh\u00f5es e mais milh\u00f5es em aplica\u00e7\u00f5es rent\u00e1veis para tais clientes, mas muito mais para os cofres da ag\u00eancia. Quanto a ele, cabia-lhe, de tempos em tempos, uma bela recompensa.<\/p>\n<p>Nesse toma l\u00e1, d\u00e1 c\u00e1, eis que o nosso her\u00f3i sem capa foi at\u00e9 a cantina tomar um caf\u00e9. Afrouxou o n\u00f3 da gravata, como que querendo se livrar de algo que o incomodava h\u00e1 tempos. Respirou profundamente, tentando aspirar todo o ar que parecia lhe faltar. Era ali mesmo que ele queria estar? Dali a dois meses chegaria aos 40.<\/p>\n<p>Os pensamentos do homem foram interrompidos por dois colegas, que entraram risonhos. Serviram-se do mesmo caf\u00e9. Eram mais jovens, provavelmente ainda n\u00e3o tivessem percebido que aquele seria o mesmo caf\u00e9 que iriam ter pela d\u00e9cada seguinte. Talvez nunca perceberiam tal fato. Quem sabe?<\/p>\n<p>Albertino se viu incomodado com aquela aparente alegria dos colegas e, ent\u00e3o, jogou o copo de caf\u00e9 na lixeira. Saiu sem cumpriment\u00e1-los. Foi at\u00e9 o banheiro, postou-se diante do espelho. Apertou os olhos, franziu o cenho. Abriu a torneira e sentiu a frieza da \u00e1gua. Lavou o rosto, tentou aplacar aquela frustra\u00e7\u00e3o, sem sucesso. Pegou um tanto de papel toalha, passou na cara. O choro compulsivo o tomou por completo.<\/p>\n<p>N\u00e3o demorou, os mesmos colegas do caf\u00e9 entraram no banheiro. Foram em dire\u00e7\u00e3o ao mict\u00f3rio, quando, ent\u00e3o, Albertino decidiu sair mais cedo para o almo\u00e7o. N\u00e3o estava com fome, mas precisava tomar ar fresco.<\/p>\n<p>O gerente, assim que pisou na cal\u00e7ada, foi em dire\u00e7\u00e3o ao restaurante de sempre. Adiante, mudou de ideia e tomou o beco. Trilhou caminhos h\u00e1 muito esquecidos e, logo \u00e0 frente, avistou um parque, onde crian\u00e7as brincavam. Sentou-se num dos bancos ao redor.<\/p>\n<p>Albertino, apesar da gritaria daquela gente mi\u00fada, fitou o peda\u00e7o de terra ao lado e foi transportado para outros tempos. \u00c9poca em que contava com oito, nove anos, quando amava jogar b\u00falica com os amigos. Recordou que quase sempre perdia, mas, por uma ou duas vezes, voltou para casa com os bolsos cheios de bolas de gude. Sorriu como um menino, aquele mesmo menino que um dia havia sido, mas que, h\u00e1 muito, Albertino n\u00e3o se lembrava que ainda estava por ali.<\/p>\n","protected":false},"excerpt":{"rendered":"<p>Faltava-lhe dinheiro? N\u00e3o. Na verdade, levava uma vida com in\u00fameros luxos que o cobre pode proporcionar. \u00c9 certo que ainda n\u00e3o havia comprado uma Ferrari, mas desfilava com sua bela BMW convers\u00edvel pelas ruas. Seu nome? Em nada muda o ocorrido naquele dia, mas v\u00e1 l\u00e1. Albertino. Todavia, bem que poderia ser Diego, Joaquim ou [&hellip;]<\/p>\n","protected":false},"author":2,"featured_media":314486,"comment_status":"closed","ping_status":"closed","sticky":false,"template":"","format":"standard","meta":{"_acf_changed":false,"footnotes":""},"categories":[161],"tags":[],"class_list":["post-314483","post","type-post","status-publish","format-standard","has-post-thumbnail","hentry","category-quadradinho-em-foco"],"acf":[],"yoast_head":"<!-- This site is optimized with the Yoast SEO plugin v27.2 - https:\/\/yoast.com\/product\/yoast-seo-wordpress\/ -->\n<title>Sufocado, gerente deixa BB e vai curtir bola de gude - Notibras<\/title>\n<meta name=\"robots\" content=\"index, follow, max-snippet:-1, max-image-preview:large, max-video-preview:-1\" \/>\n<link rel=\"canonical\" href=\"https:\/\/www.notibras.com\/site\/sufocado-gerente-deixa-bb-e-vai-curtir-bola-de-gude\/\" \/>\n<meta property=\"og:locale\" content=\"pt_BR\" \/>\n<meta property=\"og:type\" content=\"article\" \/>\n<meta property=\"og:title\" content=\"Sufocado, gerente deixa BB e vai curtir bola de gude - Notibras\" \/>\n<meta property=\"og:description\" content=\"Faltava-lhe dinheiro? N\u00e3o. Na verdade, levava uma vida com in\u00fameros luxos que o cobre pode proporcionar. \u00c9 certo que ainda n\u00e3o havia comprado uma Ferrari, mas desfilava com sua bela BMW convers\u00edvel pelas ruas. Seu nome? Em nada muda o ocorrido naquele dia, mas v\u00e1 l\u00e1. Albertino. Todavia, bem que poderia ser Diego, Joaquim ou [&hellip;]\" \/>\n<meta property=\"og:url\" content=\"https:\/\/www.notibras.com\/site\/sufocado-gerente-deixa-bb-e-vai-curtir-bola-de-gude\/\" \/>\n<meta property=\"og:site_name\" content=\"Notibras\" \/>\n<meta property=\"article:publisher\" content=\"https:\/\/www.facebook.com\/notibras\/\" \/>\n<meta property=\"article:published_time\" content=\"2023-10-11T11:43:31+00:00\" \/>\n<meta property=\"og:image\" content=\"https:\/\/www.notibras.com\/site\/wp-content\/uploads\/2023\/10\/boladegude.jpg\" \/>\n\t<meta property=\"og:image:width\" content=\"1240\" \/>\n\t<meta property=\"og:image:height\" content=\"697\" \/>\n\t<meta property=\"og:image:type\" content=\"image\/jpeg\" \/>\n<meta name=\"author\" content=\"Reda\u00e7\u00e3o\" \/>\n<meta name=\"twitter:card\" content=\"summary_large_image\" \/>\n<meta name=\"twitter:creator\" content=\"@Notibras\" \/>\n<meta name=\"twitter:site\" content=\"@Notibras\" \/>\n<meta name=\"twitter:label1\" content=\"Escrito por\" \/>\n\t<meta name=\"twitter:data1\" content=\"Reda\u00e7\u00e3o\" \/>\n\t<meta name=\"twitter:label2\" content=\"Est. tempo de leitura\" \/>\n\t<meta name=\"twitter:data2\" content=\"3 minutos\" \/>\n<script type=\"application\/ld+json\" class=\"yoast-schema-graph\">{\"@context\":\"https:\/\/schema.org\",\"@graph\":[{\"@type\":\"Article\",\"@id\":\"https:\/\/www.notibras.com\/site\/sufocado-gerente-deixa-bb-e-vai-curtir-bola-de-gude\/#article\",\"isPartOf\":{\"@id\":\"https:\/\/www.notibras.com\/site\/sufocado-gerente-deixa-bb-e-vai-curtir-bola-de-gude\/\"},\"author\":{\"name\":\"Reda\u00e7\u00e3o\",\"@id\":\"https:\/\/www.notibras.com\/site\/#\/schema\/person\/36ab0979449956132d3e5b517ea76ac8\"},\"headline\":\"Sufocado, gerente deixa BB e vai curtir bola de gude\",\"datePublished\":\"2023-10-11T11:43:31+00:00\",\"mainEntityOfPage\":{\"@id\":\"https:\/\/www.notibras.com\/site\/sufocado-gerente-deixa-bb-e-vai-curtir-bola-de-gude\/\"},\"wordCount\":557,\"publisher\":{\"@id\":\"https:\/\/www.notibras.com\/site\/#organization\"},\"image\":{\"@id\":\"https:\/\/www.notibras.com\/site\/sufocado-gerente-deixa-bb-e-vai-curtir-bola-de-gude\/#primaryimage\"},\"thumbnailUrl\":\"https:\/\/www.notibras.com\/site\/wp-content\/uploads\/2023\/10\/boladegude.jpg\",\"articleSection\":[\"Quadradinho em Foco\"],\"inLanguage\":\"pt-BR\"},{\"@type\":\"WebPage\",\"@id\":\"https:\/\/www.notibras.com\/site\/sufocado-gerente-deixa-bb-e-vai-curtir-bola-de-gude\/\",\"url\":\"https:\/\/www.notibras.com\/site\/sufocado-gerente-deixa-bb-e-vai-curtir-bola-de-gude\/\",\"name\":\"Sufocado, gerente deixa BB e vai curtir bola de gude - Notibras\",\"isPartOf\":{\"@id\":\"https:\/\/www.notibras.com\/site\/#website\"},\"primaryImageOfPage\":{\"@id\":\"https:\/\/www.notibras.com\/site\/sufocado-gerente-deixa-bb-e-vai-curtir-bola-de-gude\/#primaryimage\"},\"image\":{\"@id\":\"https:\/\/www.notibras.com\/site\/sufocado-gerente-deixa-bb-e-vai-curtir-bola-de-gude\/#primaryimage\"},\"thumbnailUrl\":\"https:\/\/www.notibras.com\/site\/wp-content\/uploads\/2023\/10\/boladegude.jpg\",\"datePublished\":\"2023-10-11T11:43:31+00:00\",\"breadcrumb\":{\"@id\":\"https:\/\/www.notibras.com\/site\/sufocado-gerente-deixa-bb-e-vai-curtir-bola-de-gude\/#breadcrumb\"},\"inLanguage\":\"pt-BR\",\"potentialAction\":[{\"@type\":\"ReadAction\",\"target\":[\"https:\/\/www.notibras.com\/site\/sufocado-gerente-deixa-bb-e-vai-curtir-bola-de-gude\/\"]}]},{\"@type\":\"ImageObject\",\"inLanguage\":\"pt-BR\",\"@id\":\"https:\/\/www.notibras.com\/site\/sufocado-gerente-deixa-bb-e-vai-curtir-bola-de-gude\/#primaryimage\",\"url\":\"https:\/\/www.notibras.com\/site\/wp-content\/uploads\/2023\/10\/boladegude.jpg\",\"contentUrl\":\"https:\/\/www.notibras.com\/site\/wp-content\/uploads\/2023\/10\/boladegude.jpg\",\"width\":1240,\"height\":697},{\"@type\":\"BreadcrumbList\",\"@id\":\"https:\/\/www.notibras.com\/site\/sufocado-gerente-deixa-bb-e-vai-curtir-bola-de-gude\/#breadcrumb\",\"itemListElement\":[{\"@type\":\"ListItem\",\"position\":1,\"name\":\"In\u00edcio\",\"item\":\"https:\/\/www.notibras.com\/site\/\"},{\"@type\":\"ListItem\",\"position\":2,\"name\":\"Sufocado, gerente deixa BB e vai curtir bola de gude\"}]},{\"@type\":\"WebSite\",\"@id\":\"https:\/\/www.notibras.com\/site\/#website\",\"url\":\"https:\/\/www.notibras.com\/site\/\",\"name\":\"Notibras\",\"description\":\"Not\u00edcias de Bras\u00edlia, do Brasil e do Mundo\",\"publisher\":{\"@id\":\"https:\/\/www.notibras.com\/site\/#organization\"},\"potentialAction\":[{\"@type\":\"SearchAction\",\"target\":{\"@type\":\"EntryPoint\",\"urlTemplate\":\"https:\/\/www.notibras.com\/site\/?s={search_term_string}\"},\"query-input\":{\"@type\":\"PropertyValueSpecification\",\"valueRequired\":true,\"valueName\":\"search_term_string\"}}],\"inLanguage\":\"pt-BR\"},{\"@type\":\"Organization\",\"@id\":\"https:\/\/www.notibras.com\/site\/#organization\",\"name\":\"Grupo Notibras de Comunica\u00e7\u00e3o\",\"url\":\"https:\/\/www.notibras.com\/site\/\",\"logo\":{\"@type\":\"ImageObject\",\"inLanguage\":\"pt-BR\",\"@id\":\"https:\/\/www.notibras.com\/site\/#\/schema\/logo\/image\/\",\"url\":\"https:\/\/www.notibras.com\/site\/wp-content\/uploads\/2023\/01\/notibras23.png\",\"contentUrl\":\"https:\/\/www.notibras.com\/site\/wp-content\/uploads\/2023\/01\/notibras23.png\",\"width\":350,\"height\":87,\"caption\":\"Grupo Notibras de Comunica\u00e7\u00e3o\"},\"image\":{\"@id\":\"https:\/\/www.notibras.com\/site\/#\/schema\/logo\/image\/\"},\"sameAs\":[\"https:\/\/www.facebook.com\/notibras\/\",\"https:\/\/x.com\/Notibras\",\"https:\/\/www.instagram.com\/notibras\/\"]},{\"@type\":\"Person\",\"@id\":\"https:\/\/www.notibras.com\/site\/#\/schema\/person\/36ab0979449956132d3e5b517ea76ac8\",\"name\":\"Reda\u00e7\u00e3o\",\"image\":{\"@type\":\"ImageObject\",\"inLanguage\":\"pt-BR\",\"@id\":\"https:\/\/secure.gravatar.com\/avatar\/e0a867bdedb85fd243eadf09663511f96fc81e0720a4a42581f334ad4303aa6b?s=96&d=mm&r=g\",\"url\":\"https:\/\/secure.gravatar.com\/avatar\/e0a867bdedb85fd243eadf09663511f96fc81e0720a4a42581f334ad4303aa6b?s=96&d=mm&r=g\",\"contentUrl\":\"https:\/\/secure.gravatar.com\/avatar\/e0a867bdedb85fd243eadf09663511f96fc81e0720a4a42581f334ad4303aa6b?s=96&d=mm&r=g\",\"caption\":\"Reda\u00e7\u00e3o\"}}]}<\/script>\n<!-- \/ Yoast SEO plugin. -->","yoast_head_json":{"title":"Sufocado, gerente deixa BB e vai curtir bola de gude - Notibras","robots":{"index":"index","follow":"follow","max-snippet":"max-snippet:-1","max-image-preview":"max-image-preview:large","max-video-preview":"max-video-preview:-1"},"canonical":"https:\/\/www.notibras.com\/site\/sufocado-gerente-deixa-bb-e-vai-curtir-bola-de-gude\/","og_locale":"pt_BR","og_type":"article","og_title":"Sufocado, gerente deixa BB e vai curtir bola de gude - Notibras","og_description":"Faltava-lhe dinheiro? N\u00e3o. Na verdade, levava uma vida com in\u00fameros luxos que o cobre pode proporcionar. \u00c9 certo que ainda n\u00e3o havia comprado uma Ferrari, mas desfilava com sua bela BMW convers\u00edvel pelas ruas. Seu nome? Em nada muda o ocorrido naquele dia, mas v\u00e1 l\u00e1. Albertino. Todavia, bem que poderia ser Diego, Joaquim ou [&hellip;]","og_url":"https:\/\/www.notibras.com\/site\/sufocado-gerente-deixa-bb-e-vai-curtir-bola-de-gude\/","og_site_name":"Notibras","article_publisher":"https:\/\/www.facebook.com\/notibras\/","article_published_time":"2023-10-11T11:43:31+00:00","og_image":[{"width":1240,"height":697,"url":"https:\/\/www.notibras.com\/site\/wp-content\/uploads\/2023\/10\/boladegude.jpg","type":"image\/jpeg"}],"author":"Reda\u00e7\u00e3o","twitter_card":"summary_large_image","twitter_creator":"@Notibras","twitter_site":"@Notibras","twitter_misc":{"Escrito por":"Reda\u00e7\u00e3o","Est. tempo de leitura":"3 minutos"},"schema":{"@context":"https:\/\/schema.org","@graph":[{"@type":"Article","@id":"https:\/\/www.notibras.com\/site\/sufocado-gerente-deixa-bb-e-vai-curtir-bola-de-gude\/#article","isPartOf":{"@id":"https:\/\/www.notibras.com\/site\/sufocado-gerente-deixa-bb-e-vai-curtir-bola-de-gude\/"},"author":{"name":"Reda\u00e7\u00e3o","@id":"https:\/\/www.notibras.com\/site\/#\/schema\/person\/36ab0979449956132d3e5b517ea76ac8"},"headline":"Sufocado, gerente deixa BB e vai curtir bola de gude","datePublished":"2023-10-11T11:43:31+00:00","mainEntityOfPage":{"@id":"https:\/\/www.notibras.com\/site\/sufocado-gerente-deixa-bb-e-vai-curtir-bola-de-gude\/"},"wordCount":557,"publisher":{"@id":"https:\/\/www.notibras.com\/site\/#organization"},"image":{"@id":"https:\/\/www.notibras.com\/site\/sufocado-gerente-deixa-bb-e-vai-curtir-bola-de-gude\/#primaryimage"},"thumbnailUrl":"https:\/\/www.notibras.com\/site\/wp-content\/uploads\/2023\/10\/boladegude.jpg","articleSection":["Quadradinho em Foco"],"inLanguage":"pt-BR"},{"@type":"WebPage","@id":"https:\/\/www.notibras.com\/site\/sufocado-gerente-deixa-bb-e-vai-curtir-bola-de-gude\/","url":"https:\/\/www.notibras.com\/site\/sufocado-gerente-deixa-bb-e-vai-curtir-bola-de-gude\/","name":"Sufocado, gerente deixa BB e vai curtir bola de gude - Notibras","isPartOf":{"@id":"https:\/\/www.notibras.com\/site\/#website"},"primaryImageOfPage":{"@id":"https:\/\/www.notibras.com\/site\/sufocado-gerente-deixa-bb-e-vai-curtir-bola-de-gude\/#primaryimage"},"image":{"@id":"https:\/\/www.notibras.com\/site\/sufocado-gerente-deixa-bb-e-vai-curtir-bola-de-gude\/#primaryimage"},"thumbnailUrl":"https:\/\/www.notibras.com\/site\/wp-content\/uploads\/2023\/10\/boladegude.jpg","datePublished":"2023-10-11T11:43:31+00:00","breadcrumb":{"@id":"https:\/\/www.notibras.com\/site\/sufocado-gerente-deixa-bb-e-vai-curtir-bola-de-gude\/#breadcrumb"},"inLanguage":"pt-BR","potentialAction":[{"@type":"ReadAction","target":["https:\/\/www.notibras.com\/site\/sufocado-gerente-deixa-bb-e-vai-curtir-bola-de-gude\/"]}]},{"@type":"ImageObject","inLanguage":"pt-BR","@id":"https:\/\/www.notibras.com\/site\/sufocado-gerente-deixa-bb-e-vai-curtir-bola-de-gude\/#primaryimage","url":"https:\/\/www.notibras.com\/site\/wp-content\/uploads\/2023\/10\/boladegude.jpg","contentUrl":"https:\/\/www.notibras.com\/site\/wp-content\/uploads\/2023\/10\/boladegude.jpg","width":1240,"height":697},{"@type":"BreadcrumbList","@id":"https:\/\/www.notibras.com\/site\/sufocado-gerente-deixa-bb-e-vai-curtir-bola-de-gude\/#breadcrumb","itemListElement":[{"@type":"ListItem","position":1,"name":"In\u00edcio","item":"https:\/\/www.notibras.com\/site\/"},{"@type":"ListItem","position":2,"name":"Sufocado, gerente deixa BB e vai curtir bola de gude"}]},{"@type":"WebSite","@id":"https:\/\/www.notibras.com\/site\/#website","url":"https:\/\/www.notibras.com\/site\/","name":"Notibras","description":"Not\u00edcias de Bras\u00edlia, do Brasil e do Mundo","publisher":{"@id":"https:\/\/www.notibras.com\/site\/#organization"},"potentialAction":[{"@type":"SearchAction","target":{"@type":"EntryPoint","urlTemplate":"https:\/\/www.notibras.com\/site\/?s={search_term_string}"},"query-input":{"@type":"PropertyValueSpecification","valueRequired":true,"valueName":"search_term_string"}}],"inLanguage":"pt-BR"},{"@type":"Organization","@id":"https:\/\/www.notibras.com\/site\/#organization","name":"Grupo Notibras de Comunica\u00e7\u00e3o","url":"https:\/\/www.notibras.com\/site\/","logo":{"@type":"ImageObject","inLanguage":"pt-BR","@id":"https:\/\/www.notibras.com\/site\/#\/schema\/logo\/image\/","url":"https:\/\/www.notibras.com\/site\/wp-content\/uploads\/2023\/01\/notibras23.png","contentUrl":"https:\/\/www.notibras.com\/site\/wp-content\/uploads\/2023\/01\/notibras23.png","width":350,"height":87,"caption":"Grupo Notibras de Comunica\u00e7\u00e3o"},"image":{"@id":"https:\/\/www.notibras.com\/site\/#\/schema\/logo\/image\/"},"sameAs":["https:\/\/www.facebook.com\/notibras\/","https:\/\/x.com\/Notibras","https:\/\/www.instagram.com\/notibras\/"]},{"@type":"Person","@id":"https:\/\/www.notibras.com\/site\/#\/schema\/person\/36ab0979449956132d3e5b517ea76ac8","name":"Reda\u00e7\u00e3o","image":{"@type":"ImageObject","inLanguage":"pt-BR","@id":"https:\/\/secure.gravatar.com\/avatar\/e0a867bdedb85fd243eadf09663511f96fc81e0720a4a42581f334ad4303aa6b?s=96&d=mm&r=g","url":"https:\/\/secure.gravatar.com\/avatar\/e0a867bdedb85fd243eadf09663511f96fc81e0720a4a42581f334ad4303aa6b?s=96&d=mm&r=g","contentUrl":"https:\/\/secure.gravatar.com\/avatar\/e0a867bdedb85fd243eadf09663511f96fc81e0720a4a42581f334ad4303aa6b?s=96&d=mm&r=g","caption":"Reda\u00e7\u00e3o"}}]}},"amp_enabled":true,"_links":{"self":[{"href":"https:\/\/www.notibras.com\/site\/wp-json\/wp\/v2\/posts\/314483","targetHints":{"allow":["GET"]}}],"collection":[{"href":"https:\/\/www.notibras.com\/site\/wp-json\/wp\/v2\/posts"}],"about":[{"href":"https:\/\/www.notibras.com\/site\/wp-json\/wp\/v2\/types\/post"}],"author":[{"embeddable":true,"href":"https:\/\/www.notibras.com\/site\/wp-json\/wp\/v2\/users\/2"}],"replies":[{"embeddable":true,"href":"https:\/\/www.notibras.com\/site\/wp-json\/wp\/v2\/comments?post=314483"}],"version-history":[{"count":1,"href":"https:\/\/www.notibras.com\/site\/wp-json\/wp\/v2\/posts\/314483\/revisions"}],"predecessor-version":[{"id":314487,"href":"https:\/\/www.notibras.com\/site\/wp-json\/wp\/v2\/posts\/314483\/revisions\/314487"}],"wp:featuredmedia":[{"embeddable":true,"href":"https:\/\/www.notibras.com\/site\/wp-json\/wp\/v2\/media\/314486"}],"wp:attachment":[{"href":"https:\/\/www.notibras.com\/site\/wp-json\/wp\/v2\/media?parent=314483"}],"wp:term":[{"taxonomy":"category","embeddable":true,"href":"https:\/\/www.notibras.com\/site\/wp-json\/wp\/v2\/categories?post=314483"},{"taxonomy":"post_tag","embeddable":true,"href":"https:\/\/www.notibras.com\/site\/wp-json\/wp\/v2\/tags?post=314483"}],"curies":[{"name":"wp","href":"https:\/\/api.w.org\/{rel}","templated":true}]}}