{"id":314491,"date":"2023-10-11T00:00:50","date_gmt":"2023-10-11T03:00:50","guid":{"rendered":"https:\/\/www.notibras.com\/site\/?p=314491"},"modified":"2023-10-11T09:09:01","modified_gmt":"2023-10-11T12:09:01","slug":"fique-por-dentro-e-curta-tranquilo-o-feriadao-na-cidade","status":"publish","type":"post","link":"https:\/\/www.notibras.com\/site\/fique-por-dentro-e-curta-tranquilo-o-feriadao-na-cidade\/","title":{"rendered":"Fique por dentro e curta tranquilo o feriad\u00e3o na cidade"},"content":{"rendered":"<p>Esta quinta-feira (12) \u00e9 Dia de Nossa Senhora Aparecida, padroeira do Brasil e de Bras\u00edlia, e tamb\u00e9m Dia das Crian\u00e7as. Por isso, o funcionamento dos \u00f3rg\u00e3os e servi\u00e7os do Governo do Distrito Federal (GDF) sofrer\u00e1 mudan\u00e7as. O mesmo ocorre na sexta-feira (13), que ser\u00e1 ponto facultativo no GDF.<\/p>\n<p>A seguir, confira, ponto a ponto, o que abre e o que fecha na capital:<\/p>\n<p><strong>\u200cSa\u00fade<\/strong><br \/>\nApesar do ponto facultativo no dia 13, as unidades da Secretaria de Sa\u00fade (SES-DF) ir\u00e3o funcionar normalmente, assim como no dia 14. Haver\u00e1 altera\u00e7\u00e3o de servi\u00e7os apenas no dia 12.<\/p>\n<p>As emerg\u00eancias dos hospitais regionais, as Unidades de Pronto Atendimento (UPAs) e a Casa de Parto de S\u00e3o Sebasti\u00e3o atendem de forma ininterrupta. O Samu tamb\u00e9m atende 24 horas, pelo telefone 192.<\/p>\n<p>A assist\u00eancia nas Unidades B\u00e1sicas de Sa\u00fade (UBSs) e nos Centros de Especialidades Odontol\u00f3gicas (CEOs) ser\u00e1 interrompida no dia 12, mas segue normalmente no dia 13. A emerg\u00eancia odontol\u00f3gica do Hospital Regional da Asa Norte (Hran) funciona em plant\u00e3o 24h, de forma ininterrupta, inclusive no s\u00e1bado, no domingo e no feriado.<\/p>\n<p>N\u00e3o haver\u00e1 vacina\u00e7\u00e3o na quinta-feira. Na sexta, as salas de vacina\u00e7\u00e3o estar\u00e3o abertas normalmente e, no s\u00e1bado, as equipes da SES-DF far\u00e3o a\u00e7\u00f5es externas. A lista dos locais de atendimento est\u00e1 dispon\u00edvel no site da pasta.<\/p>\n<p>As UBSs estar\u00e3o fechadas no dia 12 e voltam a funcionar normalmente no dia 13. As que funcionam aos s\u00e1bados estar\u00e3o abertas no dia 14.<\/p>\n<p>Os Centros de Aten\u00e7\u00e3o Psicossocial (Caps) do tipo III e os Centros de Aten\u00e7\u00e3o Psicossocial \u00c1lcool e outras Drogas III (Caps AD III) funcionar\u00e3o de forma ininterrupta entre os dias 12 e 15. J\u00e1 os Caps tipos I e II e o Centro de Aten\u00e7\u00e3o Psicossocial Infanto-Juvenil (Capsi) n\u00e3o abrir\u00e3o nos dias 12, 14 e 15, apenas no dia 13.<\/p>\n<p>As farm\u00e1cias de alto custo fecham no dia 12, mas abrem normalmente nos dias 13 e 14. Os ambulat\u00f3rios e as policl\u00ednicas atender\u00e3o apenas no dia 13.\u200c<\/p>\n<p><strong>Servi\u00e7o social<\/strong><br \/>\nOs restaurantes comunit\u00e1rios do Recanto das Emas, do P\u00f4r do Sol e de Planaltina abrir\u00e3o normalmente, nos dias 12 e 13. Os demais estar\u00e3o fechados na quinta-feira e voltam a atender na sexta.<\/p>\n<p>Os centros de Refer\u00eancia de Assist\u00eancia Social (Cras) fecham no feriado e reabrem na sexta. O Centro Pop, a Unidade de Prote\u00e7\u00e3o Social (UPS) e as unidades de acolhimento funcionar\u00e3o normalmente. O Centro de Conviv\u00eancia estar\u00e1 fechado nos dias 12 e 13.<\/p>\n<p><strong>\u200cFor\u00e7as de seguran\u00e7a<\/strong><br \/>\nA Secretaria de Seguran\u00e7a P\u00fablica (SSP-DF) comunica que o funcionamento das for\u00e7as de seguran\u00e7a e Defesa Civil nos dias 12 e 13 se dar\u00e1 da seguinte forma:<\/p>\n<p>A Pol\u00edcia Militar atua diuturnamente e estar\u00e1 com esquema especial nos locais de realiza\u00e7\u00e3o dos eventos. A popula\u00e7\u00e3o pode acionar o servi\u00e7o pelo n\u00famero 190.<\/p>\n<p>As 31 delegacias circunscricionais da Pol\u00edcia Civil do DF estar\u00e3o em regime de plant\u00e3o ininterrupto de 24h, assim como as duas delegacias de Atendimento \u00e0 Mulher (Deam I e II) e as duas delegacias da Crian\u00e7a e do Adolescente (DCA I e II). Funcionar\u00e3o como Centrais de Flagrante as seguintes unidades: 1\u00aa DP, 5\u00aa DP, 6\u00aa DP, 12\u00aa DP, 13\u00aa DP, 15\u00aa DP, 16\u00aa DP, 18\u00aaDP, 20\u00aa DP, 21\u00aa DP, 24\u00aa DP, 26\u00aa DP, 27\u00aa DP, 30\u00aa DP e 33\u00aa DP.<\/p>\n<p>O expediente administrativo do Corpo de Bombeiros funcionar\u00e1 em regime de escala de 24 horas, sem interrup\u00e7\u00e3o, atendendo a emerg\u00eancias.<\/p>\n<p>N\u00e3o haver\u00e1 atendimento ao p\u00fablico nas unidades do Detran-DF. Os servidores que atuam na educa\u00e7\u00e3o, engenharia e fiscaliza\u00e7\u00e3o de tr\u00e2nsito trabalhar\u00e3o em regime de escala normal. Os servi\u00e7os online, dispon\u00edveis por meio do aplicativo Detran Digital e do Portal de Servi\u00e7os do Detran-DF, funcionar\u00e3o normalmente.<\/p>\n<p>A Defesa Civil tamb\u00e9m funcionar\u00e1 em regime de plant\u00e3o, com equipes de t\u00e9cnicos plantonistas dispon\u00edveis 24 horas. Em caso de qualquer intercorr\u00eancia, o cidad\u00e3o pode acionar os telefones 193 ou 199.<\/p>\n<p><strong>Justi\u00e7a e Cidadania<\/strong><br \/>\nNo feriado e no ponto facultativo, as unidades do Na Hora e do Procon estar\u00e3o fechadas, assim como os conselhos tutelares e Centro Integrado 18 de Maio. As demandas urgentes dos conselhos tutelares podem ser registradas no Cisdeca, pelo telefone 125. J\u00e1 as demandas urgentes do Centro Integrado 18 de Maio ser\u00e3o atendidas pelo telefone (61) 98314-0636, das 8h \u00e0s 20h.<\/p>\n<p>\u200cOs N\u00facleos do Programa Pr\u00f3-V\u00edtima estar\u00e3o fechados. No entanto, atendendo em regime de plant\u00e3o por meio do telefone 98314-0620.<\/p>\n<p><strong>\u200cEduca\u00e7\u00e3o<\/strong><br \/>\nN\u00e3o haver\u00e1 aulas na rede p\u00fablica de ensino.<\/p>\n<p><strong>\u200cTransporte<\/strong><br \/>\nO Metr\u00f4-DF seguir\u00e1 um esquema de funcionamento diferenciado no Dia de Nossa Senhora Aparecida<br \/>\n\u2013 Na Esta\u00e7\u00e3o Central, haver\u00e1 embarque e desembarque das 7h \u00e0s 21h<br \/>\n\u2013 Nas demais esta\u00e7\u00f5es, o embarque e desembarque ser\u00e1 das 7h \u00e0s 19h. J\u00e1 de 19h \u00e0s 21h, funcionar\u00e3o apenas para desembarque<br \/>\n\u2013 Na sexta-feira (13), o funcionamento ser\u00e1 normal em todas as esta\u00e7\u00f5es, das 5h30 \u00e0s 23h30\u200c<br \/>\nA Secretaria de Transporte e Mobilidade (Semob) informa que os hor\u00e1rios dos \u00f4nibus tamb\u00e9m ter\u00e3o mudan\u00e7as<br \/>\n\u2013 Na quinta, as linhas de \u00f4nibus v\u00e3o seguir os hor\u00e1rios de domingo e haver\u00e1 refor\u00e7o para Rodovi\u00e1ria e Zool\u00f3gico<br \/>\n\u2013 Na sexta, a opera\u00e7\u00e3o ser\u00e1 normal<\/p>\n<p>Os hor\u00e1rios das viagens e rota dos coletivos podem ser conferidos no site dfnoponto.semob.df.gov.br.<\/p>\n<p><strong>\u200cDER-DF<\/strong><br \/>\nConforme o Departamento de Estradas de Rodagem (DER-DF), as opera\u00e7\u00f5es de mobilidade, na Estrada Parque Ceil\u00e2ndia (DF-095\/Estrutural), na Estrada Parque Contorno (DF-001), no trecho entre o viaduto de Samambaia e o Viaduto do Pist\u00e3o Sul, e na BR-070 ser\u00e3o suspensas na quinta-feira (12) e realizadas normalmente na sexta (13).<\/p>\n<p>\u200cO tradicional Eix\u00e3o do Lazer estar\u00e1 aberto ao p\u00fablico no dia do feriado nacional, entre 6h e 18h, e volta a receber ve\u00edculos na sexta. Em rela\u00e7\u00e3o ao atendimento ao p\u00fablico, n\u00e3o haver\u00e1 expediente no Setor de Multas e Penalidades e Protocolo nos dias 12 e 13.<\/p>\n<p><strong>\u200cLazer<\/strong><br \/>\nO Zool\u00f3gico funcionar\u00e1 normalmente no feriado desta semana \u2013 das 8h30 \u00e0s 17h. A bilheteria encerra a venda de ingresso \u00e0s 16h. O Jardim Bot\u00e2nico de Bras\u00edlia tamb\u00e9m n\u00e3o ter\u00e1 altera\u00e7\u00f5es no funcionamento \u2013 est\u00e1 aberto das 9h \u00e0s 17h, com entrada permitida at\u00e9 as 16h30.<\/p>\n<p>\u200cO Planet\u00e1rio de Bras\u00edlia ter\u00e1 uma programa\u00e7\u00e3o especial para o Dia das Crian\u00e7as. A partir de 9h30, haver\u00e1 a oficina \u201cPintando os Planetas\u201d, dirigida aos pequenos de 6 a 8 anos. S\u00e3o 25 vagas preenchidas por ordem de chegada.<\/p>\n<p>\u200cA partir das 14h30, ocorre a oficina do carrinho foguete, com 25 vagas para a crian\u00e7ada de 8 a 12 anos \u2013 tamb\u00e9m preenchidas por ordem de chegada. Para participar, basta levar duas garrafas de refrigerante de 2 litros iguais e montar o foguete com a orienta\u00e7\u00e3o da equipe. As crian\u00e7as tamb\u00e9m poder\u00e3o participar das sess\u00f5es e conhecer o acervo do Planet\u00e1rio, al\u00e9m de que o \u00f4nibus da Reciclotec vai oferecer pintura de rosto.<\/p>\n<p><strong>\u200cCultura<\/strong><br \/>\n\u2013 A Casa do Cantador estar\u00e1 aberta no dia 12 e recebe a Batalha do Cantador, das 19h \u00e0s 23h. No dia 14, ocorre o Sabad\u00e3o do Forr\u00f3, das 20h \u00e0 1h. No dia 13 e 15, o espa\u00e7o estar\u00e1 fechado<br \/>\n\u2013 O Museu Vivo da Mem\u00f3ria Candanga estar\u00e1 fechado nos dias 12 e 15, e abre nos dias 13 e 14, das 9h \u00e0s 17h<br \/>\n\u2013 O Complexo Cultural Samambaia fecha nos dias 12 e 15, e abre nos dias 13, das 14h \u00e0s 23h, e 14, das 8h \u00e0s 19h<br \/>\n\u2013 O Espa\u00e7o Cultural Renato Russo ter\u00e1 uma programa\u00e7\u00e3o especial para as crian\u00e7as no dia 12, das 11h \u00e0s 18h. Nos dias 13, 14 e 15, abrir\u00e1 normalmente, das 10h \u00e0s 20h. A gibiteca estar\u00e1 aberta apenas no dia 14, das 10h \u00e0s 17h<br \/>\n\u2013 O Museu do Catetinho abre nos dias 12, 14 e 15, das 9h \u00e0s 17h, e fecha no dia 13<br \/>\n\u2013 O Eixo Cultural Ibero-Americano fecha no dia 12 e abre nos demais<br \/>\n\u2013 O Memorial dos Povos Ind\u00edgenas abre nos dias 12, 14 e 15, das 9h \u00e0s 17h, e fecha no dia 13<br \/>\n\u2013 A Biblioteca P\u00fablica de Bras\u00edlia abre apenas no dia 14, das 7h30 \u00e0s 13h30, assim como o Centro de Dan\u00e7a, que tamb\u00e9m s\u00f3 abre no dia 14, das 8h \u00e0s 22h<br \/>\n\u2013 Funcionar\u00e3o normalmente a Concha Ac\u00fastica, das 9h \u00e0s 18h; o Museu de Bras\u00edlia, das 10h \u00e0s 19h; o Centro Cultural Tr\u00eas Poderes e o Espa\u00e7o Oscar Niemeyer, das 9h \u00e0s 17h<br \/>\n\u2013 O Complexo Cultural de Planaltina, a Biblioteca Nacional de Bras\u00edlia e o Museu Nacional da Rep\u00fablica estar\u00e3o fechados entre os dias 12 ao 15<\/p>\n<p><strong>\u200cTrabalho<\/strong><br \/>\nAs ag\u00eancias do trabalhador estar\u00e3o fechadas no Dia de Nossa Senhora Aparecida, mas voltam a funcionar normalmente, das 8h \u00e0s 17h, no ponto facultativo<\/p>\n<p><strong>\u200cCeasa<\/strong><br \/>\nFuncionar\u00e1 normalmente<\/p>\n<p><strong>\u200cBRB<\/strong><br \/>\nAs ag\u00eancias e correspondentes banc\u00e1rios n\u00e3o abrir\u00e3o no dia 12, mas voltam a funcionar normalmente no dia 13 \u2013 das 11h \u00e0s 16h, no caso das ag\u00eancias, e das 8h30 \u00e0s 17h, em rela\u00e7\u00e3o aos correspondentes (com exce\u00e7\u00e3o das unidades instaladas nos postos do Na Hora, que prestam atendimento das 8h30 \u00e0s 18h30)<\/p>\n<p>\u200cO Mirante da Torre de TV n\u00e3o ter\u00e1 mudan\u00e7a no funcionamento nesta semana e abre, de ter\u00e7a a domingo, das 9h \u00e0s 18h45. A Fonte Luminosa tamb\u00e9m mant\u00e9m os hor\u00e1rios normais: s\u00e1bados e feriados, das 9h \u00e0s 22h, sem intervalo; ter\u00e7a a sexta-feira, das 9h \u00e0s 14h e 16h \u00e0s 22h; e domingo, das 9h \u00e0s 20h, tamb\u00e9m sem intervalo.<\/p>\n<p><strong>\u200c\u00c1gua e energia<\/strong><br \/>\nA Companhia de Saneamento Ambiental do DF (Caesb) informa que n\u00e3o haver\u00e1 expediente nos dias 12 e 13, mas as equipes de manuten\u00e7\u00e3o seguir\u00e3o trabalhando em regime de plant\u00e3o. Tamb\u00e9m n\u00e3o haver\u00e1 atendimento nos escrit\u00f3rios e postos do Na Hora. O App, o site e o telefone 115 funcionam ininterruptamente.<\/p>\n<p>\u200cA Neoenergia comunica que os servi\u00e7os presenciais n\u00e3o estar\u00e3o dispon\u00edveis nos dias 12 e 13 e que as equipes de opera\u00e7\u00e3o trabalhar\u00e3o em esquema de plant\u00e3o. Por\u00e9m, salienta que os clientes podem buscar os canais digitais, que oferecem mais de 50 funcionalidades.<\/p>\n<p><strong>\u200cLimpeza Urbana<\/strong><br \/>\nO Servi\u00e7o de Limpeza Urbana (SLU) informa que as unidades operacionais funcionar\u00e3o normalmente. Estar\u00e3o em opera\u00e7\u00e3o a Unidade de Recebimento de Entulho (URE), o Aterro Sanit\u00e1rio de Bras\u00edlia (ASB) e as usinas de compostagem, al\u00e9m das instala\u00e7\u00f5es de recupera\u00e7\u00e3o de recicl\u00e1veis (IRRs), transbordos e ger\u00eancias de limpeza. Os papa-entulhos tamb\u00e9m permanecem abertos.<\/p>\n<p>\u200cAs coletas convencional e seletiva seguem cronograma normal.<\/p>\n<p><strong>\u200cParques<\/strong><br \/>\nConforme o Instituto Bras\u00edlia Ambiental, todas as unidades de conserva\u00e7\u00e3o administradas pela autarquia funcionam normalmente nos dias 12 e 13.<br \/>\n\u2013 Parque Ecol\u00f3gico do Anfiteatro Natural do Lago Sul: aberto todos os dias, das 6h \u00e0s 18h<br \/>\n\u2013 Parque Ecol\u00f3gico de \u00c1guas Claras: aberto todos os dias, das 5h \u00e0s 22h<br \/>\n\u2013 Parque Ecol\u00f3gico Areal: aberto todos os dias, das 6h \u00e0s 18h<br \/>\n\u2013 Parque Ecol\u00f3gico da Asa Sul: aberto todos os dias, das 6h \u00e0s 20h<br \/>\n\u2013 Parque Distrital das Copa\u00edbas: aberto todos os dias, das 8h \u00e0s 18h<br \/>\n\u2013 Parque Ecol\u00f3gico Cortado: aberto todos os dias, das 6h \u00e0s 20h<br \/>\n\u2013 Monumento Natural Dom Bosco: aberto todos os dias, das 6h \u00e0s 20h<br \/>\n\u2013 Parque Ecol\u00f3gico Ezechias Heringer: aberto todos os dias, das 6h \u00e0s 22h<br \/>\n\u2013 Parque Recreativo do Gama: aberto todos os dias, das 6h \u00e0s 18h<br \/>\n\u2013 Parque Ecol\u00f3gico do Lago Norte: aberto todos os dias, das 6h \u00e0s 18h<br \/>\n\u2013 Parque Ecol\u00f3gico Olhos D\u2019\u00e1gua: aberto todos os dias \u2013 port\u00e3o principal, das 5h30 \u00e0s 20h, e port\u00f5es laterais, das 6h \u00e0s 18h<br \/>\n\u2013 Parque Ecol\u00f3gico do Parano\u00e1: aberto todos os dias, das 6h \u00e0s 18h<br \/>\n\u2013 Parque Ecol\u00f3gico Pen\u00ednsula Sul: aberto todos os dias, das 6h \u00e0s 22h<br \/>\n\u2013 Parque Ecol\u00f3gico do Riacho Fundo: aberto todos os dias, das 6h \u00e0s 18h<br \/>\n\u2013 Parque Ecol\u00f3gico Saburo Onoyama: aberto todos os dias, das 6h \u00e0s 18h<br \/>\n\u2013 Parque Ecol\u00f3gico Sucupira: aberto todos os dias, das 6h \u00e0s 20h<br \/>\n\u2013 Parque Ecol\u00f3gico Tr\u00eas Meninas: aberto todos os dias, das 7h \u00e0s 18h<br \/>\n\u2013 Parque Ecol\u00f3gico Veredinha: aberto todos os dias, das 6h \u00e0s 22h<\/p>\n","protected":false},"excerpt":{"rendered":"<p>Esta quinta-feira (12) \u00e9 Dia de Nossa Senhora Aparecida, padroeira do Brasil e de Bras\u00edlia, e tamb\u00e9m Dia das Crian\u00e7as. Por isso, o funcionamento dos \u00f3rg\u00e3os e servi\u00e7os do Governo do Distrito Federal (GDF) sofrer\u00e1 mudan\u00e7as. O mesmo ocorre na sexta-feira (13), que ser\u00e1 ponto facultativo no GDF. A seguir, confira, ponto a ponto, o [&hellip;]<\/p>\n","protected":false},"author":2,"featured_media":314492,"comment_status":"closed","ping_status":"closed","sticky":false,"template":"","format":"standard","meta":{"_acf_changed":false,"footnotes":""},"categories":[161],"tags":[],"class_list":["post-314491","post","type-post","status-publish","format-standard","has-post-thumbnail","hentry","category-quadradinho-em-foco"],"acf":[],"yoast_head":"<!-- This site is optimized with the Yoast SEO plugin v27.2 - https:\/\/yoast.com\/product\/yoast-seo-wordpress\/ -->\n<title>Fique por dentro e curta tranquilo o feriad\u00e3o na cidade - Notibras<\/title>\n<meta name=\"robots\" content=\"index, follow, max-snippet:-1, max-image-preview:large, max-video-preview:-1\" \/>\n<link rel=\"canonical\" href=\"https:\/\/www.notibras.com\/site\/fique-por-dentro-e-curta-tranquilo-o-feriadao-na-cidade\/\" \/>\n<meta property=\"og:locale\" content=\"pt_BR\" \/>\n<meta property=\"og:type\" content=\"article\" \/>\n<meta property=\"og:title\" content=\"Fique por dentro e curta tranquilo o feriad\u00e3o na cidade - Notibras\" \/>\n<meta property=\"og:description\" content=\"Esta quinta-feira (12) \u00e9 Dia de Nossa Senhora Aparecida, padroeira do Brasil e de Bras\u00edlia, e tamb\u00e9m Dia das Crian\u00e7as. Por isso, o funcionamento dos \u00f3rg\u00e3os e servi\u00e7os do Governo do Distrito Federal (GDF) sofrer\u00e1 mudan\u00e7as. O mesmo ocorre na sexta-feira (13), que ser\u00e1 ponto facultativo no GDF. A seguir, confira, ponto a ponto, o [&hellip;]\" \/>\n<meta property=\"og:url\" content=\"https:\/\/www.notibras.com\/site\/fique-por-dentro-e-curta-tranquilo-o-feriadao-na-cidade\/\" \/>\n<meta property=\"og:site_name\" content=\"Notibras\" \/>\n<meta property=\"article:publisher\" content=\"https:\/\/www.facebook.com\/notibras\/\" \/>\n<meta property=\"article:published_time\" content=\"2023-10-11T03:00:50+00:00\" \/>\n<meta property=\"article:modified_time\" content=\"2023-10-11T12:09:01+00:00\" \/>\n<meta property=\"og:image\" content=\"https:\/\/www.notibras.com\/site\/wp-content\/uploads\/2023\/10\/Jardim-Botanico-Foto-Geovana-Albuquerque-768x512-1.jpg\" \/>\n\t<meta property=\"og:image:width\" content=\"768\" \/>\n\t<meta property=\"og:image:height\" content=\"512\" \/>\n\t<meta property=\"og:image:type\" content=\"image\/jpeg\" \/>\n<meta name=\"author\" content=\"Reda\u00e7\u00e3o\" \/>\n<meta name=\"twitter:card\" content=\"summary_large_image\" \/>\n<meta name=\"twitter:creator\" content=\"@Notibras\" \/>\n<meta name=\"twitter:site\" content=\"@Notibras\" \/>\n<meta name=\"twitter:label1\" content=\"Escrito por\" \/>\n\t<meta name=\"twitter:data1\" content=\"Reda\u00e7\u00e3o\" \/>\n\t<meta name=\"twitter:label2\" content=\"Est. tempo de leitura\" \/>\n\t<meta name=\"twitter:data2\" content=\"11 minutos\" \/>\n<script type=\"application\/ld+json\" class=\"yoast-schema-graph\">{\"@context\":\"https:\/\/schema.org\",\"@graph\":[{\"@type\":\"Article\",\"@id\":\"https:\/\/www.notibras.com\/site\/fique-por-dentro-e-curta-tranquilo-o-feriadao-na-cidade\/#article\",\"isPartOf\":{\"@id\":\"https:\/\/www.notibras.com\/site\/fique-por-dentro-e-curta-tranquilo-o-feriadao-na-cidade\/\"},\"author\":{\"name\":\"Reda\u00e7\u00e3o\",\"@id\":\"https:\/\/www.notibras.com\/site\/#\/schema\/person\/36ab0979449956132d3e5b517ea76ac8\"},\"headline\":\"Fique por dentro e curta tranquilo o feriad\u00e3o na cidade\",\"datePublished\":\"2023-10-11T03:00:50+00:00\",\"dateModified\":\"2023-10-11T12:09:01+00:00\",\"mainEntityOfPage\":{\"@id\":\"https:\/\/www.notibras.com\/site\/fique-por-dentro-e-curta-tranquilo-o-feriadao-na-cidade\/\"},\"wordCount\":2058,\"publisher\":{\"@id\":\"https:\/\/www.notibras.com\/site\/#organization\"},\"image\":{\"@id\":\"https:\/\/www.notibras.com\/site\/fique-por-dentro-e-curta-tranquilo-o-feriadao-na-cidade\/#primaryimage\"},\"thumbnailUrl\":\"https:\/\/www.notibras.com\/site\/wp-content\/uploads\/2023\/10\/Jardim-Botanico-Foto-Geovana-Albuquerque-768x512-1.jpg\",\"articleSection\":[\"Quadradinho em Foco\"],\"inLanguage\":\"pt-BR\"},{\"@type\":\"WebPage\",\"@id\":\"https:\/\/www.notibras.com\/site\/fique-por-dentro-e-curta-tranquilo-o-feriadao-na-cidade\/\",\"url\":\"https:\/\/www.notibras.com\/site\/fique-por-dentro-e-curta-tranquilo-o-feriadao-na-cidade\/\",\"name\":\"Fique por dentro e curta tranquilo o feriad\u00e3o na cidade - Notibras\",\"isPartOf\":{\"@id\":\"https:\/\/www.notibras.com\/site\/#website\"},\"primaryImageOfPage\":{\"@id\":\"https:\/\/www.notibras.com\/site\/fique-por-dentro-e-curta-tranquilo-o-feriadao-na-cidade\/#primaryimage\"},\"image\":{\"@id\":\"https:\/\/www.notibras.com\/site\/fique-por-dentro-e-curta-tranquilo-o-feriadao-na-cidade\/#primaryimage\"},\"thumbnailUrl\":\"https:\/\/www.notibras.com\/site\/wp-content\/uploads\/2023\/10\/Jardim-Botanico-Foto-Geovana-Albuquerque-768x512-1.jpg\",\"datePublished\":\"2023-10-11T03:00:50+00:00\",\"dateModified\":\"2023-10-11T12:09:01+00:00\",\"breadcrumb\":{\"@id\":\"https:\/\/www.notibras.com\/site\/fique-por-dentro-e-curta-tranquilo-o-feriadao-na-cidade\/#breadcrumb\"},\"inLanguage\":\"pt-BR\",\"potentialAction\":[{\"@type\":\"ReadAction\",\"target\":[\"https:\/\/www.notibras.com\/site\/fique-por-dentro-e-curta-tranquilo-o-feriadao-na-cidade\/\"]}]},{\"@type\":\"ImageObject\",\"inLanguage\":\"pt-BR\",\"@id\":\"https:\/\/www.notibras.com\/site\/fique-por-dentro-e-curta-tranquilo-o-feriadao-na-cidade\/#primaryimage\",\"url\":\"https:\/\/www.notibras.com\/site\/wp-content\/uploads\/2023\/10\/Jardim-Botanico-Foto-Geovana-Albuquerque-768x512-1.jpg\",\"contentUrl\":\"https:\/\/www.notibras.com\/site\/wp-content\/uploads\/2023\/10\/Jardim-Botanico-Foto-Geovana-Albuquerque-768x512-1.jpg\",\"width\":768,\"height\":512},{\"@type\":\"BreadcrumbList\",\"@id\":\"https:\/\/www.notibras.com\/site\/fique-por-dentro-e-curta-tranquilo-o-feriadao-na-cidade\/#breadcrumb\",\"itemListElement\":[{\"@type\":\"ListItem\",\"position\":1,\"name\":\"In\u00edcio\",\"item\":\"https:\/\/www.notibras.com\/site\/\"},{\"@type\":\"ListItem\",\"position\":2,\"name\":\"Fique por dentro e curta tranquilo o feriad\u00e3o na cidade\"}]},{\"@type\":\"WebSite\",\"@id\":\"https:\/\/www.notibras.com\/site\/#website\",\"url\":\"https:\/\/www.notibras.com\/site\/\",\"name\":\"Notibras\",\"description\":\"Not\u00edcias de Bras\u00edlia, do Brasil e do Mundo\",\"publisher\":{\"@id\":\"https:\/\/www.notibras.com\/site\/#organization\"},\"potentialAction\":[{\"@type\":\"SearchAction\",\"target\":{\"@type\":\"EntryPoint\",\"urlTemplate\":\"https:\/\/www.notibras.com\/site\/?s={search_term_string}\"},\"query-input\":{\"@type\":\"PropertyValueSpecification\",\"valueRequired\":true,\"valueName\":\"search_term_string\"}}],\"inLanguage\":\"pt-BR\"},{\"@type\":\"Organization\",\"@id\":\"https:\/\/www.notibras.com\/site\/#organization\",\"name\":\"Grupo Notibras de Comunica\u00e7\u00e3o\",\"url\":\"https:\/\/www.notibras.com\/site\/\",\"logo\":{\"@type\":\"ImageObject\",\"inLanguage\":\"pt-BR\",\"@id\":\"https:\/\/www.notibras.com\/site\/#\/schema\/logo\/image\/\",\"url\":\"https:\/\/www.notibras.com\/site\/wp-content\/uploads\/2023\/01\/notibras23.png\",\"contentUrl\":\"https:\/\/www.notibras.com\/site\/wp-content\/uploads\/2023\/01\/notibras23.png\",\"width\":350,\"height\":87,\"caption\":\"Grupo Notibras de Comunica\u00e7\u00e3o\"},\"image\":{\"@id\":\"https:\/\/www.notibras.com\/site\/#\/schema\/logo\/image\/\"},\"sameAs\":[\"https:\/\/www.facebook.com\/notibras\/\",\"https:\/\/x.com\/Notibras\",\"https:\/\/www.instagram.com\/notibras\/\"]},{\"@type\":\"Person\",\"@id\":\"https:\/\/www.notibras.com\/site\/#\/schema\/person\/36ab0979449956132d3e5b517ea76ac8\",\"name\":\"Reda\u00e7\u00e3o\",\"image\":{\"@type\":\"ImageObject\",\"inLanguage\":\"pt-BR\",\"@id\":\"https:\/\/secure.gravatar.com\/avatar\/e0a867bdedb85fd243eadf09663511f96fc81e0720a4a42581f334ad4303aa6b?s=96&d=mm&r=g\",\"url\":\"https:\/\/secure.gravatar.com\/avatar\/e0a867bdedb85fd243eadf09663511f96fc81e0720a4a42581f334ad4303aa6b?s=96&d=mm&r=g\",\"contentUrl\":\"https:\/\/secure.gravatar.com\/avatar\/e0a867bdedb85fd243eadf09663511f96fc81e0720a4a42581f334ad4303aa6b?s=96&d=mm&r=g\",\"caption\":\"Reda\u00e7\u00e3o\"}}]}<\/script>\n<!-- \/ Yoast SEO plugin. -->","yoast_head_json":{"title":"Fique por dentro e curta tranquilo o feriad\u00e3o na cidade - Notibras","robots":{"index":"index","follow":"follow","max-snippet":"max-snippet:-1","max-image-preview":"max-image-preview:large","max-video-preview":"max-video-preview:-1"},"canonical":"https:\/\/www.notibras.com\/site\/fique-por-dentro-e-curta-tranquilo-o-feriadao-na-cidade\/","og_locale":"pt_BR","og_type":"article","og_title":"Fique por dentro e curta tranquilo o feriad\u00e3o na cidade - Notibras","og_description":"Esta quinta-feira (12) \u00e9 Dia de Nossa Senhora Aparecida, padroeira do Brasil e de Bras\u00edlia, e tamb\u00e9m Dia das Crian\u00e7as. Por isso, o funcionamento dos \u00f3rg\u00e3os e servi\u00e7os do Governo do Distrito Federal (GDF) sofrer\u00e1 mudan\u00e7as. O mesmo ocorre na sexta-feira (13), que ser\u00e1 ponto facultativo no GDF. A seguir, confira, ponto a ponto, o [&hellip;]","og_url":"https:\/\/www.notibras.com\/site\/fique-por-dentro-e-curta-tranquilo-o-feriadao-na-cidade\/","og_site_name":"Notibras","article_publisher":"https:\/\/www.facebook.com\/notibras\/","article_published_time":"2023-10-11T03:00:50+00:00","article_modified_time":"2023-10-11T12:09:01+00:00","og_image":[{"width":768,"height":512,"url":"https:\/\/www.notibras.com\/site\/wp-content\/uploads\/2023\/10\/Jardim-Botanico-Foto-Geovana-Albuquerque-768x512-1.jpg","type":"image\/jpeg"}],"author":"Reda\u00e7\u00e3o","twitter_card":"summary_large_image","twitter_creator":"@Notibras","twitter_site":"@Notibras","twitter_misc":{"Escrito por":"Reda\u00e7\u00e3o","Est. tempo de leitura":"11 minutos"},"schema":{"@context":"https:\/\/schema.org","@graph":[{"@type":"Article","@id":"https:\/\/www.notibras.com\/site\/fique-por-dentro-e-curta-tranquilo-o-feriadao-na-cidade\/#article","isPartOf":{"@id":"https:\/\/www.notibras.com\/site\/fique-por-dentro-e-curta-tranquilo-o-feriadao-na-cidade\/"},"author":{"name":"Reda\u00e7\u00e3o","@id":"https:\/\/www.notibras.com\/site\/#\/schema\/person\/36ab0979449956132d3e5b517ea76ac8"},"headline":"Fique por dentro e curta tranquilo o feriad\u00e3o na cidade","datePublished":"2023-10-11T03:00:50+00:00","dateModified":"2023-10-11T12:09:01+00:00","mainEntityOfPage":{"@id":"https:\/\/www.notibras.com\/site\/fique-por-dentro-e-curta-tranquilo-o-feriadao-na-cidade\/"},"wordCount":2058,"publisher":{"@id":"https:\/\/www.notibras.com\/site\/#organization"},"image":{"@id":"https:\/\/www.notibras.com\/site\/fique-por-dentro-e-curta-tranquilo-o-feriadao-na-cidade\/#primaryimage"},"thumbnailUrl":"https:\/\/www.notibras.com\/site\/wp-content\/uploads\/2023\/10\/Jardim-Botanico-Foto-Geovana-Albuquerque-768x512-1.jpg","articleSection":["Quadradinho em Foco"],"inLanguage":"pt-BR"},{"@type":"WebPage","@id":"https:\/\/www.notibras.com\/site\/fique-por-dentro-e-curta-tranquilo-o-feriadao-na-cidade\/","url":"https:\/\/www.notibras.com\/site\/fique-por-dentro-e-curta-tranquilo-o-feriadao-na-cidade\/","name":"Fique por dentro e curta tranquilo o feriad\u00e3o na cidade - Notibras","isPartOf":{"@id":"https:\/\/www.notibras.com\/site\/#website"},"primaryImageOfPage":{"@id":"https:\/\/www.notibras.com\/site\/fique-por-dentro-e-curta-tranquilo-o-feriadao-na-cidade\/#primaryimage"},"image":{"@id":"https:\/\/www.notibras.com\/site\/fique-por-dentro-e-curta-tranquilo-o-feriadao-na-cidade\/#primaryimage"},"thumbnailUrl":"https:\/\/www.notibras.com\/site\/wp-content\/uploads\/2023\/10\/Jardim-Botanico-Foto-Geovana-Albuquerque-768x512-1.jpg","datePublished":"2023-10-11T03:00:50+00:00","dateModified":"2023-10-11T12:09:01+00:00","breadcrumb":{"@id":"https:\/\/www.notibras.com\/site\/fique-por-dentro-e-curta-tranquilo-o-feriadao-na-cidade\/#breadcrumb"},"inLanguage":"pt-BR","potentialAction":[{"@type":"ReadAction","target":["https:\/\/www.notibras.com\/site\/fique-por-dentro-e-curta-tranquilo-o-feriadao-na-cidade\/"]}]},{"@type":"ImageObject","inLanguage":"pt-BR","@id":"https:\/\/www.notibras.com\/site\/fique-por-dentro-e-curta-tranquilo-o-feriadao-na-cidade\/#primaryimage","url":"https:\/\/www.notibras.com\/site\/wp-content\/uploads\/2023\/10\/Jardim-Botanico-Foto-Geovana-Albuquerque-768x512-1.jpg","contentUrl":"https:\/\/www.notibras.com\/site\/wp-content\/uploads\/2023\/10\/Jardim-Botanico-Foto-Geovana-Albuquerque-768x512-1.jpg","width":768,"height":512},{"@type":"BreadcrumbList","@id":"https:\/\/www.notibras.com\/site\/fique-por-dentro-e-curta-tranquilo-o-feriadao-na-cidade\/#breadcrumb","itemListElement":[{"@type":"ListItem","position":1,"name":"In\u00edcio","item":"https:\/\/www.notibras.com\/site\/"},{"@type":"ListItem","position":2,"name":"Fique por dentro e curta tranquilo o feriad\u00e3o na cidade"}]},{"@type":"WebSite","@id":"https:\/\/www.notibras.com\/site\/#website","url":"https:\/\/www.notibras.com\/site\/","name":"Notibras","description":"Not\u00edcias de Bras\u00edlia, do Brasil e do Mundo","publisher":{"@id":"https:\/\/www.notibras.com\/site\/#organization"},"potentialAction":[{"@type":"SearchAction","target":{"@type":"EntryPoint","urlTemplate":"https:\/\/www.notibras.com\/site\/?s={search_term_string}"},"query-input":{"@type":"PropertyValueSpecification","valueRequired":true,"valueName":"search_term_string"}}],"inLanguage":"pt-BR"},{"@type":"Organization","@id":"https:\/\/www.notibras.com\/site\/#organization","name":"Grupo Notibras de Comunica\u00e7\u00e3o","url":"https:\/\/www.notibras.com\/site\/","logo":{"@type":"ImageObject","inLanguage":"pt-BR","@id":"https:\/\/www.notibras.com\/site\/#\/schema\/logo\/image\/","url":"https:\/\/www.notibras.com\/site\/wp-content\/uploads\/2023\/01\/notibras23.png","contentUrl":"https:\/\/www.notibras.com\/site\/wp-content\/uploads\/2023\/01\/notibras23.png","width":350,"height":87,"caption":"Grupo Notibras de Comunica\u00e7\u00e3o"},"image":{"@id":"https:\/\/www.notibras.com\/site\/#\/schema\/logo\/image\/"},"sameAs":["https:\/\/www.facebook.com\/notibras\/","https:\/\/x.com\/Notibras","https:\/\/www.instagram.com\/notibras\/"]},{"@type":"Person","@id":"https:\/\/www.notibras.com\/site\/#\/schema\/person\/36ab0979449956132d3e5b517ea76ac8","name":"Reda\u00e7\u00e3o","image":{"@type":"ImageObject","inLanguage":"pt-BR","@id":"https:\/\/secure.gravatar.com\/avatar\/e0a867bdedb85fd243eadf09663511f96fc81e0720a4a42581f334ad4303aa6b?s=96&d=mm&r=g","url":"https:\/\/secure.gravatar.com\/avatar\/e0a867bdedb85fd243eadf09663511f96fc81e0720a4a42581f334ad4303aa6b?s=96&d=mm&r=g","contentUrl":"https:\/\/secure.gravatar.com\/avatar\/e0a867bdedb85fd243eadf09663511f96fc81e0720a4a42581f334ad4303aa6b?s=96&d=mm&r=g","caption":"Reda\u00e7\u00e3o"}}]}},"amp_enabled":true,"_links":{"self":[{"href":"https:\/\/www.notibras.com\/site\/wp-json\/wp\/v2\/posts\/314491","targetHints":{"allow":["GET"]}}],"collection":[{"href":"https:\/\/www.notibras.com\/site\/wp-json\/wp\/v2\/posts"}],"about":[{"href":"https:\/\/www.notibras.com\/site\/wp-json\/wp\/v2\/types\/post"}],"author":[{"embeddable":true,"href":"https:\/\/www.notibras.com\/site\/wp-json\/wp\/v2\/users\/2"}],"replies":[{"embeddable":true,"href":"https:\/\/www.notibras.com\/site\/wp-json\/wp\/v2\/comments?post=314491"}],"version-history":[{"count":1,"href":"https:\/\/www.notibras.com\/site\/wp-json\/wp\/v2\/posts\/314491\/revisions"}],"predecessor-version":[{"id":314493,"href":"https:\/\/www.notibras.com\/site\/wp-json\/wp\/v2\/posts\/314491\/revisions\/314493"}],"wp:featuredmedia":[{"embeddable":true,"href":"https:\/\/www.notibras.com\/site\/wp-json\/wp\/v2\/media\/314492"}],"wp:attachment":[{"href":"https:\/\/www.notibras.com\/site\/wp-json\/wp\/v2\/media?parent=314491"}],"wp:term":[{"taxonomy":"category","embeddable":true,"href":"https:\/\/www.notibras.com\/site\/wp-json\/wp\/v2\/categories?post=314491"},{"taxonomy":"post_tag","embeddable":true,"href":"https:\/\/www.notibras.com\/site\/wp-json\/wp\/v2\/tags?post=314491"}],"curies":[{"name":"wp","href":"https:\/\/api.w.org\/{rel}","templated":true}]}}