{"id":314514,"date":"2023-10-12T10:01:04","date_gmt":"2023-10-12T13:01:04","guid":{"rendered":"https:\/\/www.notibras.com\/site\/?p=314514"},"modified":"2023-10-12T10:01:50","modified_gmt":"2023-10-12T13:01:50","slug":"nem-tedio-nem-cigarro-ze-vai-morrer-trabalhando","status":"publish","type":"post","link":"https:\/\/www.notibras.com\/site\/nem-tedio-nem-cigarro-ze-vai-morrer-trabalhando\/","title":{"rendered":"Nem t\u00e9dio nem cigarro; Z\u00e9 vai morrer trabalhando"},"content":{"rendered":"<p>Jos\u00e9 era perseguido por duas compuls\u00f5es, mas j\u00e1 havia tido outras. Dessa forma, restaram apenas o trabalho e o cigarro e, at\u00e9 onde se tem not\u00edcia, n\u00e3o \u00e9 certo qual se faz mais presente.<\/p>\n<p>Perto de completar 72 anos, quase todos muito bem vividos, o homem queria porque queria esticar ao m\u00e1ximo seu dia. Por isso, acabou por criar hor\u00e1rios esdr\u00faxulos para trabalhar. Dormia quase religiosamente \u00e0s 20h quando dava, o que era praticamente nunca.<\/p>\n<p>No entanto, era certo que, j\u00e1 \u00e0s 5h30, encontrava-se aceso como seus in\u00fameros cigarros para come\u00e7ar a labutar em seu computador. Da\u00ed em diante, entre uma tragada e outra, percorria as horas tentando ser mais r\u00e1pido do que o tique-taque do rel\u00f3gio pendurado na parede. De gosto duvidoso, algu\u00e9m poderia dizer. Todavia, uma rel\u00edquia, por sinal, adquirida pela vultosa quantia de 20 mangos num camel\u00f4 da pra\u00e7a do Rel\u00f3gio, em Taguatinga.<\/p>\n<p>Al\u00e9m do trabalho e do cigarro, Jos\u00e9 possu\u00eda dois mimos, que, outrora, tamb\u00e9m tiveram lugar de compuls\u00e3o. Hoje, entretanto, eram apenas momentos de lazer. Seja como for, serviam de v\u00e1lvula de escape para esse ser humano, \u00e0s vezes mais ser do que humano, mas, vez ou outra, tamb\u00e9m o contr\u00e1rio.<\/p>\n<p>Um desses regalos era a F\u00f3rmula 1, que o gajo assistia desde os tempos em que os pilotos aceleravam as suas baratinhas. &#8220;N\u00e3o t\u00f4 pra ningu\u00e9m!&#8221;, dizia com aquela voz carregada de alcatr\u00e3o. Jos\u00e9, cinzeiro ao lado, refestelado que nem menino diante de pote de sorvete, esparramava-se no confort\u00e1vel sof\u00e1 para assistir aquele festival de sonoridades mec\u00e2nicas na enorme televis\u00e3o na sala. Um cinema!<\/p>\n<p>O segundo mimo era o xadrez. Jos\u00e9, que gritava aos quatro cantos que havia sido campe\u00e3o desse esporte ol\u00edmpico, conheceu, por esses tempos, um advers\u00e1rio \u00e0 altura. Para falar a verdade, esse competidor possui nome e sobrenome. Um tal Andr\u00e9 Montanha, que, vez ou outra, tem aplicado uma s\u00e9rie de reveses ao nosso her\u00f3i.<\/p>\n<p>N\u00e3o obstante tais acontecimentos, reservo-me o direito de terminar essa hist\u00f3ria com um acontecimento, que, soube por fontes fidedignas, aconteceu ontem. Sim, ontem mesmo, dia 11\/10\/2023. Quem me disse e como fiquei sabendo, isso \u00e9 segredo e, obviamente, segredos devem ser guardados a sete chaves. Mas v\u00e1 l\u00e1! Deixemos essas quimeras de lado e vamos aos fatos, que, pleonasticamente, s\u00e3o ver\u00eddicos.<\/p>\n<p>Jos\u00e9 chegou ao seu amplo apartamento em \u00c1guas Claras. Retirou os sapatos e, sem for\u00e7as para atir\u00e1-los longe, os deixou onde ca\u00edram. Pegou o ma\u00e7o no bolso da camisa e sacou um cigarro. Em seguida, pegou o isqueiro e, com um giro m\u00e1gico, fez o fogo.<\/p>\n<p>Tudo parecia dentro dos conformes, at\u00e9 que o homem soltou um baita palavr\u00e3o, que, obviamente, n\u00e3o direi qual foi, mesmo porque algum leitor poderia ficar constrangido e parar por aqui mesmo a sua, espero, agrad\u00e1vel leitura. Mas posso falar o motivo, a causa, a motiva\u00e7\u00e3o, o gerador e o porqu\u00ea daquele turpil\u00f3quio. Em vez de colocar o cigarro na boca e depositar o ma\u00e7o sobre o sof\u00e1, Jos\u00e9 fez justamente o contr\u00e1rio. O resultado \u00e9 que quase ateou fogo na barba.<\/p>\n<p>Quem me disse isso? Reservo-me o direito de manter em sigilo as minhas fontes. Ah, logo ap\u00f3s o ocorrido, o pr\u00f3prio Jos\u00e9 me telefonou e me contou detalhadamente. Ainda por cima, me mandou essa: &#8220;Edu, pela primeira vez na vida, me senti um velho!&#8221;<\/p>\n","protected":false},"excerpt":{"rendered":"<p>Jos\u00e9 era perseguido por duas compuls\u00f5es, mas j\u00e1 havia tido outras. Dessa forma, restaram apenas o trabalho e o cigarro e, at\u00e9 onde se tem not\u00edcia, n\u00e3o \u00e9 certo qual se faz mais presente. Perto de completar 72 anos, quase todos muito bem vividos, o homem queria porque queria esticar ao m\u00e1ximo seu dia. Por [&hellip;]<\/p>\n","protected":false},"author":2,"featured_media":314515,"comment_status":"closed","ping_status":"closed","sticky":false,"template":"","format":"standard","meta":{"_acf_changed":false,"footnotes":""},"categories":[161],"tags":[],"class_list":["post-314514","post","type-post","status-publish","format-standard","has-post-thumbnail","hentry","category-quadradinho-em-foco"],"acf":[],"yoast_head":"<!-- This site is optimized with the Yoast SEO plugin v27.2 - https:\/\/yoast.com\/product\/yoast-seo-wordpress\/ -->\n<title>Nem t\u00e9dio nem cigarro; Z\u00e9 vai morrer trabalhando - Notibras<\/title>\n<meta name=\"robots\" content=\"index, follow, max-snippet:-1, max-image-preview:large, max-video-preview:-1\" \/>\n<link rel=\"canonical\" href=\"https:\/\/www.notibras.com\/site\/nem-tedio-nem-cigarro-ze-vai-morrer-trabalhando\/\" \/>\n<meta property=\"og:locale\" content=\"pt_BR\" \/>\n<meta property=\"og:type\" content=\"article\" \/>\n<meta property=\"og:title\" content=\"Nem t\u00e9dio nem cigarro; Z\u00e9 vai morrer trabalhando - Notibras\" \/>\n<meta property=\"og:description\" content=\"Jos\u00e9 era perseguido por duas compuls\u00f5es, mas j\u00e1 havia tido outras. Dessa forma, restaram apenas o trabalho e o cigarro e, at\u00e9 onde se tem not\u00edcia, n\u00e3o \u00e9 certo qual se faz mais presente. Perto de completar 72 anos, quase todos muito bem vividos, o homem queria porque queria esticar ao m\u00e1ximo seu dia. Por [&hellip;]\" \/>\n<meta property=\"og:url\" content=\"https:\/\/www.notibras.com\/site\/nem-tedio-nem-cigarro-ze-vai-morrer-trabalhando\/\" \/>\n<meta property=\"og:site_name\" content=\"Notibras\" \/>\n<meta property=\"article:publisher\" content=\"https:\/\/www.facebook.com\/notibras\/\" \/>\n<meta property=\"article:published_time\" content=\"2023-10-12T13:01:04+00:00\" \/>\n<meta property=\"article:modified_time\" content=\"2023-10-12T13:01:50+00:00\" \/>\n<meta property=\"og:image\" content=\"https:\/\/www.notibras.com\/site\/wp-content\/uploads\/2023\/10\/f2b06c52-5c0a-4a2b-8351-5b15e4084f7a.jpeg\" \/>\n\t<meta property=\"og:image:width\" content=\"768\" \/>\n\t<meta property=\"og:image:height\" content=\"1024\" \/>\n\t<meta property=\"og:image:type\" content=\"image\/jpeg\" \/>\n<meta name=\"author\" content=\"Reda\u00e7\u00e3o\" \/>\n<meta name=\"twitter:card\" content=\"summary_large_image\" \/>\n<meta name=\"twitter:creator\" content=\"@Notibras\" \/>\n<meta name=\"twitter:site\" content=\"@Notibras\" \/>\n<meta name=\"twitter:label1\" content=\"Escrito por\" \/>\n\t<meta name=\"twitter:data1\" content=\"Reda\u00e7\u00e3o\" \/>\n\t<meta name=\"twitter:label2\" content=\"Est. tempo de leitura\" \/>\n\t<meta name=\"twitter:data2\" content=\"4 minutos\" \/>\n<script type=\"application\/ld+json\" class=\"yoast-schema-graph\">{\"@context\":\"https:\/\/schema.org\",\"@graph\":[{\"@type\":\"Article\",\"@id\":\"https:\/\/www.notibras.com\/site\/nem-tedio-nem-cigarro-ze-vai-morrer-trabalhando\/#article\",\"isPartOf\":{\"@id\":\"https:\/\/www.notibras.com\/site\/nem-tedio-nem-cigarro-ze-vai-morrer-trabalhando\/\"},\"author\":{\"name\":\"Reda\u00e7\u00e3o\",\"@id\":\"https:\/\/www.notibras.com\/site\/#\/schema\/person\/36ab0979449956132d3e5b517ea76ac8\"},\"headline\":\"Nem t\u00e9dio nem cigarro; Z\u00e9 vai morrer trabalhando\",\"datePublished\":\"2023-10-12T13:01:04+00:00\",\"dateModified\":\"2023-10-12T13:01:50+00:00\",\"mainEntityOfPage\":{\"@id\":\"https:\/\/www.notibras.com\/site\/nem-tedio-nem-cigarro-ze-vai-morrer-trabalhando\/\"},\"wordCount\":598,\"publisher\":{\"@id\":\"https:\/\/www.notibras.com\/site\/#organization\"},\"image\":{\"@id\":\"https:\/\/www.notibras.com\/site\/nem-tedio-nem-cigarro-ze-vai-morrer-trabalhando\/#primaryimage\"},\"thumbnailUrl\":\"https:\/\/www.notibras.com\/site\/wp-content\/uploads\/2023\/10\/f2b06c52-5c0a-4a2b-8351-5b15e4084f7a.jpeg\",\"articleSection\":[\"Quadradinho em Foco\"],\"inLanguage\":\"pt-BR\"},{\"@type\":\"WebPage\",\"@id\":\"https:\/\/www.notibras.com\/site\/nem-tedio-nem-cigarro-ze-vai-morrer-trabalhando\/\",\"url\":\"https:\/\/www.notibras.com\/site\/nem-tedio-nem-cigarro-ze-vai-morrer-trabalhando\/\",\"name\":\"Nem t\u00e9dio nem cigarro; Z\u00e9 vai morrer trabalhando - Notibras\",\"isPartOf\":{\"@id\":\"https:\/\/www.notibras.com\/site\/#website\"},\"primaryImageOfPage\":{\"@id\":\"https:\/\/www.notibras.com\/site\/nem-tedio-nem-cigarro-ze-vai-morrer-trabalhando\/#primaryimage\"},\"image\":{\"@id\":\"https:\/\/www.notibras.com\/site\/nem-tedio-nem-cigarro-ze-vai-morrer-trabalhando\/#primaryimage\"},\"thumbnailUrl\":\"https:\/\/www.notibras.com\/site\/wp-content\/uploads\/2023\/10\/f2b06c52-5c0a-4a2b-8351-5b15e4084f7a.jpeg\",\"datePublished\":\"2023-10-12T13:01:04+00:00\",\"dateModified\":\"2023-10-12T13:01:50+00:00\",\"breadcrumb\":{\"@id\":\"https:\/\/www.notibras.com\/site\/nem-tedio-nem-cigarro-ze-vai-morrer-trabalhando\/#breadcrumb\"},\"inLanguage\":\"pt-BR\",\"potentialAction\":[{\"@type\":\"ReadAction\",\"target\":[\"https:\/\/www.notibras.com\/site\/nem-tedio-nem-cigarro-ze-vai-morrer-trabalhando\/\"]}]},{\"@type\":\"ImageObject\",\"inLanguage\":\"pt-BR\",\"@id\":\"https:\/\/www.notibras.com\/site\/nem-tedio-nem-cigarro-ze-vai-morrer-trabalhando\/#primaryimage\",\"url\":\"https:\/\/www.notibras.com\/site\/wp-content\/uploads\/2023\/10\/f2b06c52-5c0a-4a2b-8351-5b15e4084f7a.jpeg\",\"contentUrl\":\"https:\/\/www.notibras.com\/site\/wp-content\/uploads\/2023\/10\/f2b06c52-5c0a-4a2b-8351-5b15e4084f7a.jpeg\",\"width\":768,\"height\":1024},{\"@type\":\"BreadcrumbList\",\"@id\":\"https:\/\/www.notibras.com\/site\/nem-tedio-nem-cigarro-ze-vai-morrer-trabalhando\/#breadcrumb\",\"itemListElement\":[{\"@type\":\"ListItem\",\"position\":1,\"name\":\"In\u00edcio\",\"item\":\"https:\/\/www.notibras.com\/site\/\"},{\"@type\":\"ListItem\",\"position\":2,\"name\":\"Nem t\u00e9dio nem cigarro; Z\u00e9 vai morrer trabalhando\"}]},{\"@type\":\"WebSite\",\"@id\":\"https:\/\/www.notibras.com\/site\/#website\",\"url\":\"https:\/\/www.notibras.com\/site\/\",\"name\":\"Notibras\",\"description\":\"Not\u00edcias de Bras\u00edlia, do Brasil e do Mundo\",\"publisher\":{\"@id\":\"https:\/\/www.notibras.com\/site\/#organization\"},\"potentialAction\":[{\"@type\":\"SearchAction\",\"target\":{\"@type\":\"EntryPoint\",\"urlTemplate\":\"https:\/\/www.notibras.com\/site\/?s={search_term_string}\"},\"query-input\":{\"@type\":\"PropertyValueSpecification\",\"valueRequired\":true,\"valueName\":\"search_term_string\"}}],\"inLanguage\":\"pt-BR\"},{\"@type\":\"Organization\",\"@id\":\"https:\/\/www.notibras.com\/site\/#organization\",\"name\":\"Grupo Notibras de Comunica\u00e7\u00e3o\",\"url\":\"https:\/\/www.notibras.com\/site\/\",\"logo\":{\"@type\":\"ImageObject\",\"inLanguage\":\"pt-BR\",\"@id\":\"https:\/\/www.notibras.com\/site\/#\/schema\/logo\/image\/\",\"url\":\"https:\/\/www.notibras.com\/site\/wp-content\/uploads\/2023\/01\/notibras23.png\",\"contentUrl\":\"https:\/\/www.notibras.com\/site\/wp-content\/uploads\/2023\/01\/notibras23.png\",\"width\":350,\"height\":87,\"caption\":\"Grupo Notibras de Comunica\u00e7\u00e3o\"},\"image\":{\"@id\":\"https:\/\/www.notibras.com\/site\/#\/schema\/logo\/image\/\"},\"sameAs\":[\"https:\/\/www.facebook.com\/notibras\/\",\"https:\/\/x.com\/Notibras\",\"https:\/\/www.instagram.com\/notibras\/\"]},{\"@type\":\"Person\",\"@id\":\"https:\/\/www.notibras.com\/site\/#\/schema\/person\/36ab0979449956132d3e5b517ea76ac8\",\"name\":\"Reda\u00e7\u00e3o\",\"image\":{\"@type\":\"ImageObject\",\"inLanguage\":\"pt-BR\",\"@id\":\"https:\/\/secure.gravatar.com\/avatar\/e0a867bdedb85fd243eadf09663511f96fc81e0720a4a42581f334ad4303aa6b?s=96&d=mm&r=g\",\"url\":\"https:\/\/secure.gravatar.com\/avatar\/e0a867bdedb85fd243eadf09663511f96fc81e0720a4a42581f334ad4303aa6b?s=96&d=mm&r=g\",\"contentUrl\":\"https:\/\/secure.gravatar.com\/avatar\/e0a867bdedb85fd243eadf09663511f96fc81e0720a4a42581f334ad4303aa6b?s=96&d=mm&r=g\",\"caption\":\"Reda\u00e7\u00e3o\"}}]}<\/script>\n<!-- \/ Yoast SEO plugin. -->","yoast_head_json":{"title":"Nem t\u00e9dio nem cigarro; Z\u00e9 vai morrer trabalhando - Notibras","robots":{"index":"index","follow":"follow","max-snippet":"max-snippet:-1","max-image-preview":"max-image-preview:large","max-video-preview":"max-video-preview:-1"},"canonical":"https:\/\/www.notibras.com\/site\/nem-tedio-nem-cigarro-ze-vai-morrer-trabalhando\/","og_locale":"pt_BR","og_type":"article","og_title":"Nem t\u00e9dio nem cigarro; Z\u00e9 vai morrer trabalhando - Notibras","og_description":"Jos\u00e9 era perseguido por duas compuls\u00f5es, mas j\u00e1 havia tido outras. Dessa forma, restaram apenas o trabalho e o cigarro e, at\u00e9 onde se tem not\u00edcia, n\u00e3o \u00e9 certo qual se faz mais presente. Perto de completar 72 anos, quase todos muito bem vividos, o homem queria porque queria esticar ao m\u00e1ximo seu dia. Por [&hellip;]","og_url":"https:\/\/www.notibras.com\/site\/nem-tedio-nem-cigarro-ze-vai-morrer-trabalhando\/","og_site_name":"Notibras","article_publisher":"https:\/\/www.facebook.com\/notibras\/","article_published_time":"2023-10-12T13:01:04+00:00","article_modified_time":"2023-10-12T13:01:50+00:00","og_image":[{"width":768,"height":1024,"url":"https:\/\/www.notibras.com\/site\/wp-content\/uploads\/2023\/10\/f2b06c52-5c0a-4a2b-8351-5b15e4084f7a.jpeg","type":"image\/jpeg"}],"author":"Reda\u00e7\u00e3o","twitter_card":"summary_large_image","twitter_creator":"@Notibras","twitter_site":"@Notibras","twitter_misc":{"Escrito por":"Reda\u00e7\u00e3o","Est. tempo de leitura":"4 minutos"},"schema":{"@context":"https:\/\/schema.org","@graph":[{"@type":"Article","@id":"https:\/\/www.notibras.com\/site\/nem-tedio-nem-cigarro-ze-vai-morrer-trabalhando\/#article","isPartOf":{"@id":"https:\/\/www.notibras.com\/site\/nem-tedio-nem-cigarro-ze-vai-morrer-trabalhando\/"},"author":{"name":"Reda\u00e7\u00e3o","@id":"https:\/\/www.notibras.com\/site\/#\/schema\/person\/36ab0979449956132d3e5b517ea76ac8"},"headline":"Nem t\u00e9dio nem cigarro; Z\u00e9 vai morrer trabalhando","datePublished":"2023-10-12T13:01:04+00:00","dateModified":"2023-10-12T13:01:50+00:00","mainEntityOfPage":{"@id":"https:\/\/www.notibras.com\/site\/nem-tedio-nem-cigarro-ze-vai-morrer-trabalhando\/"},"wordCount":598,"publisher":{"@id":"https:\/\/www.notibras.com\/site\/#organization"},"image":{"@id":"https:\/\/www.notibras.com\/site\/nem-tedio-nem-cigarro-ze-vai-morrer-trabalhando\/#primaryimage"},"thumbnailUrl":"https:\/\/www.notibras.com\/site\/wp-content\/uploads\/2023\/10\/f2b06c52-5c0a-4a2b-8351-5b15e4084f7a.jpeg","articleSection":["Quadradinho em Foco"],"inLanguage":"pt-BR"},{"@type":"WebPage","@id":"https:\/\/www.notibras.com\/site\/nem-tedio-nem-cigarro-ze-vai-morrer-trabalhando\/","url":"https:\/\/www.notibras.com\/site\/nem-tedio-nem-cigarro-ze-vai-morrer-trabalhando\/","name":"Nem t\u00e9dio nem cigarro; Z\u00e9 vai morrer trabalhando - Notibras","isPartOf":{"@id":"https:\/\/www.notibras.com\/site\/#website"},"primaryImageOfPage":{"@id":"https:\/\/www.notibras.com\/site\/nem-tedio-nem-cigarro-ze-vai-morrer-trabalhando\/#primaryimage"},"image":{"@id":"https:\/\/www.notibras.com\/site\/nem-tedio-nem-cigarro-ze-vai-morrer-trabalhando\/#primaryimage"},"thumbnailUrl":"https:\/\/www.notibras.com\/site\/wp-content\/uploads\/2023\/10\/f2b06c52-5c0a-4a2b-8351-5b15e4084f7a.jpeg","datePublished":"2023-10-12T13:01:04+00:00","dateModified":"2023-10-12T13:01:50+00:00","breadcrumb":{"@id":"https:\/\/www.notibras.com\/site\/nem-tedio-nem-cigarro-ze-vai-morrer-trabalhando\/#breadcrumb"},"inLanguage":"pt-BR","potentialAction":[{"@type":"ReadAction","target":["https:\/\/www.notibras.com\/site\/nem-tedio-nem-cigarro-ze-vai-morrer-trabalhando\/"]}]},{"@type":"ImageObject","inLanguage":"pt-BR","@id":"https:\/\/www.notibras.com\/site\/nem-tedio-nem-cigarro-ze-vai-morrer-trabalhando\/#primaryimage","url":"https:\/\/www.notibras.com\/site\/wp-content\/uploads\/2023\/10\/f2b06c52-5c0a-4a2b-8351-5b15e4084f7a.jpeg","contentUrl":"https:\/\/www.notibras.com\/site\/wp-content\/uploads\/2023\/10\/f2b06c52-5c0a-4a2b-8351-5b15e4084f7a.jpeg","width":768,"height":1024},{"@type":"BreadcrumbList","@id":"https:\/\/www.notibras.com\/site\/nem-tedio-nem-cigarro-ze-vai-morrer-trabalhando\/#breadcrumb","itemListElement":[{"@type":"ListItem","position":1,"name":"In\u00edcio","item":"https:\/\/www.notibras.com\/site\/"},{"@type":"ListItem","position":2,"name":"Nem t\u00e9dio nem cigarro; Z\u00e9 vai morrer trabalhando"}]},{"@type":"WebSite","@id":"https:\/\/www.notibras.com\/site\/#website","url":"https:\/\/www.notibras.com\/site\/","name":"Notibras","description":"Not\u00edcias de Bras\u00edlia, do Brasil e do Mundo","publisher":{"@id":"https:\/\/www.notibras.com\/site\/#organization"},"potentialAction":[{"@type":"SearchAction","target":{"@type":"EntryPoint","urlTemplate":"https:\/\/www.notibras.com\/site\/?s={search_term_string}"},"query-input":{"@type":"PropertyValueSpecification","valueRequired":true,"valueName":"search_term_string"}}],"inLanguage":"pt-BR"},{"@type":"Organization","@id":"https:\/\/www.notibras.com\/site\/#organization","name":"Grupo Notibras de Comunica\u00e7\u00e3o","url":"https:\/\/www.notibras.com\/site\/","logo":{"@type":"ImageObject","inLanguage":"pt-BR","@id":"https:\/\/www.notibras.com\/site\/#\/schema\/logo\/image\/","url":"https:\/\/www.notibras.com\/site\/wp-content\/uploads\/2023\/01\/notibras23.png","contentUrl":"https:\/\/www.notibras.com\/site\/wp-content\/uploads\/2023\/01\/notibras23.png","width":350,"height":87,"caption":"Grupo Notibras de Comunica\u00e7\u00e3o"},"image":{"@id":"https:\/\/www.notibras.com\/site\/#\/schema\/logo\/image\/"},"sameAs":["https:\/\/www.facebook.com\/notibras\/","https:\/\/x.com\/Notibras","https:\/\/www.instagram.com\/notibras\/"]},{"@type":"Person","@id":"https:\/\/www.notibras.com\/site\/#\/schema\/person\/36ab0979449956132d3e5b517ea76ac8","name":"Reda\u00e7\u00e3o","image":{"@type":"ImageObject","inLanguage":"pt-BR","@id":"https:\/\/secure.gravatar.com\/avatar\/e0a867bdedb85fd243eadf09663511f96fc81e0720a4a42581f334ad4303aa6b?s=96&d=mm&r=g","url":"https:\/\/secure.gravatar.com\/avatar\/e0a867bdedb85fd243eadf09663511f96fc81e0720a4a42581f334ad4303aa6b?s=96&d=mm&r=g","contentUrl":"https:\/\/secure.gravatar.com\/avatar\/e0a867bdedb85fd243eadf09663511f96fc81e0720a4a42581f334ad4303aa6b?s=96&d=mm&r=g","caption":"Reda\u00e7\u00e3o"}}]}},"amp_enabled":true,"_links":{"self":[{"href":"https:\/\/www.notibras.com\/site\/wp-json\/wp\/v2\/posts\/314514","targetHints":{"allow":["GET"]}}],"collection":[{"href":"https:\/\/www.notibras.com\/site\/wp-json\/wp\/v2\/posts"}],"about":[{"href":"https:\/\/www.notibras.com\/site\/wp-json\/wp\/v2\/types\/post"}],"author":[{"embeddable":true,"href":"https:\/\/www.notibras.com\/site\/wp-json\/wp\/v2\/users\/2"}],"replies":[{"embeddable":true,"href":"https:\/\/www.notibras.com\/site\/wp-json\/wp\/v2\/comments?post=314514"}],"version-history":[{"count":1,"href":"https:\/\/www.notibras.com\/site\/wp-json\/wp\/v2\/posts\/314514\/revisions"}],"predecessor-version":[{"id":314516,"href":"https:\/\/www.notibras.com\/site\/wp-json\/wp\/v2\/posts\/314514\/revisions\/314516"}],"wp:featuredmedia":[{"embeddable":true,"href":"https:\/\/www.notibras.com\/site\/wp-json\/wp\/v2\/media\/314515"}],"wp:attachment":[{"href":"https:\/\/www.notibras.com\/site\/wp-json\/wp\/v2\/media?parent=314514"}],"wp:term":[{"taxonomy":"category","embeddable":true,"href":"https:\/\/www.notibras.com\/site\/wp-json\/wp\/v2\/categories?post=314514"},{"taxonomy":"post_tag","embeddable":true,"href":"https:\/\/www.notibras.com\/site\/wp-json\/wp\/v2\/tags?post=314514"}],"curies":[{"name":"wp","href":"https:\/\/api.w.org\/{rel}","templated":true}]}}