{"id":314612,"date":"2023-10-14T00:33:26","date_gmt":"2023-10-14T03:33:26","guid":{"rendered":"https:\/\/www.notibras.com\/site\/?p=314612"},"modified":"2023-10-14T04:35:19","modified_gmt":"2023-10-14T07:35:19","slug":"quase-metade-dos-panetones-e-usada-para-presentear","status":"publish","type":"post","link":"https:\/\/www.notibras.com\/site\/quase-metade-dos-panetones-e-usada-para-presentear\/","title":{"rendered":"Quase metade dos panetones \u00e9 usada para presentear"},"content":{"rendered":"<p>Entre novembro de 2022 e janeiro de 2023, o panetone atingiu 54,3% de penetra\u00e7\u00e3o dentro dos lares brasileiros \u2013 cerca de 33 milh\u00f5es de domic\u00edlios \u2013 e teve 42,5 mil toneladas consumidas. Com isso, a ind\u00fastria faturou R$ 725 milh\u00f5es no per\u00edodo, fazendo com que a categoria retomasse os patamares pr\u00e9-pandemia.<\/p>\n<p>Os n\u00fameros fazem parte de uma pesquisa desenvolvida pela Kantar, a pedido da Associa\u00e7\u00e3o Brasileira das Ind\u00fastrias de Biscoitos, Massas Aliment\u00edcias e P\u00e3es &amp; Bolos Industrializados (Abimapi), e contou com a participa\u00e7\u00e3o de mais de 10 mil lares de oito localidades: Norte, Nordeste, Centro-Oeste, Leste e Interior do Rio de Janeiro, Grande Rio de Janeiro, Grande S\u00e3o Paulo, Interior de S\u00e3o Paulo e Sul.<\/p>\n<p>No Pa\u00eds, o panetone tradicional \u00e9 o mais consumido, abocanhando 87,7% do total em volume. Dentro desse contexto, a vers\u00e3o de frutas \u00e9 a favorita (passando de 43,1% em volume entre novembro de 2021 e janeiro de 2022 para 53,9% no per\u00edodo seguinte). Os produtos recheados, por sua vez, representam 12,1% do total em volume. Aqui, o tipo trufado \u00e9 o mais relevante (33,7%), seguido pela vers\u00e3o recheada de chocolate (21,5%).<\/p>\n<p>Outro destaque do estudo \u00e9 que o panetone passou a ocupar o posto de \u201cPresente de final de ano\u201d. Isso porque cresceu 3,4% no per\u00edodo e j\u00e1 concentra 42% do volume de compras \u2013 o que representa cerca de um ter\u00e7o da produ\u00e7\u00e3o. Para essa finalidade, pessoas que moram sozinhas e fam\u00edlias monoparentais s\u00e3o os que mais v\u00eam recebendo panetones de presente (32,9% e 34,5% em volume, respectivamente), e as gramaturas maiores, acima de 500 gramas, t\u00eam sido cada vez mais escolhidas, como os panetones com mais de 1Kg: 66,5% deles s\u00e3o destinados a presentes.<\/p>\n<p>Para consumo pr\u00f3prio, entretanto, dois motivos principais levam o brasileiro a adquirir panetones: prazer (27,4% das ocasi\u00f5es) e saborear algo diferente (20,1%).<\/p>\n<p>Ainda \u00e9 v\u00e1lido destacar que o panetone \u00e9, de forma geral, mais adquirido na Grande S\u00e3o Paulo (20,2% do volume de compras), no Nordeste (18,6%) e no Interior de S\u00e3o Paulo (16,6%). J\u00e1 quando o assunto \u00e9 presente, em espec\u00edfico, o item possui mais for\u00e7a nas regi\u00f5es da Grande S\u00e3o Paulo (23,6% em volume de compras), do Interior de S\u00e3o Paulo (18,1%) e do Nordeste (16,4%).<\/p>\n","protected":false},"excerpt":{"rendered":"<p>Entre novembro de 2022 e janeiro de 2023, o panetone atingiu 54,3% de penetra\u00e7\u00e3o dentro dos lares brasileiros \u2013 cerca de 33 milh\u00f5es de domic\u00edlios \u2013 e teve 42,5 mil toneladas consumidas. Com isso, a ind\u00fastria faturou R$ 725 milh\u00f5es no per\u00edodo, fazendo com que a categoria retomasse os patamares pr\u00e9-pandemia. Os n\u00fameros fazem parte [&hellip;]<\/p>\n","protected":false},"author":2,"featured_media":290963,"comment_status":"closed","ping_status":"closed","sticky":false,"template":"","format":"standard","meta":{"_acf_changed":false,"footnotes":""},"categories":[161],"tags":[],"class_list":["post-314612","post","type-post","status-publish","format-standard","has-post-thumbnail","hentry","category-quadradinho-em-foco"],"acf":[],"yoast_head":"<!-- This site is optimized with the Yoast SEO plugin v27.2 - https:\/\/yoast.com\/product\/yoast-seo-wordpress\/ -->\n<title>Quase metade dos panetones \u00e9 usada para presentear - Notibras<\/title>\n<meta name=\"robots\" content=\"index, follow, max-snippet:-1, max-image-preview:large, max-video-preview:-1\" \/>\n<link rel=\"canonical\" href=\"https:\/\/www.notibras.com\/site\/quase-metade-dos-panetones-e-usada-para-presentear\/\" \/>\n<meta property=\"og:locale\" content=\"pt_BR\" \/>\n<meta property=\"og:type\" content=\"article\" \/>\n<meta property=\"og:title\" content=\"Quase metade dos panetones \u00e9 usada para presentear - Notibras\" \/>\n<meta property=\"og:description\" content=\"Entre novembro de 2022 e janeiro de 2023, o panetone atingiu 54,3% de penetra\u00e7\u00e3o dentro dos lares brasileiros \u2013 cerca de 33 milh\u00f5es de domic\u00edlios \u2013 e teve 42,5 mil toneladas consumidas. Com isso, a ind\u00fastria faturou R$ 725 milh\u00f5es no per\u00edodo, fazendo com que a categoria retomasse os patamares pr\u00e9-pandemia. Os n\u00fameros fazem parte [&hellip;]\" \/>\n<meta property=\"og:url\" content=\"https:\/\/www.notibras.com\/site\/quase-metade-dos-panetones-e-usada-para-presentear\/\" \/>\n<meta property=\"og:site_name\" content=\"Notibras\" \/>\n<meta property=\"article:publisher\" content=\"https:\/\/www.facebook.com\/notibras\/\" \/>\n<meta property=\"article:published_time\" content=\"2023-10-14T03:33:26+00:00\" \/>\n<meta property=\"article:modified_time\" content=\"2023-10-14T07:35:19+00:00\" \/>\n<meta property=\"og:image\" content=\"https:\/\/www.notibras.com\/site\/wp-content\/uploads\/2022\/08\/como_fazer_panetone_caseiro_20624_600.jpg\" \/>\n\t<meta property=\"og:image:width\" content=\"600\" \/>\n\t<meta property=\"og:image:height\" content=\"401\" \/>\n\t<meta property=\"og:image:type\" content=\"image\/jpeg\" \/>\n<meta name=\"author\" content=\"Reda\u00e7\u00e3o\" \/>\n<meta name=\"twitter:card\" content=\"summary_large_image\" \/>\n<meta name=\"twitter:creator\" content=\"@Notibras\" \/>\n<meta name=\"twitter:site\" content=\"@Notibras\" \/>\n<meta name=\"twitter:label1\" content=\"Escrito por\" \/>\n\t<meta name=\"twitter:data1\" content=\"Reda\u00e7\u00e3o\" \/>\n\t<meta name=\"twitter:label2\" content=\"Est. tempo de leitura\" \/>\n\t<meta name=\"twitter:data2\" content=\"3 minutos\" \/>\n<script type=\"application\/ld+json\" class=\"yoast-schema-graph\">{\"@context\":\"https:\/\/schema.org\",\"@graph\":[{\"@type\":\"Article\",\"@id\":\"https:\/\/www.notibras.com\/site\/quase-metade-dos-panetones-e-usada-para-presentear\/#article\",\"isPartOf\":{\"@id\":\"https:\/\/www.notibras.com\/site\/quase-metade-dos-panetones-e-usada-para-presentear\/\"},\"author\":{\"name\":\"Reda\u00e7\u00e3o\",\"@id\":\"https:\/\/www.notibras.com\/site\/#\/schema\/person\/36ab0979449956132d3e5b517ea76ac8\"},\"headline\":\"Quase metade dos panetones \u00e9 usada para presentear\",\"datePublished\":\"2023-10-14T03:33:26+00:00\",\"dateModified\":\"2023-10-14T07:35:19+00:00\",\"mainEntityOfPage\":{\"@id\":\"https:\/\/www.notibras.com\/site\/quase-metade-dos-panetones-e-usada-para-presentear\/\"},\"wordCount\":374,\"publisher\":{\"@id\":\"https:\/\/www.notibras.com\/site\/#organization\"},\"image\":{\"@id\":\"https:\/\/www.notibras.com\/site\/quase-metade-dos-panetones-e-usada-para-presentear\/#primaryimage\"},\"thumbnailUrl\":\"https:\/\/www.notibras.com\/site\/wp-content\/uploads\/2022\/08\/como_fazer_panetone_caseiro_20624_600.jpg\",\"articleSection\":[\"Quadradinho em Foco\"],\"inLanguage\":\"pt-BR\"},{\"@type\":\"WebPage\",\"@id\":\"https:\/\/www.notibras.com\/site\/quase-metade-dos-panetones-e-usada-para-presentear\/\",\"url\":\"https:\/\/www.notibras.com\/site\/quase-metade-dos-panetones-e-usada-para-presentear\/\",\"name\":\"Quase metade dos panetones \u00e9 usada para presentear - Notibras\",\"isPartOf\":{\"@id\":\"https:\/\/www.notibras.com\/site\/#website\"},\"primaryImageOfPage\":{\"@id\":\"https:\/\/www.notibras.com\/site\/quase-metade-dos-panetones-e-usada-para-presentear\/#primaryimage\"},\"image\":{\"@id\":\"https:\/\/www.notibras.com\/site\/quase-metade-dos-panetones-e-usada-para-presentear\/#primaryimage\"},\"thumbnailUrl\":\"https:\/\/www.notibras.com\/site\/wp-content\/uploads\/2022\/08\/como_fazer_panetone_caseiro_20624_600.jpg\",\"datePublished\":\"2023-10-14T03:33:26+00:00\",\"dateModified\":\"2023-10-14T07:35:19+00:00\",\"breadcrumb\":{\"@id\":\"https:\/\/www.notibras.com\/site\/quase-metade-dos-panetones-e-usada-para-presentear\/#breadcrumb\"},\"inLanguage\":\"pt-BR\",\"potentialAction\":[{\"@type\":\"ReadAction\",\"target\":[\"https:\/\/www.notibras.com\/site\/quase-metade-dos-panetones-e-usada-para-presentear\/\"]}]},{\"@type\":\"ImageObject\",\"inLanguage\":\"pt-BR\",\"@id\":\"https:\/\/www.notibras.com\/site\/quase-metade-dos-panetones-e-usada-para-presentear\/#primaryimage\",\"url\":\"https:\/\/www.notibras.com\/site\/wp-content\/uploads\/2022\/08\/como_fazer_panetone_caseiro_20624_600.jpg\",\"contentUrl\":\"https:\/\/www.notibras.com\/site\/wp-content\/uploads\/2022\/08\/como_fazer_panetone_caseiro_20624_600.jpg\",\"width\":600,\"height\":401},{\"@type\":\"BreadcrumbList\",\"@id\":\"https:\/\/www.notibras.com\/site\/quase-metade-dos-panetones-e-usada-para-presentear\/#breadcrumb\",\"itemListElement\":[{\"@type\":\"ListItem\",\"position\":1,\"name\":\"In\u00edcio\",\"item\":\"https:\/\/www.notibras.com\/site\/\"},{\"@type\":\"ListItem\",\"position\":2,\"name\":\"Quase metade dos panetones \u00e9 usada para presentear\"}]},{\"@type\":\"WebSite\",\"@id\":\"https:\/\/www.notibras.com\/site\/#website\",\"url\":\"https:\/\/www.notibras.com\/site\/\",\"name\":\"Notibras\",\"description\":\"Not\u00edcias de Bras\u00edlia, do Brasil e do Mundo\",\"publisher\":{\"@id\":\"https:\/\/www.notibras.com\/site\/#organization\"},\"potentialAction\":[{\"@type\":\"SearchAction\",\"target\":{\"@type\":\"EntryPoint\",\"urlTemplate\":\"https:\/\/www.notibras.com\/site\/?s={search_term_string}\"},\"query-input\":{\"@type\":\"PropertyValueSpecification\",\"valueRequired\":true,\"valueName\":\"search_term_string\"}}],\"inLanguage\":\"pt-BR\"},{\"@type\":\"Organization\",\"@id\":\"https:\/\/www.notibras.com\/site\/#organization\",\"name\":\"Grupo Notibras de Comunica\u00e7\u00e3o\",\"url\":\"https:\/\/www.notibras.com\/site\/\",\"logo\":{\"@type\":\"ImageObject\",\"inLanguage\":\"pt-BR\",\"@id\":\"https:\/\/www.notibras.com\/site\/#\/schema\/logo\/image\/\",\"url\":\"https:\/\/www.notibras.com\/site\/wp-content\/uploads\/2023\/01\/notibras23.png\",\"contentUrl\":\"https:\/\/www.notibras.com\/site\/wp-content\/uploads\/2023\/01\/notibras23.png\",\"width\":350,\"height\":87,\"caption\":\"Grupo Notibras de Comunica\u00e7\u00e3o\"},\"image\":{\"@id\":\"https:\/\/www.notibras.com\/site\/#\/schema\/logo\/image\/\"},\"sameAs\":[\"https:\/\/www.facebook.com\/notibras\/\",\"https:\/\/x.com\/Notibras\",\"https:\/\/www.instagram.com\/notibras\/\"]},{\"@type\":\"Person\",\"@id\":\"https:\/\/www.notibras.com\/site\/#\/schema\/person\/36ab0979449956132d3e5b517ea76ac8\",\"name\":\"Reda\u00e7\u00e3o\",\"image\":{\"@type\":\"ImageObject\",\"inLanguage\":\"pt-BR\",\"@id\":\"https:\/\/secure.gravatar.com\/avatar\/e0a867bdedb85fd243eadf09663511f96fc81e0720a4a42581f334ad4303aa6b?s=96&d=mm&r=g\",\"url\":\"https:\/\/secure.gravatar.com\/avatar\/e0a867bdedb85fd243eadf09663511f96fc81e0720a4a42581f334ad4303aa6b?s=96&d=mm&r=g\",\"contentUrl\":\"https:\/\/secure.gravatar.com\/avatar\/e0a867bdedb85fd243eadf09663511f96fc81e0720a4a42581f334ad4303aa6b?s=96&d=mm&r=g\",\"caption\":\"Reda\u00e7\u00e3o\"}}]}<\/script>\n<!-- \/ Yoast SEO plugin. -->","yoast_head_json":{"title":"Quase metade dos panetones \u00e9 usada para presentear - Notibras","robots":{"index":"index","follow":"follow","max-snippet":"max-snippet:-1","max-image-preview":"max-image-preview:large","max-video-preview":"max-video-preview:-1"},"canonical":"https:\/\/www.notibras.com\/site\/quase-metade-dos-panetones-e-usada-para-presentear\/","og_locale":"pt_BR","og_type":"article","og_title":"Quase metade dos panetones \u00e9 usada para presentear - Notibras","og_description":"Entre novembro de 2022 e janeiro de 2023, o panetone atingiu 54,3% de penetra\u00e7\u00e3o dentro dos lares brasileiros \u2013 cerca de 33 milh\u00f5es de domic\u00edlios \u2013 e teve 42,5 mil toneladas consumidas. Com isso, a ind\u00fastria faturou R$ 725 milh\u00f5es no per\u00edodo, fazendo com que a categoria retomasse os patamares pr\u00e9-pandemia. Os n\u00fameros fazem parte [&hellip;]","og_url":"https:\/\/www.notibras.com\/site\/quase-metade-dos-panetones-e-usada-para-presentear\/","og_site_name":"Notibras","article_publisher":"https:\/\/www.facebook.com\/notibras\/","article_published_time":"2023-10-14T03:33:26+00:00","article_modified_time":"2023-10-14T07:35:19+00:00","og_image":[{"width":600,"height":401,"url":"https:\/\/www.notibras.com\/site\/wp-content\/uploads\/2022\/08\/como_fazer_panetone_caseiro_20624_600.jpg","type":"image\/jpeg"}],"author":"Reda\u00e7\u00e3o","twitter_card":"summary_large_image","twitter_creator":"@Notibras","twitter_site":"@Notibras","twitter_misc":{"Escrito por":"Reda\u00e7\u00e3o","Est. tempo de leitura":"3 minutos"},"schema":{"@context":"https:\/\/schema.org","@graph":[{"@type":"Article","@id":"https:\/\/www.notibras.com\/site\/quase-metade-dos-panetones-e-usada-para-presentear\/#article","isPartOf":{"@id":"https:\/\/www.notibras.com\/site\/quase-metade-dos-panetones-e-usada-para-presentear\/"},"author":{"name":"Reda\u00e7\u00e3o","@id":"https:\/\/www.notibras.com\/site\/#\/schema\/person\/36ab0979449956132d3e5b517ea76ac8"},"headline":"Quase metade dos panetones \u00e9 usada para presentear","datePublished":"2023-10-14T03:33:26+00:00","dateModified":"2023-10-14T07:35:19+00:00","mainEntityOfPage":{"@id":"https:\/\/www.notibras.com\/site\/quase-metade-dos-panetones-e-usada-para-presentear\/"},"wordCount":374,"publisher":{"@id":"https:\/\/www.notibras.com\/site\/#organization"},"image":{"@id":"https:\/\/www.notibras.com\/site\/quase-metade-dos-panetones-e-usada-para-presentear\/#primaryimage"},"thumbnailUrl":"https:\/\/www.notibras.com\/site\/wp-content\/uploads\/2022\/08\/como_fazer_panetone_caseiro_20624_600.jpg","articleSection":["Quadradinho em Foco"],"inLanguage":"pt-BR"},{"@type":"WebPage","@id":"https:\/\/www.notibras.com\/site\/quase-metade-dos-panetones-e-usada-para-presentear\/","url":"https:\/\/www.notibras.com\/site\/quase-metade-dos-panetones-e-usada-para-presentear\/","name":"Quase metade dos panetones \u00e9 usada para presentear - Notibras","isPartOf":{"@id":"https:\/\/www.notibras.com\/site\/#website"},"primaryImageOfPage":{"@id":"https:\/\/www.notibras.com\/site\/quase-metade-dos-panetones-e-usada-para-presentear\/#primaryimage"},"image":{"@id":"https:\/\/www.notibras.com\/site\/quase-metade-dos-panetones-e-usada-para-presentear\/#primaryimage"},"thumbnailUrl":"https:\/\/www.notibras.com\/site\/wp-content\/uploads\/2022\/08\/como_fazer_panetone_caseiro_20624_600.jpg","datePublished":"2023-10-14T03:33:26+00:00","dateModified":"2023-10-14T07:35:19+00:00","breadcrumb":{"@id":"https:\/\/www.notibras.com\/site\/quase-metade-dos-panetones-e-usada-para-presentear\/#breadcrumb"},"inLanguage":"pt-BR","potentialAction":[{"@type":"ReadAction","target":["https:\/\/www.notibras.com\/site\/quase-metade-dos-panetones-e-usada-para-presentear\/"]}]},{"@type":"ImageObject","inLanguage":"pt-BR","@id":"https:\/\/www.notibras.com\/site\/quase-metade-dos-panetones-e-usada-para-presentear\/#primaryimage","url":"https:\/\/www.notibras.com\/site\/wp-content\/uploads\/2022\/08\/como_fazer_panetone_caseiro_20624_600.jpg","contentUrl":"https:\/\/www.notibras.com\/site\/wp-content\/uploads\/2022\/08\/como_fazer_panetone_caseiro_20624_600.jpg","width":600,"height":401},{"@type":"BreadcrumbList","@id":"https:\/\/www.notibras.com\/site\/quase-metade-dos-panetones-e-usada-para-presentear\/#breadcrumb","itemListElement":[{"@type":"ListItem","position":1,"name":"In\u00edcio","item":"https:\/\/www.notibras.com\/site\/"},{"@type":"ListItem","position":2,"name":"Quase metade dos panetones \u00e9 usada para presentear"}]},{"@type":"WebSite","@id":"https:\/\/www.notibras.com\/site\/#website","url":"https:\/\/www.notibras.com\/site\/","name":"Notibras","description":"Not\u00edcias de Bras\u00edlia, do Brasil e do Mundo","publisher":{"@id":"https:\/\/www.notibras.com\/site\/#organization"},"potentialAction":[{"@type":"SearchAction","target":{"@type":"EntryPoint","urlTemplate":"https:\/\/www.notibras.com\/site\/?s={search_term_string}"},"query-input":{"@type":"PropertyValueSpecification","valueRequired":true,"valueName":"search_term_string"}}],"inLanguage":"pt-BR"},{"@type":"Organization","@id":"https:\/\/www.notibras.com\/site\/#organization","name":"Grupo Notibras de Comunica\u00e7\u00e3o","url":"https:\/\/www.notibras.com\/site\/","logo":{"@type":"ImageObject","inLanguage":"pt-BR","@id":"https:\/\/www.notibras.com\/site\/#\/schema\/logo\/image\/","url":"https:\/\/www.notibras.com\/site\/wp-content\/uploads\/2023\/01\/notibras23.png","contentUrl":"https:\/\/www.notibras.com\/site\/wp-content\/uploads\/2023\/01\/notibras23.png","width":350,"height":87,"caption":"Grupo Notibras de Comunica\u00e7\u00e3o"},"image":{"@id":"https:\/\/www.notibras.com\/site\/#\/schema\/logo\/image\/"},"sameAs":["https:\/\/www.facebook.com\/notibras\/","https:\/\/x.com\/Notibras","https:\/\/www.instagram.com\/notibras\/"]},{"@type":"Person","@id":"https:\/\/www.notibras.com\/site\/#\/schema\/person\/36ab0979449956132d3e5b517ea76ac8","name":"Reda\u00e7\u00e3o","image":{"@type":"ImageObject","inLanguage":"pt-BR","@id":"https:\/\/secure.gravatar.com\/avatar\/e0a867bdedb85fd243eadf09663511f96fc81e0720a4a42581f334ad4303aa6b?s=96&d=mm&r=g","url":"https:\/\/secure.gravatar.com\/avatar\/e0a867bdedb85fd243eadf09663511f96fc81e0720a4a42581f334ad4303aa6b?s=96&d=mm&r=g","contentUrl":"https:\/\/secure.gravatar.com\/avatar\/e0a867bdedb85fd243eadf09663511f96fc81e0720a4a42581f334ad4303aa6b?s=96&d=mm&r=g","caption":"Reda\u00e7\u00e3o"}}]}},"amp_enabled":true,"_links":{"self":[{"href":"https:\/\/www.notibras.com\/site\/wp-json\/wp\/v2\/posts\/314612","targetHints":{"allow":["GET"]}}],"collection":[{"href":"https:\/\/www.notibras.com\/site\/wp-json\/wp\/v2\/posts"}],"about":[{"href":"https:\/\/www.notibras.com\/site\/wp-json\/wp\/v2\/types\/post"}],"author":[{"embeddable":true,"href":"https:\/\/www.notibras.com\/site\/wp-json\/wp\/v2\/users\/2"}],"replies":[{"embeddable":true,"href":"https:\/\/www.notibras.com\/site\/wp-json\/wp\/v2\/comments?post=314612"}],"version-history":[{"count":1,"href":"https:\/\/www.notibras.com\/site\/wp-json\/wp\/v2\/posts\/314612\/revisions"}],"predecessor-version":[{"id":314613,"href":"https:\/\/www.notibras.com\/site\/wp-json\/wp\/v2\/posts\/314612\/revisions\/314613"}],"wp:featuredmedia":[{"embeddable":true,"href":"https:\/\/www.notibras.com\/site\/wp-json\/wp\/v2\/media\/290963"}],"wp:attachment":[{"href":"https:\/\/www.notibras.com\/site\/wp-json\/wp\/v2\/media?parent=314612"}],"wp:term":[{"taxonomy":"category","embeddable":true,"href":"https:\/\/www.notibras.com\/site\/wp-json\/wp\/v2\/categories?post=314612"},{"taxonomy":"post_tag","embeddable":true,"href":"https:\/\/www.notibras.com\/site\/wp-json\/wp\/v2\/tags?post=314612"}],"curies":[{"name":"wp","href":"https:\/\/api.w.org\/{rel}","templated":true}]}}