{"id":314617,"date":"2023-10-14T00:00:33","date_gmt":"2023-10-14T03:00:33","guid":{"rendered":"https:\/\/www.notibras.com\/site\/?p=314617"},"modified":"2023-10-14T04:53:31","modified_gmt":"2023-10-14T07:53:31","slug":"numero-de-bares-e-restaurantes-no-vermelho-aumenta-5","status":"publish","type":"post","link":"https:\/\/www.notibras.com\/site\/numero-de-bares-e-restaurantes-no-vermelho-aumenta-5\/","title":{"rendered":"N\u00famero de bares e restaurantes no vermelho aumenta 5%"},"content":{"rendered":"<p>O n\u00famero de bares e restaurantes que encerraram o m\u00eas de agosto no preju\u00edzo cresceu 5%, segundo pesquisa da Associa\u00e7\u00e3o Brasileira de Bares e Restaurantes (Abrasel). Os dados mostram, ainda, que 24% das empresas ficaram no vermelho no mesmo m\u00eas, enquanto 34% tiveram equil\u00edbrio financeiro e 41% dos estabelecimentos pesquisados acusaram lucro.<\/p>\n<p>A principal raz\u00e3o apontada para o saldo negativo no caixa dos bares e restaurantes foi a queda das vendas no m\u00eas, sinalizada por 82% dos entrevistados. A redu\u00e7\u00e3o do n\u00famero de clientes (67%), d\u00edvidas (43%) e custo dos insumos (36%) foram as outras causas apontadas por empres\u00e1rios que tiveram preju\u00edzo. Foram entrevistados 1.979 donos de bares e restaurantes em todo o Brasil entre os dias 28 de setembro e 6 e outubro.<\/p>\n<p>O levantamento indica, ainda, que as empresas mais novas s\u00e3o as que mais operam no preju\u00edzo. Das que t\u00eam entre um e tr\u00eas anos, 33% tiveram preju\u00edzo. Das com mais de 10 anos, o percentual cai para 18%. Outro fator que interfere \u00e9 o tamanho da empresa.<\/p>\n<p>Dos bares e restaurantes com faturamento de at\u00e9 R$ 1 milh\u00e3o, 33% encerraram agosto no preju\u00edzo, enquanto apenas 8% dos que t\u00eam faturamento acima de R$ 4,8 milh\u00f5es fecharam agosto no vermelho.<\/p>\n<p><strong>No vermelho<\/strong><br \/>\nO brasiliense Carlos Eduardo Vellozo, de 41 anos, atua no ramo h\u00e1 oito anos e operou os \u00faltimos tr\u00eas meses no vermelho. Ele come\u00e7ou com um delivery (entrega) e depois passou para um restaurante com mesas na Asa Norte, em Bras\u00edlia, at\u00e9 que decidiu voltar para exclusivamente delivery depois de certo preju\u00edzo.<\/p>\n<p>\u201cTr\u00eas meses as mesas n\u00e3o venderam nem 10% em rela\u00e7\u00e3o ao que o delivery vende. Os custos tamb\u00e9m aumentaram demais, a mat\u00e9ria prima aumentou muito, j\u00e1 comprei salm\u00e3o de R$ 19,90 e hoje est\u00e1 por R$ 69,90. Muita gente tem aberto restaurantes em casa para redu\u00e7\u00e3o de custos. O restaurante com mesa tem muito custo, como aluguel e funcion\u00e1rios, e, assim, n\u00e3o tem como competir com quem tem delivery em casa\u201d, relatou Vellozo.<\/p>\n<p>O presidente da Abrasel, Paulo Solmucci, destacou que, mesmo que a infla\u00e7\u00e3o esteja mais controlada, os meses no preju\u00edzo dificultam recompor as perdas que o setor teve com a pandemia.<\/p>\n<p>&#8220;Apesar do Dia dos Pais, as empresas do setor tiveram um agosto mais duro, apontando uma ligeira queda no movimento. Quem sofre mais s\u00e3o as empresas mais novas, que ainda est\u00e3o investindo e aprendendo a controlar os custos, e os empreendimentos menores, que t\u00eam mais dificuldade com o fluxo de caixa&#8221;, finalizou.<\/p>\n","protected":false},"excerpt":{"rendered":"<p>O n\u00famero de bares e restaurantes que encerraram o m\u00eas de agosto no preju\u00edzo cresceu 5%, segundo pesquisa da Associa\u00e7\u00e3o Brasileira de Bares e Restaurantes (Abrasel). Os dados mostram, ainda, que 24% das empresas ficaram no vermelho no mesmo m\u00eas, enquanto 34% tiveram equil\u00edbrio financeiro e 41% dos estabelecimentos pesquisados acusaram lucro. A principal raz\u00e3o [&hellip;]<\/p>\n","protected":false},"author":2,"featured_media":314618,"comment_status":"closed","ping_status":"closed","sticky":false,"template":"","format":"standard","meta":{"_acf_changed":false,"footnotes":""},"categories":[161],"tags":[],"class_list":["post-314617","post","type-post","status-publish","format-standard","has-post-thumbnail","hentry","category-quadradinho-em-foco"],"acf":[],"yoast_head":"<!-- This site is optimized with the Yoast SEO plugin v27.2 - https:\/\/yoast.com\/product\/yoast-seo-wordpress\/ -->\n<title>N\u00famero de bares e restaurantes no vermelho aumenta 5% - Notibras<\/title>\n<meta name=\"robots\" content=\"index, follow, max-snippet:-1, max-image-preview:large, max-video-preview:-1\" \/>\n<link rel=\"canonical\" href=\"https:\/\/www.notibras.com\/site\/numero-de-bares-e-restaurantes-no-vermelho-aumenta-5\/\" \/>\n<meta property=\"og:locale\" content=\"pt_BR\" \/>\n<meta property=\"og:type\" content=\"article\" \/>\n<meta property=\"og:title\" content=\"N\u00famero de bares e restaurantes no vermelho aumenta 5% - Notibras\" \/>\n<meta property=\"og:description\" content=\"O n\u00famero de bares e restaurantes que encerraram o m\u00eas de agosto no preju\u00edzo cresceu 5%, segundo pesquisa da Associa\u00e7\u00e3o Brasileira de Bares e Restaurantes (Abrasel). Os dados mostram, ainda, que 24% das empresas ficaram no vermelho no mesmo m\u00eas, enquanto 34% tiveram equil\u00edbrio financeiro e 41% dos estabelecimentos pesquisados acusaram lucro. A principal raz\u00e3o [&hellip;]\" \/>\n<meta property=\"og:url\" content=\"https:\/\/www.notibras.com\/site\/numero-de-bares-e-restaurantes-no-vermelho-aumenta-5\/\" \/>\n<meta property=\"og:site_name\" content=\"Notibras\" \/>\n<meta property=\"article:publisher\" content=\"https:\/\/www.facebook.com\/notibras\/\" \/>\n<meta property=\"article:published_time\" content=\"2023-10-14T03:00:33+00:00\" \/>\n<meta property=\"article:modified_time\" content=\"2023-10-14T07:53:31+00:00\" \/>\n<meta property=\"og:image\" content=\"https:\/\/www.notibras.com\/site\/wp-content\/uploads\/2023\/10\/restaurantes.jpg\" \/>\n\t<meta property=\"og:image:width\" content=\"1170\" \/>\n\t<meta property=\"og:image:height\" content=\"700\" \/>\n\t<meta property=\"og:image:type\" content=\"image\/jpeg\" \/>\n<meta name=\"author\" content=\"Reda\u00e7\u00e3o\" \/>\n<meta name=\"twitter:card\" content=\"summary_large_image\" \/>\n<meta name=\"twitter:creator\" content=\"@Notibras\" \/>\n<meta name=\"twitter:site\" content=\"@Notibras\" \/>\n<meta name=\"twitter:label1\" content=\"Escrito por\" \/>\n\t<meta name=\"twitter:data1\" content=\"Reda\u00e7\u00e3o\" \/>\n\t<meta name=\"twitter:label2\" content=\"Est. tempo de leitura\" \/>\n\t<meta name=\"twitter:data2\" content=\"3 minutos\" \/>\n<script type=\"application\/ld+json\" class=\"yoast-schema-graph\">{\"@context\":\"https:\/\/schema.org\",\"@graph\":[{\"@type\":\"Article\",\"@id\":\"https:\/\/www.notibras.com\/site\/numero-de-bares-e-restaurantes-no-vermelho-aumenta-5\/#article\",\"isPartOf\":{\"@id\":\"https:\/\/www.notibras.com\/site\/numero-de-bares-e-restaurantes-no-vermelho-aumenta-5\/\"},\"author\":{\"name\":\"Reda\u00e7\u00e3o\",\"@id\":\"https:\/\/www.notibras.com\/site\/#\/schema\/person\/36ab0979449956132d3e5b517ea76ac8\"},\"headline\":\"N\u00famero de bares e restaurantes no vermelho aumenta 5%\",\"datePublished\":\"2023-10-14T03:00:33+00:00\",\"dateModified\":\"2023-10-14T07:53:31+00:00\",\"mainEntityOfPage\":{\"@id\":\"https:\/\/www.notibras.com\/site\/numero-de-bares-e-restaurantes-no-vermelho-aumenta-5\/\"},\"wordCount\":438,\"publisher\":{\"@id\":\"https:\/\/www.notibras.com\/site\/#organization\"},\"image\":{\"@id\":\"https:\/\/www.notibras.com\/site\/numero-de-bares-e-restaurantes-no-vermelho-aumenta-5\/#primaryimage\"},\"thumbnailUrl\":\"https:\/\/www.notibras.com\/site\/wp-content\/uploads\/2023\/10\/restaurantes.jpg\",\"articleSection\":[\"Quadradinho em Foco\"],\"inLanguage\":\"pt-BR\"},{\"@type\":\"WebPage\",\"@id\":\"https:\/\/www.notibras.com\/site\/numero-de-bares-e-restaurantes-no-vermelho-aumenta-5\/\",\"url\":\"https:\/\/www.notibras.com\/site\/numero-de-bares-e-restaurantes-no-vermelho-aumenta-5\/\",\"name\":\"N\u00famero de bares e restaurantes no vermelho aumenta 5% - Notibras\",\"isPartOf\":{\"@id\":\"https:\/\/www.notibras.com\/site\/#website\"},\"primaryImageOfPage\":{\"@id\":\"https:\/\/www.notibras.com\/site\/numero-de-bares-e-restaurantes-no-vermelho-aumenta-5\/#primaryimage\"},\"image\":{\"@id\":\"https:\/\/www.notibras.com\/site\/numero-de-bares-e-restaurantes-no-vermelho-aumenta-5\/#primaryimage\"},\"thumbnailUrl\":\"https:\/\/www.notibras.com\/site\/wp-content\/uploads\/2023\/10\/restaurantes.jpg\",\"datePublished\":\"2023-10-14T03:00:33+00:00\",\"dateModified\":\"2023-10-14T07:53:31+00:00\",\"breadcrumb\":{\"@id\":\"https:\/\/www.notibras.com\/site\/numero-de-bares-e-restaurantes-no-vermelho-aumenta-5\/#breadcrumb\"},\"inLanguage\":\"pt-BR\",\"potentialAction\":[{\"@type\":\"ReadAction\",\"target\":[\"https:\/\/www.notibras.com\/site\/numero-de-bares-e-restaurantes-no-vermelho-aumenta-5\/\"]}]},{\"@type\":\"ImageObject\",\"inLanguage\":\"pt-BR\",\"@id\":\"https:\/\/www.notibras.com\/site\/numero-de-bares-e-restaurantes-no-vermelho-aumenta-5\/#primaryimage\",\"url\":\"https:\/\/www.notibras.com\/site\/wp-content\/uploads\/2023\/10\/restaurantes.jpg\",\"contentUrl\":\"https:\/\/www.notibras.com\/site\/wp-content\/uploads\/2023\/10\/restaurantes.jpg\",\"width\":1170,\"height\":700},{\"@type\":\"BreadcrumbList\",\"@id\":\"https:\/\/www.notibras.com\/site\/numero-de-bares-e-restaurantes-no-vermelho-aumenta-5\/#breadcrumb\",\"itemListElement\":[{\"@type\":\"ListItem\",\"position\":1,\"name\":\"In\u00edcio\",\"item\":\"https:\/\/www.notibras.com\/site\/\"},{\"@type\":\"ListItem\",\"position\":2,\"name\":\"N\u00famero de bares e restaurantes no vermelho aumenta 5%\"}]},{\"@type\":\"WebSite\",\"@id\":\"https:\/\/www.notibras.com\/site\/#website\",\"url\":\"https:\/\/www.notibras.com\/site\/\",\"name\":\"Notibras\",\"description\":\"Not\u00edcias de Bras\u00edlia, do Brasil e do Mundo\",\"publisher\":{\"@id\":\"https:\/\/www.notibras.com\/site\/#organization\"},\"potentialAction\":[{\"@type\":\"SearchAction\",\"target\":{\"@type\":\"EntryPoint\",\"urlTemplate\":\"https:\/\/www.notibras.com\/site\/?s={search_term_string}\"},\"query-input\":{\"@type\":\"PropertyValueSpecification\",\"valueRequired\":true,\"valueName\":\"search_term_string\"}}],\"inLanguage\":\"pt-BR\"},{\"@type\":\"Organization\",\"@id\":\"https:\/\/www.notibras.com\/site\/#organization\",\"name\":\"Grupo Notibras de Comunica\u00e7\u00e3o\",\"url\":\"https:\/\/www.notibras.com\/site\/\",\"logo\":{\"@type\":\"ImageObject\",\"inLanguage\":\"pt-BR\",\"@id\":\"https:\/\/www.notibras.com\/site\/#\/schema\/logo\/image\/\",\"url\":\"https:\/\/www.notibras.com\/site\/wp-content\/uploads\/2023\/01\/notibras23.png\",\"contentUrl\":\"https:\/\/www.notibras.com\/site\/wp-content\/uploads\/2023\/01\/notibras23.png\",\"width\":350,\"height\":87,\"caption\":\"Grupo Notibras de Comunica\u00e7\u00e3o\"},\"image\":{\"@id\":\"https:\/\/www.notibras.com\/site\/#\/schema\/logo\/image\/\"},\"sameAs\":[\"https:\/\/www.facebook.com\/notibras\/\",\"https:\/\/x.com\/Notibras\",\"https:\/\/www.instagram.com\/notibras\/\"]},{\"@type\":\"Person\",\"@id\":\"https:\/\/www.notibras.com\/site\/#\/schema\/person\/36ab0979449956132d3e5b517ea76ac8\",\"name\":\"Reda\u00e7\u00e3o\",\"image\":{\"@type\":\"ImageObject\",\"inLanguage\":\"pt-BR\",\"@id\":\"https:\/\/secure.gravatar.com\/avatar\/e0a867bdedb85fd243eadf09663511f96fc81e0720a4a42581f334ad4303aa6b?s=96&d=mm&r=g\",\"url\":\"https:\/\/secure.gravatar.com\/avatar\/e0a867bdedb85fd243eadf09663511f96fc81e0720a4a42581f334ad4303aa6b?s=96&d=mm&r=g\",\"contentUrl\":\"https:\/\/secure.gravatar.com\/avatar\/e0a867bdedb85fd243eadf09663511f96fc81e0720a4a42581f334ad4303aa6b?s=96&d=mm&r=g\",\"caption\":\"Reda\u00e7\u00e3o\"}}]}<\/script>\n<!-- \/ Yoast SEO plugin. -->","yoast_head_json":{"title":"N\u00famero de bares e restaurantes no vermelho aumenta 5% - Notibras","robots":{"index":"index","follow":"follow","max-snippet":"max-snippet:-1","max-image-preview":"max-image-preview:large","max-video-preview":"max-video-preview:-1"},"canonical":"https:\/\/www.notibras.com\/site\/numero-de-bares-e-restaurantes-no-vermelho-aumenta-5\/","og_locale":"pt_BR","og_type":"article","og_title":"N\u00famero de bares e restaurantes no vermelho aumenta 5% - Notibras","og_description":"O n\u00famero de bares e restaurantes que encerraram o m\u00eas de agosto no preju\u00edzo cresceu 5%, segundo pesquisa da Associa\u00e7\u00e3o Brasileira de Bares e Restaurantes (Abrasel). Os dados mostram, ainda, que 24% das empresas ficaram no vermelho no mesmo m\u00eas, enquanto 34% tiveram equil\u00edbrio financeiro e 41% dos estabelecimentos pesquisados acusaram lucro. A principal raz\u00e3o [&hellip;]","og_url":"https:\/\/www.notibras.com\/site\/numero-de-bares-e-restaurantes-no-vermelho-aumenta-5\/","og_site_name":"Notibras","article_publisher":"https:\/\/www.facebook.com\/notibras\/","article_published_time":"2023-10-14T03:00:33+00:00","article_modified_time":"2023-10-14T07:53:31+00:00","og_image":[{"width":1170,"height":700,"url":"https:\/\/www.notibras.com\/site\/wp-content\/uploads\/2023\/10\/restaurantes.jpg","type":"image\/jpeg"}],"author":"Reda\u00e7\u00e3o","twitter_card":"summary_large_image","twitter_creator":"@Notibras","twitter_site":"@Notibras","twitter_misc":{"Escrito por":"Reda\u00e7\u00e3o","Est. tempo de leitura":"3 minutos"},"schema":{"@context":"https:\/\/schema.org","@graph":[{"@type":"Article","@id":"https:\/\/www.notibras.com\/site\/numero-de-bares-e-restaurantes-no-vermelho-aumenta-5\/#article","isPartOf":{"@id":"https:\/\/www.notibras.com\/site\/numero-de-bares-e-restaurantes-no-vermelho-aumenta-5\/"},"author":{"name":"Reda\u00e7\u00e3o","@id":"https:\/\/www.notibras.com\/site\/#\/schema\/person\/36ab0979449956132d3e5b517ea76ac8"},"headline":"N\u00famero de bares e restaurantes no vermelho aumenta 5%","datePublished":"2023-10-14T03:00:33+00:00","dateModified":"2023-10-14T07:53:31+00:00","mainEntityOfPage":{"@id":"https:\/\/www.notibras.com\/site\/numero-de-bares-e-restaurantes-no-vermelho-aumenta-5\/"},"wordCount":438,"publisher":{"@id":"https:\/\/www.notibras.com\/site\/#organization"},"image":{"@id":"https:\/\/www.notibras.com\/site\/numero-de-bares-e-restaurantes-no-vermelho-aumenta-5\/#primaryimage"},"thumbnailUrl":"https:\/\/www.notibras.com\/site\/wp-content\/uploads\/2023\/10\/restaurantes.jpg","articleSection":["Quadradinho em Foco"],"inLanguage":"pt-BR"},{"@type":"WebPage","@id":"https:\/\/www.notibras.com\/site\/numero-de-bares-e-restaurantes-no-vermelho-aumenta-5\/","url":"https:\/\/www.notibras.com\/site\/numero-de-bares-e-restaurantes-no-vermelho-aumenta-5\/","name":"N\u00famero de bares e restaurantes no vermelho aumenta 5% - Notibras","isPartOf":{"@id":"https:\/\/www.notibras.com\/site\/#website"},"primaryImageOfPage":{"@id":"https:\/\/www.notibras.com\/site\/numero-de-bares-e-restaurantes-no-vermelho-aumenta-5\/#primaryimage"},"image":{"@id":"https:\/\/www.notibras.com\/site\/numero-de-bares-e-restaurantes-no-vermelho-aumenta-5\/#primaryimage"},"thumbnailUrl":"https:\/\/www.notibras.com\/site\/wp-content\/uploads\/2023\/10\/restaurantes.jpg","datePublished":"2023-10-14T03:00:33+00:00","dateModified":"2023-10-14T07:53:31+00:00","breadcrumb":{"@id":"https:\/\/www.notibras.com\/site\/numero-de-bares-e-restaurantes-no-vermelho-aumenta-5\/#breadcrumb"},"inLanguage":"pt-BR","potentialAction":[{"@type":"ReadAction","target":["https:\/\/www.notibras.com\/site\/numero-de-bares-e-restaurantes-no-vermelho-aumenta-5\/"]}]},{"@type":"ImageObject","inLanguage":"pt-BR","@id":"https:\/\/www.notibras.com\/site\/numero-de-bares-e-restaurantes-no-vermelho-aumenta-5\/#primaryimage","url":"https:\/\/www.notibras.com\/site\/wp-content\/uploads\/2023\/10\/restaurantes.jpg","contentUrl":"https:\/\/www.notibras.com\/site\/wp-content\/uploads\/2023\/10\/restaurantes.jpg","width":1170,"height":700},{"@type":"BreadcrumbList","@id":"https:\/\/www.notibras.com\/site\/numero-de-bares-e-restaurantes-no-vermelho-aumenta-5\/#breadcrumb","itemListElement":[{"@type":"ListItem","position":1,"name":"In\u00edcio","item":"https:\/\/www.notibras.com\/site\/"},{"@type":"ListItem","position":2,"name":"N\u00famero de bares e restaurantes no vermelho aumenta 5%"}]},{"@type":"WebSite","@id":"https:\/\/www.notibras.com\/site\/#website","url":"https:\/\/www.notibras.com\/site\/","name":"Notibras","description":"Not\u00edcias de Bras\u00edlia, do Brasil e do Mundo","publisher":{"@id":"https:\/\/www.notibras.com\/site\/#organization"},"potentialAction":[{"@type":"SearchAction","target":{"@type":"EntryPoint","urlTemplate":"https:\/\/www.notibras.com\/site\/?s={search_term_string}"},"query-input":{"@type":"PropertyValueSpecification","valueRequired":true,"valueName":"search_term_string"}}],"inLanguage":"pt-BR"},{"@type":"Organization","@id":"https:\/\/www.notibras.com\/site\/#organization","name":"Grupo Notibras de Comunica\u00e7\u00e3o","url":"https:\/\/www.notibras.com\/site\/","logo":{"@type":"ImageObject","inLanguage":"pt-BR","@id":"https:\/\/www.notibras.com\/site\/#\/schema\/logo\/image\/","url":"https:\/\/www.notibras.com\/site\/wp-content\/uploads\/2023\/01\/notibras23.png","contentUrl":"https:\/\/www.notibras.com\/site\/wp-content\/uploads\/2023\/01\/notibras23.png","width":350,"height":87,"caption":"Grupo Notibras de Comunica\u00e7\u00e3o"},"image":{"@id":"https:\/\/www.notibras.com\/site\/#\/schema\/logo\/image\/"},"sameAs":["https:\/\/www.facebook.com\/notibras\/","https:\/\/x.com\/Notibras","https:\/\/www.instagram.com\/notibras\/"]},{"@type":"Person","@id":"https:\/\/www.notibras.com\/site\/#\/schema\/person\/36ab0979449956132d3e5b517ea76ac8","name":"Reda\u00e7\u00e3o","image":{"@type":"ImageObject","inLanguage":"pt-BR","@id":"https:\/\/secure.gravatar.com\/avatar\/e0a867bdedb85fd243eadf09663511f96fc81e0720a4a42581f334ad4303aa6b?s=96&d=mm&r=g","url":"https:\/\/secure.gravatar.com\/avatar\/e0a867bdedb85fd243eadf09663511f96fc81e0720a4a42581f334ad4303aa6b?s=96&d=mm&r=g","contentUrl":"https:\/\/secure.gravatar.com\/avatar\/e0a867bdedb85fd243eadf09663511f96fc81e0720a4a42581f334ad4303aa6b?s=96&d=mm&r=g","caption":"Reda\u00e7\u00e3o"}}]}},"amp_enabled":true,"_links":{"self":[{"href":"https:\/\/www.notibras.com\/site\/wp-json\/wp\/v2\/posts\/314617","targetHints":{"allow":["GET"]}}],"collection":[{"href":"https:\/\/www.notibras.com\/site\/wp-json\/wp\/v2\/posts"}],"about":[{"href":"https:\/\/www.notibras.com\/site\/wp-json\/wp\/v2\/types\/post"}],"author":[{"embeddable":true,"href":"https:\/\/www.notibras.com\/site\/wp-json\/wp\/v2\/users\/2"}],"replies":[{"embeddable":true,"href":"https:\/\/www.notibras.com\/site\/wp-json\/wp\/v2\/comments?post=314617"}],"version-history":[{"count":1,"href":"https:\/\/www.notibras.com\/site\/wp-json\/wp\/v2\/posts\/314617\/revisions"}],"predecessor-version":[{"id":314619,"href":"https:\/\/www.notibras.com\/site\/wp-json\/wp\/v2\/posts\/314617\/revisions\/314619"}],"wp:featuredmedia":[{"embeddable":true,"href":"https:\/\/www.notibras.com\/site\/wp-json\/wp\/v2\/media\/314618"}],"wp:attachment":[{"href":"https:\/\/www.notibras.com\/site\/wp-json\/wp\/v2\/media?parent=314617"}],"wp:term":[{"taxonomy":"category","embeddable":true,"href":"https:\/\/www.notibras.com\/site\/wp-json\/wp\/v2\/categories?post=314617"},{"taxonomy":"post_tag","embeddable":true,"href":"https:\/\/www.notibras.com\/site\/wp-json\/wp\/v2\/tags?post=314617"}],"curies":[{"name":"wp","href":"https:\/\/api.w.org\/{rel}","templated":true}]}}