{"id":314620,"date":"2023-10-14T05:52:14","date_gmt":"2023-10-14T08:52:14","guid":{"rendered":"https:\/\/www.notibras.com\/site\/?p=314620"},"modified":"2023-10-14T05:53:36","modified_gmt":"2023-10-14T08:53:36","slug":"tabuleiro-de-damas-abre-espaco-para-debater-mundo-virtual","status":"publish","type":"post","link":"https:\/\/www.notibras.com\/site\/tabuleiro-de-damas-abre-espaco-para-debater-mundo-virtual\/","title":{"rendered":"Tabuleiro de damas abre espa\u00e7o para debater mundo virtual"},"content":{"rendered":"<p>Se dinheiro na m\u00e3o (disse o poeta) \u00e9 tenta\u00e7\u00e3o, equipamento eletr\u00f4nico na m\u00e3o de crian\u00e7a (ouvi isso) \u00e9 preocupa\u00e7\u00e3o. Cheguei a essa conclus\u00e3o dia desses, quando engatei a primeira em minha cadeira de rodas motorizada (na verdade, empurrada por uma bateria) e fui dar um rol\u00e9 pelas cal\u00e7adas da vizinhan\u00e7a, embora meio que aos trancos e barrancos que provocam inc\u00f4modos, como buracos, carros mal estacionados e acessibilidade dif\u00edcil em alguns pontos.<\/p>\n<p>Parei em uma pra\u00e7a pr\u00f3xima \u00e0 minha casa. Olhei ao redor e vi dois rapazes em volta a um tabuleiro de damas (de longe, imaginava ser xadrez, jogo que domino o movimento das pe\u00e7as at\u00e9 com certa destreza). Apresentei-me e pedi permiss\u00e3o para ver o jogo, prometendo n\u00e3o dar pitaco.<\/p>\n<p>Os rapazes jogavam e conversavam. O tema eram os jogos eletr\u00f4nicos t\u00e3o em voga em equipamentos celulares utilizados por crian\u00e7as e adolescentes. Diziam os dois &#8216;damistas&#8217; sobre o lado bom e o lado ruim dessa tecnologia.<\/p>\n<p>Ao apresentar-me, eles se apresentaram. Chamam-se Jo\u00e3o Sergio e Ant\u00f4nio Muller.<\/p>\n<p>&#8211; Qual a sua opini\u00e3o sobre esse mundo moderno em vivemos? indagou Ant\u00f4nio ao amigo.<\/p>\n<p>A resposta de Jo\u00e3o S\u00e9rgio, ap\u00f3s um breve intervalo, foi de que n\u00e3o entendia muito disso. Mas, ponderou, &#8220;me causa uma certa preocupa\u00e7\u00e3o ver esses jovens com a cara o tempo nesses celulares como se fossem &#8216;zumbis modernos&#8217; andando pelas cidades, pra\u00e7as, quadras e ruas sem sequer olhar para a frente, arriscando-se, mesmo, a um esbarr\u00e3o em algu\u00e9m, trope\u00e7ar num deslize da cal\u00e7ada ou dar com a cabe\u00e7a em uma \u00e1rvore&#8221;.<\/p>\n<p>Ouvi e pensei c\u00e1 com meus bot\u00f5es, como sofrem os \u201canjos da guarda\u201d dessa juventude internetizada, o dia inteiro conectada no virtual, e desconectada da realidade do mundo \u00e0 sua volta.<\/p>\n<p>Ant\u00f4nio voltou ao questionamento: o que podemos fazer para remediar essa situa\u00e7\u00e3o? Proibir? Defender diretrizes que limitem o tempo de crian\u00e7as e adolescentes permanecerem on line no virtual, sem prejudicar-se no mundo real? S\u00e3o tantas quest\u00f5es a serem propostas, pois, do jeito que est\u00e1, n\u00e3o pode continuar, disse o rapaz com ares de preocupa\u00e7\u00e3o.<\/p>\n<p>Pois \u00e9, respondeu Jo\u00e3o, acrescentando outra indaga\u00e7\u00e3o: ser\u00e1 que nossos governantes tamb\u00e9m s\u00e3o \u201czumbis modernos\u201d, para n\u00e3o se darem conta dessas quest\u00f5es complexas, de tamanha import\u00e2ncia? Como n\u00f3s, reles mortais, podemos intervir em favor dessa nova gera\u00e7\u00e3o em constante crescimento rumo a um futuro incerto?<\/p>\n<p>Pedi um aparte. Os rapazes (aqui, for\u00e7a de express\u00e3o, pois s\u00e3o quase senhores, na minha faixa et\u00e1ria, a\u00ed pelos 40, 45 anos) viraram olhos e ouvidos em minha dire\u00e7\u00e3o. Vendo o interesse demonstrado por &#8216;minha plateia&#8217;, por mais que n\u00e3o passasse de uma dupla, ponderei que as redes sociais e plataformas digitais, a exemplo do Facebook, Instagram, Twitter (ops, agora s\u00f3 X), grupos de WhatsApp e outros mais, deveriam oferecer recursos necess\u00e1rios para monitorar com maior aten\u00e7\u00e3o crian\u00e7as e adolescentes.<\/p>\n<p>Jo\u00e3o e Ant\u00f4nio acenaram positivamente com as cabe\u00e7as. E acrescentei sinalizando que essa responsabilidade n\u00e3o deve ser atribu\u00edda apenas a pais e professores. \u00c9 um papel crucial no desenvolvimento desses &#8216;zumbis modernos&#8217;, defendi, que deve ser enfrentada pelo governo, regrando o segmento com normas suaves, mas sem imposi\u00e7\u00f5es. A consci\u00eancia, conclu\u00ed, vem em primeiro lugar.<\/p>\n<p>Jo\u00e3o Sergio e Ant\u00f4nio Muller demonstraram interesse em avan\u00e7armos sobre o tema. Acertamos um breve encontro, no mesmo local, para iniciarmos um trabalho de conscientiza\u00e7\u00e3o como formiguinhas, at\u00e9 alcan\u00e7armos nosso objetivo. No feriado de quinta, 12, recebi uma mensagem de &#8216;zap&#8217; do Jo\u00e3o. Marcamos uma conversa para o domingo, 15. Acho que vamos ajudar em alguma coisa. Atrapalhar, com certeza, n\u00e3o passa por nossas cabe\u00e7as.<\/p>\n<p>Para encerrar: lembre-se, caro internauta, que\u00a0sou o Andr\u00e9, uma \u2018verdadeira montanha\u2019 de for\u00e7a de vontade.\u00a0<strong>Notibras<\/strong>\u00a0abriu este espa\u00e7o para pessoas como eu, como voc\u00ea. O espa\u00e7o \u00e9 nosso. Se desejar interagir, mande sugest\u00f5es, mande seus textos. Meu contato (WhatsApp) \u00e9 +55 61 98425-4895.<\/p>\n<p>&nbsp;<\/p>\n","protected":false},"excerpt":{"rendered":"<p>Se dinheiro na m\u00e3o (disse o poeta) \u00e9 tenta\u00e7\u00e3o, equipamento eletr\u00f4nico na m\u00e3o de crian\u00e7a (ouvi isso) \u00e9 preocupa\u00e7\u00e3o. Cheguei a essa conclus\u00e3o dia desses, quando engatei a primeira em minha cadeira de rodas motorizada (na verdade, empurrada por uma bateria) e fui dar um rol\u00e9 pelas cal\u00e7adas da vizinhan\u00e7a, embora meio que aos trancos [&hellip;]<\/p>\n","protected":false},"author":2,"featured_media":314621,"comment_status":"closed","ping_status":"closed","sticky":false,"template":"","format":"standard","meta":{"_acf_changed":false,"footnotes":""},"categories":[161],"tags":[],"class_list":["post-314620","post","type-post","status-publish","format-standard","has-post-thumbnail","hentry","category-quadradinho-em-foco"],"acf":[],"yoast_head":"<!-- This site is optimized with the Yoast SEO plugin v27.2 - https:\/\/yoast.com\/product\/yoast-seo-wordpress\/ -->\n<title>Tabuleiro de damas abre espa\u00e7o para debater mundo virtual - Notibras<\/title>\n<meta name=\"robots\" content=\"index, follow, max-snippet:-1, max-image-preview:large, max-video-preview:-1\" \/>\n<link rel=\"canonical\" href=\"https:\/\/www.notibras.com\/site\/tabuleiro-de-damas-abre-espaco-para-debater-mundo-virtual\/\" \/>\n<meta property=\"og:locale\" content=\"pt_BR\" \/>\n<meta property=\"og:type\" content=\"article\" \/>\n<meta property=\"og:title\" content=\"Tabuleiro de damas abre espa\u00e7o para debater mundo virtual - Notibras\" \/>\n<meta property=\"og:description\" content=\"Se dinheiro na m\u00e3o (disse o poeta) \u00e9 tenta\u00e7\u00e3o, equipamento eletr\u00f4nico na m\u00e3o de crian\u00e7a (ouvi isso) \u00e9 preocupa\u00e7\u00e3o. Cheguei a essa conclus\u00e3o dia desses, quando engatei a primeira em minha cadeira de rodas motorizada (na verdade, empurrada por uma bateria) e fui dar um rol\u00e9 pelas cal\u00e7adas da vizinhan\u00e7a, embora meio que aos trancos [&hellip;]\" \/>\n<meta property=\"og:url\" content=\"https:\/\/www.notibras.com\/site\/tabuleiro-de-damas-abre-espaco-para-debater-mundo-virtual\/\" \/>\n<meta property=\"og:site_name\" content=\"Notibras\" \/>\n<meta property=\"article:publisher\" content=\"https:\/\/www.facebook.com\/notibras\/\" \/>\n<meta property=\"article:published_time\" content=\"2023-10-14T08:52:14+00:00\" \/>\n<meta property=\"article:modified_time\" content=\"2023-10-14T08:53:36+00:00\" \/>\n<meta property=\"og:image\" content=\"https:\/\/www.notibras.com\/site\/wp-content\/uploads\/2023\/10\/front-view-blurred-child-using-mobile-phone-696x464-1.jpg\" \/>\n\t<meta property=\"og:image:width\" content=\"696\" \/>\n\t<meta property=\"og:image:height\" content=\"464\" \/>\n\t<meta property=\"og:image:type\" content=\"image\/jpeg\" \/>\n<meta name=\"author\" content=\"Reda\u00e7\u00e3o\" \/>\n<meta name=\"twitter:card\" content=\"summary_large_image\" \/>\n<meta name=\"twitter:creator\" content=\"@Notibras\" \/>\n<meta name=\"twitter:site\" content=\"@Notibras\" \/>\n<meta name=\"twitter:label1\" content=\"Escrito por\" \/>\n\t<meta name=\"twitter:data1\" content=\"Reda\u00e7\u00e3o\" \/>\n\t<meta name=\"twitter:label2\" content=\"Est. tempo de leitura\" \/>\n\t<meta name=\"twitter:data2\" content=\"4 minutos\" \/>\n<script type=\"application\/ld+json\" class=\"yoast-schema-graph\">{\"@context\":\"https:\/\/schema.org\",\"@graph\":[{\"@type\":\"Article\",\"@id\":\"https:\/\/www.notibras.com\/site\/tabuleiro-de-damas-abre-espaco-para-debater-mundo-virtual\/#article\",\"isPartOf\":{\"@id\":\"https:\/\/www.notibras.com\/site\/tabuleiro-de-damas-abre-espaco-para-debater-mundo-virtual\/\"},\"author\":{\"name\":\"Reda\u00e7\u00e3o\",\"@id\":\"https:\/\/www.notibras.com\/site\/#\/schema\/person\/36ab0979449956132d3e5b517ea76ac8\"},\"headline\":\"Tabuleiro de damas abre espa\u00e7o para debater mundo virtual\",\"datePublished\":\"2023-10-14T08:52:14+00:00\",\"dateModified\":\"2023-10-14T08:53:36+00:00\",\"mainEntityOfPage\":{\"@id\":\"https:\/\/www.notibras.com\/site\/tabuleiro-de-damas-abre-espaco-para-debater-mundo-virtual\/\"},\"wordCount\":705,\"publisher\":{\"@id\":\"https:\/\/www.notibras.com\/site\/#organization\"},\"image\":{\"@id\":\"https:\/\/www.notibras.com\/site\/tabuleiro-de-damas-abre-espaco-para-debater-mundo-virtual\/#primaryimage\"},\"thumbnailUrl\":\"https:\/\/www.notibras.com\/site\/wp-content\/uploads\/2023\/10\/front-view-blurred-child-using-mobile-phone-696x464-1.jpg\",\"articleSection\":[\"Quadradinho em Foco\"],\"inLanguage\":\"pt-BR\"},{\"@type\":\"WebPage\",\"@id\":\"https:\/\/www.notibras.com\/site\/tabuleiro-de-damas-abre-espaco-para-debater-mundo-virtual\/\",\"url\":\"https:\/\/www.notibras.com\/site\/tabuleiro-de-damas-abre-espaco-para-debater-mundo-virtual\/\",\"name\":\"Tabuleiro de damas abre espa\u00e7o para debater mundo virtual - Notibras\",\"isPartOf\":{\"@id\":\"https:\/\/www.notibras.com\/site\/#website\"},\"primaryImageOfPage\":{\"@id\":\"https:\/\/www.notibras.com\/site\/tabuleiro-de-damas-abre-espaco-para-debater-mundo-virtual\/#primaryimage\"},\"image\":{\"@id\":\"https:\/\/www.notibras.com\/site\/tabuleiro-de-damas-abre-espaco-para-debater-mundo-virtual\/#primaryimage\"},\"thumbnailUrl\":\"https:\/\/www.notibras.com\/site\/wp-content\/uploads\/2023\/10\/front-view-blurred-child-using-mobile-phone-696x464-1.jpg\",\"datePublished\":\"2023-10-14T08:52:14+00:00\",\"dateModified\":\"2023-10-14T08:53:36+00:00\",\"breadcrumb\":{\"@id\":\"https:\/\/www.notibras.com\/site\/tabuleiro-de-damas-abre-espaco-para-debater-mundo-virtual\/#breadcrumb\"},\"inLanguage\":\"pt-BR\",\"potentialAction\":[{\"@type\":\"ReadAction\",\"target\":[\"https:\/\/www.notibras.com\/site\/tabuleiro-de-damas-abre-espaco-para-debater-mundo-virtual\/\"]}]},{\"@type\":\"ImageObject\",\"inLanguage\":\"pt-BR\",\"@id\":\"https:\/\/www.notibras.com\/site\/tabuleiro-de-damas-abre-espaco-para-debater-mundo-virtual\/#primaryimage\",\"url\":\"https:\/\/www.notibras.com\/site\/wp-content\/uploads\/2023\/10\/front-view-blurred-child-using-mobile-phone-696x464-1.jpg\",\"contentUrl\":\"https:\/\/www.notibras.com\/site\/wp-content\/uploads\/2023\/10\/front-view-blurred-child-using-mobile-phone-696x464-1.jpg\",\"width\":696,\"height\":464},{\"@type\":\"BreadcrumbList\",\"@id\":\"https:\/\/www.notibras.com\/site\/tabuleiro-de-damas-abre-espaco-para-debater-mundo-virtual\/#breadcrumb\",\"itemListElement\":[{\"@type\":\"ListItem\",\"position\":1,\"name\":\"In\u00edcio\",\"item\":\"https:\/\/www.notibras.com\/site\/\"},{\"@type\":\"ListItem\",\"position\":2,\"name\":\"Tabuleiro de damas abre espa\u00e7o para debater mundo virtual\"}]},{\"@type\":\"WebSite\",\"@id\":\"https:\/\/www.notibras.com\/site\/#website\",\"url\":\"https:\/\/www.notibras.com\/site\/\",\"name\":\"Notibras\",\"description\":\"Not\u00edcias de Bras\u00edlia, do Brasil e do Mundo\",\"publisher\":{\"@id\":\"https:\/\/www.notibras.com\/site\/#organization\"},\"potentialAction\":[{\"@type\":\"SearchAction\",\"target\":{\"@type\":\"EntryPoint\",\"urlTemplate\":\"https:\/\/www.notibras.com\/site\/?s={search_term_string}\"},\"query-input\":{\"@type\":\"PropertyValueSpecification\",\"valueRequired\":true,\"valueName\":\"search_term_string\"}}],\"inLanguage\":\"pt-BR\"},{\"@type\":\"Organization\",\"@id\":\"https:\/\/www.notibras.com\/site\/#organization\",\"name\":\"Grupo Notibras de Comunica\u00e7\u00e3o\",\"url\":\"https:\/\/www.notibras.com\/site\/\",\"logo\":{\"@type\":\"ImageObject\",\"inLanguage\":\"pt-BR\",\"@id\":\"https:\/\/www.notibras.com\/site\/#\/schema\/logo\/image\/\",\"url\":\"https:\/\/www.notibras.com\/site\/wp-content\/uploads\/2023\/01\/notibras23.png\",\"contentUrl\":\"https:\/\/www.notibras.com\/site\/wp-content\/uploads\/2023\/01\/notibras23.png\",\"width\":350,\"height\":87,\"caption\":\"Grupo Notibras de Comunica\u00e7\u00e3o\"},\"image\":{\"@id\":\"https:\/\/www.notibras.com\/site\/#\/schema\/logo\/image\/\"},\"sameAs\":[\"https:\/\/www.facebook.com\/notibras\/\",\"https:\/\/x.com\/Notibras\",\"https:\/\/www.instagram.com\/notibras\/\"]},{\"@type\":\"Person\",\"@id\":\"https:\/\/www.notibras.com\/site\/#\/schema\/person\/36ab0979449956132d3e5b517ea76ac8\",\"name\":\"Reda\u00e7\u00e3o\",\"image\":{\"@type\":\"ImageObject\",\"inLanguage\":\"pt-BR\",\"@id\":\"https:\/\/secure.gravatar.com\/avatar\/e0a867bdedb85fd243eadf09663511f96fc81e0720a4a42581f334ad4303aa6b?s=96&d=mm&r=g\",\"url\":\"https:\/\/secure.gravatar.com\/avatar\/e0a867bdedb85fd243eadf09663511f96fc81e0720a4a42581f334ad4303aa6b?s=96&d=mm&r=g\",\"contentUrl\":\"https:\/\/secure.gravatar.com\/avatar\/e0a867bdedb85fd243eadf09663511f96fc81e0720a4a42581f334ad4303aa6b?s=96&d=mm&r=g\",\"caption\":\"Reda\u00e7\u00e3o\"}}]}<\/script>\n<!-- \/ Yoast SEO plugin. -->","yoast_head_json":{"title":"Tabuleiro de damas abre espa\u00e7o para debater mundo virtual - Notibras","robots":{"index":"index","follow":"follow","max-snippet":"max-snippet:-1","max-image-preview":"max-image-preview:large","max-video-preview":"max-video-preview:-1"},"canonical":"https:\/\/www.notibras.com\/site\/tabuleiro-de-damas-abre-espaco-para-debater-mundo-virtual\/","og_locale":"pt_BR","og_type":"article","og_title":"Tabuleiro de damas abre espa\u00e7o para debater mundo virtual - Notibras","og_description":"Se dinheiro na m\u00e3o (disse o poeta) \u00e9 tenta\u00e7\u00e3o, equipamento eletr\u00f4nico na m\u00e3o de crian\u00e7a (ouvi isso) \u00e9 preocupa\u00e7\u00e3o. Cheguei a essa conclus\u00e3o dia desses, quando engatei a primeira em minha cadeira de rodas motorizada (na verdade, empurrada por uma bateria) e fui dar um rol\u00e9 pelas cal\u00e7adas da vizinhan\u00e7a, embora meio que aos trancos [&hellip;]","og_url":"https:\/\/www.notibras.com\/site\/tabuleiro-de-damas-abre-espaco-para-debater-mundo-virtual\/","og_site_name":"Notibras","article_publisher":"https:\/\/www.facebook.com\/notibras\/","article_published_time":"2023-10-14T08:52:14+00:00","article_modified_time":"2023-10-14T08:53:36+00:00","og_image":[{"width":696,"height":464,"url":"https:\/\/www.notibras.com\/site\/wp-content\/uploads\/2023\/10\/front-view-blurred-child-using-mobile-phone-696x464-1.jpg","type":"image\/jpeg"}],"author":"Reda\u00e7\u00e3o","twitter_card":"summary_large_image","twitter_creator":"@Notibras","twitter_site":"@Notibras","twitter_misc":{"Escrito por":"Reda\u00e7\u00e3o","Est. tempo de leitura":"4 minutos"},"schema":{"@context":"https:\/\/schema.org","@graph":[{"@type":"Article","@id":"https:\/\/www.notibras.com\/site\/tabuleiro-de-damas-abre-espaco-para-debater-mundo-virtual\/#article","isPartOf":{"@id":"https:\/\/www.notibras.com\/site\/tabuleiro-de-damas-abre-espaco-para-debater-mundo-virtual\/"},"author":{"name":"Reda\u00e7\u00e3o","@id":"https:\/\/www.notibras.com\/site\/#\/schema\/person\/36ab0979449956132d3e5b517ea76ac8"},"headline":"Tabuleiro de damas abre espa\u00e7o para debater mundo virtual","datePublished":"2023-10-14T08:52:14+00:00","dateModified":"2023-10-14T08:53:36+00:00","mainEntityOfPage":{"@id":"https:\/\/www.notibras.com\/site\/tabuleiro-de-damas-abre-espaco-para-debater-mundo-virtual\/"},"wordCount":705,"publisher":{"@id":"https:\/\/www.notibras.com\/site\/#organization"},"image":{"@id":"https:\/\/www.notibras.com\/site\/tabuleiro-de-damas-abre-espaco-para-debater-mundo-virtual\/#primaryimage"},"thumbnailUrl":"https:\/\/www.notibras.com\/site\/wp-content\/uploads\/2023\/10\/front-view-blurred-child-using-mobile-phone-696x464-1.jpg","articleSection":["Quadradinho em Foco"],"inLanguage":"pt-BR"},{"@type":"WebPage","@id":"https:\/\/www.notibras.com\/site\/tabuleiro-de-damas-abre-espaco-para-debater-mundo-virtual\/","url":"https:\/\/www.notibras.com\/site\/tabuleiro-de-damas-abre-espaco-para-debater-mundo-virtual\/","name":"Tabuleiro de damas abre espa\u00e7o para debater mundo virtual - Notibras","isPartOf":{"@id":"https:\/\/www.notibras.com\/site\/#website"},"primaryImageOfPage":{"@id":"https:\/\/www.notibras.com\/site\/tabuleiro-de-damas-abre-espaco-para-debater-mundo-virtual\/#primaryimage"},"image":{"@id":"https:\/\/www.notibras.com\/site\/tabuleiro-de-damas-abre-espaco-para-debater-mundo-virtual\/#primaryimage"},"thumbnailUrl":"https:\/\/www.notibras.com\/site\/wp-content\/uploads\/2023\/10\/front-view-blurred-child-using-mobile-phone-696x464-1.jpg","datePublished":"2023-10-14T08:52:14+00:00","dateModified":"2023-10-14T08:53:36+00:00","breadcrumb":{"@id":"https:\/\/www.notibras.com\/site\/tabuleiro-de-damas-abre-espaco-para-debater-mundo-virtual\/#breadcrumb"},"inLanguage":"pt-BR","potentialAction":[{"@type":"ReadAction","target":["https:\/\/www.notibras.com\/site\/tabuleiro-de-damas-abre-espaco-para-debater-mundo-virtual\/"]}]},{"@type":"ImageObject","inLanguage":"pt-BR","@id":"https:\/\/www.notibras.com\/site\/tabuleiro-de-damas-abre-espaco-para-debater-mundo-virtual\/#primaryimage","url":"https:\/\/www.notibras.com\/site\/wp-content\/uploads\/2023\/10\/front-view-blurred-child-using-mobile-phone-696x464-1.jpg","contentUrl":"https:\/\/www.notibras.com\/site\/wp-content\/uploads\/2023\/10\/front-view-blurred-child-using-mobile-phone-696x464-1.jpg","width":696,"height":464},{"@type":"BreadcrumbList","@id":"https:\/\/www.notibras.com\/site\/tabuleiro-de-damas-abre-espaco-para-debater-mundo-virtual\/#breadcrumb","itemListElement":[{"@type":"ListItem","position":1,"name":"In\u00edcio","item":"https:\/\/www.notibras.com\/site\/"},{"@type":"ListItem","position":2,"name":"Tabuleiro de damas abre espa\u00e7o para debater mundo virtual"}]},{"@type":"WebSite","@id":"https:\/\/www.notibras.com\/site\/#website","url":"https:\/\/www.notibras.com\/site\/","name":"Notibras","description":"Not\u00edcias de Bras\u00edlia, do Brasil e do Mundo","publisher":{"@id":"https:\/\/www.notibras.com\/site\/#organization"},"potentialAction":[{"@type":"SearchAction","target":{"@type":"EntryPoint","urlTemplate":"https:\/\/www.notibras.com\/site\/?s={search_term_string}"},"query-input":{"@type":"PropertyValueSpecification","valueRequired":true,"valueName":"search_term_string"}}],"inLanguage":"pt-BR"},{"@type":"Organization","@id":"https:\/\/www.notibras.com\/site\/#organization","name":"Grupo Notibras de Comunica\u00e7\u00e3o","url":"https:\/\/www.notibras.com\/site\/","logo":{"@type":"ImageObject","inLanguage":"pt-BR","@id":"https:\/\/www.notibras.com\/site\/#\/schema\/logo\/image\/","url":"https:\/\/www.notibras.com\/site\/wp-content\/uploads\/2023\/01\/notibras23.png","contentUrl":"https:\/\/www.notibras.com\/site\/wp-content\/uploads\/2023\/01\/notibras23.png","width":350,"height":87,"caption":"Grupo Notibras de Comunica\u00e7\u00e3o"},"image":{"@id":"https:\/\/www.notibras.com\/site\/#\/schema\/logo\/image\/"},"sameAs":["https:\/\/www.facebook.com\/notibras\/","https:\/\/x.com\/Notibras","https:\/\/www.instagram.com\/notibras\/"]},{"@type":"Person","@id":"https:\/\/www.notibras.com\/site\/#\/schema\/person\/36ab0979449956132d3e5b517ea76ac8","name":"Reda\u00e7\u00e3o","image":{"@type":"ImageObject","inLanguage":"pt-BR","@id":"https:\/\/secure.gravatar.com\/avatar\/e0a867bdedb85fd243eadf09663511f96fc81e0720a4a42581f334ad4303aa6b?s=96&d=mm&r=g","url":"https:\/\/secure.gravatar.com\/avatar\/e0a867bdedb85fd243eadf09663511f96fc81e0720a4a42581f334ad4303aa6b?s=96&d=mm&r=g","contentUrl":"https:\/\/secure.gravatar.com\/avatar\/e0a867bdedb85fd243eadf09663511f96fc81e0720a4a42581f334ad4303aa6b?s=96&d=mm&r=g","caption":"Reda\u00e7\u00e3o"}}]}},"amp_enabled":true,"_links":{"self":[{"href":"https:\/\/www.notibras.com\/site\/wp-json\/wp\/v2\/posts\/314620","targetHints":{"allow":["GET"]}}],"collection":[{"href":"https:\/\/www.notibras.com\/site\/wp-json\/wp\/v2\/posts"}],"about":[{"href":"https:\/\/www.notibras.com\/site\/wp-json\/wp\/v2\/types\/post"}],"author":[{"embeddable":true,"href":"https:\/\/www.notibras.com\/site\/wp-json\/wp\/v2\/users\/2"}],"replies":[{"embeddable":true,"href":"https:\/\/www.notibras.com\/site\/wp-json\/wp\/v2\/comments?post=314620"}],"version-history":[{"count":1,"href":"https:\/\/www.notibras.com\/site\/wp-json\/wp\/v2\/posts\/314620\/revisions"}],"predecessor-version":[{"id":314622,"href":"https:\/\/www.notibras.com\/site\/wp-json\/wp\/v2\/posts\/314620\/revisions\/314622"}],"wp:featuredmedia":[{"embeddable":true,"href":"https:\/\/www.notibras.com\/site\/wp-json\/wp\/v2\/media\/314621"}],"wp:attachment":[{"href":"https:\/\/www.notibras.com\/site\/wp-json\/wp\/v2\/media?parent=314620"}],"wp:term":[{"taxonomy":"category","embeddable":true,"href":"https:\/\/www.notibras.com\/site\/wp-json\/wp\/v2\/categories?post=314620"},{"taxonomy":"post_tag","embeddable":true,"href":"https:\/\/www.notibras.com\/site\/wp-json\/wp\/v2\/tags?post=314620"}],"curies":[{"name":"wp","href":"https:\/\/api.w.org\/{rel}","templated":true}]}}