{"id":314623,"date":"2023-10-14T06:19:23","date_gmt":"2023-10-14T09:19:23","guid":{"rendered":"https:\/\/www.notibras.com\/site\/?p=314623"},"modified":"2023-10-14T06:20:20","modified_gmt":"2023-10-14T09:20:20","slug":"heroi-imaginario-cai-na-real-com-tombo-da-rede","status":"publish","type":"post","link":"https:\/\/www.notibras.com\/site\/heroi-imaginario-cai-na-real-com-tombo-da-rede\/","title":{"rendered":"Her\u00f3i imagin\u00e1rio cai na real com tombo da rede"},"content":{"rendered":"<p>Apol\u00f4nio era, antes de qualquer coisa, um sonhador. Mesmo acordado, n\u00e3o era raro divagar sobre situa\u00e7\u00f5es pelas quais ele jamais havia passado e, possivelmente, nunca iria viver. Os mais chegados, ent\u00e3o, nem ligavam para aquelas fantasias, tamanha a capacidade dele de borboletear, como gostava de dizer dona Gertrudes, sua m\u00e3e.<\/p>\n<p>Trabalhava como escrevente num cart\u00f3rio. Passava o dia inteiro conferindo assinaturas, batendo carimbos, rubricando aquela rubrica sem floreios. Um simples A com tr\u00eas pontos no cantinho esquerdo. Diante de tanta empolga\u00e7\u00e3o, \u00e9 de se admirar que ainda tivesse tempo para se imaginar surfando altas ondas no Hava\u00ed, escalando o Monte Everest tr\u00eas vezes antes mesmo do caf\u00e9 da manh\u00e3, pulando de um cip\u00f3 direto num rio para lutar contra crocodilos famintos. Os devaneios povoavam a mente daquele homem.<\/p>\n<p>Os relacionamentos amorosos n\u00e3o duravam muito. N\u00e3o por culpa das mulheres, que at\u00e9 insistiam para que o namoro persistisse. Todavia, ap\u00f3s algum tempo, nem as mais apaixonadas conseguiam resistir a abandonar aquele desvairado. Apol\u00f4nio, a princ\u00edpio, ficava tristonho, mas logo achava at\u00e9 bom ficar sozinho, pois, assim, poderia sonhar sem ser interrompido por um beijo em um momento inoportuno como, por exemplo, quando estava saltando de paraquedas.<\/p>\n<p>Depois dos 40, Apol\u00f4nio deixou de aceitar convites at\u00e9 para casamentos, quanto mais para enterros. A rotina era da casa pro trabalho, do trabalho pra casa. N\u00e3o via a hora de se aposentar para n\u00e3o precisar sair de casa. Talvez apenas uma chegada at\u00e9 a esquina para comprar p\u00e3o para a semana inteira. Faria torradas, caso o p\u00e3o ficasse duro. Torradas durante uma semana, torradas por um m\u00eas. Quem ligava se comesse torradas por um ano ou mais?<\/p>\n<p>Durante as f\u00e9rias, fez um grande estoque de p\u00e3es de todos os tipos. O forno trabalhou intensamente para produzir tantas torradas. Trinta dias trancafiado dentro daquele apartamento com poucos m\u00f3veis. O m\u00ednimo necess\u00e1rio. Afinal, ele poderia ser convocado para uma miss\u00e3o para salvar o mundo a qualquer momento. E parece que esse dia havia chegado.<\/p>\n<p>E l\u00e1 estava o Apol\u00f4nio montado em um lindo cavalo negro para enfrentar um bando de criminosos. Al\u00e9m de assaltarem o \u00fanico banco da cidade, os bandidos ousaram em raptar a mais linda donzela da regi\u00e3o. Ele precisava enfrentar aquele perigo sozinho, pois ningu\u00e9m mais queria arriscar a vida. Destemido como ele s\u00f3, eis que o her\u00f3i, depois de um tiroteio de quase uma hora, conseguiu prender todos os assaltantes.<\/p>\n<p>Apol\u00f4nio, com uma corda, amarrou os salafr\u00e1rios, ao mesmo tempo em que a popula\u00e7\u00e3o inteira da cidade chegou ao local. Todos o aplaudiram. O her\u00f3i, ent\u00e3o, caminhou tranquilamente at\u00e9 a donzela raptada e a libertou do cativeiro. Seu nome era Eug\u00eania. Ela sorriu e o abra\u00e7ou. Em seguida, os dois, m\u00e3os dadas, surgiram diante da plateia euf\u00f3rica. Os aplausos se intensificaram. Todos o admiravam!<\/p>\n<p>Apol\u00f4nio assoviou para o garanh\u00e3o negro, que correu veloz e parou diante dos p\u00e9s de seu dono. O homem montou no lindo cavalo. Ele puxou Eug\u00eania pela m\u00e3o. No entanto, assim que ela subiu na garupa do cavalo, este desabou ao mesmo tempo em que Apol\u00f4nio caiu no ch\u00e3o duro e frio da sacada. Um dos ganchos da rede havia rompido.<\/p>\n","protected":false},"excerpt":{"rendered":"<p>Apol\u00f4nio era, antes de qualquer coisa, um sonhador. Mesmo acordado, n\u00e3o era raro divagar sobre situa\u00e7\u00f5es pelas quais ele jamais havia passado e, possivelmente, nunca iria viver. Os mais chegados, ent\u00e3o, nem ligavam para aquelas fantasias, tamanha a capacidade dele de borboletear, como gostava de dizer dona Gertrudes, sua m\u00e3e. Trabalhava como escrevente num cart\u00f3rio. [&hellip;]<\/p>\n","protected":false},"author":2,"featured_media":314624,"comment_status":"closed","ping_status":"closed","sticky":false,"template":"","format":"standard","meta":{"_acf_changed":false,"footnotes":""},"categories":[161],"tags":[],"class_list":["post-314623","post","type-post","status-publish","format-standard","has-post-thumbnail","hentry","category-quadradinho-em-foco"],"acf":[],"yoast_head":"<!-- This site is optimized with the Yoast SEO plugin v27.2 - https:\/\/yoast.com\/product\/yoast-seo-wordpress\/ -->\n<title>Her\u00f3i imagin\u00e1rio cai na real com tombo da rede - Notibras<\/title>\n<meta name=\"robots\" content=\"index, follow, max-snippet:-1, max-image-preview:large, max-video-preview:-1\" \/>\n<link rel=\"canonical\" href=\"https:\/\/www.notibras.com\/site\/heroi-imaginario-cai-na-real-com-tombo-da-rede\/\" \/>\n<meta property=\"og:locale\" content=\"pt_BR\" \/>\n<meta property=\"og:type\" content=\"article\" \/>\n<meta property=\"og:title\" content=\"Her\u00f3i imagin\u00e1rio cai na real com tombo da rede - Notibras\" \/>\n<meta property=\"og:description\" content=\"Apol\u00f4nio era, antes de qualquer coisa, um sonhador. Mesmo acordado, n\u00e3o era raro divagar sobre situa\u00e7\u00f5es pelas quais ele jamais havia passado e, possivelmente, nunca iria viver. Os mais chegados, ent\u00e3o, nem ligavam para aquelas fantasias, tamanha a capacidade dele de borboletear, como gostava de dizer dona Gertrudes, sua m\u00e3e. Trabalhava como escrevente num cart\u00f3rio. [&hellip;]\" \/>\n<meta property=\"og:url\" content=\"https:\/\/www.notibras.com\/site\/heroi-imaginario-cai-na-real-com-tombo-da-rede\/\" \/>\n<meta property=\"og:site_name\" content=\"Notibras\" \/>\n<meta property=\"article:publisher\" content=\"https:\/\/www.facebook.com\/notibras\/\" \/>\n<meta property=\"article:published_time\" content=\"2023-10-14T09:19:23+00:00\" \/>\n<meta property=\"article:modified_time\" content=\"2023-10-14T09:20:20+00:00\" \/>\n<meta property=\"og:image\" content=\"https:\/\/www.notibras.com\/site\/wp-content\/uploads\/2023\/10\/duas-eguas.jpg\" \/>\n\t<meta property=\"og:image:width\" content=\"1024\" \/>\n\t<meta property=\"og:image:height\" content=\"683\" \/>\n\t<meta property=\"og:image:type\" content=\"image\/jpeg\" \/>\n<meta name=\"author\" content=\"Reda\u00e7\u00e3o\" \/>\n<meta name=\"twitter:card\" content=\"summary_large_image\" \/>\n<meta name=\"twitter:creator\" content=\"@Notibras\" \/>\n<meta name=\"twitter:site\" content=\"@Notibras\" \/>\n<meta name=\"twitter:label1\" content=\"Escrito por\" \/>\n\t<meta name=\"twitter:data1\" content=\"Reda\u00e7\u00e3o\" \/>\n\t<meta name=\"twitter:label2\" content=\"Est. tempo de leitura\" \/>\n\t<meta name=\"twitter:data2\" content=\"3 minutos\" \/>\n<script type=\"application\/ld+json\" class=\"yoast-schema-graph\">{\"@context\":\"https:\/\/schema.org\",\"@graph\":[{\"@type\":\"Article\",\"@id\":\"https:\/\/www.notibras.com\/site\/heroi-imaginario-cai-na-real-com-tombo-da-rede\/#article\",\"isPartOf\":{\"@id\":\"https:\/\/www.notibras.com\/site\/heroi-imaginario-cai-na-real-com-tombo-da-rede\/\"},\"author\":{\"name\":\"Reda\u00e7\u00e3o\",\"@id\":\"https:\/\/www.notibras.com\/site\/#\/schema\/person\/36ab0979449956132d3e5b517ea76ac8\"},\"headline\":\"Her\u00f3i imagin\u00e1rio cai na real com tombo da rede\",\"datePublished\":\"2023-10-14T09:19:23+00:00\",\"dateModified\":\"2023-10-14T09:20:20+00:00\",\"mainEntityOfPage\":{\"@id\":\"https:\/\/www.notibras.com\/site\/heroi-imaginario-cai-na-real-com-tombo-da-rede\/\"},\"wordCount\":579,\"publisher\":{\"@id\":\"https:\/\/www.notibras.com\/site\/#organization\"},\"image\":{\"@id\":\"https:\/\/www.notibras.com\/site\/heroi-imaginario-cai-na-real-com-tombo-da-rede\/#primaryimage\"},\"thumbnailUrl\":\"https:\/\/www.notibras.com\/site\/wp-content\/uploads\/2023\/10\/duas-eguas.jpg\",\"articleSection\":[\"Quadradinho em Foco\"],\"inLanguage\":\"pt-BR\"},{\"@type\":\"WebPage\",\"@id\":\"https:\/\/www.notibras.com\/site\/heroi-imaginario-cai-na-real-com-tombo-da-rede\/\",\"url\":\"https:\/\/www.notibras.com\/site\/heroi-imaginario-cai-na-real-com-tombo-da-rede\/\",\"name\":\"Her\u00f3i imagin\u00e1rio cai na real com tombo da rede - Notibras\",\"isPartOf\":{\"@id\":\"https:\/\/www.notibras.com\/site\/#website\"},\"primaryImageOfPage\":{\"@id\":\"https:\/\/www.notibras.com\/site\/heroi-imaginario-cai-na-real-com-tombo-da-rede\/#primaryimage\"},\"image\":{\"@id\":\"https:\/\/www.notibras.com\/site\/heroi-imaginario-cai-na-real-com-tombo-da-rede\/#primaryimage\"},\"thumbnailUrl\":\"https:\/\/www.notibras.com\/site\/wp-content\/uploads\/2023\/10\/duas-eguas.jpg\",\"datePublished\":\"2023-10-14T09:19:23+00:00\",\"dateModified\":\"2023-10-14T09:20:20+00:00\",\"breadcrumb\":{\"@id\":\"https:\/\/www.notibras.com\/site\/heroi-imaginario-cai-na-real-com-tombo-da-rede\/#breadcrumb\"},\"inLanguage\":\"pt-BR\",\"potentialAction\":[{\"@type\":\"ReadAction\",\"target\":[\"https:\/\/www.notibras.com\/site\/heroi-imaginario-cai-na-real-com-tombo-da-rede\/\"]}]},{\"@type\":\"ImageObject\",\"inLanguage\":\"pt-BR\",\"@id\":\"https:\/\/www.notibras.com\/site\/heroi-imaginario-cai-na-real-com-tombo-da-rede\/#primaryimage\",\"url\":\"https:\/\/www.notibras.com\/site\/wp-content\/uploads\/2023\/10\/duas-eguas.jpg\",\"contentUrl\":\"https:\/\/www.notibras.com\/site\/wp-content\/uploads\/2023\/10\/duas-eguas.jpg\",\"width\":1024,\"height\":683},{\"@type\":\"BreadcrumbList\",\"@id\":\"https:\/\/www.notibras.com\/site\/heroi-imaginario-cai-na-real-com-tombo-da-rede\/#breadcrumb\",\"itemListElement\":[{\"@type\":\"ListItem\",\"position\":1,\"name\":\"In\u00edcio\",\"item\":\"https:\/\/www.notibras.com\/site\/\"},{\"@type\":\"ListItem\",\"position\":2,\"name\":\"Her\u00f3i imagin\u00e1rio cai na real com tombo da rede\"}]},{\"@type\":\"WebSite\",\"@id\":\"https:\/\/www.notibras.com\/site\/#website\",\"url\":\"https:\/\/www.notibras.com\/site\/\",\"name\":\"Notibras\",\"description\":\"Not\u00edcias de Bras\u00edlia, do Brasil e do Mundo\",\"publisher\":{\"@id\":\"https:\/\/www.notibras.com\/site\/#organization\"},\"potentialAction\":[{\"@type\":\"SearchAction\",\"target\":{\"@type\":\"EntryPoint\",\"urlTemplate\":\"https:\/\/www.notibras.com\/site\/?s={search_term_string}\"},\"query-input\":{\"@type\":\"PropertyValueSpecification\",\"valueRequired\":true,\"valueName\":\"search_term_string\"}}],\"inLanguage\":\"pt-BR\"},{\"@type\":\"Organization\",\"@id\":\"https:\/\/www.notibras.com\/site\/#organization\",\"name\":\"Grupo Notibras de Comunica\u00e7\u00e3o\",\"url\":\"https:\/\/www.notibras.com\/site\/\",\"logo\":{\"@type\":\"ImageObject\",\"inLanguage\":\"pt-BR\",\"@id\":\"https:\/\/www.notibras.com\/site\/#\/schema\/logo\/image\/\",\"url\":\"https:\/\/www.notibras.com\/site\/wp-content\/uploads\/2023\/01\/notibras23.png\",\"contentUrl\":\"https:\/\/www.notibras.com\/site\/wp-content\/uploads\/2023\/01\/notibras23.png\",\"width\":350,\"height\":87,\"caption\":\"Grupo Notibras de Comunica\u00e7\u00e3o\"},\"image\":{\"@id\":\"https:\/\/www.notibras.com\/site\/#\/schema\/logo\/image\/\"},\"sameAs\":[\"https:\/\/www.facebook.com\/notibras\/\",\"https:\/\/x.com\/Notibras\",\"https:\/\/www.instagram.com\/notibras\/\"]},{\"@type\":\"Person\",\"@id\":\"https:\/\/www.notibras.com\/site\/#\/schema\/person\/36ab0979449956132d3e5b517ea76ac8\",\"name\":\"Reda\u00e7\u00e3o\",\"image\":{\"@type\":\"ImageObject\",\"inLanguage\":\"pt-BR\",\"@id\":\"https:\/\/secure.gravatar.com\/avatar\/e0a867bdedb85fd243eadf09663511f96fc81e0720a4a42581f334ad4303aa6b?s=96&d=mm&r=g\",\"url\":\"https:\/\/secure.gravatar.com\/avatar\/e0a867bdedb85fd243eadf09663511f96fc81e0720a4a42581f334ad4303aa6b?s=96&d=mm&r=g\",\"contentUrl\":\"https:\/\/secure.gravatar.com\/avatar\/e0a867bdedb85fd243eadf09663511f96fc81e0720a4a42581f334ad4303aa6b?s=96&d=mm&r=g\",\"caption\":\"Reda\u00e7\u00e3o\"}}]}<\/script>\n<!-- \/ Yoast SEO plugin. -->","yoast_head_json":{"title":"Her\u00f3i imagin\u00e1rio cai na real com tombo da rede - Notibras","robots":{"index":"index","follow":"follow","max-snippet":"max-snippet:-1","max-image-preview":"max-image-preview:large","max-video-preview":"max-video-preview:-1"},"canonical":"https:\/\/www.notibras.com\/site\/heroi-imaginario-cai-na-real-com-tombo-da-rede\/","og_locale":"pt_BR","og_type":"article","og_title":"Her\u00f3i imagin\u00e1rio cai na real com tombo da rede - Notibras","og_description":"Apol\u00f4nio era, antes de qualquer coisa, um sonhador. Mesmo acordado, n\u00e3o era raro divagar sobre situa\u00e7\u00f5es pelas quais ele jamais havia passado e, possivelmente, nunca iria viver. Os mais chegados, ent\u00e3o, nem ligavam para aquelas fantasias, tamanha a capacidade dele de borboletear, como gostava de dizer dona Gertrudes, sua m\u00e3e. Trabalhava como escrevente num cart\u00f3rio. [&hellip;]","og_url":"https:\/\/www.notibras.com\/site\/heroi-imaginario-cai-na-real-com-tombo-da-rede\/","og_site_name":"Notibras","article_publisher":"https:\/\/www.facebook.com\/notibras\/","article_published_time":"2023-10-14T09:19:23+00:00","article_modified_time":"2023-10-14T09:20:20+00:00","og_image":[{"width":1024,"height":683,"url":"https:\/\/www.notibras.com\/site\/wp-content\/uploads\/2023\/10\/duas-eguas.jpg","type":"image\/jpeg"}],"author":"Reda\u00e7\u00e3o","twitter_card":"summary_large_image","twitter_creator":"@Notibras","twitter_site":"@Notibras","twitter_misc":{"Escrito por":"Reda\u00e7\u00e3o","Est. tempo de leitura":"3 minutos"},"schema":{"@context":"https:\/\/schema.org","@graph":[{"@type":"Article","@id":"https:\/\/www.notibras.com\/site\/heroi-imaginario-cai-na-real-com-tombo-da-rede\/#article","isPartOf":{"@id":"https:\/\/www.notibras.com\/site\/heroi-imaginario-cai-na-real-com-tombo-da-rede\/"},"author":{"name":"Reda\u00e7\u00e3o","@id":"https:\/\/www.notibras.com\/site\/#\/schema\/person\/36ab0979449956132d3e5b517ea76ac8"},"headline":"Her\u00f3i imagin\u00e1rio cai na real com tombo da rede","datePublished":"2023-10-14T09:19:23+00:00","dateModified":"2023-10-14T09:20:20+00:00","mainEntityOfPage":{"@id":"https:\/\/www.notibras.com\/site\/heroi-imaginario-cai-na-real-com-tombo-da-rede\/"},"wordCount":579,"publisher":{"@id":"https:\/\/www.notibras.com\/site\/#organization"},"image":{"@id":"https:\/\/www.notibras.com\/site\/heroi-imaginario-cai-na-real-com-tombo-da-rede\/#primaryimage"},"thumbnailUrl":"https:\/\/www.notibras.com\/site\/wp-content\/uploads\/2023\/10\/duas-eguas.jpg","articleSection":["Quadradinho em Foco"],"inLanguage":"pt-BR"},{"@type":"WebPage","@id":"https:\/\/www.notibras.com\/site\/heroi-imaginario-cai-na-real-com-tombo-da-rede\/","url":"https:\/\/www.notibras.com\/site\/heroi-imaginario-cai-na-real-com-tombo-da-rede\/","name":"Her\u00f3i imagin\u00e1rio cai na real com tombo da rede - Notibras","isPartOf":{"@id":"https:\/\/www.notibras.com\/site\/#website"},"primaryImageOfPage":{"@id":"https:\/\/www.notibras.com\/site\/heroi-imaginario-cai-na-real-com-tombo-da-rede\/#primaryimage"},"image":{"@id":"https:\/\/www.notibras.com\/site\/heroi-imaginario-cai-na-real-com-tombo-da-rede\/#primaryimage"},"thumbnailUrl":"https:\/\/www.notibras.com\/site\/wp-content\/uploads\/2023\/10\/duas-eguas.jpg","datePublished":"2023-10-14T09:19:23+00:00","dateModified":"2023-10-14T09:20:20+00:00","breadcrumb":{"@id":"https:\/\/www.notibras.com\/site\/heroi-imaginario-cai-na-real-com-tombo-da-rede\/#breadcrumb"},"inLanguage":"pt-BR","potentialAction":[{"@type":"ReadAction","target":["https:\/\/www.notibras.com\/site\/heroi-imaginario-cai-na-real-com-tombo-da-rede\/"]}]},{"@type":"ImageObject","inLanguage":"pt-BR","@id":"https:\/\/www.notibras.com\/site\/heroi-imaginario-cai-na-real-com-tombo-da-rede\/#primaryimage","url":"https:\/\/www.notibras.com\/site\/wp-content\/uploads\/2023\/10\/duas-eguas.jpg","contentUrl":"https:\/\/www.notibras.com\/site\/wp-content\/uploads\/2023\/10\/duas-eguas.jpg","width":1024,"height":683},{"@type":"BreadcrumbList","@id":"https:\/\/www.notibras.com\/site\/heroi-imaginario-cai-na-real-com-tombo-da-rede\/#breadcrumb","itemListElement":[{"@type":"ListItem","position":1,"name":"In\u00edcio","item":"https:\/\/www.notibras.com\/site\/"},{"@type":"ListItem","position":2,"name":"Her\u00f3i imagin\u00e1rio cai na real com tombo da rede"}]},{"@type":"WebSite","@id":"https:\/\/www.notibras.com\/site\/#website","url":"https:\/\/www.notibras.com\/site\/","name":"Notibras","description":"Not\u00edcias de Bras\u00edlia, do Brasil e do Mundo","publisher":{"@id":"https:\/\/www.notibras.com\/site\/#organization"},"potentialAction":[{"@type":"SearchAction","target":{"@type":"EntryPoint","urlTemplate":"https:\/\/www.notibras.com\/site\/?s={search_term_string}"},"query-input":{"@type":"PropertyValueSpecification","valueRequired":true,"valueName":"search_term_string"}}],"inLanguage":"pt-BR"},{"@type":"Organization","@id":"https:\/\/www.notibras.com\/site\/#organization","name":"Grupo Notibras de Comunica\u00e7\u00e3o","url":"https:\/\/www.notibras.com\/site\/","logo":{"@type":"ImageObject","inLanguage":"pt-BR","@id":"https:\/\/www.notibras.com\/site\/#\/schema\/logo\/image\/","url":"https:\/\/www.notibras.com\/site\/wp-content\/uploads\/2023\/01\/notibras23.png","contentUrl":"https:\/\/www.notibras.com\/site\/wp-content\/uploads\/2023\/01\/notibras23.png","width":350,"height":87,"caption":"Grupo Notibras de Comunica\u00e7\u00e3o"},"image":{"@id":"https:\/\/www.notibras.com\/site\/#\/schema\/logo\/image\/"},"sameAs":["https:\/\/www.facebook.com\/notibras\/","https:\/\/x.com\/Notibras","https:\/\/www.instagram.com\/notibras\/"]},{"@type":"Person","@id":"https:\/\/www.notibras.com\/site\/#\/schema\/person\/36ab0979449956132d3e5b517ea76ac8","name":"Reda\u00e7\u00e3o","image":{"@type":"ImageObject","inLanguage":"pt-BR","@id":"https:\/\/secure.gravatar.com\/avatar\/e0a867bdedb85fd243eadf09663511f96fc81e0720a4a42581f334ad4303aa6b?s=96&d=mm&r=g","url":"https:\/\/secure.gravatar.com\/avatar\/e0a867bdedb85fd243eadf09663511f96fc81e0720a4a42581f334ad4303aa6b?s=96&d=mm&r=g","contentUrl":"https:\/\/secure.gravatar.com\/avatar\/e0a867bdedb85fd243eadf09663511f96fc81e0720a4a42581f334ad4303aa6b?s=96&d=mm&r=g","caption":"Reda\u00e7\u00e3o"}}]}},"amp_enabled":true,"_links":{"self":[{"href":"https:\/\/www.notibras.com\/site\/wp-json\/wp\/v2\/posts\/314623","targetHints":{"allow":["GET"]}}],"collection":[{"href":"https:\/\/www.notibras.com\/site\/wp-json\/wp\/v2\/posts"}],"about":[{"href":"https:\/\/www.notibras.com\/site\/wp-json\/wp\/v2\/types\/post"}],"author":[{"embeddable":true,"href":"https:\/\/www.notibras.com\/site\/wp-json\/wp\/v2\/users\/2"}],"replies":[{"embeddable":true,"href":"https:\/\/www.notibras.com\/site\/wp-json\/wp\/v2\/comments?post=314623"}],"version-history":[{"count":2,"href":"https:\/\/www.notibras.com\/site\/wp-json\/wp\/v2\/posts\/314623\/revisions"}],"predecessor-version":[{"id":314626,"href":"https:\/\/www.notibras.com\/site\/wp-json\/wp\/v2\/posts\/314623\/revisions\/314626"}],"wp:featuredmedia":[{"embeddable":true,"href":"https:\/\/www.notibras.com\/site\/wp-json\/wp\/v2\/media\/314624"}],"wp:attachment":[{"href":"https:\/\/www.notibras.com\/site\/wp-json\/wp\/v2\/media?parent=314623"}],"wp:term":[{"taxonomy":"category","embeddable":true,"href":"https:\/\/www.notibras.com\/site\/wp-json\/wp\/v2\/categories?post=314623"},{"taxonomy":"post_tag","embeddable":true,"href":"https:\/\/www.notibras.com\/site\/wp-json\/wp\/v2\/tags?post=314623"}],"curies":[{"name":"wp","href":"https:\/\/api.w.org\/{rel}","templated":true}]}}