{"id":314706,"date":"2023-10-15T10:40:46","date_gmt":"2023-10-15T13:40:46","guid":{"rendered":"https:\/\/www.notibras.com\/site\/?p=314706"},"modified":"2023-10-16T09:03:19","modified_gmt":"2023-10-16T12:03:19","slug":"pacientes-reumaticos-podem-desenvolver-tuberculose","status":"publish","type":"post","link":"https:\/\/www.notibras.com\/site\/pacientes-reumaticos-podem-desenvolver-tuberculose\/","title":{"rendered":"Pacientes reum\u00e1ticos podem desenvolver tuberculose"},"content":{"rendered":"<p>A pandemia de covid-19 fez com que muitos casos de tuberculose ao redor do mundo deixassem de ser notificados, diz a Organiza\u00e7\u00e3o Mundial da Sa\u00fade (OMS). Com isso acredita-se que, nesse per\u00edodo, o n\u00famero de pessoas com tuberculose n\u00e3o diagnosticadas e n\u00e3o tratadas possa ter aumentado.<\/p>\n<p>No Brasil, n\u00e3o foi diferente. Um boletim epidemiol\u00f3gico divulgado pelo Minist\u00e9rio da Sa\u00fade em mar\u00e7o deste ano revelou que a mortalidade por tuberculose no pa\u00eds voltou a crescer nos \u00faltimos anos. Em 2021 foram registrados 5.072 \u00f3bitos pela doen\u00e7a, aumento de 11,9% em rela\u00e7\u00e3o a 2019. Foi a primeira vez, em quase 20 anos, que o pa\u00eds ultrapassou o n\u00famero de 5 mil mortos pela doen\u00e7a. Desde 2002, quando foram registrados 5.162 \u00f3bitos, o Brasil n\u00e3o chegava a essa marca.<\/p>\n<p>Para os pacientes de doen\u00e7as reum\u00e1ticas, o aumento nos casos n\u00e3o diagnosticados ao redor do mundo pode ser ainda mais preocupante, j\u00e1 que essas pessoas apresentam ainda mais risco de desenvolver a doen\u00e7a. &#8220;Se a pessoa tiver algum sintoma do m\u00fasculo esquel\u00e9tico, \u00e9 importante procurar um reumatologista\u201d, disse o m\u00e9dico especialista Jos\u00e9 Eduardo Martinez, da Sociedade Brasileira de Reumatologia.<\/p>\n<p>\u201cA tuberculose \u00e9 uma doen\u00e7a infecciosa, e a mais prevalente no mundo. Temos cerca de 10,4 milh\u00f5es de novos casos de tuberculose por ano, segundo dados pr\u00e9-pandemia. Durante a pandemia, os casos foram subnotificados e ent\u00e3o perdeu-se um pouco o controle. Mesmo assim, tivemos um aumento do registro de novos casos de tuberculose de 2021 para 2022, aumento em torno de 3%\u201d, disse Viviane Angelina de Souza, professora de reumatologia e da p\u00f3s-gradua\u00e7\u00e3o em Sa\u00fade da Faculdade de Medicina da Universidade Federal de Juiz de Fora (MG) e coordenadora da Comiss\u00e3o de Doen\u00e7as End\u00eamicas e Infecciosas da Sociedade Brasileira de Reumatologia.<\/p>\n<p>A tuberculose \u00e9 uma doen\u00e7a infecciosa e transmiss\u00edvel, causada pela bact\u00e9ria Mycobacterium tuberculosis, tamb\u00e9m conhecida como bacilo de Koch. A doen\u00e7a afeta prioritariamente os pulm\u00f5es, e seu sintoma mais conhecido \u00e9 a tosse, mas tamb\u00e9m provoca febre e perda de peso. A tuberculose \u00e9 evit\u00e1vel e cur\u00e1vel, mas \u00e9 importante procurar ajuda m\u00e9dica rapidamente porque a cura depende do diagn\u00f3stico e tratamento precoce.<\/p>\n<p>\u201cPrincipalmente nos pacientes com doen\u00e7as reum\u00e1ticas imunomediadas \u2013 como artrite reumat\u00f3ide, espondiloartrites e l\u00fapus eritematoso sist\u00eamico \u2013 existe uma condi\u00e7\u00e3o que \u00e9 altamente prevalente. Um quarto da popula\u00e7\u00e3o mundial apresenta essa condi\u00e7\u00e3o, que \u00e9 o que a gente denomina infec\u00e7\u00e3o latente pela tuberculose\u201d, explicou.<\/p>\n<p>E o que seria a infec\u00e7\u00e3o latente pela tuberculose? \u201cA pessoa tem, no decorrer da vida, contato com o bacilo da tuberculose, mas o pr\u00f3prio sistema imunol\u00f3gico consegue bloquear a bact\u00e9ria e n\u00e3o deixa que a infec\u00e7\u00e3o se desenvolva. Mas essa bact\u00e9ria n\u00e3o \u00e9 eliminada e fica adormecida\u201d.<\/p>\n<p>O que ocorre \u00e9 que os pacientes com diagn\u00f3stico de doen\u00e7as reum\u00e1ticas imunomediadas e com tuberculose latente podem apresentar desequil\u00edbrio no sistema imunol\u00f3gico. Nesse caso, as bact\u00e9rias da tuberculose que estavam adormecidas podem ser liberadas e cair na circula\u00e7\u00e3o. A\u00ed a tuberculose ativa pode ser ainda mais grave, atingindo n\u00e3o s\u00f3 o pulm\u00e3o, mas tamb\u00e9m outros \u00f3rg\u00e3os.<\/p>\n<p>Viviane lembra que outras popula\u00e7\u00f5es de alto risco de reativa\u00e7\u00e3o de focos latentes s\u00e3o pessoas em situa\u00e7\u00e3o de rua, asilados, popula\u00e7\u00e3o carcer\u00e1ria, profissionais de sa\u00fade e pacientes renais cr\u00f4nicos.<\/p>\n<p>Para evitar que isso ocorra e que pessoas de alto risco apresentem s\u00e9rias complica\u00e7\u00f5es, \u00e9 necess\u00e1ria uma vigil\u00e2ncia sobre os casos de tuberculose e de tuberculose latente. No Brasil, existe um plano para prevenir a doen\u00e7a. \u00c9 o Plano Brasil Livre da Tuberculose que tem, entre suas metas, diminuir a incid\u00eancia da doen\u00e7a e alcan\u00e7ar, at\u00e9 2035, redu\u00e7\u00e3o de 95% no n\u00famero de mortes por ela causadas.<\/p>\n<p>De acordo com o Minist\u00e9rio da Sa\u00fade, o tratamento de pessoas com tuberculose latente \u00e9 uma importante estrat\u00e9gia de preven\u00e7\u00e3o para o controle da doen\u00e7a. \u201cA OMS prev\u00ea que essa meta de acabar com a tuberculose no mundo vai atrasar. A principal maneira de acabar com os casos de tuberculose \u00e9 identificar os portadores dessa bact\u00e9ria adormecida, que \u00e9 a tuberculose latente e, nas popula\u00e7\u00f5es de risco, realizar o tratamento\u201d. Todo o tratamento, destacou Viviane, pode ser feito pelo Sistema \u00danico de Sa\u00fade (SUS).<\/p>\n<p>O Minist\u00e9rio da Sa\u00fade informou que, em abril deste ano, o governo instituiu o Comit\u00ea Interministerial para a Elimina\u00e7\u00e3o da Tuberculose e de Outras Doen\u00e7as Determinadas Socialmente, que vai integrar nove minist\u00e9rios e pretende promover a\u00e7\u00f5es para erradicar esta e outras doen\u00e7as com elevada incid\u00eancia em regi\u00f5es de maior vulnerabilidade at\u00e9 2030.<\/p>\n<p>\u201cOutra importante estrat\u00e9gia \u00e9 a incorpora\u00e7\u00e3o de novos tratamentos para a doen\u00e7a. Em setembro de 2023, por exemplo, foi incorporado a pretomanida no SUS. O medicamento \u00e9 administrado via oral, com menos efeitos colaterais, o que facilita a ades\u00e3o e exige menos visitas de acompanhamento. Al\u00e9m disso, o tempo de tratamento tamb\u00e9m \u00e9 reduzido: de dezoito para seis meses\u201d, informou a pasta.<\/p>\n<p>O minist\u00e9rio refor\u00e7ou que a doen\u00e7a tem cura e que todo o diagn\u00f3stico e tratamento s\u00e3o oferecidos pelo SUS. De acordo com a pasta, a melhor forma de evitar a infec\u00e7\u00e3o \u00e9 a detec\u00e7\u00e3o e o in\u00edcio precoce do tratamento. \u201cPara as pessoas que receberam o diagn\u00f3stico de infec\u00e7\u00e3o latente, recomenda-se o tratamento preventivo da tuberculose\u201d, ressaltou.<\/p>\n<p>Tamb\u00e9m \u00e9 importante tomar a vacina BCG, que protege as crian\u00e7as das formas mais graves da doen\u00e7a.<\/p>\n","protected":false},"excerpt":{"rendered":"<p>A pandemia de covid-19 fez com que muitos casos de tuberculose ao redor do mundo deixassem de ser notificados, diz a Organiza\u00e7\u00e3o Mundial da Sa\u00fade (OMS). Com isso acredita-se que, nesse per\u00edodo, o n\u00famero de pessoas com tuberculose n\u00e3o diagnosticadas e n\u00e3o tratadas possa ter aumentado. No Brasil, n\u00e3o foi diferente. Um boletim epidemiol\u00f3gico divulgado [&hellip;]<\/p>\n","protected":false},"author":2,"featured_media":314707,"comment_status":"closed","ping_status":"closed","sticky":false,"template":"","format":"standard","meta":{"_acf_changed":false,"footnotes":""},"categories":[161],"tags":[],"class_list":["post-314706","post","type-post","status-publish","format-standard","has-post-thumbnail","hentry","category-quadradinho-em-foco"],"acf":[],"yoast_head":"<!-- This site is optimized with the Yoast SEO plugin v27.2 - https:\/\/yoast.com\/product\/yoast-seo-wordpress\/ -->\n<title>Pacientes reum\u00e1ticos podem desenvolver tuberculose - Notibras<\/title>\n<meta name=\"robots\" content=\"index, follow, max-snippet:-1, max-image-preview:large, max-video-preview:-1\" \/>\n<link rel=\"canonical\" href=\"https:\/\/www.notibras.com\/site\/pacientes-reumaticos-podem-desenvolver-tuberculose\/\" \/>\n<meta property=\"og:locale\" content=\"pt_BR\" \/>\n<meta property=\"og:type\" content=\"article\" \/>\n<meta property=\"og:title\" content=\"Pacientes reum\u00e1ticos podem desenvolver tuberculose - Notibras\" \/>\n<meta property=\"og:description\" content=\"A pandemia de covid-19 fez com que muitos casos de tuberculose ao redor do mundo deixassem de ser notificados, diz a Organiza\u00e7\u00e3o Mundial da Sa\u00fade (OMS). Com isso acredita-se que, nesse per\u00edodo, o n\u00famero de pessoas com tuberculose n\u00e3o diagnosticadas e n\u00e3o tratadas possa ter aumentado. No Brasil, n\u00e3o foi diferente. Um boletim epidemiol\u00f3gico divulgado [&hellip;]\" \/>\n<meta property=\"og:url\" content=\"https:\/\/www.notibras.com\/site\/pacientes-reumaticos-podem-desenvolver-tuberculose\/\" \/>\n<meta property=\"og:site_name\" content=\"Notibras\" \/>\n<meta property=\"article:publisher\" content=\"https:\/\/www.facebook.com\/notibras\/\" \/>\n<meta property=\"article:published_time\" content=\"2023-10-15T13:40:46+00:00\" \/>\n<meta property=\"article:modified_time\" content=\"2023-10-16T12:03:19+00:00\" \/>\n<meta property=\"og:image\" content=\"https:\/\/www.notibras.com\/site\/wp-content\/uploads\/2023\/10\/vacina-bcg-1-1.jpeg\" \/>\n\t<meta property=\"og:image:width\" content=\"1170\" \/>\n\t<meta property=\"og:image:height\" content=\"700\" \/>\n\t<meta property=\"og:image:type\" content=\"image\/jpeg\" \/>\n<meta name=\"author\" content=\"Reda\u00e7\u00e3o\" \/>\n<meta name=\"twitter:card\" content=\"summary_large_image\" \/>\n<meta name=\"twitter:creator\" content=\"@Notibras\" \/>\n<meta name=\"twitter:site\" content=\"@Notibras\" \/>\n<meta name=\"twitter:label1\" content=\"Escrito por\" \/>\n\t<meta name=\"twitter:data1\" content=\"Reda\u00e7\u00e3o\" \/>\n\t<meta name=\"twitter:label2\" content=\"Est. tempo de leitura\" \/>\n\t<meta name=\"twitter:data2\" content=\"5 minutos\" \/>\n<script type=\"application\/ld+json\" class=\"yoast-schema-graph\">{\"@context\":\"https:\/\/schema.org\",\"@graph\":[{\"@type\":\"Article\",\"@id\":\"https:\/\/www.notibras.com\/site\/pacientes-reumaticos-podem-desenvolver-tuberculose\/#article\",\"isPartOf\":{\"@id\":\"https:\/\/www.notibras.com\/site\/pacientes-reumaticos-podem-desenvolver-tuberculose\/\"},\"author\":{\"name\":\"Reda\u00e7\u00e3o\",\"@id\":\"https:\/\/www.notibras.com\/site\/#\/schema\/person\/36ab0979449956132d3e5b517ea76ac8\"},\"headline\":\"Pacientes reum\u00e1ticos podem desenvolver tuberculose\",\"datePublished\":\"2023-10-15T13:40:46+00:00\",\"dateModified\":\"2023-10-16T12:03:19+00:00\",\"mainEntityOfPage\":{\"@id\":\"https:\/\/www.notibras.com\/site\/pacientes-reumaticos-podem-desenvolver-tuberculose\/\"},\"wordCount\":962,\"publisher\":{\"@id\":\"https:\/\/www.notibras.com\/site\/#organization\"},\"image\":{\"@id\":\"https:\/\/www.notibras.com\/site\/pacientes-reumaticos-podem-desenvolver-tuberculose\/#primaryimage\"},\"thumbnailUrl\":\"https:\/\/www.notibras.com\/site\/wp-content\/uploads\/2023\/10\/vacina-bcg-1-1.jpeg\",\"articleSection\":[\"Quadradinho em Foco\"],\"inLanguage\":\"pt-BR\"},{\"@type\":\"WebPage\",\"@id\":\"https:\/\/www.notibras.com\/site\/pacientes-reumaticos-podem-desenvolver-tuberculose\/\",\"url\":\"https:\/\/www.notibras.com\/site\/pacientes-reumaticos-podem-desenvolver-tuberculose\/\",\"name\":\"Pacientes reum\u00e1ticos podem desenvolver tuberculose - Notibras\",\"isPartOf\":{\"@id\":\"https:\/\/www.notibras.com\/site\/#website\"},\"primaryImageOfPage\":{\"@id\":\"https:\/\/www.notibras.com\/site\/pacientes-reumaticos-podem-desenvolver-tuberculose\/#primaryimage\"},\"image\":{\"@id\":\"https:\/\/www.notibras.com\/site\/pacientes-reumaticos-podem-desenvolver-tuberculose\/#primaryimage\"},\"thumbnailUrl\":\"https:\/\/www.notibras.com\/site\/wp-content\/uploads\/2023\/10\/vacina-bcg-1-1.jpeg\",\"datePublished\":\"2023-10-15T13:40:46+00:00\",\"dateModified\":\"2023-10-16T12:03:19+00:00\",\"breadcrumb\":{\"@id\":\"https:\/\/www.notibras.com\/site\/pacientes-reumaticos-podem-desenvolver-tuberculose\/#breadcrumb\"},\"inLanguage\":\"pt-BR\",\"potentialAction\":[{\"@type\":\"ReadAction\",\"target\":[\"https:\/\/www.notibras.com\/site\/pacientes-reumaticos-podem-desenvolver-tuberculose\/\"]}]},{\"@type\":\"ImageObject\",\"inLanguage\":\"pt-BR\",\"@id\":\"https:\/\/www.notibras.com\/site\/pacientes-reumaticos-podem-desenvolver-tuberculose\/#primaryimage\",\"url\":\"https:\/\/www.notibras.com\/site\/wp-content\/uploads\/2023\/10\/vacina-bcg-1-1.jpeg\",\"contentUrl\":\"https:\/\/www.notibras.com\/site\/wp-content\/uploads\/2023\/10\/vacina-bcg-1-1.jpeg\",\"width\":1170,\"height\":700,\"caption\":\"Vacina BCG contra a Tuberculose. Foto: Prefeitura de Juazeiro\"},{\"@type\":\"BreadcrumbList\",\"@id\":\"https:\/\/www.notibras.com\/site\/pacientes-reumaticos-podem-desenvolver-tuberculose\/#breadcrumb\",\"itemListElement\":[{\"@type\":\"ListItem\",\"position\":1,\"name\":\"In\u00edcio\",\"item\":\"https:\/\/www.notibras.com\/site\/\"},{\"@type\":\"ListItem\",\"position\":2,\"name\":\"Pacientes reum\u00e1ticos podem desenvolver tuberculose\"}]},{\"@type\":\"WebSite\",\"@id\":\"https:\/\/www.notibras.com\/site\/#website\",\"url\":\"https:\/\/www.notibras.com\/site\/\",\"name\":\"Notibras\",\"description\":\"Not\u00edcias de Bras\u00edlia, do Brasil e do Mundo\",\"publisher\":{\"@id\":\"https:\/\/www.notibras.com\/site\/#organization\"},\"potentialAction\":[{\"@type\":\"SearchAction\",\"target\":{\"@type\":\"EntryPoint\",\"urlTemplate\":\"https:\/\/www.notibras.com\/site\/?s={search_term_string}\"},\"query-input\":{\"@type\":\"PropertyValueSpecification\",\"valueRequired\":true,\"valueName\":\"search_term_string\"}}],\"inLanguage\":\"pt-BR\"},{\"@type\":\"Organization\",\"@id\":\"https:\/\/www.notibras.com\/site\/#organization\",\"name\":\"Grupo Notibras de Comunica\u00e7\u00e3o\",\"url\":\"https:\/\/www.notibras.com\/site\/\",\"logo\":{\"@type\":\"ImageObject\",\"inLanguage\":\"pt-BR\",\"@id\":\"https:\/\/www.notibras.com\/site\/#\/schema\/logo\/image\/\",\"url\":\"https:\/\/www.notibras.com\/site\/wp-content\/uploads\/2023\/01\/notibras23.png\",\"contentUrl\":\"https:\/\/www.notibras.com\/site\/wp-content\/uploads\/2023\/01\/notibras23.png\",\"width\":350,\"height\":87,\"caption\":\"Grupo Notibras de Comunica\u00e7\u00e3o\"},\"image\":{\"@id\":\"https:\/\/www.notibras.com\/site\/#\/schema\/logo\/image\/\"},\"sameAs\":[\"https:\/\/www.facebook.com\/notibras\/\",\"https:\/\/x.com\/Notibras\",\"https:\/\/www.instagram.com\/notibras\/\"]},{\"@type\":\"Person\",\"@id\":\"https:\/\/www.notibras.com\/site\/#\/schema\/person\/36ab0979449956132d3e5b517ea76ac8\",\"name\":\"Reda\u00e7\u00e3o\",\"image\":{\"@type\":\"ImageObject\",\"inLanguage\":\"pt-BR\",\"@id\":\"https:\/\/secure.gravatar.com\/avatar\/e0a867bdedb85fd243eadf09663511f96fc81e0720a4a42581f334ad4303aa6b?s=96&d=mm&r=g\",\"url\":\"https:\/\/secure.gravatar.com\/avatar\/e0a867bdedb85fd243eadf09663511f96fc81e0720a4a42581f334ad4303aa6b?s=96&d=mm&r=g\",\"contentUrl\":\"https:\/\/secure.gravatar.com\/avatar\/e0a867bdedb85fd243eadf09663511f96fc81e0720a4a42581f334ad4303aa6b?s=96&d=mm&r=g\",\"caption\":\"Reda\u00e7\u00e3o\"}}]}<\/script>\n<!-- \/ Yoast SEO plugin. -->","yoast_head_json":{"title":"Pacientes reum\u00e1ticos podem desenvolver tuberculose - Notibras","robots":{"index":"index","follow":"follow","max-snippet":"max-snippet:-1","max-image-preview":"max-image-preview:large","max-video-preview":"max-video-preview:-1"},"canonical":"https:\/\/www.notibras.com\/site\/pacientes-reumaticos-podem-desenvolver-tuberculose\/","og_locale":"pt_BR","og_type":"article","og_title":"Pacientes reum\u00e1ticos podem desenvolver tuberculose - Notibras","og_description":"A pandemia de covid-19 fez com que muitos casos de tuberculose ao redor do mundo deixassem de ser notificados, diz a Organiza\u00e7\u00e3o Mundial da Sa\u00fade (OMS). Com isso acredita-se que, nesse per\u00edodo, o n\u00famero de pessoas com tuberculose n\u00e3o diagnosticadas e n\u00e3o tratadas possa ter aumentado. No Brasil, n\u00e3o foi diferente. Um boletim epidemiol\u00f3gico divulgado [&hellip;]","og_url":"https:\/\/www.notibras.com\/site\/pacientes-reumaticos-podem-desenvolver-tuberculose\/","og_site_name":"Notibras","article_publisher":"https:\/\/www.facebook.com\/notibras\/","article_published_time":"2023-10-15T13:40:46+00:00","article_modified_time":"2023-10-16T12:03:19+00:00","og_image":[{"width":1170,"height":700,"url":"https:\/\/www.notibras.com\/site\/wp-content\/uploads\/2023\/10\/vacina-bcg-1-1.jpeg","type":"image\/jpeg"}],"author":"Reda\u00e7\u00e3o","twitter_card":"summary_large_image","twitter_creator":"@Notibras","twitter_site":"@Notibras","twitter_misc":{"Escrito por":"Reda\u00e7\u00e3o","Est. tempo de leitura":"5 minutos"},"schema":{"@context":"https:\/\/schema.org","@graph":[{"@type":"Article","@id":"https:\/\/www.notibras.com\/site\/pacientes-reumaticos-podem-desenvolver-tuberculose\/#article","isPartOf":{"@id":"https:\/\/www.notibras.com\/site\/pacientes-reumaticos-podem-desenvolver-tuberculose\/"},"author":{"name":"Reda\u00e7\u00e3o","@id":"https:\/\/www.notibras.com\/site\/#\/schema\/person\/36ab0979449956132d3e5b517ea76ac8"},"headline":"Pacientes reum\u00e1ticos podem desenvolver tuberculose","datePublished":"2023-10-15T13:40:46+00:00","dateModified":"2023-10-16T12:03:19+00:00","mainEntityOfPage":{"@id":"https:\/\/www.notibras.com\/site\/pacientes-reumaticos-podem-desenvolver-tuberculose\/"},"wordCount":962,"publisher":{"@id":"https:\/\/www.notibras.com\/site\/#organization"},"image":{"@id":"https:\/\/www.notibras.com\/site\/pacientes-reumaticos-podem-desenvolver-tuberculose\/#primaryimage"},"thumbnailUrl":"https:\/\/www.notibras.com\/site\/wp-content\/uploads\/2023\/10\/vacina-bcg-1-1.jpeg","articleSection":["Quadradinho em Foco"],"inLanguage":"pt-BR"},{"@type":"WebPage","@id":"https:\/\/www.notibras.com\/site\/pacientes-reumaticos-podem-desenvolver-tuberculose\/","url":"https:\/\/www.notibras.com\/site\/pacientes-reumaticos-podem-desenvolver-tuberculose\/","name":"Pacientes reum\u00e1ticos podem desenvolver tuberculose - Notibras","isPartOf":{"@id":"https:\/\/www.notibras.com\/site\/#website"},"primaryImageOfPage":{"@id":"https:\/\/www.notibras.com\/site\/pacientes-reumaticos-podem-desenvolver-tuberculose\/#primaryimage"},"image":{"@id":"https:\/\/www.notibras.com\/site\/pacientes-reumaticos-podem-desenvolver-tuberculose\/#primaryimage"},"thumbnailUrl":"https:\/\/www.notibras.com\/site\/wp-content\/uploads\/2023\/10\/vacina-bcg-1-1.jpeg","datePublished":"2023-10-15T13:40:46+00:00","dateModified":"2023-10-16T12:03:19+00:00","breadcrumb":{"@id":"https:\/\/www.notibras.com\/site\/pacientes-reumaticos-podem-desenvolver-tuberculose\/#breadcrumb"},"inLanguage":"pt-BR","potentialAction":[{"@type":"ReadAction","target":["https:\/\/www.notibras.com\/site\/pacientes-reumaticos-podem-desenvolver-tuberculose\/"]}]},{"@type":"ImageObject","inLanguage":"pt-BR","@id":"https:\/\/www.notibras.com\/site\/pacientes-reumaticos-podem-desenvolver-tuberculose\/#primaryimage","url":"https:\/\/www.notibras.com\/site\/wp-content\/uploads\/2023\/10\/vacina-bcg-1-1.jpeg","contentUrl":"https:\/\/www.notibras.com\/site\/wp-content\/uploads\/2023\/10\/vacina-bcg-1-1.jpeg","width":1170,"height":700,"caption":"Vacina BCG contra a Tuberculose. Foto: Prefeitura de Juazeiro"},{"@type":"BreadcrumbList","@id":"https:\/\/www.notibras.com\/site\/pacientes-reumaticos-podem-desenvolver-tuberculose\/#breadcrumb","itemListElement":[{"@type":"ListItem","position":1,"name":"In\u00edcio","item":"https:\/\/www.notibras.com\/site\/"},{"@type":"ListItem","position":2,"name":"Pacientes reum\u00e1ticos podem desenvolver tuberculose"}]},{"@type":"WebSite","@id":"https:\/\/www.notibras.com\/site\/#website","url":"https:\/\/www.notibras.com\/site\/","name":"Notibras","description":"Not\u00edcias de Bras\u00edlia, do Brasil e do Mundo","publisher":{"@id":"https:\/\/www.notibras.com\/site\/#organization"},"potentialAction":[{"@type":"SearchAction","target":{"@type":"EntryPoint","urlTemplate":"https:\/\/www.notibras.com\/site\/?s={search_term_string}"},"query-input":{"@type":"PropertyValueSpecification","valueRequired":true,"valueName":"search_term_string"}}],"inLanguage":"pt-BR"},{"@type":"Organization","@id":"https:\/\/www.notibras.com\/site\/#organization","name":"Grupo Notibras de Comunica\u00e7\u00e3o","url":"https:\/\/www.notibras.com\/site\/","logo":{"@type":"ImageObject","inLanguage":"pt-BR","@id":"https:\/\/www.notibras.com\/site\/#\/schema\/logo\/image\/","url":"https:\/\/www.notibras.com\/site\/wp-content\/uploads\/2023\/01\/notibras23.png","contentUrl":"https:\/\/www.notibras.com\/site\/wp-content\/uploads\/2023\/01\/notibras23.png","width":350,"height":87,"caption":"Grupo Notibras de Comunica\u00e7\u00e3o"},"image":{"@id":"https:\/\/www.notibras.com\/site\/#\/schema\/logo\/image\/"},"sameAs":["https:\/\/www.facebook.com\/notibras\/","https:\/\/x.com\/Notibras","https:\/\/www.instagram.com\/notibras\/"]},{"@type":"Person","@id":"https:\/\/www.notibras.com\/site\/#\/schema\/person\/36ab0979449956132d3e5b517ea76ac8","name":"Reda\u00e7\u00e3o","image":{"@type":"ImageObject","inLanguage":"pt-BR","@id":"https:\/\/secure.gravatar.com\/avatar\/e0a867bdedb85fd243eadf09663511f96fc81e0720a4a42581f334ad4303aa6b?s=96&d=mm&r=g","url":"https:\/\/secure.gravatar.com\/avatar\/e0a867bdedb85fd243eadf09663511f96fc81e0720a4a42581f334ad4303aa6b?s=96&d=mm&r=g","contentUrl":"https:\/\/secure.gravatar.com\/avatar\/e0a867bdedb85fd243eadf09663511f96fc81e0720a4a42581f334ad4303aa6b?s=96&d=mm&r=g","caption":"Reda\u00e7\u00e3o"}}]}},"amp_enabled":true,"_links":{"self":[{"href":"https:\/\/www.notibras.com\/site\/wp-json\/wp\/v2\/posts\/314706","targetHints":{"allow":["GET"]}}],"collection":[{"href":"https:\/\/www.notibras.com\/site\/wp-json\/wp\/v2\/posts"}],"about":[{"href":"https:\/\/www.notibras.com\/site\/wp-json\/wp\/v2\/types\/post"}],"author":[{"embeddable":true,"href":"https:\/\/www.notibras.com\/site\/wp-json\/wp\/v2\/users\/2"}],"replies":[{"embeddable":true,"href":"https:\/\/www.notibras.com\/site\/wp-json\/wp\/v2\/comments?post=314706"}],"version-history":[{"count":1,"href":"https:\/\/www.notibras.com\/site\/wp-json\/wp\/v2\/posts\/314706\/revisions"}],"predecessor-version":[{"id":314708,"href":"https:\/\/www.notibras.com\/site\/wp-json\/wp\/v2\/posts\/314706\/revisions\/314708"}],"wp:featuredmedia":[{"embeddable":true,"href":"https:\/\/www.notibras.com\/site\/wp-json\/wp\/v2\/media\/314707"}],"wp:attachment":[{"href":"https:\/\/www.notibras.com\/site\/wp-json\/wp\/v2\/media?parent=314706"}],"wp:term":[{"taxonomy":"category","embeddable":true,"href":"https:\/\/www.notibras.com\/site\/wp-json\/wp\/v2\/categories?post=314706"},{"taxonomy":"post_tag","embeddable":true,"href":"https:\/\/www.notibras.com\/site\/wp-json\/wp\/v2\/tags?post=314706"}],"curies":[{"name":"wp","href":"https:\/\/api.w.org\/{rel}","templated":true}]}}