{"id":314709,"date":"2023-10-15T00:00:33","date_gmt":"2023-10-15T03:00:33","guid":{"rendered":"https:\/\/www.notibras.com\/site\/?p=314709"},"modified":"2023-10-15T09:59:38","modified_gmt":"2023-10-15T12:59:38","slug":"cursinhos-populares-preparam-alunos-e-mobilizam-lutas-sociais","status":"publish","type":"post","link":"https:\/\/www.notibras.com\/site\/cursinhos-populares-preparam-alunos-e-mobilizam-lutas-sociais\/","title":{"rendered":"Cursinhos populares preparam alunos e mobilizam lutas sociais"},"content":{"rendered":"<p>Os cursinhos populares voltados para p\u00fablicos espec\u00edficos buscam preparar para o Exame Nacional do Ensino M\u00e9dio (Enem), al\u00e9m de mobilizar lutas sociais. \u00c9 o caso do cursinho da Educafro Brasil, em S\u00e3o Paulo, exemoplo que serve para Bras\u00edlia e outras capitais. O curso \u00e9 voltado para a popula\u00e7\u00e3o negra e perif\u00e9rica, que tem como meta o acesso \u00e0 universidade e combater a desigualdade educacional.<\/p>\n<p>\u201cN\u00f3s temos a miss\u00e3o de entregar \u00e0 faculdade n\u00e3o s\u00f3 um aluno que passe na prova tradicional da faculdade, n\u00f3s temos a miss\u00e3o de entregar um aluno questionador e lutador para ajudar a fazer acontecer as grandes transforma\u00e7\u00f5es que sonhamos\u201d, disse o diretor-executivo da Educafro, frei Davi.<\/p>\n<p>Ele explicou que os estudantes t\u00eam aula de cultura e cidadania, com mesma carga hor\u00e1ria das demais aulas como portugu\u00eas e matem\u00e1tica, em que se trabalha fortemente o combate ao racismo.<\/p>\n<p>\u201cNosso sonho \u00e9 que esses alunos que v\u00e3o ingressar nas universidades p\u00fablicas tenham a capacidade de questionar o curr\u00edculo dessas universidades que s\u00e3o exageradamente euroc\u00eantricas e marginalizam todo o saber afro e ind\u00edgena\u201d, revelou.<\/p>\n<p>\u201cN\u00f3s queremos a universidade plural tamb\u00e9m na sua pedagogia, na sua metodologia. Por exemplo, \u00e9 um absurdo que grande parte das universidades p\u00fablicas, dos vestibulares, n\u00e3o cobra livros de autores africanos, isso \u00e9 um atentado contra n\u00f3s afro-brasileiros, s\u00f3 cobram livros de autores de origem europeia, isso n\u00e3o est\u00e1 certo\u201d, acrescentou.<\/p>\n<p><strong>Responsabilidade<\/strong><br \/>\nOutro problema apontado pelo diretor \u00e9 a falta de responsabilidade de sucessivos governantes que ocuparam o Minist\u00e9rio da Educa\u00e7\u00e3o ao n\u00e3o garantir a perman\u00eancia de estudantes negros nas universidades por falta de pol\u00edticas p\u00fablicas. Segundo ele, a situa\u00e7\u00e3o gerou grande estrago aos jovens negros que entraram na universidade e depois precisaram abandon\u00e1-la por dificuldades financeiras.<\/p>\n<p>\u201cO governo federal, quando adotou cotas, prometeu que todos os alunos que tivessem como renda at\u00e9 um sal\u00e1rio-m\u00ednimo e meio, todos eles receberiam imediatamente bolsa moradia e bolsa de alimenta\u00e7\u00e3o. E o governo at\u00e9 hoje n\u00e3o bota isso em pr\u00e1tica\u201d, reivindicou.<\/p>\n<p>Luiz Henrique, de 24 anos, est\u00e1 se preparando para o Exame Nacional do Ensino M\u00e9dio (Enem) deste ano por meio do curso preparat\u00f3rio para vestibulares que a Educafro oferece. \u201cA Educafro foi o que nos permitiu ir al\u00e9m do ensino, que geralmente \u00e9 deficiente, nas escolas p\u00fablicas, que \u00e9 oferecido para n\u00f3s, por\u00e9m, n\u00e3o s\u00f3 isso, como tamb\u00e9m a Educafro \u00e9 um meio de reunir v\u00e1rias pessoas sob a mesma \u00e9gide, da luta contra o racismo atrav\u00e9s de pautas sociopol\u00edticas e econ\u00f4micas\u201d, ressaltou.<\/p>\n<p>Ele pretende fazer a gradua\u00e7\u00e3o em Engenharia Mecatr\u00f4nica, Direito ou Engenharia da Computa\u00e7\u00e3o, mas esse n\u00e3o \u00e9 um objetivo isolado para o estudante. \u201cPara n\u00f3s, a import\u00e2ncia que damos para o ensino superior se baseia n\u00e3o s\u00f3 na qualidade de ensino e na possibilidade de uma carreira digna a um n\u00edvel individual, como tamb\u00e9m na oportunidade de alavancar o coletivo do povo negro a possuir as mesmas possibilidades oferecidas a outras etnias, atrav\u00e9s de uma rede de apoio e de contatos, tornando o ensino superior de qualidade\u201d, disse.<\/p>\n<p>O estudante aponta ainda que a escolha das profiss\u00f5es passa por um desejo de constru\u00e7\u00e3o coletiva da sociedade. Sobre a Engenharia Mecatr\u00f4nica, ele acredita ser uma \u00e1rea importante para a soberania nacional, e relacionou os outros dois cursos diretamente ao combate ao racismo.<\/p>\n<p>\u201cDireito, pois acredito que \u00e9 o melhor curso para proteger a popula\u00e7\u00e3o negra das inj\u00farias cometidas seja no mercado de trabalho ou pelas institui\u00e7\u00f5es que deveriam nos proteger, por\u00e9m, abusam do poder que \u00e9 confiado a eles, e Engenharia da Computa\u00e7\u00e3o, porque \u00e9 uma \u00e1rea que est\u00e1 em alta, e quero fazer parte dos esfor\u00e7os da popula\u00e7\u00e3o negra para o acesso a essa\u201d, finalizou.<\/p>\n<p><strong>Pontua\u00e7\u00e3o<\/strong><br \/>\nA estudante Pamella Santos, de 38 anos, tamb\u00e9m est\u00e1 se preparando para a prova do Enem por meio da Educafro. \u201cEu estou muito determinada e focada nos estudos pois, desde de que comecei a fazer o cursinho da Educafro, melhorei muito minha pontua\u00e7\u00e3o no Enem, coisa que n\u00e3o conseguia nas provas dos outros anos\u201d, contou.<\/p>\n<p>\u201cEu sou uma pessoa totalmente justa e sempre busco a justi\u00e7a, a igualdade, a defesa e conhecimento fazendo com que a nossa Constitui\u00e7\u00e3o seja realmente v\u00e1lida e reconhecida\u201d, disse a estudante, que pretende cursar Direito.<\/p>\n<p>Ela acrescentou que a Educafro teve papel relevante em sua busca pelo ensino superior, porque h\u00e1 a possibilidade de a entidade fornecer computador para quem precisa, os professores t\u00eam boa bagagem de conhecimento e h\u00e1 atendimento psicol\u00f3gico \u00e0 disposi\u00e7\u00e3o.<\/p>\n","protected":false},"excerpt":{"rendered":"<p>Os cursinhos populares voltados para p\u00fablicos espec\u00edficos buscam preparar para o Exame Nacional do Ensino M\u00e9dio (Enem), al\u00e9m de mobilizar lutas sociais. \u00c9 o caso do cursinho da Educafro Brasil, em S\u00e3o Paulo, exemoplo que serve para Bras\u00edlia e outras capitais. O curso \u00e9 voltado para a popula\u00e7\u00e3o negra e perif\u00e9rica, que tem como meta [&hellip;]<\/p>\n","protected":false},"author":2,"featured_media":314710,"comment_status":"closed","ping_status":"closed","sticky":false,"template":"","format":"standard","meta":{"_acf_changed":false,"footnotes":""},"categories":[161],"tags":[],"class_list":["post-314709","post","type-post","status-publish","format-standard","has-post-thumbnail","hentry","category-quadradinho-em-foco"],"acf":[],"yoast_head":"<!-- This site is optimized with the Yoast SEO plugin v27.2 - https:\/\/yoast.com\/product\/yoast-seo-wordpress\/ -->\n<title>Cursinhos populares preparam alunos e mobilizam lutas sociais - Notibras<\/title>\n<meta name=\"robots\" content=\"index, follow, max-snippet:-1, max-image-preview:large, max-video-preview:-1\" \/>\n<link rel=\"canonical\" href=\"https:\/\/www.notibras.com\/site\/cursinhos-populares-preparam-alunos-e-mobilizam-lutas-sociais\/\" \/>\n<meta property=\"og:locale\" content=\"pt_BR\" \/>\n<meta property=\"og:type\" content=\"article\" \/>\n<meta property=\"og:title\" content=\"Cursinhos populares preparam alunos e mobilizam lutas sociais - Notibras\" \/>\n<meta property=\"og:description\" content=\"Os cursinhos populares voltados para p\u00fablicos espec\u00edficos buscam preparar para o Exame Nacional do Ensino M\u00e9dio (Enem), al\u00e9m de mobilizar lutas sociais. \u00c9 o caso do cursinho da Educafro Brasil, em S\u00e3o Paulo, exemoplo que serve para Bras\u00edlia e outras capitais. O curso \u00e9 voltado para a popula\u00e7\u00e3o negra e perif\u00e9rica, que tem como meta [&hellip;]\" \/>\n<meta property=\"og:url\" content=\"https:\/\/www.notibras.com\/site\/cursinhos-populares-preparam-alunos-e-mobilizam-lutas-sociais\/\" \/>\n<meta property=\"og:site_name\" content=\"Notibras\" \/>\n<meta property=\"article:publisher\" content=\"https:\/\/www.facebook.com\/notibras\/\" \/>\n<meta property=\"article:published_time\" content=\"2023-10-15T03:00:33+00:00\" \/>\n<meta property=\"article:modified_time\" content=\"2023-10-15T12:59:38+00:00\" \/>\n<meta property=\"og:image\" content=\"https:\/\/www.notibras.com\/site\/wp-content\/uploads\/2023\/10\/sala_de_aula-3.jpg\" \/>\n\t<meta property=\"og:image:width\" content=\"1170\" \/>\n\t<meta property=\"og:image:height\" content=\"700\" \/>\n\t<meta property=\"og:image:type\" content=\"image\/jpeg\" \/>\n<meta name=\"author\" content=\"Reda\u00e7\u00e3o\" \/>\n<meta name=\"twitter:card\" content=\"summary_large_image\" \/>\n<meta name=\"twitter:creator\" content=\"@Notibras\" \/>\n<meta name=\"twitter:site\" content=\"@Notibras\" \/>\n<meta name=\"twitter:label1\" content=\"Escrito por\" \/>\n\t<meta name=\"twitter:data1\" content=\"Reda\u00e7\u00e3o\" \/>\n\t<meta name=\"twitter:label2\" content=\"Est. tempo de leitura\" \/>\n\t<meta name=\"twitter:data2\" content=\"5 minutos\" \/>\n<script type=\"application\/ld+json\" class=\"yoast-schema-graph\">{\"@context\":\"https:\/\/schema.org\",\"@graph\":[{\"@type\":\"Article\",\"@id\":\"https:\/\/www.notibras.com\/site\/cursinhos-populares-preparam-alunos-e-mobilizam-lutas-sociais\/#article\",\"isPartOf\":{\"@id\":\"https:\/\/www.notibras.com\/site\/cursinhos-populares-preparam-alunos-e-mobilizam-lutas-sociais\/\"},\"author\":{\"name\":\"Reda\u00e7\u00e3o\",\"@id\":\"https:\/\/www.notibras.com\/site\/#\/schema\/person\/36ab0979449956132d3e5b517ea76ac8\"},\"headline\":\"Cursinhos populares preparam alunos e mobilizam lutas sociais\",\"datePublished\":\"2023-10-15T03:00:33+00:00\",\"dateModified\":\"2023-10-15T12:59:38+00:00\",\"mainEntityOfPage\":{\"@id\":\"https:\/\/www.notibras.com\/site\/cursinhos-populares-preparam-alunos-e-mobilizam-lutas-sociais\/\"},\"wordCount\":807,\"publisher\":{\"@id\":\"https:\/\/www.notibras.com\/site\/#organization\"},\"image\":{\"@id\":\"https:\/\/www.notibras.com\/site\/cursinhos-populares-preparam-alunos-e-mobilizam-lutas-sociais\/#primaryimage\"},\"thumbnailUrl\":\"https:\/\/www.notibras.com\/site\/wp-content\/uploads\/2023\/10\/sala_de_aula-3.jpg\",\"articleSection\":[\"Quadradinho em Foco\"],\"inLanguage\":\"pt-BR\"},{\"@type\":\"WebPage\",\"@id\":\"https:\/\/www.notibras.com\/site\/cursinhos-populares-preparam-alunos-e-mobilizam-lutas-sociais\/\",\"url\":\"https:\/\/www.notibras.com\/site\/cursinhos-populares-preparam-alunos-e-mobilizam-lutas-sociais\/\",\"name\":\"Cursinhos populares preparam alunos e mobilizam lutas sociais - Notibras\",\"isPartOf\":{\"@id\":\"https:\/\/www.notibras.com\/site\/#website\"},\"primaryImageOfPage\":{\"@id\":\"https:\/\/www.notibras.com\/site\/cursinhos-populares-preparam-alunos-e-mobilizam-lutas-sociais\/#primaryimage\"},\"image\":{\"@id\":\"https:\/\/www.notibras.com\/site\/cursinhos-populares-preparam-alunos-e-mobilizam-lutas-sociais\/#primaryimage\"},\"thumbnailUrl\":\"https:\/\/www.notibras.com\/site\/wp-content\/uploads\/2023\/10\/sala_de_aula-3.jpg\",\"datePublished\":\"2023-10-15T03:00:33+00:00\",\"dateModified\":\"2023-10-15T12:59:38+00:00\",\"breadcrumb\":{\"@id\":\"https:\/\/www.notibras.com\/site\/cursinhos-populares-preparam-alunos-e-mobilizam-lutas-sociais\/#breadcrumb\"},\"inLanguage\":\"pt-BR\",\"potentialAction\":[{\"@type\":\"ReadAction\",\"target\":[\"https:\/\/www.notibras.com\/site\/cursinhos-populares-preparam-alunos-e-mobilizam-lutas-sociais\/\"]}]},{\"@type\":\"ImageObject\",\"inLanguage\":\"pt-BR\",\"@id\":\"https:\/\/www.notibras.com\/site\/cursinhos-populares-preparam-alunos-e-mobilizam-lutas-sociais\/#primaryimage\",\"url\":\"https:\/\/www.notibras.com\/site\/wp-content\/uploads\/2023\/10\/sala_de_aula-3.jpg\",\"contentUrl\":\"https:\/\/www.notibras.com\/site\/wp-content\/uploads\/2023\/10\/sala_de_aula-3.jpg\",\"width\":1170,\"height\":700,\"caption\":\"UnB foi a primeira universidade federal a adotar sistema de cotas raciais UnB reserva vagas para negros desde o vestibular de 2004 Percentual de negros com diploma cresceu quase quatro vezes desde 2000, segundo IBGE\"},{\"@type\":\"BreadcrumbList\",\"@id\":\"https:\/\/www.notibras.com\/site\/cursinhos-populares-preparam-alunos-e-mobilizam-lutas-sociais\/#breadcrumb\",\"itemListElement\":[{\"@type\":\"ListItem\",\"position\":1,\"name\":\"In\u00edcio\",\"item\":\"https:\/\/www.notibras.com\/site\/\"},{\"@type\":\"ListItem\",\"position\":2,\"name\":\"Cursinhos populares preparam alunos e mobilizam lutas sociais\"}]},{\"@type\":\"WebSite\",\"@id\":\"https:\/\/www.notibras.com\/site\/#website\",\"url\":\"https:\/\/www.notibras.com\/site\/\",\"name\":\"Notibras\",\"description\":\"Not\u00edcias de Bras\u00edlia, do Brasil e do Mundo\",\"publisher\":{\"@id\":\"https:\/\/www.notibras.com\/site\/#organization\"},\"potentialAction\":[{\"@type\":\"SearchAction\",\"target\":{\"@type\":\"EntryPoint\",\"urlTemplate\":\"https:\/\/www.notibras.com\/site\/?s={search_term_string}\"},\"query-input\":{\"@type\":\"PropertyValueSpecification\",\"valueRequired\":true,\"valueName\":\"search_term_string\"}}],\"inLanguage\":\"pt-BR\"},{\"@type\":\"Organization\",\"@id\":\"https:\/\/www.notibras.com\/site\/#organization\",\"name\":\"Grupo Notibras de Comunica\u00e7\u00e3o\",\"url\":\"https:\/\/www.notibras.com\/site\/\",\"logo\":{\"@type\":\"ImageObject\",\"inLanguage\":\"pt-BR\",\"@id\":\"https:\/\/www.notibras.com\/site\/#\/schema\/logo\/image\/\",\"url\":\"https:\/\/www.notibras.com\/site\/wp-content\/uploads\/2023\/01\/notibras23.png\",\"contentUrl\":\"https:\/\/www.notibras.com\/site\/wp-content\/uploads\/2023\/01\/notibras23.png\",\"width\":350,\"height\":87,\"caption\":\"Grupo Notibras de Comunica\u00e7\u00e3o\"},\"image\":{\"@id\":\"https:\/\/www.notibras.com\/site\/#\/schema\/logo\/image\/\"},\"sameAs\":[\"https:\/\/www.facebook.com\/notibras\/\",\"https:\/\/x.com\/Notibras\",\"https:\/\/www.instagram.com\/notibras\/\"]},{\"@type\":\"Person\",\"@id\":\"https:\/\/www.notibras.com\/site\/#\/schema\/person\/36ab0979449956132d3e5b517ea76ac8\",\"name\":\"Reda\u00e7\u00e3o\",\"image\":{\"@type\":\"ImageObject\",\"inLanguage\":\"pt-BR\",\"@id\":\"https:\/\/secure.gravatar.com\/avatar\/e0a867bdedb85fd243eadf09663511f96fc81e0720a4a42581f334ad4303aa6b?s=96&d=mm&r=g\",\"url\":\"https:\/\/secure.gravatar.com\/avatar\/e0a867bdedb85fd243eadf09663511f96fc81e0720a4a42581f334ad4303aa6b?s=96&d=mm&r=g\",\"contentUrl\":\"https:\/\/secure.gravatar.com\/avatar\/e0a867bdedb85fd243eadf09663511f96fc81e0720a4a42581f334ad4303aa6b?s=96&d=mm&r=g\",\"caption\":\"Reda\u00e7\u00e3o\"}}]}<\/script>\n<!-- \/ Yoast SEO plugin. -->","yoast_head_json":{"title":"Cursinhos populares preparam alunos e mobilizam lutas sociais - Notibras","robots":{"index":"index","follow":"follow","max-snippet":"max-snippet:-1","max-image-preview":"max-image-preview:large","max-video-preview":"max-video-preview:-1"},"canonical":"https:\/\/www.notibras.com\/site\/cursinhos-populares-preparam-alunos-e-mobilizam-lutas-sociais\/","og_locale":"pt_BR","og_type":"article","og_title":"Cursinhos populares preparam alunos e mobilizam lutas sociais - Notibras","og_description":"Os cursinhos populares voltados para p\u00fablicos espec\u00edficos buscam preparar para o Exame Nacional do Ensino M\u00e9dio (Enem), al\u00e9m de mobilizar lutas sociais. \u00c9 o caso do cursinho da Educafro Brasil, em S\u00e3o Paulo, exemoplo que serve para Bras\u00edlia e outras capitais. O curso \u00e9 voltado para a popula\u00e7\u00e3o negra e perif\u00e9rica, que tem como meta [&hellip;]","og_url":"https:\/\/www.notibras.com\/site\/cursinhos-populares-preparam-alunos-e-mobilizam-lutas-sociais\/","og_site_name":"Notibras","article_publisher":"https:\/\/www.facebook.com\/notibras\/","article_published_time":"2023-10-15T03:00:33+00:00","article_modified_time":"2023-10-15T12:59:38+00:00","og_image":[{"width":1170,"height":700,"url":"https:\/\/www.notibras.com\/site\/wp-content\/uploads\/2023\/10\/sala_de_aula-3.jpg","type":"image\/jpeg"}],"author":"Reda\u00e7\u00e3o","twitter_card":"summary_large_image","twitter_creator":"@Notibras","twitter_site":"@Notibras","twitter_misc":{"Escrito por":"Reda\u00e7\u00e3o","Est. tempo de leitura":"5 minutos"},"schema":{"@context":"https:\/\/schema.org","@graph":[{"@type":"Article","@id":"https:\/\/www.notibras.com\/site\/cursinhos-populares-preparam-alunos-e-mobilizam-lutas-sociais\/#article","isPartOf":{"@id":"https:\/\/www.notibras.com\/site\/cursinhos-populares-preparam-alunos-e-mobilizam-lutas-sociais\/"},"author":{"name":"Reda\u00e7\u00e3o","@id":"https:\/\/www.notibras.com\/site\/#\/schema\/person\/36ab0979449956132d3e5b517ea76ac8"},"headline":"Cursinhos populares preparam alunos e mobilizam lutas sociais","datePublished":"2023-10-15T03:00:33+00:00","dateModified":"2023-10-15T12:59:38+00:00","mainEntityOfPage":{"@id":"https:\/\/www.notibras.com\/site\/cursinhos-populares-preparam-alunos-e-mobilizam-lutas-sociais\/"},"wordCount":807,"publisher":{"@id":"https:\/\/www.notibras.com\/site\/#organization"},"image":{"@id":"https:\/\/www.notibras.com\/site\/cursinhos-populares-preparam-alunos-e-mobilizam-lutas-sociais\/#primaryimage"},"thumbnailUrl":"https:\/\/www.notibras.com\/site\/wp-content\/uploads\/2023\/10\/sala_de_aula-3.jpg","articleSection":["Quadradinho em Foco"],"inLanguage":"pt-BR"},{"@type":"WebPage","@id":"https:\/\/www.notibras.com\/site\/cursinhos-populares-preparam-alunos-e-mobilizam-lutas-sociais\/","url":"https:\/\/www.notibras.com\/site\/cursinhos-populares-preparam-alunos-e-mobilizam-lutas-sociais\/","name":"Cursinhos populares preparam alunos e mobilizam lutas sociais - Notibras","isPartOf":{"@id":"https:\/\/www.notibras.com\/site\/#website"},"primaryImageOfPage":{"@id":"https:\/\/www.notibras.com\/site\/cursinhos-populares-preparam-alunos-e-mobilizam-lutas-sociais\/#primaryimage"},"image":{"@id":"https:\/\/www.notibras.com\/site\/cursinhos-populares-preparam-alunos-e-mobilizam-lutas-sociais\/#primaryimage"},"thumbnailUrl":"https:\/\/www.notibras.com\/site\/wp-content\/uploads\/2023\/10\/sala_de_aula-3.jpg","datePublished":"2023-10-15T03:00:33+00:00","dateModified":"2023-10-15T12:59:38+00:00","breadcrumb":{"@id":"https:\/\/www.notibras.com\/site\/cursinhos-populares-preparam-alunos-e-mobilizam-lutas-sociais\/#breadcrumb"},"inLanguage":"pt-BR","potentialAction":[{"@type":"ReadAction","target":["https:\/\/www.notibras.com\/site\/cursinhos-populares-preparam-alunos-e-mobilizam-lutas-sociais\/"]}]},{"@type":"ImageObject","inLanguage":"pt-BR","@id":"https:\/\/www.notibras.com\/site\/cursinhos-populares-preparam-alunos-e-mobilizam-lutas-sociais\/#primaryimage","url":"https:\/\/www.notibras.com\/site\/wp-content\/uploads\/2023\/10\/sala_de_aula-3.jpg","contentUrl":"https:\/\/www.notibras.com\/site\/wp-content\/uploads\/2023\/10\/sala_de_aula-3.jpg","width":1170,"height":700,"caption":"UnB foi a primeira universidade federal a adotar sistema de cotas raciais UnB reserva vagas para negros desde o vestibular de 2004 Percentual de negros com diploma cresceu quase quatro vezes desde 2000, segundo IBGE"},{"@type":"BreadcrumbList","@id":"https:\/\/www.notibras.com\/site\/cursinhos-populares-preparam-alunos-e-mobilizam-lutas-sociais\/#breadcrumb","itemListElement":[{"@type":"ListItem","position":1,"name":"In\u00edcio","item":"https:\/\/www.notibras.com\/site\/"},{"@type":"ListItem","position":2,"name":"Cursinhos populares preparam alunos e mobilizam lutas sociais"}]},{"@type":"WebSite","@id":"https:\/\/www.notibras.com\/site\/#website","url":"https:\/\/www.notibras.com\/site\/","name":"Notibras","description":"Not\u00edcias de Bras\u00edlia, do Brasil e do Mundo","publisher":{"@id":"https:\/\/www.notibras.com\/site\/#organization"},"potentialAction":[{"@type":"SearchAction","target":{"@type":"EntryPoint","urlTemplate":"https:\/\/www.notibras.com\/site\/?s={search_term_string}"},"query-input":{"@type":"PropertyValueSpecification","valueRequired":true,"valueName":"search_term_string"}}],"inLanguage":"pt-BR"},{"@type":"Organization","@id":"https:\/\/www.notibras.com\/site\/#organization","name":"Grupo Notibras de Comunica\u00e7\u00e3o","url":"https:\/\/www.notibras.com\/site\/","logo":{"@type":"ImageObject","inLanguage":"pt-BR","@id":"https:\/\/www.notibras.com\/site\/#\/schema\/logo\/image\/","url":"https:\/\/www.notibras.com\/site\/wp-content\/uploads\/2023\/01\/notibras23.png","contentUrl":"https:\/\/www.notibras.com\/site\/wp-content\/uploads\/2023\/01\/notibras23.png","width":350,"height":87,"caption":"Grupo Notibras de Comunica\u00e7\u00e3o"},"image":{"@id":"https:\/\/www.notibras.com\/site\/#\/schema\/logo\/image\/"},"sameAs":["https:\/\/www.facebook.com\/notibras\/","https:\/\/x.com\/Notibras","https:\/\/www.instagram.com\/notibras\/"]},{"@type":"Person","@id":"https:\/\/www.notibras.com\/site\/#\/schema\/person\/36ab0979449956132d3e5b517ea76ac8","name":"Reda\u00e7\u00e3o","image":{"@type":"ImageObject","inLanguage":"pt-BR","@id":"https:\/\/secure.gravatar.com\/avatar\/e0a867bdedb85fd243eadf09663511f96fc81e0720a4a42581f334ad4303aa6b?s=96&d=mm&r=g","url":"https:\/\/secure.gravatar.com\/avatar\/e0a867bdedb85fd243eadf09663511f96fc81e0720a4a42581f334ad4303aa6b?s=96&d=mm&r=g","contentUrl":"https:\/\/secure.gravatar.com\/avatar\/e0a867bdedb85fd243eadf09663511f96fc81e0720a4a42581f334ad4303aa6b?s=96&d=mm&r=g","caption":"Reda\u00e7\u00e3o"}}]}},"amp_enabled":true,"_links":{"self":[{"href":"https:\/\/www.notibras.com\/site\/wp-json\/wp\/v2\/posts\/314709","targetHints":{"allow":["GET"]}}],"collection":[{"href":"https:\/\/www.notibras.com\/site\/wp-json\/wp\/v2\/posts"}],"about":[{"href":"https:\/\/www.notibras.com\/site\/wp-json\/wp\/v2\/types\/post"}],"author":[{"embeddable":true,"href":"https:\/\/www.notibras.com\/site\/wp-json\/wp\/v2\/users\/2"}],"replies":[{"embeddable":true,"href":"https:\/\/www.notibras.com\/site\/wp-json\/wp\/v2\/comments?post=314709"}],"version-history":[{"count":1,"href":"https:\/\/www.notibras.com\/site\/wp-json\/wp\/v2\/posts\/314709\/revisions"}],"predecessor-version":[{"id":314711,"href":"https:\/\/www.notibras.com\/site\/wp-json\/wp\/v2\/posts\/314709\/revisions\/314711"}],"wp:featuredmedia":[{"embeddable":true,"href":"https:\/\/www.notibras.com\/site\/wp-json\/wp\/v2\/media\/314710"}],"wp:attachment":[{"href":"https:\/\/www.notibras.com\/site\/wp-json\/wp\/v2\/media?parent=314709"}],"wp:term":[{"taxonomy":"category","embeddable":true,"href":"https:\/\/www.notibras.com\/site\/wp-json\/wp\/v2\/categories?post=314709"},{"taxonomy":"post_tag","embeddable":true,"href":"https:\/\/www.notibras.com\/site\/wp-json\/wp\/v2\/tags?post=314709"}],"curies":[{"name":"wp","href":"https:\/\/api.w.org\/{rel}","templated":true}]}}