{"id":314715,"date":"2023-10-15T00:20:51","date_gmt":"2023-10-15T03:20:51","guid":{"rendered":"https:\/\/www.notibras.com\/site\/?p=314715"},"modified":"2023-10-15T10:14:01","modified_gmt":"2023-10-15T13:14:01","slug":"ataques-virtuaas-deixam-professores-assustados","status":"publish","type":"post","link":"https:\/\/www.notibras.com\/site\/ataques-virtuaas-deixam-professores-assustados\/","title":{"rendered":"Ataques virtuais deixam professores assustados"},"content":{"rendered":"<p>Quando a pandemia da Covid-19 come\u00e7ou e o ensino remoto se tornou a \u00fanica alternativa pedag\u00f3gica, n\u00e3o faltaram an\u00e1lises otimistas sobre o uso dos recursos digitais. Al\u00e9m de potencializar o aprendizado, esperava-se que a comunica\u00e7\u00e3o entre estudantes e professores fosse mais pr\u00f3xima e horizontal. Mas o que t\u00eam sido identificado por especialistas em educa\u00e7\u00e3o e entidades sindicais \u00e9 que os ambientes virtuais registram cada vez mais casos de viol\u00eancia e hostilidade. Tamb\u00e9m s\u00e3o lugares favor\u00e1veis para dissemina\u00e7\u00e3o de discursos de \u00f3dio, que podem resultar em agress\u00f5es presenciais. Nos dois casos, professores s\u00e3o alvos comuns e precisam lidar com as consequ\u00eancias na sa\u00fade f\u00edsica e mental.<\/p>\n<p>Queixas do tipo aumentaram entre os professores. A coordenadora Helenita Beserra diz que estudantes e respons\u00e1veis t\u00eam utilizado as redes sociais dos professores ou contatos diretos via whatsapp para os desrespeitar e os atacar.<\/p>\n<p>\u201cTemos aqui um grupo grande de profissionais que est\u00e1 se sentindo perseguido. Entram nas redes sociais deles para fazer patrulhamento da posi\u00e7\u00e3o pol\u00edtica e contestam de forma agressiva as publica\u00e7\u00f5es ali. Esses casos est\u00e3o se tornando corriqueiros e os profissionais est\u00e3o sofrendo com essa press\u00e3o psicol\u00f3gica e o estresse\u201d, diz Helenita.<\/p>\n<p>H\u00e1 algumas semanas, profissionais do Col\u00e9gio Pedro II, no Rio de Janeiro, denunciaram que uma professora de ingl\u00eas levou tapas de um aluno por causa de um desafio publicado na rede social Tik Tok. Outros casos comuns de viol\u00eancia envolvem linchamentos virtuais, cyberbullying e grava\u00e7\u00f5es n\u00e3o autorizadas com o objetivo de humilhar os profissionais.<\/p>\n<p>Quando o professor \u00e9 v\u00edtima dessas agress\u00f5es, a orienta\u00e7\u00e3o sindical \u00e9 procurar as autoridades competentes para que agressor ou pais sejam responsabilizados.<\/p>\n<p>\u201cEm casos mais graves contra os profissionais, colocamos o departamento jur\u00eddico \u00e0 disposi\u00e7\u00e3o para ajud\u00e1-los a fazer esse enfrentamento. Quando a situa\u00e7\u00e3o \u00e9 ainda mais delicada, o correto \u00e9 procurar uma delegacia para fazer o registro policial. De prefer\u00eancia alguma especializada em crimes cibern\u00e9ticos\u201d, orienta Helenita.<\/p>\n<p><strong>Motiva\u00e7\u00f5es<\/strong><br \/>\nViol\u00eancias contra professores t\u00eam diferentes motiva\u00e7\u00f5es. Quando se trata especificamente do ambiente virtual, o pesquisador Ant\u00f4nio \u00c1lvaro Soares Zuin tem uma tese para explicar uma das dimens\u00f5es que explicam a hostilidade de estudantes contra professores.<\/p>\n<p>No livro \u201cCyberbullying contra professores\u201d, lan\u00e7ado em 2017, o professor do departamento de educa\u00e7\u00e3o da Universidade Federal de S\u00e3o Carlos (UFSCar) argumenta que vivemos em uma \u201cera da concentra\u00e7\u00e3o dispersa\u201d impulsionada pelas tecnologias de comunica\u00e7\u00e3o. Nesse contexto, os alunos projetam uma esp\u00e9cie de rivalidade entre dispositivos digitais e os professores.<\/p>\n<p>\u201cDesde os prim\u00f3rdios das rela\u00e7\u00f5es ensino-aprendizagem, os professores foram respons\u00e1veis pela manuten\u00e7\u00e3o do foco de aten\u00e7\u00e3o dos alunos em rela\u00e7\u00e3o aos conte\u00fados. V\u00e1rias metodologias foram desenvolvidas para garantir isso. Desde a via dial\u00f3gica at\u00e9 a aplica\u00e7\u00e3o de puni\u00e7\u00f5es f\u00edsicas e psicol\u00f3gicas. Hoje em dia, \u00e9 preciso um esfor\u00e7o muito grande para manter a aten\u00e7\u00e3o e ler qualquer conte\u00fado em profundidade, uma vez que queremos ficar conectados aos celulares o tempo todo\u201d argumenta Zuin.<\/p>\n<p>\u201cPara os alunos, vai ficando absolutamente insuport\u00e1vel focar durante horas numa figura como o professor. E a\u00ed, eles acabam, de certa maneira, se vingando contra essa figura que historicamente foi respons\u00e1vel pela manuten\u00e7\u00e3o da aten\u00e7\u00e3o deles\u201d, completa.<\/p>\n<p>Quando a escola n\u00e3o favorece o di\u00e1logo, silencia estudantes e o professor se coloca como uma figura autorit\u00e1ria, casos de viol\u00eancia podem ser potencializados. A an\u00e1lise \u00e9 de Telma Brito Rocha, doutora em educa\u00e7\u00e3o e professora da Universidade Federal da Bahia (UFBA). Ela \u00e9 autora do livro \u201cCyberbullying: \u00f3dio, viol\u00eancia virtual e profiss\u00e3o docente\u201d, de 2012.<\/p>\n<p>\u201cSabemos que o professor sofre com uma s\u00e9rie de viol\u00eancias cotidianas. Mas tamb\u00e9m \u00e9 preciso entender como as agress\u00f5es dos estudantes podem ser resson\u00e2ncias de pr\u00e1ticas escolares\u201d, diz Telma. \u201cEssa viol\u00eancia vem muitas vezes do professor, que imprime uma persegui\u00e7\u00e3o por causa de determinados comportamentos dos alunos em sala de aula. Existe a repress\u00e3o em rela\u00e7\u00e3o a como o aluno se senta, como fala, como se veste, como deve se portar e estar no ambiente. Isso tudo acaba por gerar revoltas, que por sua vez podem gerar outras viol\u00eancias\u201d.<\/p>\n<p><strong>Caminhos alternativos<\/strong><br \/>\nOs dois pesquisadores entendem que para combater as agress\u00f5es contra professores, sejam nos ambientes presenciais ou virtuais, \u00e9 preciso transformar a escola em lugar permanente de di\u00e1logo e resolu\u00e7\u00e3o de conflitos. Em outras palavras, dar mais espa\u00e7o para que os alunos expressem sejam ouvidos e expressem insatisfa\u00e7\u00f5es.<\/p>\n<p>\u201cO espa\u00e7o educacional \u00e9 um espa\u00e7o de conflito e coopera\u00e7\u00e3o. N\u00e3o \u00e9 um lugar sempre tranquilo, onde as pessoas v\u00e3o sorrir o tempo todo. A gente tem que buscar a via pedag\u00f3gica para resolver os problemas. N\u00e3o \u00e9 eliminar o aluno que agrediu, enviar para outro col\u00e9gio e transferir o problema. Precisamos que o poder p\u00fablico, as secretarias de educa\u00e7\u00e3o, invistam em equipes multidisciplinares. O problema exige cada vez mais estrat\u00e9gias que possam dar conta dessa complexidade e envolver diferentes \u00e1reas do conhecimento\u201d, diz Telma Brito Rocha.<\/p>\n<p>\u201cO professor tem que redimensionar o significado da autoridade educacional. Principalmente no sentido de realizar uma esp\u00e9cie de autocr\u00edtica, de n\u00e3o querer persuadir o aluno que ele \u00e9 o dono da verdade. Al\u00e9m disso, a escola deveria promover espa\u00e7os e situa\u00e7\u00f5es em que professores, alunos e pais possam se reunir e tentar entender o porqu\u00ea de estar acontecendo alguma viol\u00eancia, para tentar estabelecer determinadas a\u00e7\u00f5es conjuntas. Se houver um espa\u00e7o prop\u00edcio para esses contratos sociais pedag\u00f3gicos, a pr\u00e1tica de cyberbullying tende a cair\u201d, diz Ant\u00f4nio Zuin.<\/p>\n<p><strong>Educa\u00e7\u00e3o digital na inf\u00e2ncia<\/strong><br \/>\nProjetos que desenvolvem uma educa\u00e7\u00e3o digital direcionada para crian\u00e7as e jovens tamb\u00e9m podem ser caminhos de preven\u00e7\u00e3o e combate \u00e0 viol\u00eancia na internet. \u00c9 o caso do programa criado pela professora Maria Sylvia Sp\u00ednola, chamado de &#8220;Educa\u00e7\u00e3o midi\u00e1tica na pr\u00e1tica&#8221;. Ele \u00e9 voltado para crian\u00e7as do 5\u00ba ano, que tem em m\u00e9dia 10 ou 11 anos de idade, nas salas de aula da rede p\u00fablica onde ela leciona. Mestre em ensino e educa\u00e7\u00e3o na \u00e1rea de tecnologias digitais, Maria Sylvia trabalha principalmente a forma\u00e7\u00e3o do senso cr\u00edtico e da responsabilidade nos ambientes virtuais.<\/p>\n<p>Os aprendizados incluem o uso dos mecanismos de busca, checagem de fatos, diferenciar opini\u00e3o de informa\u00e7\u00e3o, e como se comportar de forma cr\u00edtica e \u00e9tica nas redes sociais.<\/p>\n<p>\u201cQuando a gente trabalha quest\u00f5es de bullying, golpe, ass\u00e9dio ou viol\u00eancias que acontecem na internet, as crian\u00e7as muitas vezes conseguem perceber quando elas s\u00e3o v\u00edtimas. Mas elas n\u00e3o conseguem perceber quando elas est\u00e3o sendo agressivas ou usando linguagens impr\u00f3prias. Eu trabalho em cima dessa perspectiva tamb\u00e9m\u201d, explica a professora. \u201cConsiderando que a educa\u00e7\u00e3o midi\u00e1tica tem como base a forma\u00e7\u00e3o da cidadania, que ajuda no bom uso das ferramentas e em como se expressar de maneira respons\u00e1vel, acredito que estamos contribuindo na constru\u00e7\u00e3o de um cidad\u00e3o \u00e9tico\u201d.<\/p>\n<p>A professora refor\u00e7a, no entanto, que as institui\u00e7\u00f5es de ensino n\u00e3o s\u00e3o as \u00fanicas respons\u00e1veis por prevenir viol\u00eancias e comportamento inadequados dos estudantes nas redes. \u00c9 preciso engajar toda a sociedade nesse processo.<\/p>\n<p>\u201cA gente precisa considerar todas as quest\u00f5es sociais, emocionais, e os ambientes familiares. Muitas crian\u00e7as n\u00e3o t\u00eam orienta\u00e7\u00e3o parental sobre o bom uso da internet, n\u00e3o est\u00e3o envolvidas em pr\u00e1ticas seguras\u201d, refor\u00e7a Maria Sylvia. \u201cA escola \u00e9 muito cobrada como parte respons\u00e1vel por educar a sociedade, e a gente esquece a import\u00e2ncia de envolvimento da fam\u00edlia e do poder p\u00fablico. \u00c9 aquela m\u00e1xima, n\u00e3o se educa uma crian\u00e7a sem o movimento de uma aldeia inteira\u201d.<\/p>\n","protected":false},"excerpt":{"rendered":"<p>Quando a pandemia da Covid-19 come\u00e7ou e o ensino remoto se tornou a \u00fanica alternativa pedag\u00f3gica, n\u00e3o faltaram an\u00e1lises otimistas sobre o uso dos recursos digitais. Al\u00e9m de potencializar o aprendizado, esperava-se que a comunica\u00e7\u00e3o entre estudantes e professores fosse mais pr\u00f3xima e horizontal. Mas o que t\u00eam sido identificado por especialistas em educa\u00e7\u00e3o e [&hellip;]<\/p>\n","protected":false},"author":2,"featured_media":257946,"comment_status":"closed","ping_status":"closed","sticky":false,"template":"","format":"standard","meta":{"_acf_changed":false,"footnotes":""},"categories":[161],"tags":[],"class_list":["post-314715","post","type-post","status-publish","format-standard","has-post-thumbnail","hentry","category-quadradinho-em-foco"],"acf":[],"yoast_head":"<!-- This site is optimized with the Yoast SEO plugin v27.2 - https:\/\/yoast.com\/product\/yoast-seo-wordpress\/ -->\n<title>Ataques virtuais deixam professores assustados - Notibras<\/title>\n<meta name=\"robots\" content=\"index, follow, max-snippet:-1, max-image-preview:large, max-video-preview:-1\" \/>\n<link rel=\"canonical\" href=\"https:\/\/www.notibras.com\/site\/ataques-virtuaas-deixam-professores-assustados\/\" \/>\n<meta property=\"og:locale\" content=\"pt_BR\" \/>\n<meta property=\"og:type\" content=\"article\" \/>\n<meta property=\"og:title\" content=\"Ataques virtuais deixam professores assustados - Notibras\" \/>\n<meta property=\"og:description\" content=\"Quando a pandemia da Covid-19 come\u00e7ou e o ensino remoto se tornou a \u00fanica alternativa pedag\u00f3gica, n\u00e3o faltaram an\u00e1lises otimistas sobre o uso dos recursos digitais. Al\u00e9m de potencializar o aprendizado, esperava-se que a comunica\u00e7\u00e3o entre estudantes e professores fosse mais pr\u00f3xima e horizontal. Mas o que t\u00eam sido identificado por especialistas em educa\u00e7\u00e3o e [&hellip;]\" \/>\n<meta property=\"og:url\" content=\"https:\/\/www.notibras.com\/site\/ataques-virtuaas-deixam-professores-assustados\/\" \/>\n<meta property=\"og:site_name\" content=\"Notibras\" \/>\n<meta property=\"article:publisher\" content=\"https:\/\/www.facebook.com\/notibras\/\" \/>\n<meta property=\"article:published_time\" content=\"2023-10-15T03:20:51+00:00\" \/>\n<meta property=\"article:modified_time\" content=\"2023-10-15T13:14:01+00:00\" \/>\n<meta property=\"og:image\" content=\"https:\/\/www.notibras.com\/site\/wp-content\/uploads\/2021\/05\/Como-ser-um-Hacker-capa2-1.jpg\" \/>\n\t<meta property=\"og:image:width\" content=\"1200\" \/>\n\t<meta property=\"og:image:height\" content=\"630\" \/>\n\t<meta property=\"og:image:type\" content=\"image\/jpeg\" \/>\n<meta name=\"author\" content=\"Reda\u00e7\u00e3o\" \/>\n<meta name=\"twitter:card\" content=\"summary_large_image\" \/>\n<meta name=\"twitter:creator\" content=\"@Notibras\" \/>\n<meta name=\"twitter:site\" content=\"@Notibras\" \/>\n<meta name=\"twitter:label1\" content=\"Escrito por\" \/>\n\t<meta name=\"twitter:data1\" content=\"Reda\u00e7\u00e3o\" \/>\n\t<meta name=\"twitter:label2\" content=\"Est. tempo de leitura\" \/>\n\t<meta name=\"twitter:data2\" content=\"7 minutos\" \/>\n<script type=\"application\/ld+json\" class=\"yoast-schema-graph\">{\"@context\":\"https:\/\/schema.org\",\"@graph\":[{\"@type\":\"Article\",\"@id\":\"https:\/\/www.notibras.com\/site\/ataques-virtuaas-deixam-professores-assustados\/#article\",\"isPartOf\":{\"@id\":\"https:\/\/www.notibras.com\/site\/ataques-virtuaas-deixam-professores-assustados\/\"},\"author\":{\"name\":\"Reda\u00e7\u00e3o\",\"@id\":\"https:\/\/www.notibras.com\/site\/#\/schema\/person\/36ab0979449956132d3e5b517ea76ac8\"},\"headline\":\"Ataques virtuais deixam professores assustados\",\"datePublished\":\"2023-10-15T03:20:51+00:00\",\"dateModified\":\"2023-10-15T13:14:01+00:00\",\"mainEntityOfPage\":{\"@id\":\"https:\/\/www.notibras.com\/site\/ataques-virtuaas-deixam-professores-assustados\/\"},\"wordCount\":1353,\"publisher\":{\"@id\":\"https:\/\/www.notibras.com\/site\/#organization\"},\"image\":{\"@id\":\"https:\/\/www.notibras.com\/site\/ataques-virtuaas-deixam-professores-assustados\/#primaryimage\"},\"thumbnailUrl\":\"https:\/\/www.notibras.com\/site\/wp-content\/uploads\/2021\/05\/Como-ser-um-Hacker-capa2-1.jpg\",\"articleSection\":[\"Quadradinho em Foco\"],\"inLanguage\":\"pt-BR\"},{\"@type\":\"WebPage\",\"@id\":\"https:\/\/www.notibras.com\/site\/ataques-virtuaas-deixam-professores-assustados\/\",\"url\":\"https:\/\/www.notibras.com\/site\/ataques-virtuaas-deixam-professores-assustados\/\",\"name\":\"Ataques virtuais deixam professores assustados - Notibras\",\"isPartOf\":{\"@id\":\"https:\/\/www.notibras.com\/site\/#website\"},\"primaryImageOfPage\":{\"@id\":\"https:\/\/www.notibras.com\/site\/ataques-virtuaas-deixam-professores-assustados\/#primaryimage\"},\"image\":{\"@id\":\"https:\/\/www.notibras.com\/site\/ataques-virtuaas-deixam-professores-assustados\/#primaryimage\"},\"thumbnailUrl\":\"https:\/\/www.notibras.com\/site\/wp-content\/uploads\/2021\/05\/Como-ser-um-Hacker-capa2-1.jpg\",\"datePublished\":\"2023-10-15T03:20:51+00:00\",\"dateModified\":\"2023-10-15T13:14:01+00:00\",\"breadcrumb\":{\"@id\":\"https:\/\/www.notibras.com\/site\/ataques-virtuaas-deixam-professores-assustados\/#breadcrumb\"},\"inLanguage\":\"pt-BR\",\"potentialAction\":[{\"@type\":\"ReadAction\",\"target\":[\"https:\/\/www.notibras.com\/site\/ataques-virtuaas-deixam-professores-assustados\/\"]}]},{\"@type\":\"ImageObject\",\"inLanguage\":\"pt-BR\",\"@id\":\"https:\/\/www.notibras.com\/site\/ataques-virtuaas-deixam-professores-assustados\/#primaryimage\",\"url\":\"https:\/\/www.notibras.com\/site\/wp-content\/uploads\/2021\/05\/Como-ser-um-Hacker-capa2-1.jpg\",\"contentUrl\":\"https:\/\/www.notibras.com\/site\/wp-content\/uploads\/2021\/05\/Como-ser-um-Hacker-capa2-1.jpg\",\"width\":1200,\"height\":630},{\"@type\":\"BreadcrumbList\",\"@id\":\"https:\/\/www.notibras.com\/site\/ataques-virtuaas-deixam-professores-assustados\/#breadcrumb\",\"itemListElement\":[{\"@type\":\"ListItem\",\"position\":1,\"name\":\"In\u00edcio\",\"item\":\"https:\/\/www.notibras.com\/site\/\"},{\"@type\":\"ListItem\",\"position\":2,\"name\":\"Ataques virtuais deixam professores assustados\"}]},{\"@type\":\"WebSite\",\"@id\":\"https:\/\/www.notibras.com\/site\/#website\",\"url\":\"https:\/\/www.notibras.com\/site\/\",\"name\":\"Notibras\",\"description\":\"Not\u00edcias de Bras\u00edlia, do Brasil e do Mundo\",\"publisher\":{\"@id\":\"https:\/\/www.notibras.com\/site\/#organization\"},\"potentialAction\":[{\"@type\":\"SearchAction\",\"target\":{\"@type\":\"EntryPoint\",\"urlTemplate\":\"https:\/\/www.notibras.com\/site\/?s={search_term_string}\"},\"query-input\":{\"@type\":\"PropertyValueSpecification\",\"valueRequired\":true,\"valueName\":\"search_term_string\"}}],\"inLanguage\":\"pt-BR\"},{\"@type\":\"Organization\",\"@id\":\"https:\/\/www.notibras.com\/site\/#organization\",\"name\":\"Grupo Notibras de Comunica\u00e7\u00e3o\",\"url\":\"https:\/\/www.notibras.com\/site\/\",\"logo\":{\"@type\":\"ImageObject\",\"inLanguage\":\"pt-BR\",\"@id\":\"https:\/\/www.notibras.com\/site\/#\/schema\/logo\/image\/\",\"url\":\"https:\/\/www.notibras.com\/site\/wp-content\/uploads\/2023\/01\/notibras23.png\",\"contentUrl\":\"https:\/\/www.notibras.com\/site\/wp-content\/uploads\/2023\/01\/notibras23.png\",\"width\":350,\"height\":87,\"caption\":\"Grupo Notibras de Comunica\u00e7\u00e3o\"},\"image\":{\"@id\":\"https:\/\/www.notibras.com\/site\/#\/schema\/logo\/image\/\"},\"sameAs\":[\"https:\/\/www.facebook.com\/notibras\/\",\"https:\/\/x.com\/Notibras\",\"https:\/\/www.instagram.com\/notibras\/\"]},{\"@type\":\"Person\",\"@id\":\"https:\/\/www.notibras.com\/site\/#\/schema\/person\/36ab0979449956132d3e5b517ea76ac8\",\"name\":\"Reda\u00e7\u00e3o\",\"image\":{\"@type\":\"ImageObject\",\"inLanguage\":\"pt-BR\",\"@id\":\"https:\/\/secure.gravatar.com\/avatar\/e0a867bdedb85fd243eadf09663511f96fc81e0720a4a42581f334ad4303aa6b?s=96&d=mm&r=g\",\"url\":\"https:\/\/secure.gravatar.com\/avatar\/e0a867bdedb85fd243eadf09663511f96fc81e0720a4a42581f334ad4303aa6b?s=96&d=mm&r=g\",\"contentUrl\":\"https:\/\/secure.gravatar.com\/avatar\/e0a867bdedb85fd243eadf09663511f96fc81e0720a4a42581f334ad4303aa6b?s=96&d=mm&r=g\",\"caption\":\"Reda\u00e7\u00e3o\"}}]}<\/script>\n<!-- \/ Yoast SEO plugin. -->","yoast_head_json":{"title":"Ataques virtuais deixam professores assustados - Notibras","robots":{"index":"index","follow":"follow","max-snippet":"max-snippet:-1","max-image-preview":"max-image-preview:large","max-video-preview":"max-video-preview:-1"},"canonical":"https:\/\/www.notibras.com\/site\/ataques-virtuaas-deixam-professores-assustados\/","og_locale":"pt_BR","og_type":"article","og_title":"Ataques virtuais deixam professores assustados - Notibras","og_description":"Quando a pandemia da Covid-19 come\u00e7ou e o ensino remoto se tornou a \u00fanica alternativa pedag\u00f3gica, n\u00e3o faltaram an\u00e1lises otimistas sobre o uso dos recursos digitais. Al\u00e9m de potencializar o aprendizado, esperava-se que a comunica\u00e7\u00e3o entre estudantes e professores fosse mais pr\u00f3xima e horizontal. Mas o que t\u00eam sido identificado por especialistas em educa\u00e7\u00e3o e [&hellip;]","og_url":"https:\/\/www.notibras.com\/site\/ataques-virtuaas-deixam-professores-assustados\/","og_site_name":"Notibras","article_publisher":"https:\/\/www.facebook.com\/notibras\/","article_published_time":"2023-10-15T03:20:51+00:00","article_modified_time":"2023-10-15T13:14:01+00:00","og_image":[{"width":1200,"height":630,"url":"https:\/\/www.notibras.com\/site\/wp-content\/uploads\/2021\/05\/Como-ser-um-Hacker-capa2-1.jpg","type":"image\/jpeg"}],"author":"Reda\u00e7\u00e3o","twitter_card":"summary_large_image","twitter_creator":"@Notibras","twitter_site":"@Notibras","twitter_misc":{"Escrito por":"Reda\u00e7\u00e3o","Est. tempo de leitura":"7 minutos"},"schema":{"@context":"https:\/\/schema.org","@graph":[{"@type":"Article","@id":"https:\/\/www.notibras.com\/site\/ataques-virtuaas-deixam-professores-assustados\/#article","isPartOf":{"@id":"https:\/\/www.notibras.com\/site\/ataques-virtuaas-deixam-professores-assustados\/"},"author":{"name":"Reda\u00e7\u00e3o","@id":"https:\/\/www.notibras.com\/site\/#\/schema\/person\/36ab0979449956132d3e5b517ea76ac8"},"headline":"Ataques virtuais deixam professores assustados","datePublished":"2023-10-15T03:20:51+00:00","dateModified":"2023-10-15T13:14:01+00:00","mainEntityOfPage":{"@id":"https:\/\/www.notibras.com\/site\/ataques-virtuaas-deixam-professores-assustados\/"},"wordCount":1353,"publisher":{"@id":"https:\/\/www.notibras.com\/site\/#organization"},"image":{"@id":"https:\/\/www.notibras.com\/site\/ataques-virtuaas-deixam-professores-assustados\/#primaryimage"},"thumbnailUrl":"https:\/\/www.notibras.com\/site\/wp-content\/uploads\/2021\/05\/Como-ser-um-Hacker-capa2-1.jpg","articleSection":["Quadradinho em Foco"],"inLanguage":"pt-BR"},{"@type":"WebPage","@id":"https:\/\/www.notibras.com\/site\/ataques-virtuaas-deixam-professores-assustados\/","url":"https:\/\/www.notibras.com\/site\/ataques-virtuaas-deixam-professores-assustados\/","name":"Ataques virtuais deixam professores assustados - Notibras","isPartOf":{"@id":"https:\/\/www.notibras.com\/site\/#website"},"primaryImageOfPage":{"@id":"https:\/\/www.notibras.com\/site\/ataques-virtuaas-deixam-professores-assustados\/#primaryimage"},"image":{"@id":"https:\/\/www.notibras.com\/site\/ataques-virtuaas-deixam-professores-assustados\/#primaryimage"},"thumbnailUrl":"https:\/\/www.notibras.com\/site\/wp-content\/uploads\/2021\/05\/Como-ser-um-Hacker-capa2-1.jpg","datePublished":"2023-10-15T03:20:51+00:00","dateModified":"2023-10-15T13:14:01+00:00","breadcrumb":{"@id":"https:\/\/www.notibras.com\/site\/ataques-virtuaas-deixam-professores-assustados\/#breadcrumb"},"inLanguage":"pt-BR","potentialAction":[{"@type":"ReadAction","target":["https:\/\/www.notibras.com\/site\/ataques-virtuaas-deixam-professores-assustados\/"]}]},{"@type":"ImageObject","inLanguage":"pt-BR","@id":"https:\/\/www.notibras.com\/site\/ataques-virtuaas-deixam-professores-assustados\/#primaryimage","url":"https:\/\/www.notibras.com\/site\/wp-content\/uploads\/2021\/05\/Como-ser-um-Hacker-capa2-1.jpg","contentUrl":"https:\/\/www.notibras.com\/site\/wp-content\/uploads\/2021\/05\/Como-ser-um-Hacker-capa2-1.jpg","width":1200,"height":630},{"@type":"BreadcrumbList","@id":"https:\/\/www.notibras.com\/site\/ataques-virtuaas-deixam-professores-assustados\/#breadcrumb","itemListElement":[{"@type":"ListItem","position":1,"name":"In\u00edcio","item":"https:\/\/www.notibras.com\/site\/"},{"@type":"ListItem","position":2,"name":"Ataques virtuais deixam professores assustados"}]},{"@type":"WebSite","@id":"https:\/\/www.notibras.com\/site\/#website","url":"https:\/\/www.notibras.com\/site\/","name":"Notibras","description":"Not\u00edcias de Bras\u00edlia, do Brasil e do Mundo","publisher":{"@id":"https:\/\/www.notibras.com\/site\/#organization"},"potentialAction":[{"@type":"SearchAction","target":{"@type":"EntryPoint","urlTemplate":"https:\/\/www.notibras.com\/site\/?s={search_term_string}"},"query-input":{"@type":"PropertyValueSpecification","valueRequired":true,"valueName":"search_term_string"}}],"inLanguage":"pt-BR"},{"@type":"Organization","@id":"https:\/\/www.notibras.com\/site\/#organization","name":"Grupo Notibras de Comunica\u00e7\u00e3o","url":"https:\/\/www.notibras.com\/site\/","logo":{"@type":"ImageObject","inLanguage":"pt-BR","@id":"https:\/\/www.notibras.com\/site\/#\/schema\/logo\/image\/","url":"https:\/\/www.notibras.com\/site\/wp-content\/uploads\/2023\/01\/notibras23.png","contentUrl":"https:\/\/www.notibras.com\/site\/wp-content\/uploads\/2023\/01\/notibras23.png","width":350,"height":87,"caption":"Grupo Notibras de Comunica\u00e7\u00e3o"},"image":{"@id":"https:\/\/www.notibras.com\/site\/#\/schema\/logo\/image\/"},"sameAs":["https:\/\/www.facebook.com\/notibras\/","https:\/\/x.com\/Notibras","https:\/\/www.instagram.com\/notibras\/"]},{"@type":"Person","@id":"https:\/\/www.notibras.com\/site\/#\/schema\/person\/36ab0979449956132d3e5b517ea76ac8","name":"Reda\u00e7\u00e3o","image":{"@type":"ImageObject","inLanguage":"pt-BR","@id":"https:\/\/secure.gravatar.com\/avatar\/e0a867bdedb85fd243eadf09663511f96fc81e0720a4a42581f334ad4303aa6b?s=96&d=mm&r=g","url":"https:\/\/secure.gravatar.com\/avatar\/e0a867bdedb85fd243eadf09663511f96fc81e0720a4a42581f334ad4303aa6b?s=96&d=mm&r=g","contentUrl":"https:\/\/secure.gravatar.com\/avatar\/e0a867bdedb85fd243eadf09663511f96fc81e0720a4a42581f334ad4303aa6b?s=96&d=mm&r=g","caption":"Reda\u00e7\u00e3o"}}]}},"amp_enabled":true,"_links":{"self":[{"href":"https:\/\/www.notibras.com\/site\/wp-json\/wp\/v2\/posts\/314715","targetHints":{"allow":["GET"]}}],"collection":[{"href":"https:\/\/www.notibras.com\/site\/wp-json\/wp\/v2\/posts"}],"about":[{"href":"https:\/\/www.notibras.com\/site\/wp-json\/wp\/v2\/types\/post"}],"author":[{"embeddable":true,"href":"https:\/\/www.notibras.com\/site\/wp-json\/wp\/v2\/users\/2"}],"replies":[{"embeddable":true,"href":"https:\/\/www.notibras.com\/site\/wp-json\/wp\/v2\/comments?post=314715"}],"version-history":[{"count":2,"href":"https:\/\/www.notibras.com\/site\/wp-json\/wp\/v2\/posts\/314715\/revisions"}],"predecessor-version":[{"id":314717,"href":"https:\/\/www.notibras.com\/site\/wp-json\/wp\/v2\/posts\/314715\/revisions\/314717"}],"wp:featuredmedia":[{"embeddable":true,"href":"https:\/\/www.notibras.com\/site\/wp-json\/wp\/v2\/media\/257946"}],"wp:attachment":[{"href":"https:\/\/www.notibras.com\/site\/wp-json\/wp\/v2\/media?parent=314715"}],"wp:term":[{"taxonomy":"category","embeddable":true,"href":"https:\/\/www.notibras.com\/site\/wp-json\/wp\/v2\/categories?post=314715"},{"taxonomy":"post_tag","embeddable":true,"href":"https:\/\/www.notibras.com\/site\/wp-json\/wp\/v2\/tags?post=314715"}],"curies":[{"name":"wp","href":"https:\/\/api.w.org\/{rel}","templated":true}]}}