{"id":314718,"date":"2023-10-15T00:00:13","date_gmt":"2023-10-15T03:00:13","guid":{"rendered":"https:\/\/www.notibras.com\/site\/?p=314718"},"modified":"2023-10-15T10:23:04","modified_gmt":"2023-10-15T13:23:04","slug":"praca-do-cruzeiro-lotou-para-quem-foi-ver-eclipse-solar","status":"publish","type":"post","link":"https:\/\/www.notibras.com\/site\/praca-do-cruzeiro-lotou-para-quem-foi-ver-eclipse-solar\/","title":{"rendered":"Pra\u00e7a do Cruzeiro lotou para quem foi ver eclipse solar"},"content":{"rendered":"<p>Nem os 30 \u00baC de Bras\u00edlia na tarde deste s\u00e1bado (14) espantaram os brasilienses da Pra\u00e7a do Cruzeiro, no Eixo Monumental. Abrigados embaixo dos guarda-s\u00f3is e das sombras das \u00e1rvores, mais de tr\u00eas mil pessoas observavam o eclipse solar, que teve o seu \u00e1pice \u00e0s 16h45, momento em que a Lua se alinhou entre o Sol e a Terra.<\/p>\n<p>O Planet\u00e1rio de Bras\u00edlia, equipamento p\u00fablico vinculado \u00e0 Secretaria de Ci\u00eancia, Tecnologia e Inova\u00e7\u00e3o do Distrito Federal (Secti-DF), em parceria com o Clube de Astronomia de Bras\u00edlia, distribuiu gratuitamente 800 \u00f3culos com filtro solar, e alguns telesc\u00f3pios foram espalhados pela pra\u00e7a para que os presentes pudessem apreciar o fen\u00f4meno com seguran\u00e7a para a sa\u00fade dos olhos.<\/p>\n<p>O morador de Santo Ant\u00f4nio do Descoberto, no Entorno do DF, Izaias Sousa, chegou cedo com a fam\u00edlia e aguardava com grande expectativa o momento do eclipse. \u201cEu sempre fui f\u00e3 de astronomia e vim em busca dos \u00f3culos, pois nas lojas os com filtro fator 14, que eram os recomendados, estavam esgotados. Sa\u00ed cedo de casa com meu pai, m\u00e3e e dois irm\u00e3os para acompanharmos o fen\u00f4meno aqui na pra\u00e7a. Hoje, \u00e9 uma honra estar aqui, quero parabenizar o GDF pela iniciativa de distribuir o equipamento e nos proporcionar esse momento \u00fanico\u201d, disse o auxiliar administrativo.<\/p>\n<p>Um pouco mais \u00e0 frente, com sua cadeira de praia e um enorme telesc\u00f3pio, o desenhista industrial Andr\u00e9 Ghiorzi, apaixonado por astronomia, tinha uma fila de curiosos atr\u00e1s dele, e com paci\u00eancia permitia que as pessoas olhassem pelo seu equipamento. \u201cO importante aqui \u00e9 atrair o p\u00fablico para se interessar pela astronomia e pela ci\u00eancia. Este \u00e9 um fen\u00f4meno que acontece agora, e s\u00f3 veremos novamente daqui a muitos anos. Quando cheguei e vi essa multid\u00e3o, fiquei muito feliz; foi um sucesso e eu n\u00e3o esperava que tantas pessoas viessem\u201d, destacou.<\/p>\n<p>O despertar para a ci\u00eancia foi justamente o objetivo da observa\u00e7\u00e3o do eclipse solar, destacado pelo secret\u00e1rio da Secti, Gustavo Amaral. \u201c\u00c9 permitir a populariza\u00e7\u00e3o da ci\u00eancia para toda a fam\u00edlia de Bras\u00edlia, trazendo pais, m\u00e3es e crian\u00e7as para que elas conhe\u00e7am o evento e sintam uma maior curiosidade em rela\u00e7\u00e3o ao Planet\u00e1rio de Bras\u00edlia e a todas as atividades desenvolvidas pela secretaria. O evento superou todas as minhas expectativas; os \u00f3culos esgotaram rapidamente e as pessoas j\u00e1 est\u00e3o se revezando para que todos possam assistir\u201d, afirmou Amaral.<\/p>\n<p><strong>Cuidados na observa\u00e7\u00e3o<\/strong><br \/>\nAqueles que chegaram cedo conseguiram pegar os \u00f3culos com filtro solar para a observa\u00e7\u00e3o e ficaram protegidos adequadamente durante todo o evento. Todo o material disponibilizado pelo GDF e pelo Clube de Astronomia foi pensado para evitar danos \u00e0 vis\u00e3o, j\u00e1 que olhar diretamente para o sol oferece s\u00e9rios riscos para os olhos.<\/p>\n<p>\u201cA observa\u00e7\u00e3o solar, de maneira geral, envolve algum risco, pois o sol \u00e9 muito nocivo. N\u00e3o se pode olhar diretamente para ele. Os filtros que diminuem a intensidade da luz solar e bloqueiam parte da radia\u00e7\u00e3o violeta, como os materiais que temos aqui, os \u00f3culos, os telesc\u00f3pios com filtros apropriados e as c\u00e2meras, tamb\u00e9m s\u00e3o alguns dos equipamentos especiais\u201d, afirmou Mateus F\u00e9lix, presidente do Clube de Astronomia de Bras\u00edlia.<\/p>\n<p>Quase no final do eclipse solar, a fisioterapeuta Emanuelle Lopes estava maravilhada com o momento. \u201cAs imagens vistas atrav\u00e9s dos \u00f3culos foram muito bonitas. Gosto muito do assunto, e sempre que h\u00e1 esses fen\u00f4menos, gosto de observar, ainda mais com um c\u00e9u maravilhoso como o de Bras\u00edlia. \u00c9 um privil\u00e9gio ter estado aqui\u201d, concluiu.<\/p>\n<p><strong>Pr\u00f3ximos eclipses<\/strong><br \/>\nDe acordo com estudiosos, o pr\u00f3ximo eclipse anular que poder\u00e1 ser visto no Brasil ocorrer\u00e1 em 6 de fevereiro de 2027. No entanto, apenas no Chu\u00ed, no extremo sul do pa\u00eds, ser\u00e1 poss\u00edvel visualizar o fen\u00f4meno.<\/p>\n","protected":false},"excerpt":{"rendered":"<p>Nem os 30 \u00baC de Bras\u00edlia na tarde deste s\u00e1bado (14) espantaram os brasilienses da Pra\u00e7a do Cruzeiro, no Eixo Monumental. Abrigados embaixo dos guarda-s\u00f3is e das sombras das \u00e1rvores, mais de tr\u00eas mil pessoas observavam o eclipse solar, que teve o seu \u00e1pice \u00e0s 16h45, momento em que a Lua se alinhou entre o [&hellip;]<\/p>\n","protected":false},"author":2,"featured_media":314719,"comment_status":"closed","ping_status":"closed","sticky":false,"template":"","format":"standard","meta":{"_acf_changed":false,"footnotes":""},"categories":[161],"tags":[],"class_list":["post-314718","post","type-post","status-publish","format-standard","has-post-thumbnail","hentry","category-quadradinho-em-foco"],"acf":[],"yoast_head":"<!-- This site is optimized with the Yoast SEO plugin v27.2 - https:\/\/yoast.com\/product\/yoast-seo-wordpress\/ -->\n<title>Pra\u00e7a do Cruzeiro lotou para quem foi ver eclipse solar - Notibras<\/title>\n<meta name=\"robots\" content=\"index, follow, max-snippet:-1, max-image-preview:large, max-video-preview:-1\" \/>\n<link rel=\"canonical\" href=\"https:\/\/www.notibras.com\/site\/praca-do-cruzeiro-lotou-para-quem-foi-ver-eclipse-solar\/\" \/>\n<meta property=\"og:locale\" content=\"pt_BR\" \/>\n<meta property=\"og:type\" content=\"article\" \/>\n<meta property=\"og:title\" content=\"Pra\u00e7a do Cruzeiro lotou para quem foi ver eclipse solar - Notibras\" \/>\n<meta property=\"og:description\" content=\"Nem os 30 \u00baC de Bras\u00edlia na tarde deste s\u00e1bado (14) espantaram os brasilienses da Pra\u00e7a do Cruzeiro, no Eixo Monumental. Abrigados embaixo dos guarda-s\u00f3is e das sombras das \u00e1rvores, mais de tr\u00eas mil pessoas observavam o eclipse solar, que teve o seu \u00e1pice \u00e0s 16h45, momento em que a Lua se alinhou entre o [&hellip;]\" \/>\n<meta property=\"og:url\" content=\"https:\/\/www.notibras.com\/site\/praca-do-cruzeiro-lotou-para-quem-foi-ver-eclipse-solar\/\" \/>\n<meta property=\"og:site_name\" content=\"Notibras\" \/>\n<meta property=\"article:publisher\" content=\"https:\/\/www.facebook.com\/notibras\/\" \/>\n<meta property=\"article:published_time\" content=\"2023-10-15T03:00:13+00:00\" \/>\n<meta property=\"article:modified_time\" content=\"2023-10-15T13:23:04+00:00\" \/>\n<meta property=\"og:image\" content=\"https:\/\/www.notibras.com\/site\/wp-content\/uploads\/2023\/10\/WhatsApp-Image-2023-10-14-at-18.30.35-1-1536x1023-1.jpeg\" \/>\n\t<meta property=\"og:image:width\" content=\"1536\" \/>\n\t<meta property=\"og:image:height\" content=\"1023\" \/>\n\t<meta property=\"og:image:type\" content=\"image\/jpeg\" \/>\n<meta name=\"author\" content=\"Reda\u00e7\u00e3o\" \/>\n<meta name=\"twitter:card\" content=\"summary_large_image\" \/>\n<meta name=\"twitter:creator\" content=\"@Notibras\" \/>\n<meta name=\"twitter:site\" content=\"@Notibras\" \/>\n<meta name=\"twitter:label1\" content=\"Escrito por\" \/>\n\t<meta name=\"twitter:data1\" content=\"Reda\u00e7\u00e3o\" \/>\n\t<meta name=\"twitter:label2\" content=\"Est. tempo de leitura\" \/>\n\t<meta name=\"twitter:data2\" content=\"4 minutos\" \/>\n<script type=\"application\/ld+json\" class=\"yoast-schema-graph\">{\"@context\":\"https:\/\/schema.org\",\"@graph\":[{\"@type\":\"Article\",\"@id\":\"https:\/\/www.notibras.com\/site\/praca-do-cruzeiro-lotou-para-quem-foi-ver-eclipse-solar\/#article\",\"isPartOf\":{\"@id\":\"https:\/\/www.notibras.com\/site\/praca-do-cruzeiro-lotou-para-quem-foi-ver-eclipse-solar\/\"},\"author\":{\"name\":\"Reda\u00e7\u00e3o\",\"@id\":\"https:\/\/www.notibras.com\/site\/#\/schema\/person\/36ab0979449956132d3e5b517ea76ac8\"},\"headline\":\"Pra\u00e7a do Cruzeiro lotou para quem foi ver eclipse solar\",\"datePublished\":\"2023-10-15T03:00:13+00:00\",\"dateModified\":\"2023-10-15T13:23:04+00:00\",\"mainEntityOfPage\":{\"@id\":\"https:\/\/www.notibras.com\/site\/praca-do-cruzeiro-lotou-para-quem-foi-ver-eclipse-solar\/\"},\"wordCount\":671,\"publisher\":{\"@id\":\"https:\/\/www.notibras.com\/site\/#organization\"},\"image\":{\"@id\":\"https:\/\/www.notibras.com\/site\/praca-do-cruzeiro-lotou-para-quem-foi-ver-eclipse-solar\/#primaryimage\"},\"thumbnailUrl\":\"https:\/\/www.notibras.com\/site\/wp-content\/uploads\/2023\/10\/WhatsApp-Image-2023-10-14-at-18.30.35-1-1536x1023-1.jpeg\",\"articleSection\":[\"Quadradinho em Foco\"],\"inLanguage\":\"pt-BR\"},{\"@type\":\"WebPage\",\"@id\":\"https:\/\/www.notibras.com\/site\/praca-do-cruzeiro-lotou-para-quem-foi-ver-eclipse-solar\/\",\"url\":\"https:\/\/www.notibras.com\/site\/praca-do-cruzeiro-lotou-para-quem-foi-ver-eclipse-solar\/\",\"name\":\"Pra\u00e7a do Cruzeiro lotou para quem foi ver eclipse solar - Notibras\",\"isPartOf\":{\"@id\":\"https:\/\/www.notibras.com\/site\/#website\"},\"primaryImageOfPage\":{\"@id\":\"https:\/\/www.notibras.com\/site\/praca-do-cruzeiro-lotou-para-quem-foi-ver-eclipse-solar\/#primaryimage\"},\"image\":{\"@id\":\"https:\/\/www.notibras.com\/site\/praca-do-cruzeiro-lotou-para-quem-foi-ver-eclipse-solar\/#primaryimage\"},\"thumbnailUrl\":\"https:\/\/www.notibras.com\/site\/wp-content\/uploads\/2023\/10\/WhatsApp-Image-2023-10-14-at-18.30.35-1-1536x1023-1.jpeg\",\"datePublished\":\"2023-10-15T03:00:13+00:00\",\"dateModified\":\"2023-10-15T13:23:04+00:00\",\"breadcrumb\":{\"@id\":\"https:\/\/www.notibras.com\/site\/praca-do-cruzeiro-lotou-para-quem-foi-ver-eclipse-solar\/#breadcrumb\"},\"inLanguage\":\"pt-BR\",\"potentialAction\":[{\"@type\":\"ReadAction\",\"target\":[\"https:\/\/www.notibras.com\/site\/praca-do-cruzeiro-lotou-para-quem-foi-ver-eclipse-solar\/\"]}]},{\"@type\":\"ImageObject\",\"inLanguage\":\"pt-BR\",\"@id\":\"https:\/\/www.notibras.com\/site\/praca-do-cruzeiro-lotou-para-quem-foi-ver-eclipse-solar\/#primaryimage\",\"url\":\"https:\/\/www.notibras.com\/site\/wp-content\/uploads\/2023\/10\/WhatsApp-Image-2023-10-14-at-18.30.35-1-1536x1023-1.jpeg\",\"contentUrl\":\"https:\/\/www.notibras.com\/site\/wp-content\/uploads\/2023\/10\/WhatsApp-Image-2023-10-14-at-18.30.35-1-1536x1023-1.jpeg\",\"width\":1536,\"height\":1023},{\"@type\":\"BreadcrumbList\",\"@id\":\"https:\/\/www.notibras.com\/site\/praca-do-cruzeiro-lotou-para-quem-foi-ver-eclipse-solar\/#breadcrumb\",\"itemListElement\":[{\"@type\":\"ListItem\",\"position\":1,\"name\":\"In\u00edcio\",\"item\":\"https:\/\/www.notibras.com\/site\/\"},{\"@type\":\"ListItem\",\"position\":2,\"name\":\"Pra\u00e7a do Cruzeiro lotou para quem foi ver eclipse solar\"}]},{\"@type\":\"WebSite\",\"@id\":\"https:\/\/www.notibras.com\/site\/#website\",\"url\":\"https:\/\/www.notibras.com\/site\/\",\"name\":\"Notibras\",\"description\":\"Not\u00edcias de Bras\u00edlia, do Brasil e do Mundo\",\"publisher\":{\"@id\":\"https:\/\/www.notibras.com\/site\/#organization\"},\"potentialAction\":[{\"@type\":\"SearchAction\",\"target\":{\"@type\":\"EntryPoint\",\"urlTemplate\":\"https:\/\/www.notibras.com\/site\/?s={search_term_string}\"},\"query-input\":{\"@type\":\"PropertyValueSpecification\",\"valueRequired\":true,\"valueName\":\"search_term_string\"}}],\"inLanguage\":\"pt-BR\"},{\"@type\":\"Organization\",\"@id\":\"https:\/\/www.notibras.com\/site\/#organization\",\"name\":\"Grupo Notibras de Comunica\u00e7\u00e3o\",\"url\":\"https:\/\/www.notibras.com\/site\/\",\"logo\":{\"@type\":\"ImageObject\",\"inLanguage\":\"pt-BR\",\"@id\":\"https:\/\/www.notibras.com\/site\/#\/schema\/logo\/image\/\",\"url\":\"https:\/\/www.notibras.com\/site\/wp-content\/uploads\/2023\/01\/notibras23.png\",\"contentUrl\":\"https:\/\/www.notibras.com\/site\/wp-content\/uploads\/2023\/01\/notibras23.png\",\"width\":350,\"height\":87,\"caption\":\"Grupo Notibras de Comunica\u00e7\u00e3o\"},\"image\":{\"@id\":\"https:\/\/www.notibras.com\/site\/#\/schema\/logo\/image\/\"},\"sameAs\":[\"https:\/\/www.facebook.com\/notibras\/\",\"https:\/\/x.com\/Notibras\",\"https:\/\/www.instagram.com\/notibras\/\"]},{\"@type\":\"Person\",\"@id\":\"https:\/\/www.notibras.com\/site\/#\/schema\/person\/36ab0979449956132d3e5b517ea76ac8\",\"name\":\"Reda\u00e7\u00e3o\",\"image\":{\"@type\":\"ImageObject\",\"inLanguage\":\"pt-BR\",\"@id\":\"https:\/\/secure.gravatar.com\/avatar\/e0a867bdedb85fd243eadf09663511f96fc81e0720a4a42581f334ad4303aa6b?s=96&d=mm&r=g\",\"url\":\"https:\/\/secure.gravatar.com\/avatar\/e0a867bdedb85fd243eadf09663511f96fc81e0720a4a42581f334ad4303aa6b?s=96&d=mm&r=g\",\"contentUrl\":\"https:\/\/secure.gravatar.com\/avatar\/e0a867bdedb85fd243eadf09663511f96fc81e0720a4a42581f334ad4303aa6b?s=96&d=mm&r=g\",\"caption\":\"Reda\u00e7\u00e3o\"}}]}<\/script>\n<!-- \/ Yoast SEO plugin. -->","yoast_head_json":{"title":"Pra\u00e7a do Cruzeiro lotou para quem foi ver eclipse solar - Notibras","robots":{"index":"index","follow":"follow","max-snippet":"max-snippet:-1","max-image-preview":"max-image-preview:large","max-video-preview":"max-video-preview:-1"},"canonical":"https:\/\/www.notibras.com\/site\/praca-do-cruzeiro-lotou-para-quem-foi-ver-eclipse-solar\/","og_locale":"pt_BR","og_type":"article","og_title":"Pra\u00e7a do Cruzeiro lotou para quem foi ver eclipse solar - Notibras","og_description":"Nem os 30 \u00baC de Bras\u00edlia na tarde deste s\u00e1bado (14) espantaram os brasilienses da Pra\u00e7a do Cruzeiro, no Eixo Monumental. Abrigados embaixo dos guarda-s\u00f3is e das sombras das \u00e1rvores, mais de tr\u00eas mil pessoas observavam o eclipse solar, que teve o seu \u00e1pice \u00e0s 16h45, momento em que a Lua se alinhou entre o [&hellip;]","og_url":"https:\/\/www.notibras.com\/site\/praca-do-cruzeiro-lotou-para-quem-foi-ver-eclipse-solar\/","og_site_name":"Notibras","article_publisher":"https:\/\/www.facebook.com\/notibras\/","article_published_time":"2023-10-15T03:00:13+00:00","article_modified_time":"2023-10-15T13:23:04+00:00","og_image":[{"width":1536,"height":1023,"url":"https:\/\/www.notibras.com\/site\/wp-content\/uploads\/2023\/10\/WhatsApp-Image-2023-10-14-at-18.30.35-1-1536x1023-1.jpeg","type":"image\/jpeg"}],"author":"Reda\u00e7\u00e3o","twitter_card":"summary_large_image","twitter_creator":"@Notibras","twitter_site":"@Notibras","twitter_misc":{"Escrito por":"Reda\u00e7\u00e3o","Est. tempo de leitura":"4 minutos"},"schema":{"@context":"https:\/\/schema.org","@graph":[{"@type":"Article","@id":"https:\/\/www.notibras.com\/site\/praca-do-cruzeiro-lotou-para-quem-foi-ver-eclipse-solar\/#article","isPartOf":{"@id":"https:\/\/www.notibras.com\/site\/praca-do-cruzeiro-lotou-para-quem-foi-ver-eclipse-solar\/"},"author":{"name":"Reda\u00e7\u00e3o","@id":"https:\/\/www.notibras.com\/site\/#\/schema\/person\/36ab0979449956132d3e5b517ea76ac8"},"headline":"Pra\u00e7a do Cruzeiro lotou para quem foi ver eclipse solar","datePublished":"2023-10-15T03:00:13+00:00","dateModified":"2023-10-15T13:23:04+00:00","mainEntityOfPage":{"@id":"https:\/\/www.notibras.com\/site\/praca-do-cruzeiro-lotou-para-quem-foi-ver-eclipse-solar\/"},"wordCount":671,"publisher":{"@id":"https:\/\/www.notibras.com\/site\/#organization"},"image":{"@id":"https:\/\/www.notibras.com\/site\/praca-do-cruzeiro-lotou-para-quem-foi-ver-eclipse-solar\/#primaryimage"},"thumbnailUrl":"https:\/\/www.notibras.com\/site\/wp-content\/uploads\/2023\/10\/WhatsApp-Image-2023-10-14-at-18.30.35-1-1536x1023-1.jpeg","articleSection":["Quadradinho em Foco"],"inLanguage":"pt-BR"},{"@type":"WebPage","@id":"https:\/\/www.notibras.com\/site\/praca-do-cruzeiro-lotou-para-quem-foi-ver-eclipse-solar\/","url":"https:\/\/www.notibras.com\/site\/praca-do-cruzeiro-lotou-para-quem-foi-ver-eclipse-solar\/","name":"Pra\u00e7a do Cruzeiro lotou para quem foi ver eclipse solar - Notibras","isPartOf":{"@id":"https:\/\/www.notibras.com\/site\/#website"},"primaryImageOfPage":{"@id":"https:\/\/www.notibras.com\/site\/praca-do-cruzeiro-lotou-para-quem-foi-ver-eclipse-solar\/#primaryimage"},"image":{"@id":"https:\/\/www.notibras.com\/site\/praca-do-cruzeiro-lotou-para-quem-foi-ver-eclipse-solar\/#primaryimage"},"thumbnailUrl":"https:\/\/www.notibras.com\/site\/wp-content\/uploads\/2023\/10\/WhatsApp-Image-2023-10-14-at-18.30.35-1-1536x1023-1.jpeg","datePublished":"2023-10-15T03:00:13+00:00","dateModified":"2023-10-15T13:23:04+00:00","breadcrumb":{"@id":"https:\/\/www.notibras.com\/site\/praca-do-cruzeiro-lotou-para-quem-foi-ver-eclipse-solar\/#breadcrumb"},"inLanguage":"pt-BR","potentialAction":[{"@type":"ReadAction","target":["https:\/\/www.notibras.com\/site\/praca-do-cruzeiro-lotou-para-quem-foi-ver-eclipse-solar\/"]}]},{"@type":"ImageObject","inLanguage":"pt-BR","@id":"https:\/\/www.notibras.com\/site\/praca-do-cruzeiro-lotou-para-quem-foi-ver-eclipse-solar\/#primaryimage","url":"https:\/\/www.notibras.com\/site\/wp-content\/uploads\/2023\/10\/WhatsApp-Image-2023-10-14-at-18.30.35-1-1536x1023-1.jpeg","contentUrl":"https:\/\/www.notibras.com\/site\/wp-content\/uploads\/2023\/10\/WhatsApp-Image-2023-10-14-at-18.30.35-1-1536x1023-1.jpeg","width":1536,"height":1023},{"@type":"BreadcrumbList","@id":"https:\/\/www.notibras.com\/site\/praca-do-cruzeiro-lotou-para-quem-foi-ver-eclipse-solar\/#breadcrumb","itemListElement":[{"@type":"ListItem","position":1,"name":"In\u00edcio","item":"https:\/\/www.notibras.com\/site\/"},{"@type":"ListItem","position":2,"name":"Pra\u00e7a do Cruzeiro lotou para quem foi ver eclipse solar"}]},{"@type":"WebSite","@id":"https:\/\/www.notibras.com\/site\/#website","url":"https:\/\/www.notibras.com\/site\/","name":"Notibras","description":"Not\u00edcias de Bras\u00edlia, do Brasil e do Mundo","publisher":{"@id":"https:\/\/www.notibras.com\/site\/#organization"},"potentialAction":[{"@type":"SearchAction","target":{"@type":"EntryPoint","urlTemplate":"https:\/\/www.notibras.com\/site\/?s={search_term_string}"},"query-input":{"@type":"PropertyValueSpecification","valueRequired":true,"valueName":"search_term_string"}}],"inLanguage":"pt-BR"},{"@type":"Organization","@id":"https:\/\/www.notibras.com\/site\/#organization","name":"Grupo Notibras de Comunica\u00e7\u00e3o","url":"https:\/\/www.notibras.com\/site\/","logo":{"@type":"ImageObject","inLanguage":"pt-BR","@id":"https:\/\/www.notibras.com\/site\/#\/schema\/logo\/image\/","url":"https:\/\/www.notibras.com\/site\/wp-content\/uploads\/2023\/01\/notibras23.png","contentUrl":"https:\/\/www.notibras.com\/site\/wp-content\/uploads\/2023\/01\/notibras23.png","width":350,"height":87,"caption":"Grupo Notibras de Comunica\u00e7\u00e3o"},"image":{"@id":"https:\/\/www.notibras.com\/site\/#\/schema\/logo\/image\/"},"sameAs":["https:\/\/www.facebook.com\/notibras\/","https:\/\/x.com\/Notibras","https:\/\/www.instagram.com\/notibras\/"]},{"@type":"Person","@id":"https:\/\/www.notibras.com\/site\/#\/schema\/person\/36ab0979449956132d3e5b517ea76ac8","name":"Reda\u00e7\u00e3o","image":{"@type":"ImageObject","inLanguage":"pt-BR","@id":"https:\/\/secure.gravatar.com\/avatar\/e0a867bdedb85fd243eadf09663511f96fc81e0720a4a42581f334ad4303aa6b?s=96&d=mm&r=g","url":"https:\/\/secure.gravatar.com\/avatar\/e0a867bdedb85fd243eadf09663511f96fc81e0720a4a42581f334ad4303aa6b?s=96&d=mm&r=g","contentUrl":"https:\/\/secure.gravatar.com\/avatar\/e0a867bdedb85fd243eadf09663511f96fc81e0720a4a42581f334ad4303aa6b?s=96&d=mm&r=g","caption":"Reda\u00e7\u00e3o"}}]}},"amp_enabled":true,"_links":{"self":[{"href":"https:\/\/www.notibras.com\/site\/wp-json\/wp\/v2\/posts\/314718","targetHints":{"allow":["GET"]}}],"collection":[{"href":"https:\/\/www.notibras.com\/site\/wp-json\/wp\/v2\/posts"}],"about":[{"href":"https:\/\/www.notibras.com\/site\/wp-json\/wp\/v2\/types\/post"}],"author":[{"embeddable":true,"href":"https:\/\/www.notibras.com\/site\/wp-json\/wp\/v2\/users\/2"}],"replies":[{"embeddable":true,"href":"https:\/\/www.notibras.com\/site\/wp-json\/wp\/v2\/comments?post=314718"}],"version-history":[{"count":1,"href":"https:\/\/www.notibras.com\/site\/wp-json\/wp\/v2\/posts\/314718\/revisions"}],"predecessor-version":[{"id":314720,"href":"https:\/\/www.notibras.com\/site\/wp-json\/wp\/v2\/posts\/314718\/revisions\/314720"}],"wp:featuredmedia":[{"embeddable":true,"href":"https:\/\/www.notibras.com\/site\/wp-json\/wp\/v2\/media\/314719"}],"wp:attachment":[{"href":"https:\/\/www.notibras.com\/site\/wp-json\/wp\/v2\/media?parent=314718"}],"wp:term":[{"taxonomy":"category","embeddable":true,"href":"https:\/\/www.notibras.com\/site\/wp-json\/wp\/v2\/categories?post=314718"},{"taxonomy":"post_tag","embeddable":true,"href":"https:\/\/www.notibras.com\/site\/wp-json\/wp\/v2\/tags?post=314718"}],"curies":[{"name":"wp","href":"https:\/\/api.w.org\/{rel}","templated":true}]}}