{"id":314758,"date":"2023-10-16T06:51:19","date_gmt":"2023-10-16T09:51:19","guid":{"rendered":"https:\/\/www.notibras.com\/site\/?p=314758"},"modified":"2023-10-16T08:53:25","modified_gmt":"2023-10-16T11:53:25","slug":"enem-garante-recursos-de-acessibilidade-para-candidatos","status":"publish","type":"post","link":"https:\/\/www.notibras.com\/site\/enem-garante-recursos-de-acessibilidade-para-candidatos\/","title":{"rendered":"Enem garante recursos de acessibilidade para candidatos"},"content":{"rendered":"<p>O estudante \u00c1lvaro Ribeiro, de 21 anos, fez o Exame Nacional do Ensino M\u00e9dio utilizando o recurso de videoprova em Libras, a L\u00edngua Brasileira de Sinais, em 2018 e em 2019. A primeira vez foi s\u00f3 para conhecer a prova, e, na segunda, ele conseguiu a pontua\u00e7\u00e3o suficiente para ingressar no curso de Gest\u00e3o P\u00fablica do Instituto Federal de Bras\u00edlia (IFB), em Bras\u00edlia.<\/p>\n<p>Apesar de entender bem a L\u00edngua Portuguesa, o aluno, que tem defici\u00eancia auditiva e paralisia cerebral, sente dificuldade para compreender algumas palavras e express\u00f5es. Para ele, a oportunidade de fazer a prova em Libras, que domina, foi fundamental para ingressar no ensino superior.<\/p>\n<p>\u201cPara mim, \u00e9 complicado entender o portugu\u00eas escrito, n\u00e3o s\u00e3o todas as palavras que entendo. Se n\u00e3o tivesse a videoprova, iria me prejudicar, seria uma barreira para eu entender as quest\u00f5es\u201d, diz Ribeiro.<\/p>\n<p>A videoprova do Enem em Libras \u00e9 um recurso oferecido pelo Instituto Nacional de Estudos e Pesquisas Educacionais An\u00edsio Teixeira (Inep) desde 2017. Nela, as quest\u00f5es e as op\u00e7\u00f5es de respostas s\u00e3o apresentadas na L\u00edngua Brasileira de Sinais por meio de um v\u00eddeo. Os editais, as cartilhas e as campanhas de comunica\u00e7\u00e3o do Enem tamb\u00e9m s\u00e3o disponibilizados em Libras.<\/p>\n<p>O recurso \u00e9 importante porque muitos surdos e deficientes auditivos t\u00eam a Libras como primeira l\u00edngua e o portugu\u00eas como segunda, o que dificulta o entendimento da prova no formato tradicional. Em 2023, 641 candidatos ao Enem pediram a aplica\u00e7\u00e3o da videoprova em Libras e 718 candidatos pediram um tradutor-int\u00e9rprete em Libras. Segundo o Inep, cerca de 61,5 mil alunos da educa\u00e7\u00e3o b\u00e1sica t\u00eam alguma defici\u00eancia relacionada \u00e0 surdez no Brasil.<\/p>\n<p>Al\u00e9m do recurso da Libras para os estudantes surdos, o Inep oferece outros tipos de atendimento e recursos de acessibilidade no Enem. Nesta edi\u00e7\u00e3o, o Inep aprovou 38.101 solicita\u00e7\u00f5es de atendimento especializado e 70.411 pedidos de recursos de acessibilidade.<\/p>\n<p>Entre os recursos mais pedidos pelos participantes est\u00e3o o aux\u00edlio para leitura, com 10.721 solicita\u00e7\u00f5es aprovadas, a corre\u00e7\u00e3o diferenciada, com 8.703, o aux\u00edlio para transcri\u00e7\u00e3o, com 7.507, e a sala de f\u00e1cil acesso, com 6.449 pedidos. Entre os atendimentos especializados, as solicita\u00e7\u00f5es de pessoas com d\u00e9ficit de aten\u00e7\u00e3o alcan\u00e7aram o maior n\u00famero, com 13.686 pedidos aprovados, seguido pelo n\u00famero de inscritos com baixa vis\u00e3o, que totalizaram 6.504.<\/p>\n<p>Outros recursos de acessibilidade oferecidos s\u00e3o aux\u00edlio para leitura e para transcri\u00e7\u00e3o, leitura labial, leitura t\u00e1til e cart\u00e3o-resposta ampliado.<\/p>\n","protected":false},"excerpt":{"rendered":"<p>O estudante \u00c1lvaro Ribeiro, de 21 anos, fez o Exame Nacional do Ensino M\u00e9dio utilizando o recurso de videoprova em Libras, a L\u00edngua Brasileira de Sinais, em 2018 e em 2019. A primeira vez foi s\u00f3 para conhecer a prova, e, na segunda, ele conseguiu a pontua\u00e7\u00e3o suficiente para ingressar no curso de Gest\u00e3o P\u00fablica [&hellip;]<\/p>\n","protected":false},"author":2,"featured_media":229197,"comment_status":"closed","ping_status":"closed","sticky":false,"template":"","format":"standard","meta":{"_acf_changed":false,"footnotes":""},"categories":[161],"tags":[],"class_list":["post-314758","post","type-post","status-publish","format-standard","has-post-thumbnail","hentry","category-quadradinho-em-foco"],"acf":[],"yoast_head":"<!-- This site is optimized with the Yoast SEO plugin v27.2 - https:\/\/yoast.com\/product\/yoast-seo-wordpress\/ -->\n<title>Enem garante recursos de acessibilidade para candidatos - Notibras<\/title>\n<meta name=\"robots\" content=\"index, follow, max-snippet:-1, max-image-preview:large, max-video-preview:-1\" \/>\n<link rel=\"canonical\" href=\"https:\/\/www.notibras.com\/site\/enem-garante-recursos-de-acessibilidade-para-candidatos\/\" \/>\n<meta property=\"og:locale\" content=\"pt_BR\" \/>\n<meta property=\"og:type\" content=\"article\" \/>\n<meta property=\"og:title\" content=\"Enem garante recursos de acessibilidade para candidatos - Notibras\" \/>\n<meta property=\"og:description\" content=\"O estudante \u00c1lvaro Ribeiro, de 21 anos, fez o Exame Nacional do Ensino M\u00e9dio utilizando o recurso de videoprova em Libras, a L\u00edngua Brasileira de Sinais, em 2018 e em 2019. A primeira vez foi s\u00f3 para conhecer a prova, e, na segunda, ele conseguiu a pontua\u00e7\u00e3o suficiente para ingressar no curso de Gest\u00e3o P\u00fablica [&hellip;]\" \/>\n<meta property=\"og:url\" content=\"https:\/\/www.notibras.com\/site\/enem-garante-recursos-de-acessibilidade-para-candidatos\/\" \/>\n<meta property=\"og:site_name\" content=\"Notibras\" \/>\n<meta property=\"article:publisher\" content=\"https:\/\/www.facebook.com\/notibras\/\" \/>\n<meta property=\"article:published_time\" content=\"2023-10-16T09:51:19+00:00\" \/>\n<meta property=\"article:modified_time\" content=\"2023-10-16T11:53:25+00:00\" \/>\n<meta property=\"og:image\" content=\"https:\/\/www.notibras.com\/site\/wp-content\/uploads\/2020\/04\/computadores_caseiros.jpg\" \/>\n\t<meta property=\"og:image:width\" content=\"1170\" \/>\n\t<meta property=\"og:image:height\" content=\"700\" \/>\n\t<meta property=\"og:image:type\" content=\"image\/jpeg\" \/>\n<meta name=\"author\" content=\"Reda\u00e7\u00e3o\" \/>\n<meta name=\"twitter:card\" content=\"summary_large_image\" \/>\n<meta name=\"twitter:creator\" content=\"@Notibras\" \/>\n<meta name=\"twitter:site\" content=\"@Notibras\" \/>\n<meta name=\"twitter:label1\" content=\"Escrito por\" \/>\n\t<meta name=\"twitter:data1\" content=\"Reda\u00e7\u00e3o\" \/>\n\t<meta name=\"twitter:label2\" content=\"Est. tempo de leitura\" \/>\n\t<meta name=\"twitter:data2\" content=\"3 minutos\" \/>\n<script type=\"application\/ld+json\" class=\"yoast-schema-graph\">{\"@context\":\"https:\/\/schema.org\",\"@graph\":[{\"@type\":\"Article\",\"@id\":\"https:\/\/www.notibras.com\/site\/enem-garante-recursos-de-acessibilidade-para-candidatos\/#article\",\"isPartOf\":{\"@id\":\"https:\/\/www.notibras.com\/site\/enem-garante-recursos-de-acessibilidade-para-candidatos\/\"},\"author\":{\"name\":\"Reda\u00e7\u00e3o\",\"@id\":\"https:\/\/www.notibras.com\/site\/#\/schema\/person\/36ab0979449956132d3e5b517ea76ac8\"},\"headline\":\"Enem garante recursos de acessibilidade para candidatos\",\"datePublished\":\"2023-10-16T09:51:19+00:00\",\"dateModified\":\"2023-10-16T11:53:25+00:00\",\"mainEntityOfPage\":{\"@id\":\"https:\/\/www.notibras.com\/site\/enem-garante-recursos-de-acessibilidade-para-candidatos\/\"},\"wordCount\":436,\"publisher\":{\"@id\":\"https:\/\/www.notibras.com\/site\/#organization\"},\"image\":{\"@id\":\"https:\/\/www.notibras.com\/site\/enem-garante-recursos-de-acessibilidade-para-candidatos\/#primaryimage\"},\"thumbnailUrl\":\"https:\/\/www.notibras.com\/site\/wp-content\/uploads\/2020\/04\/computadores_caseiros.jpg\",\"articleSection\":[\"Quadradinho em Foco\"],\"inLanguage\":\"pt-BR\"},{\"@type\":\"WebPage\",\"@id\":\"https:\/\/www.notibras.com\/site\/enem-garante-recursos-de-acessibilidade-para-candidatos\/\",\"url\":\"https:\/\/www.notibras.com\/site\/enem-garante-recursos-de-acessibilidade-para-candidatos\/\",\"name\":\"Enem garante recursos de acessibilidade para candidatos - Notibras\",\"isPartOf\":{\"@id\":\"https:\/\/www.notibras.com\/site\/#website\"},\"primaryImageOfPage\":{\"@id\":\"https:\/\/www.notibras.com\/site\/enem-garante-recursos-de-acessibilidade-para-candidatos\/#primaryimage\"},\"image\":{\"@id\":\"https:\/\/www.notibras.com\/site\/enem-garante-recursos-de-acessibilidade-para-candidatos\/#primaryimage\"},\"thumbnailUrl\":\"https:\/\/www.notibras.com\/site\/wp-content\/uploads\/2020\/04\/computadores_caseiros.jpg\",\"datePublished\":\"2023-10-16T09:51:19+00:00\",\"dateModified\":\"2023-10-16T11:53:25+00:00\",\"breadcrumb\":{\"@id\":\"https:\/\/www.notibras.com\/site\/enem-garante-recursos-de-acessibilidade-para-candidatos\/#breadcrumb\"},\"inLanguage\":\"pt-BR\",\"potentialAction\":[{\"@type\":\"ReadAction\",\"target\":[\"https:\/\/www.notibras.com\/site\/enem-garante-recursos-de-acessibilidade-para-candidatos\/\"]}]},{\"@type\":\"ImageObject\",\"inLanguage\":\"pt-BR\",\"@id\":\"https:\/\/www.notibras.com\/site\/enem-garante-recursos-de-acessibilidade-para-candidatos\/#primaryimage\",\"url\":\"https:\/\/www.notibras.com\/site\/wp-content\/uploads\/2020\/04\/computadores_caseiros.jpg\",\"contentUrl\":\"https:\/\/www.notibras.com\/site\/wp-content\/uploads\/2020\/04\/computadores_caseiros.jpg\",\"width\":1170,\"height\":700},{\"@type\":\"BreadcrumbList\",\"@id\":\"https:\/\/www.notibras.com\/site\/enem-garante-recursos-de-acessibilidade-para-candidatos\/#breadcrumb\",\"itemListElement\":[{\"@type\":\"ListItem\",\"position\":1,\"name\":\"In\u00edcio\",\"item\":\"https:\/\/www.notibras.com\/site\/\"},{\"@type\":\"ListItem\",\"position\":2,\"name\":\"Enem garante recursos de acessibilidade para candidatos\"}]},{\"@type\":\"WebSite\",\"@id\":\"https:\/\/www.notibras.com\/site\/#website\",\"url\":\"https:\/\/www.notibras.com\/site\/\",\"name\":\"Notibras\",\"description\":\"Not\u00edcias de Bras\u00edlia, do Brasil e do Mundo\",\"publisher\":{\"@id\":\"https:\/\/www.notibras.com\/site\/#organization\"},\"potentialAction\":[{\"@type\":\"SearchAction\",\"target\":{\"@type\":\"EntryPoint\",\"urlTemplate\":\"https:\/\/www.notibras.com\/site\/?s={search_term_string}\"},\"query-input\":{\"@type\":\"PropertyValueSpecification\",\"valueRequired\":true,\"valueName\":\"search_term_string\"}}],\"inLanguage\":\"pt-BR\"},{\"@type\":\"Organization\",\"@id\":\"https:\/\/www.notibras.com\/site\/#organization\",\"name\":\"Grupo Notibras de Comunica\u00e7\u00e3o\",\"url\":\"https:\/\/www.notibras.com\/site\/\",\"logo\":{\"@type\":\"ImageObject\",\"inLanguage\":\"pt-BR\",\"@id\":\"https:\/\/www.notibras.com\/site\/#\/schema\/logo\/image\/\",\"url\":\"https:\/\/www.notibras.com\/site\/wp-content\/uploads\/2023\/01\/notibras23.png\",\"contentUrl\":\"https:\/\/www.notibras.com\/site\/wp-content\/uploads\/2023\/01\/notibras23.png\",\"width\":350,\"height\":87,\"caption\":\"Grupo Notibras de Comunica\u00e7\u00e3o\"},\"image\":{\"@id\":\"https:\/\/www.notibras.com\/site\/#\/schema\/logo\/image\/\"},\"sameAs\":[\"https:\/\/www.facebook.com\/notibras\/\",\"https:\/\/x.com\/Notibras\",\"https:\/\/www.instagram.com\/notibras\/\"]},{\"@type\":\"Person\",\"@id\":\"https:\/\/www.notibras.com\/site\/#\/schema\/person\/36ab0979449956132d3e5b517ea76ac8\",\"name\":\"Reda\u00e7\u00e3o\",\"image\":{\"@type\":\"ImageObject\",\"inLanguage\":\"pt-BR\",\"@id\":\"https:\/\/secure.gravatar.com\/avatar\/e0a867bdedb85fd243eadf09663511f96fc81e0720a4a42581f334ad4303aa6b?s=96&d=mm&r=g\",\"url\":\"https:\/\/secure.gravatar.com\/avatar\/e0a867bdedb85fd243eadf09663511f96fc81e0720a4a42581f334ad4303aa6b?s=96&d=mm&r=g\",\"contentUrl\":\"https:\/\/secure.gravatar.com\/avatar\/e0a867bdedb85fd243eadf09663511f96fc81e0720a4a42581f334ad4303aa6b?s=96&d=mm&r=g\",\"caption\":\"Reda\u00e7\u00e3o\"}}]}<\/script>\n<!-- \/ Yoast SEO plugin. -->","yoast_head_json":{"title":"Enem garante recursos de acessibilidade para candidatos - Notibras","robots":{"index":"index","follow":"follow","max-snippet":"max-snippet:-1","max-image-preview":"max-image-preview:large","max-video-preview":"max-video-preview:-1"},"canonical":"https:\/\/www.notibras.com\/site\/enem-garante-recursos-de-acessibilidade-para-candidatos\/","og_locale":"pt_BR","og_type":"article","og_title":"Enem garante recursos de acessibilidade para candidatos - Notibras","og_description":"O estudante \u00c1lvaro Ribeiro, de 21 anos, fez o Exame Nacional do Ensino M\u00e9dio utilizando o recurso de videoprova em Libras, a L\u00edngua Brasileira de Sinais, em 2018 e em 2019. A primeira vez foi s\u00f3 para conhecer a prova, e, na segunda, ele conseguiu a pontua\u00e7\u00e3o suficiente para ingressar no curso de Gest\u00e3o P\u00fablica [&hellip;]","og_url":"https:\/\/www.notibras.com\/site\/enem-garante-recursos-de-acessibilidade-para-candidatos\/","og_site_name":"Notibras","article_publisher":"https:\/\/www.facebook.com\/notibras\/","article_published_time":"2023-10-16T09:51:19+00:00","article_modified_time":"2023-10-16T11:53:25+00:00","og_image":[{"width":1170,"height":700,"url":"https:\/\/www.notibras.com\/site\/wp-content\/uploads\/2020\/04\/computadores_caseiros.jpg","type":"image\/jpeg"}],"author":"Reda\u00e7\u00e3o","twitter_card":"summary_large_image","twitter_creator":"@Notibras","twitter_site":"@Notibras","twitter_misc":{"Escrito por":"Reda\u00e7\u00e3o","Est. tempo de leitura":"3 minutos"},"schema":{"@context":"https:\/\/schema.org","@graph":[{"@type":"Article","@id":"https:\/\/www.notibras.com\/site\/enem-garante-recursos-de-acessibilidade-para-candidatos\/#article","isPartOf":{"@id":"https:\/\/www.notibras.com\/site\/enem-garante-recursos-de-acessibilidade-para-candidatos\/"},"author":{"name":"Reda\u00e7\u00e3o","@id":"https:\/\/www.notibras.com\/site\/#\/schema\/person\/36ab0979449956132d3e5b517ea76ac8"},"headline":"Enem garante recursos de acessibilidade para candidatos","datePublished":"2023-10-16T09:51:19+00:00","dateModified":"2023-10-16T11:53:25+00:00","mainEntityOfPage":{"@id":"https:\/\/www.notibras.com\/site\/enem-garante-recursos-de-acessibilidade-para-candidatos\/"},"wordCount":436,"publisher":{"@id":"https:\/\/www.notibras.com\/site\/#organization"},"image":{"@id":"https:\/\/www.notibras.com\/site\/enem-garante-recursos-de-acessibilidade-para-candidatos\/#primaryimage"},"thumbnailUrl":"https:\/\/www.notibras.com\/site\/wp-content\/uploads\/2020\/04\/computadores_caseiros.jpg","articleSection":["Quadradinho em Foco"],"inLanguage":"pt-BR"},{"@type":"WebPage","@id":"https:\/\/www.notibras.com\/site\/enem-garante-recursos-de-acessibilidade-para-candidatos\/","url":"https:\/\/www.notibras.com\/site\/enem-garante-recursos-de-acessibilidade-para-candidatos\/","name":"Enem garante recursos de acessibilidade para candidatos - Notibras","isPartOf":{"@id":"https:\/\/www.notibras.com\/site\/#website"},"primaryImageOfPage":{"@id":"https:\/\/www.notibras.com\/site\/enem-garante-recursos-de-acessibilidade-para-candidatos\/#primaryimage"},"image":{"@id":"https:\/\/www.notibras.com\/site\/enem-garante-recursos-de-acessibilidade-para-candidatos\/#primaryimage"},"thumbnailUrl":"https:\/\/www.notibras.com\/site\/wp-content\/uploads\/2020\/04\/computadores_caseiros.jpg","datePublished":"2023-10-16T09:51:19+00:00","dateModified":"2023-10-16T11:53:25+00:00","breadcrumb":{"@id":"https:\/\/www.notibras.com\/site\/enem-garante-recursos-de-acessibilidade-para-candidatos\/#breadcrumb"},"inLanguage":"pt-BR","potentialAction":[{"@type":"ReadAction","target":["https:\/\/www.notibras.com\/site\/enem-garante-recursos-de-acessibilidade-para-candidatos\/"]}]},{"@type":"ImageObject","inLanguage":"pt-BR","@id":"https:\/\/www.notibras.com\/site\/enem-garante-recursos-de-acessibilidade-para-candidatos\/#primaryimage","url":"https:\/\/www.notibras.com\/site\/wp-content\/uploads\/2020\/04\/computadores_caseiros.jpg","contentUrl":"https:\/\/www.notibras.com\/site\/wp-content\/uploads\/2020\/04\/computadores_caseiros.jpg","width":1170,"height":700},{"@type":"BreadcrumbList","@id":"https:\/\/www.notibras.com\/site\/enem-garante-recursos-de-acessibilidade-para-candidatos\/#breadcrumb","itemListElement":[{"@type":"ListItem","position":1,"name":"In\u00edcio","item":"https:\/\/www.notibras.com\/site\/"},{"@type":"ListItem","position":2,"name":"Enem garante recursos de acessibilidade para candidatos"}]},{"@type":"WebSite","@id":"https:\/\/www.notibras.com\/site\/#website","url":"https:\/\/www.notibras.com\/site\/","name":"Notibras","description":"Not\u00edcias de Bras\u00edlia, do Brasil e do Mundo","publisher":{"@id":"https:\/\/www.notibras.com\/site\/#organization"},"potentialAction":[{"@type":"SearchAction","target":{"@type":"EntryPoint","urlTemplate":"https:\/\/www.notibras.com\/site\/?s={search_term_string}"},"query-input":{"@type":"PropertyValueSpecification","valueRequired":true,"valueName":"search_term_string"}}],"inLanguage":"pt-BR"},{"@type":"Organization","@id":"https:\/\/www.notibras.com\/site\/#organization","name":"Grupo Notibras de Comunica\u00e7\u00e3o","url":"https:\/\/www.notibras.com\/site\/","logo":{"@type":"ImageObject","inLanguage":"pt-BR","@id":"https:\/\/www.notibras.com\/site\/#\/schema\/logo\/image\/","url":"https:\/\/www.notibras.com\/site\/wp-content\/uploads\/2023\/01\/notibras23.png","contentUrl":"https:\/\/www.notibras.com\/site\/wp-content\/uploads\/2023\/01\/notibras23.png","width":350,"height":87,"caption":"Grupo Notibras de Comunica\u00e7\u00e3o"},"image":{"@id":"https:\/\/www.notibras.com\/site\/#\/schema\/logo\/image\/"},"sameAs":["https:\/\/www.facebook.com\/notibras\/","https:\/\/x.com\/Notibras","https:\/\/www.instagram.com\/notibras\/"]},{"@type":"Person","@id":"https:\/\/www.notibras.com\/site\/#\/schema\/person\/36ab0979449956132d3e5b517ea76ac8","name":"Reda\u00e7\u00e3o","image":{"@type":"ImageObject","inLanguage":"pt-BR","@id":"https:\/\/secure.gravatar.com\/avatar\/e0a867bdedb85fd243eadf09663511f96fc81e0720a4a42581f334ad4303aa6b?s=96&d=mm&r=g","url":"https:\/\/secure.gravatar.com\/avatar\/e0a867bdedb85fd243eadf09663511f96fc81e0720a4a42581f334ad4303aa6b?s=96&d=mm&r=g","contentUrl":"https:\/\/secure.gravatar.com\/avatar\/e0a867bdedb85fd243eadf09663511f96fc81e0720a4a42581f334ad4303aa6b?s=96&d=mm&r=g","caption":"Reda\u00e7\u00e3o"}}]}},"amp_enabled":true,"_links":{"self":[{"href":"https:\/\/www.notibras.com\/site\/wp-json\/wp\/v2\/posts\/314758","targetHints":{"allow":["GET"]}}],"collection":[{"href":"https:\/\/www.notibras.com\/site\/wp-json\/wp\/v2\/posts"}],"about":[{"href":"https:\/\/www.notibras.com\/site\/wp-json\/wp\/v2\/types\/post"}],"author":[{"embeddable":true,"href":"https:\/\/www.notibras.com\/site\/wp-json\/wp\/v2\/users\/2"}],"replies":[{"embeddable":true,"href":"https:\/\/www.notibras.com\/site\/wp-json\/wp\/v2\/comments?post=314758"}],"version-history":[{"count":1,"href":"https:\/\/www.notibras.com\/site\/wp-json\/wp\/v2\/posts\/314758\/revisions"}],"predecessor-version":[{"id":314759,"href":"https:\/\/www.notibras.com\/site\/wp-json\/wp\/v2\/posts\/314758\/revisions\/314759"}],"wp:featuredmedia":[{"embeddable":true,"href":"https:\/\/www.notibras.com\/site\/wp-json\/wp\/v2\/media\/229197"}],"wp:attachment":[{"href":"https:\/\/www.notibras.com\/site\/wp-json\/wp\/v2\/media?parent=314758"}],"wp:term":[{"taxonomy":"category","embeddable":true,"href":"https:\/\/www.notibras.com\/site\/wp-json\/wp\/v2\/categories?post=314758"},{"taxonomy":"post_tag","embeddable":true,"href":"https:\/\/www.notibras.com\/site\/wp-json\/wp\/v2\/tags?post=314758"}],"curies":[{"name":"wp","href":"https:\/\/api.w.org\/{rel}","templated":true}]}}