{"id":314788,"date":"2023-10-16T16:03:51","date_gmt":"2023-10-16T19:03:51","guid":{"rendered":"https:\/\/www.notibras.com\/site\/?p=314788"},"modified":"2023-10-16T22:15:31","modified_gmt":"2023-10-17T01:15:31","slug":"novo-condominio-de-luxo-mostra-forca-da-construcao-civil","status":"publish","type":"post","link":"https:\/\/www.notibras.com\/site\/novo-condominio-de-luxo-mostra-forca-da-construcao-civil\/","title":{"rendered":"Novo condom\u00ednio de luxo mostra for\u00e7a da constru\u00e7\u00e3o civil"},"content":{"rendered":"<p>A ind\u00fastria da constru\u00e7\u00e3o civil continua crescendo a passos largos na capital da Rep\u00fablica. O exemplo mais recente foi o lan\u00e7amento, pela PaulOOctavio, de mais duas torres residenciais do Oceania Residence e do apartamento modelo do empreendimento, que est\u00e1 sendo erguido na Rua Copa\u00edba, em \u00c1guas Claras.<\/p>\n<p>O complexo \u00e9 composto por unidades de dois e tr\u00eas quartos, com metragens entre 62m\u00b2 e 84m\u00b2, al\u00e9m de duas vagas de garagem. E conta com quase 12 mil m\u00b2 de jardins, lazer e mais de 30 espa\u00e7os de conviv\u00eancia.<\/p>\n<p>Situado pr\u00f3ximo \u00e0 EPTG, o empreendimento \u00e9 um projeto da MKZ Arquitetura. Tem paisagismo idealizado por F\u00e1bio Camargo. A decora\u00e7\u00e3o de interiores \u00e9 de Sara Volpato. Em suas quatro torres, o Oceania Residence ter\u00e1 rooftops exclusivos e ambientes com foco no bem-estar e qualidade de vida.<\/p>\n<p>O diretor Comercial da Construtora PaulOOctavio, Pedro \u00c1vila, destaca as virtudes do Oceania Residence. &#8220;S\u00e3o dois e tr\u00eas quartos, com uma \u00e1rea de lazer fant\u00e1stica. Temos tamb\u00e9m um apartamento modelo para que os clientes possam conhecer os detalhes do im\u00f3vel. E tamb\u00e9m a vista privilegiada que ele oferece&#8221;, afirma. Interessados poder\u00e3o visitar o apartamento modelo na obra. Para isso, \u00e9 preciso realizar agendamento com um corretor.<\/p>\n<p>Localizado em um dos pontos mais altos de \u00c1guas Claras, o empreendimento ter\u00e1 vista livre e servi\u00e7os, como explica Rogerio Markiewicz, s\u00f3cio-diretor MKZ Arquitetura. &#8220;Este \u00e9 um grande condom\u00ednio, com uma \u00e1rea de lazer de quase 12 mil m\u00b2 e vista liberada. Para maior conforto, n\u00f3s teremos tamb\u00e9m um mall com lojas. O atendimento ao morador, no dia a dia, ser\u00e1 completo&#8221;, disse.<\/p>\n<p>A entrega do empreendimento est\u00e1 prevista para 2025. Compradora de um apartamento, Luzia de Jesus da Silva Ferreira define o empreendimento como um lugar perfeito para morar. &#8220;Achei a localiza\u00e7\u00e3o maravilhosa. Fica pr\u00f3ximo a shoppings e supermercados. Tenho um filho de cinco anos. Em 2025, quando tudo ficar pronto, vai crescer em um lugar fant\u00e1stico&#8221;, definiu.<\/p>\n<p>Segundo o empres\u00e1rio Paulo Oct\u00e1vio, o Oceania Residence \u00e9 especial. &#8220;Ele est\u00e1 no melhor ponto de \u00c1guas Claras, ao lado do Pen\u00ednsula, outro local \u00fanico. Aqui oferecemos uma \u00e1rea de lazer extraordin\u00e1ria. Tamb\u00e9m h\u00e1 a possibilidade da vista eterna. Isso melhora o conforto e a ventila\u00e7\u00e3o nos apartamentos. Recebemos mais de 30 compradores hoje. Todos sa\u00edram felizes, pela certeza de terem feito um grande investimento&#8221;, afirmou. &#8220;\u00c9 por conta deste companheirismo que fazemos tanto sucesso. O cliente \u00e9 nossa prioridade e tem de estar sempre satisfeito&#8221;, completou.<\/p>\n","protected":false},"excerpt":{"rendered":"<p>A ind\u00fastria da constru\u00e7\u00e3o civil continua crescendo a passos largos na capital da Rep\u00fablica. O exemplo mais recente foi o lan\u00e7amento, pela PaulOOctavio, de mais duas torres residenciais do Oceania Residence e do apartamento modelo do empreendimento, que est\u00e1 sendo erguido na Rua Copa\u00edba, em \u00c1guas Claras. O complexo \u00e9 composto por unidades de dois [&hellip;]<\/p>\n","protected":false},"author":2,"featured_media":314789,"comment_status":"closed","ping_status":"closed","sticky":false,"template":"","format":"standard","meta":{"_acf_changed":false,"footnotes":""},"categories":[161],"tags":[],"class_list":["post-314788","post","type-post","status-publish","format-standard","has-post-thumbnail","hentry","category-quadradinho-em-foco"],"acf":[],"yoast_head":"<!-- This site is optimized with the Yoast SEO plugin v27.2 - https:\/\/yoast.com\/product\/yoast-seo-wordpress\/ -->\n<title>Novo condom\u00ednio de luxo mostra for\u00e7a da constru\u00e7\u00e3o civil - Notibras<\/title>\n<meta name=\"robots\" content=\"index, follow, max-snippet:-1, max-image-preview:large, max-video-preview:-1\" \/>\n<link rel=\"canonical\" href=\"https:\/\/www.notibras.com\/site\/novo-condominio-de-luxo-mostra-forca-da-construcao-civil\/\" \/>\n<meta property=\"og:locale\" content=\"pt_BR\" \/>\n<meta property=\"og:type\" content=\"article\" \/>\n<meta property=\"og:title\" content=\"Novo condom\u00ednio de luxo mostra for\u00e7a da constru\u00e7\u00e3o civil - Notibras\" \/>\n<meta property=\"og:description\" content=\"A ind\u00fastria da constru\u00e7\u00e3o civil continua crescendo a passos largos na capital da Rep\u00fablica. O exemplo mais recente foi o lan\u00e7amento, pela PaulOOctavio, de mais duas torres residenciais do Oceania Residence e do apartamento modelo do empreendimento, que est\u00e1 sendo erguido na Rua Copa\u00edba, em \u00c1guas Claras. O complexo \u00e9 composto por unidades de dois [&hellip;]\" \/>\n<meta property=\"og:url\" content=\"https:\/\/www.notibras.com\/site\/novo-condominio-de-luxo-mostra-forca-da-construcao-civil\/\" \/>\n<meta property=\"og:site_name\" content=\"Notibras\" \/>\n<meta property=\"article:publisher\" content=\"https:\/\/www.facebook.com\/notibras\/\" \/>\n<meta property=\"article:published_time\" content=\"2023-10-16T19:03:51+00:00\" \/>\n<meta property=\"article:modified_time\" content=\"2023-10-17T01:15:31+00:00\" \/>\n<meta property=\"og:image\" content=\"https:\/\/www.notibras.com\/site\/wp-content\/uploads\/2023\/10\/7e76309b-421d-4677-b254-c52a46966c3b.jpeg\" \/>\n\t<meta property=\"og:image:width\" content=\"960\" \/>\n\t<meta property=\"og:image:height\" content=\"640\" \/>\n\t<meta property=\"og:image:type\" content=\"image\/jpeg\" \/>\n<meta name=\"author\" content=\"Reda\u00e7\u00e3o\" \/>\n<meta name=\"twitter:card\" content=\"summary_large_image\" \/>\n<meta name=\"twitter:creator\" content=\"@Notibras\" \/>\n<meta name=\"twitter:site\" content=\"@Notibras\" \/>\n<meta name=\"twitter:label1\" content=\"Escrito por\" \/>\n\t<meta name=\"twitter:data1\" content=\"Reda\u00e7\u00e3o\" \/>\n\t<meta name=\"twitter:label2\" content=\"Est. tempo de leitura\" \/>\n\t<meta name=\"twitter:data2\" content=\"3 minutos\" \/>\n<script type=\"application\/ld+json\" class=\"yoast-schema-graph\">{\"@context\":\"https:\/\/schema.org\",\"@graph\":[{\"@type\":\"Article\",\"@id\":\"https:\/\/www.notibras.com\/site\/novo-condominio-de-luxo-mostra-forca-da-construcao-civil\/#article\",\"isPartOf\":{\"@id\":\"https:\/\/www.notibras.com\/site\/novo-condominio-de-luxo-mostra-forca-da-construcao-civil\/\"},\"author\":{\"name\":\"Reda\u00e7\u00e3o\",\"@id\":\"https:\/\/www.notibras.com\/site\/#\/schema\/person\/36ab0979449956132d3e5b517ea76ac8\"},\"headline\":\"Novo condom\u00ednio de luxo mostra for\u00e7a da constru\u00e7\u00e3o civil\",\"datePublished\":\"2023-10-16T19:03:51+00:00\",\"dateModified\":\"2023-10-17T01:15:31+00:00\",\"mainEntityOfPage\":{\"@id\":\"https:\/\/www.notibras.com\/site\/novo-condominio-de-luxo-mostra-forca-da-construcao-civil\/\"},\"wordCount\":436,\"publisher\":{\"@id\":\"https:\/\/www.notibras.com\/site\/#organization\"},\"image\":{\"@id\":\"https:\/\/www.notibras.com\/site\/novo-condominio-de-luxo-mostra-forca-da-construcao-civil\/#primaryimage\"},\"thumbnailUrl\":\"https:\/\/www.notibras.com\/site\/wp-content\/uploads\/2023\/10\/7e76309b-421d-4677-b254-c52a46966c3b.jpeg\",\"articleSection\":[\"Quadradinho em Foco\"],\"inLanguage\":\"pt-BR\"},{\"@type\":\"WebPage\",\"@id\":\"https:\/\/www.notibras.com\/site\/novo-condominio-de-luxo-mostra-forca-da-construcao-civil\/\",\"url\":\"https:\/\/www.notibras.com\/site\/novo-condominio-de-luxo-mostra-forca-da-construcao-civil\/\",\"name\":\"Novo condom\u00ednio de luxo mostra for\u00e7a da constru\u00e7\u00e3o civil - Notibras\",\"isPartOf\":{\"@id\":\"https:\/\/www.notibras.com\/site\/#website\"},\"primaryImageOfPage\":{\"@id\":\"https:\/\/www.notibras.com\/site\/novo-condominio-de-luxo-mostra-forca-da-construcao-civil\/#primaryimage\"},\"image\":{\"@id\":\"https:\/\/www.notibras.com\/site\/novo-condominio-de-luxo-mostra-forca-da-construcao-civil\/#primaryimage\"},\"thumbnailUrl\":\"https:\/\/www.notibras.com\/site\/wp-content\/uploads\/2023\/10\/7e76309b-421d-4677-b254-c52a46966c3b.jpeg\",\"datePublished\":\"2023-10-16T19:03:51+00:00\",\"dateModified\":\"2023-10-17T01:15:31+00:00\",\"breadcrumb\":{\"@id\":\"https:\/\/www.notibras.com\/site\/novo-condominio-de-luxo-mostra-forca-da-construcao-civil\/#breadcrumb\"},\"inLanguage\":\"pt-BR\",\"potentialAction\":[{\"@type\":\"ReadAction\",\"target\":[\"https:\/\/www.notibras.com\/site\/novo-condominio-de-luxo-mostra-forca-da-construcao-civil\/\"]}]},{\"@type\":\"ImageObject\",\"inLanguage\":\"pt-BR\",\"@id\":\"https:\/\/www.notibras.com\/site\/novo-condominio-de-luxo-mostra-forca-da-construcao-civil\/#primaryimage\",\"url\":\"https:\/\/www.notibras.com\/site\/wp-content\/uploads\/2023\/10\/7e76309b-421d-4677-b254-c52a46966c3b.jpeg\",\"contentUrl\":\"https:\/\/www.notibras.com\/site\/wp-content\/uploads\/2023\/10\/7e76309b-421d-4677-b254-c52a46966c3b.jpeg\",\"width\":960,\"height\":640},{\"@type\":\"BreadcrumbList\",\"@id\":\"https:\/\/www.notibras.com\/site\/novo-condominio-de-luxo-mostra-forca-da-construcao-civil\/#breadcrumb\",\"itemListElement\":[{\"@type\":\"ListItem\",\"position\":1,\"name\":\"In\u00edcio\",\"item\":\"https:\/\/www.notibras.com\/site\/\"},{\"@type\":\"ListItem\",\"position\":2,\"name\":\"Novo condom\u00ednio de luxo mostra for\u00e7a da constru\u00e7\u00e3o civil\"}]},{\"@type\":\"WebSite\",\"@id\":\"https:\/\/www.notibras.com\/site\/#website\",\"url\":\"https:\/\/www.notibras.com\/site\/\",\"name\":\"Notibras\",\"description\":\"Not\u00edcias de Bras\u00edlia, do Brasil e do Mundo\",\"publisher\":{\"@id\":\"https:\/\/www.notibras.com\/site\/#organization\"},\"potentialAction\":[{\"@type\":\"SearchAction\",\"target\":{\"@type\":\"EntryPoint\",\"urlTemplate\":\"https:\/\/www.notibras.com\/site\/?s={search_term_string}\"},\"query-input\":{\"@type\":\"PropertyValueSpecification\",\"valueRequired\":true,\"valueName\":\"search_term_string\"}}],\"inLanguage\":\"pt-BR\"},{\"@type\":\"Organization\",\"@id\":\"https:\/\/www.notibras.com\/site\/#organization\",\"name\":\"Grupo Notibras de Comunica\u00e7\u00e3o\",\"url\":\"https:\/\/www.notibras.com\/site\/\",\"logo\":{\"@type\":\"ImageObject\",\"inLanguage\":\"pt-BR\",\"@id\":\"https:\/\/www.notibras.com\/site\/#\/schema\/logo\/image\/\",\"url\":\"https:\/\/www.notibras.com\/site\/wp-content\/uploads\/2023\/01\/notibras23.png\",\"contentUrl\":\"https:\/\/www.notibras.com\/site\/wp-content\/uploads\/2023\/01\/notibras23.png\",\"width\":350,\"height\":87,\"caption\":\"Grupo Notibras de Comunica\u00e7\u00e3o\"},\"image\":{\"@id\":\"https:\/\/www.notibras.com\/site\/#\/schema\/logo\/image\/\"},\"sameAs\":[\"https:\/\/www.facebook.com\/notibras\/\",\"https:\/\/x.com\/Notibras\",\"https:\/\/www.instagram.com\/notibras\/\"]},{\"@type\":\"Person\",\"@id\":\"https:\/\/www.notibras.com\/site\/#\/schema\/person\/36ab0979449956132d3e5b517ea76ac8\",\"name\":\"Reda\u00e7\u00e3o\",\"image\":{\"@type\":\"ImageObject\",\"inLanguage\":\"pt-BR\",\"@id\":\"https:\/\/secure.gravatar.com\/avatar\/e0a867bdedb85fd243eadf09663511f96fc81e0720a4a42581f334ad4303aa6b?s=96&d=mm&r=g\",\"url\":\"https:\/\/secure.gravatar.com\/avatar\/e0a867bdedb85fd243eadf09663511f96fc81e0720a4a42581f334ad4303aa6b?s=96&d=mm&r=g\",\"contentUrl\":\"https:\/\/secure.gravatar.com\/avatar\/e0a867bdedb85fd243eadf09663511f96fc81e0720a4a42581f334ad4303aa6b?s=96&d=mm&r=g\",\"caption\":\"Reda\u00e7\u00e3o\"}}]}<\/script>\n<!-- \/ Yoast SEO plugin. -->","yoast_head_json":{"title":"Novo condom\u00ednio de luxo mostra for\u00e7a da constru\u00e7\u00e3o civil - Notibras","robots":{"index":"index","follow":"follow","max-snippet":"max-snippet:-1","max-image-preview":"max-image-preview:large","max-video-preview":"max-video-preview:-1"},"canonical":"https:\/\/www.notibras.com\/site\/novo-condominio-de-luxo-mostra-forca-da-construcao-civil\/","og_locale":"pt_BR","og_type":"article","og_title":"Novo condom\u00ednio de luxo mostra for\u00e7a da constru\u00e7\u00e3o civil - Notibras","og_description":"A ind\u00fastria da constru\u00e7\u00e3o civil continua crescendo a passos largos na capital da Rep\u00fablica. O exemplo mais recente foi o lan\u00e7amento, pela PaulOOctavio, de mais duas torres residenciais do Oceania Residence e do apartamento modelo do empreendimento, que est\u00e1 sendo erguido na Rua Copa\u00edba, em \u00c1guas Claras. O complexo \u00e9 composto por unidades de dois [&hellip;]","og_url":"https:\/\/www.notibras.com\/site\/novo-condominio-de-luxo-mostra-forca-da-construcao-civil\/","og_site_name":"Notibras","article_publisher":"https:\/\/www.facebook.com\/notibras\/","article_published_time":"2023-10-16T19:03:51+00:00","article_modified_time":"2023-10-17T01:15:31+00:00","og_image":[{"width":960,"height":640,"url":"https:\/\/www.notibras.com\/site\/wp-content\/uploads\/2023\/10\/7e76309b-421d-4677-b254-c52a46966c3b.jpeg","type":"image\/jpeg"}],"author":"Reda\u00e7\u00e3o","twitter_card":"summary_large_image","twitter_creator":"@Notibras","twitter_site":"@Notibras","twitter_misc":{"Escrito por":"Reda\u00e7\u00e3o","Est. tempo de leitura":"3 minutos"},"schema":{"@context":"https:\/\/schema.org","@graph":[{"@type":"Article","@id":"https:\/\/www.notibras.com\/site\/novo-condominio-de-luxo-mostra-forca-da-construcao-civil\/#article","isPartOf":{"@id":"https:\/\/www.notibras.com\/site\/novo-condominio-de-luxo-mostra-forca-da-construcao-civil\/"},"author":{"name":"Reda\u00e7\u00e3o","@id":"https:\/\/www.notibras.com\/site\/#\/schema\/person\/36ab0979449956132d3e5b517ea76ac8"},"headline":"Novo condom\u00ednio de luxo mostra for\u00e7a da constru\u00e7\u00e3o civil","datePublished":"2023-10-16T19:03:51+00:00","dateModified":"2023-10-17T01:15:31+00:00","mainEntityOfPage":{"@id":"https:\/\/www.notibras.com\/site\/novo-condominio-de-luxo-mostra-forca-da-construcao-civil\/"},"wordCount":436,"publisher":{"@id":"https:\/\/www.notibras.com\/site\/#organization"},"image":{"@id":"https:\/\/www.notibras.com\/site\/novo-condominio-de-luxo-mostra-forca-da-construcao-civil\/#primaryimage"},"thumbnailUrl":"https:\/\/www.notibras.com\/site\/wp-content\/uploads\/2023\/10\/7e76309b-421d-4677-b254-c52a46966c3b.jpeg","articleSection":["Quadradinho em Foco"],"inLanguage":"pt-BR"},{"@type":"WebPage","@id":"https:\/\/www.notibras.com\/site\/novo-condominio-de-luxo-mostra-forca-da-construcao-civil\/","url":"https:\/\/www.notibras.com\/site\/novo-condominio-de-luxo-mostra-forca-da-construcao-civil\/","name":"Novo condom\u00ednio de luxo mostra for\u00e7a da constru\u00e7\u00e3o civil - Notibras","isPartOf":{"@id":"https:\/\/www.notibras.com\/site\/#website"},"primaryImageOfPage":{"@id":"https:\/\/www.notibras.com\/site\/novo-condominio-de-luxo-mostra-forca-da-construcao-civil\/#primaryimage"},"image":{"@id":"https:\/\/www.notibras.com\/site\/novo-condominio-de-luxo-mostra-forca-da-construcao-civil\/#primaryimage"},"thumbnailUrl":"https:\/\/www.notibras.com\/site\/wp-content\/uploads\/2023\/10\/7e76309b-421d-4677-b254-c52a46966c3b.jpeg","datePublished":"2023-10-16T19:03:51+00:00","dateModified":"2023-10-17T01:15:31+00:00","breadcrumb":{"@id":"https:\/\/www.notibras.com\/site\/novo-condominio-de-luxo-mostra-forca-da-construcao-civil\/#breadcrumb"},"inLanguage":"pt-BR","potentialAction":[{"@type":"ReadAction","target":["https:\/\/www.notibras.com\/site\/novo-condominio-de-luxo-mostra-forca-da-construcao-civil\/"]}]},{"@type":"ImageObject","inLanguage":"pt-BR","@id":"https:\/\/www.notibras.com\/site\/novo-condominio-de-luxo-mostra-forca-da-construcao-civil\/#primaryimage","url":"https:\/\/www.notibras.com\/site\/wp-content\/uploads\/2023\/10\/7e76309b-421d-4677-b254-c52a46966c3b.jpeg","contentUrl":"https:\/\/www.notibras.com\/site\/wp-content\/uploads\/2023\/10\/7e76309b-421d-4677-b254-c52a46966c3b.jpeg","width":960,"height":640},{"@type":"BreadcrumbList","@id":"https:\/\/www.notibras.com\/site\/novo-condominio-de-luxo-mostra-forca-da-construcao-civil\/#breadcrumb","itemListElement":[{"@type":"ListItem","position":1,"name":"In\u00edcio","item":"https:\/\/www.notibras.com\/site\/"},{"@type":"ListItem","position":2,"name":"Novo condom\u00ednio de luxo mostra for\u00e7a da constru\u00e7\u00e3o civil"}]},{"@type":"WebSite","@id":"https:\/\/www.notibras.com\/site\/#website","url":"https:\/\/www.notibras.com\/site\/","name":"Notibras","description":"Not\u00edcias de Bras\u00edlia, do Brasil e do Mundo","publisher":{"@id":"https:\/\/www.notibras.com\/site\/#organization"},"potentialAction":[{"@type":"SearchAction","target":{"@type":"EntryPoint","urlTemplate":"https:\/\/www.notibras.com\/site\/?s={search_term_string}"},"query-input":{"@type":"PropertyValueSpecification","valueRequired":true,"valueName":"search_term_string"}}],"inLanguage":"pt-BR"},{"@type":"Organization","@id":"https:\/\/www.notibras.com\/site\/#organization","name":"Grupo Notibras de Comunica\u00e7\u00e3o","url":"https:\/\/www.notibras.com\/site\/","logo":{"@type":"ImageObject","inLanguage":"pt-BR","@id":"https:\/\/www.notibras.com\/site\/#\/schema\/logo\/image\/","url":"https:\/\/www.notibras.com\/site\/wp-content\/uploads\/2023\/01\/notibras23.png","contentUrl":"https:\/\/www.notibras.com\/site\/wp-content\/uploads\/2023\/01\/notibras23.png","width":350,"height":87,"caption":"Grupo Notibras de Comunica\u00e7\u00e3o"},"image":{"@id":"https:\/\/www.notibras.com\/site\/#\/schema\/logo\/image\/"},"sameAs":["https:\/\/www.facebook.com\/notibras\/","https:\/\/x.com\/Notibras","https:\/\/www.instagram.com\/notibras\/"]},{"@type":"Person","@id":"https:\/\/www.notibras.com\/site\/#\/schema\/person\/36ab0979449956132d3e5b517ea76ac8","name":"Reda\u00e7\u00e3o","image":{"@type":"ImageObject","inLanguage":"pt-BR","@id":"https:\/\/secure.gravatar.com\/avatar\/e0a867bdedb85fd243eadf09663511f96fc81e0720a4a42581f334ad4303aa6b?s=96&d=mm&r=g","url":"https:\/\/secure.gravatar.com\/avatar\/e0a867bdedb85fd243eadf09663511f96fc81e0720a4a42581f334ad4303aa6b?s=96&d=mm&r=g","contentUrl":"https:\/\/secure.gravatar.com\/avatar\/e0a867bdedb85fd243eadf09663511f96fc81e0720a4a42581f334ad4303aa6b?s=96&d=mm&r=g","caption":"Reda\u00e7\u00e3o"}}]}},"amp_enabled":true,"_links":{"self":[{"href":"https:\/\/www.notibras.com\/site\/wp-json\/wp\/v2\/posts\/314788","targetHints":{"allow":["GET"]}}],"collection":[{"href":"https:\/\/www.notibras.com\/site\/wp-json\/wp\/v2\/posts"}],"about":[{"href":"https:\/\/www.notibras.com\/site\/wp-json\/wp\/v2\/types\/post"}],"author":[{"embeddable":true,"href":"https:\/\/www.notibras.com\/site\/wp-json\/wp\/v2\/users\/2"}],"replies":[{"embeddable":true,"href":"https:\/\/www.notibras.com\/site\/wp-json\/wp\/v2\/comments?post=314788"}],"version-history":[{"count":3,"href":"https:\/\/www.notibras.com\/site\/wp-json\/wp\/v2\/posts\/314788\/revisions"}],"predecessor-version":[{"id":314792,"href":"https:\/\/www.notibras.com\/site\/wp-json\/wp\/v2\/posts\/314788\/revisions\/314792"}],"wp:featuredmedia":[{"embeddable":true,"href":"https:\/\/www.notibras.com\/site\/wp-json\/wp\/v2\/media\/314789"}],"wp:attachment":[{"href":"https:\/\/www.notibras.com\/site\/wp-json\/wp\/v2\/media?parent=314788"}],"wp:term":[{"taxonomy":"category","embeddable":true,"href":"https:\/\/www.notibras.com\/site\/wp-json\/wp\/v2\/categories?post=314788"},{"taxonomy":"post_tag","embeddable":true,"href":"https:\/\/www.notibras.com\/site\/wp-json\/wp\/v2\/tags?post=314788"}],"curies":[{"name":"wp","href":"https:\/\/api.w.org\/{rel}","templated":true}]}}