{"id":314793,"date":"2023-10-16T18:22:39","date_gmt":"2023-10-16T21:22:39","guid":{"rendered":"https:\/\/www.notibras.com\/site\/?p=314793"},"modified":"2023-10-16T22:24:48","modified_gmt":"2023-10-17T01:24:48","slug":"governo-cria-site-com-dicas-para-proteger-criancas-nas-redes","status":"publish","type":"post","link":"https:\/\/www.notibras.com\/site\/governo-cria-site-com-dicas-para-proteger-criancas-nas-redes\/","title":{"rendered":"Governo cria site com dicas para proteger crian\u00e7as nas redes"},"content":{"rendered":"<p>O Minist\u00e9rio da Justi\u00e7a e Seguran\u00e7a P\u00fablica disponibilizou, nesta segunda-feira (16), uma nova p\u00e1gina na internet com orienta\u00e7\u00f5es sobre ferramentas tecnol\u00f3gicas e dispositivos legais para proteger crian\u00e7as e adolescentes na internet.<\/p>\n<p>O conte\u00fado do site De Boa na Rede foi produzido em conjunto com outros \u00f3rg\u00e3os p\u00fablicos e com algumas das maiores empresas globais de tecnologia, respons\u00e1veis pelas redes sociais mais populares da atualidade.<\/p>\n<p>Apresentado pela pasta como uma esp\u00e9cie de \u201cbiblioteca virtual\u201d, o site tem o formato de um guia. A proposta \u00e9 informar, passo a passo, como pais e cuidadores podem administrar o uso de plataformas virtuais como o Google; TikTok; Kwai; Youtube; Facebook; X (o antigo Twitter) e o Discord.<\/p>\n<p>A p\u00e1gina tamb\u00e9m traz dicas de como proteger a privacidade e a seguran\u00e7a de crian\u00e7as e adolescentes em jogos online, ativando par\u00e2metros como a sele\u00e7\u00e3o da faixa et\u00e1ria adequada e os controles dos n\u00edveis de intera\u00e7\u00e3o e de troca de mensagens, bem como a quantidade de tempo gasto jogando.<\/p>\n<p>H\u00e1 ainda um espa\u00e7o destinado \u00e0s orienta\u00e7\u00f5es sobre as formas de denunciar eventuais abusos ou pr\u00e1ticas il\u00edcitas; um campo com orienta\u00e7\u00f5es sobre como conversar com as crian\u00e7as e adolescentes sobre os potenciais perigos do ambiente virtual e uma \u00e1rea que permite aos interessados fazer suas den\u00fancias \u00e0s empresas respons\u00e1veis por mediar o conte\u00fado veiculado ou, de acordo com a gravidade do caso, a uma delegacia especializada em crimes cibern\u00e9ticos.<\/p>\n<p>Ao falar sobre a import\u00e2ncia da iniciativa, a assessora especial de Direitos Digitais do Minist\u00e9rio da Justi\u00e7a e Seguran\u00e7a P\u00fablica, Estela Aranha, disse que, em todo o mundo, crian\u00e7as e adolescentes com acesso \u00e0 rede mundial de computadores est\u00e3o expostas a todo o tipo de pr\u00e1tica il\u00edcita. Apesar disso, segundo Estela, boa parte dos respons\u00e1veis desconhecem o que est\u00e1 acontecendo em suas casas.<\/p>\n<p>\u201cNossa ideia \u00e9 fazer [do site De Boa na Rede] uma biblioteca de seguran\u00e7a, reunindo todas as ferramentas de controle parental que j\u00e1 existem nessas redes sociais, jogos e servi\u00e7os de streaming, para os pais poderem fazer o controle. Muitas vezes, eles nem sabem que isso existe. Muitas vezes, \u00e9 dif\u00edcil de achar [informa\u00e7\u00f5es sobre as ferramentas existentes nas plataformas]\u201d, explicou a assessora, acrescentando a necessidade de tamb\u00e9m esclarecer as pessoas sobre como identificar o que \u00e9 um crime digital.<\/p>\n<p>\u201c\u00c0s vezes as pessoas acham que o que acontece online n\u00e3o \u00e9 t\u00e3o grave. E a verdade n\u00e3o \u00e9 esta. Estamos tendo crimes grav\u00edssimos que interferem na vida real, na sa\u00fade e na seguran\u00e7a das crian\u00e7as, com efeitos enormes. Temos que entender que o que acontece [online] tem impacto na vida das pessoas\u201d, destacou Estela.<\/p>\n<p>Presente ao lan\u00e7amento do site De Boa na Rede, o ministro da Justi\u00e7a e Seguran\u00e7a P\u00fablica, Fl\u00e1vio Dino, comentou que, de 2022 para 2023, o n\u00famero de opera\u00e7\u00f5es da Pol\u00edcia Federal contra crimes cibern\u00e9ticos cujas v\u00edtimas eram crian\u00e7as ou adolescentes passou de 369 para 627, um aumento da ordem de 70%. Como resultado, s\u00f3 os policiais federais j\u00e1 prenderam, este ano, 291 pessoas, contra 199 deten\u00e7\u00f5es realizadas no ano passado.<\/p>\n<p>\u201cEstamos lidando com esse fen\u00f4meno nas redes, que est\u00e1 articulado com problemas reais que a humanidade sempre atravessou. Temos, talvez, uma concentra\u00e7\u00e3o exponencial de aspectos assustadores. Nos \u00faltimos dias, verificamos que, em certos ambientes [digitais], uma guerra terr\u00edvel [o confronto militar entre Israel e o grupo isl\u00e2mico Hamas, que controla a Faixa de Gaza e atacou o territ\u00f3rio israelense no \u00faltimo dia 7], se transformou em uma disputa de torcidas, na qual barreiras \u00e9ticas essenciais s\u00e3o simplesmente ignoradas\u201d, exemplificou o ministro ao se referir \u00e0 polariza\u00e7\u00e3o no ambiente virtual. \u201cIsso \u00e9 revelador de um certo esp\u00edrito do tempo ao qual n\u00e3o podemos nos curvar.\u201d<\/p>\n<p>Para a coordenadora de Enfrentamento \u00e0s Viol\u00eancias, do Minist\u00e9rio dos Direitos Humanos e Cidadania, Nayara Lopes, o programa De Boa na Rede, junto a outras iniciativas do governo federal, incluindo as propostas de atualiza\u00e7\u00e3o legislativa, visa a garantir os direitos e seguran\u00e7a dos internautas, em particular de crian\u00e7as e adolescentes.<\/p>\n<p>\u201cSe por um lado a internet permitiu o acesso a conte\u00fados educativos, por outro, expandiu uma s\u00e9rie de riscos no ambiente virtual, com risco igual ou at\u00e9 maior que os riscos da vida real. Importante que a gente mova esfor\u00e7os para estabelecer respostas e medidas de preven\u00e7\u00e3o e enfrentamento e responsabiliza\u00e7\u00e3o a essas viola\u00e7\u00f5es cometidas no ambiente virtual. Muitas vezes os pais n\u00e3o t\u00eam informa\u00e7\u00e3o de como proteger aquela crian\u00e7a, ent\u00e3o \u00e9 importante essa organiza\u00e7\u00e3o\u201d, disse Nayara.<\/p>\n","protected":false},"excerpt":{"rendered":"<p>O Minist\u00e9rio da Justi\u00e7a e Seguran\u00e7a P\u00fablica disponibilizou, nesta segunda-feira (16), uma nova p\u00e1gina na internet com orienta\u00e7\u00f5es sobre ferramentas tecnol\u00f3gicas e dispositivos legais para proteger crian\u00e7as e adolescentes na internet. O conte\u00fado do site De Boa na Rede foi produzido em conjunto com outros \u00f3rg\u00e3os p\u00fablicos e com algumas das maiores empresas globais de [&hellip;]<\/p>\n","protected":false},"author":2,"featured_media":314794,"comment_status":"closed","ping_status":"closed","sticky":false,"template":"","format":"standard","meta":{"_acf_changed":false,"footnotes":""},"categories":[161],"tags":[],"class_list":["post-314793","post","type-post","status-publish","format-standard","has-post-thumbnail","hentry","category-quadradinho-em-foco"],"acf":[],"yoast_head":"<!-- This site is optimized with the Yoast SEO plugin v27.2 - https:\/\/yoast.com\/product\/yoast-seo-wordpress\/ -->\n<title>Governo cria site com dicas para proteger crian\u00e7as nas redes - Notibras<\/title>\n<meta name=\"robots\" content=\"index, follow, max-snippet:-1, max-image-preview:large, max-video-preview:-1\" \/>\n<link rel=\"canonical\" href=\"https:\/\/www.notibras.com\/site\/governo-cria-site-com-dicas-para-proteger-criancas-nas-redes\/\" \/>\n<meta property=\"og:locale\" content=\"pt_BR\" \/>\n<meta property=\"og:type\" content=\"article\" \/>\n<meta property=\"og:title\" content=\"Governo cria site com dicas para proteger crian\u00e7as nas redes - Notibras\" \/>\n<meta property=\"og:description\" content=\"O Minist\u00e9rio da Justi\u00e7a e Seguran\u00e7a P\u00fablica disponibilizou, nesta segunda-feira (16), uma nova p\u00e1gina na internet com orienta\u00e7\u00f5es sobre ferramentas tecnol\u00f3gicas e dispositivos legais para proteger crian\u00e7as e adolescentes na internet. O conte\u00fado do site De Boa na Rede foi produzido em conjunto com outros \u00f3rg\u00e3os p\u00fablicos e com algumas das maiores empresas globais de [&hellip;]\" \/>\n<meta property=\"og:url\" content=\"https:\/\/www.notibras.com\/site\/governo-cria-site-com-dicas-para-proteger-criancas-nas-redes\/\" \/>\n<meta property=\"og:site_name\" content=\"Notibras\" \/>\n<meta property=\"article:publisher\" content=\"https:\/\/www.facebook.com\/notibras\/\" \/>\n<meta property=\"article:published_time\" content=\"2023-10-16T21:22:39+00:00\" \/>\n<meta property=\"article:modified_time\" content=\"2023-10-17T01:24:48+00:00\" \/>\n<meta property=\"og:image\" content=\"https:\/\/www.notibras.com\/site\/wp-content\/uploads\/2023\/10\/1captura_de_tela_2023-10-16_174054_copy.jpg\" \/>\n\t<meta property=\"og:image:width\" content=\"1170\" \/>\n\t<meta property=\"og:image:height\" content=\"700\" \/>\n\t<meta property=\"og:image:type\" content=\"image\/jpeg\" \/>\n<meta name=\"author\" content=\"Reda\u00e7\u00e3o\" \/>\n<meta name=\"twitter:card\" content=\"summary_large_image\" \/>\n<meta name=\"twitter:creator\" content=\"@Notibras\" \/>\n<meta name=\"twitter:site\" content=\"@Notibras\" \/>\n<meta name=\"twitter:label1\" content=\"Escrito por\" \/>\n\t<meta name=\"twitter:data1\" content=\"Reda\u00e7\u00e3o\" \/>\n\t<meta name=\"twitter:label2\" content=\"Est. tempo de leitura\" \/>\n\t<meta name=\"twitter:data2\" content=\"5 minutos\" \/>\n<script type=\"application\/ld+json\" class=\"yoast-schema-graph\">{\"@context\":\"https:\/\/schema.org\",\"@graph\":[{\"@type\":\"Article\",\"@id\":\"https:\/\/www.notibras.com\/site\/governo-cria-site-com-dicas-para-proteger-criancas-nas-redes\/#article\",\"isPartOf\":{\"@id\":\"https:\/\/www.notibras.com\/site\/governo-cria-site-com-dicas-para-proteger-criancas-nas-redes\/\"},\"author\":{\"name\":\"Reda\u00e7\u00e3o\",\"@id\":\"https:\/\/www.notibras.com\/site\/#\/schema\/person\/36ab0979449956132d3e5b517ea76ac8\"},\"headline\":\"Governo cria site com dicas para proteger crian\u00e7as nas redes\",\"datePublished\":\"2023-10-16T21:22:39+00:00\",\"dateModified\":\"2023-10-17T01:24:48+00:00\",\"mainEntityOfPage\":{\"@id\":\"https:\/\/www.notibras.com\/site\/governo-cria-site-com-dicas-para-proteger-criancas-nas-redes\/\"},\"wordCount\":814,\"publisher\":{\"@id\":\"https:\/\/www.notibras.com\/site\/#organization\"},\"image\":{\"@id\":\"https:\/\/www.notibras.com\/site\/governo-cria-site-com-dicas-para-proteger-criancas-nas-redes\/#primaryimage\"},\"thumbnailUrl\":\"https:\/\/www.notibras.com\/site\/wp-content\/uploads\/2023\/10\/1captura_de_tela_2023-10-16_174054_copy.jpg\",\"articleSection\":[\"Quadradinho em Foco\"],\"inLanguage\":\"pt-BR\"},{\"@type\":\"WebPage\",\"@id\":\"https:\/\/www.notibras.com\/site\/governo-cria-site-com-dicas-para-proteger-criancas-nas-redes\/\",\"url\":\"https:\/\/www.notibras.com\/site\/governo-cria-site-com-dicas-para-proteger-criancas-nas-redes\/\",\"name\":\"Governo cria site com dicas para proteger crian\u00e7as nas redes - Notibras\",\"isPartOf\":{\"@id\":\"https:\/\/www.notibras.com\/site\/#website\"},\"primaryImageOfPage\":{\"@id\":\"https:\/\/www.notibras.com\/site\/governo-cria-site-com-dicas-para-proteger-criancas-nas-redes\/#primaryimage\"},\"image\":{\"@id\":\"https:\/\/www.notibras.com\/site\/governo-cria-site-com-dicas-para-proteger-criancas-nas-redes\/#primaryimage\"},\"thumbnailUrl\":\"https:\/\/www.notibras.com\/site\/wp-content\/uploads\/2023\/10\/1captura_de_tela_2023-10-16_174054_copy.jpg\",\"datePublished\":\"2023-10-16T21:22:39+00:00\",\"dateModified\":\"2023-10-17T01:24:48+00:00\",\"breadcrumb\":{\"@id\":\"https:\/\/www.notibras.com\/site\/governo-cria-site-com-dicas-para-proteger-criancas-nas-redes\/#breadcrumb\"},\"inLanguage\":\"pt-BR\",\"potentialAction\":[{\"@type\":\"ReadAction\",\"target\":[\"https:\/\/www.notibras.com\/site\/governo-cria-site-com-dicas-para-proteger-criancas-nas-redes\/\"]}]},{\"@type\":\"ImageObject\",\"inLanguage\":\"pt-BR\",\"@id\":\"https:\/\/www.notibras.com\/site\/governo-cria-site-com-dicas-para-proteger-criancas-nas-redes\/#primaryimage\",\"url\":\"https:\/\/www.notibras.com\/site\/wp-content\/uploads\/2023\/10\/1captura_de_tela_2023-10-16_174054_copy.jpg\",\"contentUrl\":\"https:\/\/www.notibras.com\/site\/wp-content\/uploads\/2023\/10\/1captura_de_tela_2023-10-16_174054_copy.jpg\",\"width\":1170,\"height\":700,\"caption\":\"16\/10\/2023, De Boa na Rede, Por um ambiente virtual seguro para crian\u00e7as e adolescentes. P\u00e1gina na internet do Minist\u00e9rio da Justi\u00e7a e Seguran\u00e7a P\u00fablica. Foto: Print\/MJSP\"},{\"@type\":\"BreadcrumbList\",\"@id\":\"https:\/\/www.notibras.com\/site\/governo-cria-site-com-dicas-para-proteger-criancas-nas-redes\/#breadcrumb\",\"itemListElement\":[{\"@type\":\"ListItem\",\"position\":1,\"name\":\"In\u00edcio\",\"item\":\"https:\/\/www.notibras.com\/site\/\"},{\"@type\":\"ListItem\",\"position\":2,\"name\":\"Governo cria site com dicas para proteger crian\u00e7as nas redes\"}]},{\"@type\":\"WebSite\",\"@id\":\"https:\/\/www.notibras.com\/site\/#website\",\"url\":\"https:\/\/www.notibras.com\/site\/\",\"name\":\"Notibras\",\"description\":\"Not\u00edcias de Bras\u00edlia, do Brasil e do Mundo\",\"publisher\":{\"@id\":\"https:\/\/www.notibras.com\/site\/#organization\"},\"potentialAction\":[{\"@type\":\"SearchAction\",\"target\":{\"@type\":\"EntryPoint\",\"urlTemplate\":\"https:\/\/www.notibras.com\/site\/?s={search_term_string}\"},\"query-input\":{\"@type\":\"PropertyValueSpecification\",\"valueRequired\":true,\"valueName\":\"search_term_string\"}}],\"inLanguage\":\"pt-BR\"},{\"@type\":\"Organization\",\"@id\":\"https:\/\/www.notibras.com\/site\/#organization\",\"name\":\"Grupo Notibras de Comunica\u00e7\u00e3o\",\"url\":\"https:\/\/www.notibras.com\/site\/\",\"logo\":{\"@type\":\"ImageObject\",\"inLanguage\":\"pt-BR\",\"@id\":\"https:\/\/www.notibras.com\/site\/#\/schema\/logo\/image\/\",\"url\":\"https:\/\/www.notibras.com\/site\/wp-content\/uploads\/2023\/01\/notibras23.png\",\"contentUrl\":\"https:\/\/www.notibras.com\/site\/wp-content\/uploads\/2023\/01\/notibras23.png\",\"width\":350,\"height\":87,\"caption\":\"Grupo Notibras de Comunica\u00e7\u00e3o\"},\"image\":{\"@id\":\"https:\/\/www.notibras.com\/site\/#\/schema\/logo\/image\/\"},\"sameAs\":[\"https:\/\/www.facebook.com\/notibras\/\",\"https:\/\/x.com\/Notibras\",\"https:\/\/www.instagram.com\/notibras\/\"]},{\"@type\":\"Person\",\"@id\":\"https:\/\/www.notibras.com\/site\/#\/schema\/person\/36ab0979449956132d3e5b517ea76ac8\",\"name\":\"Reda\u00e7\u00e3o\",\"image\":{\"@type\":\"ImageObject\",\"inLanguage\":\"pt-BR\",\"@id\":\"https:\/\/secure.gravatar.com\/avatar\/e0a867bdedb85fd243eadf09663511f96fc81e0720a4a42581f334ad4303aa6b?s=96&d=mm&r=g\",\"url\":\"https:\/\/secure.gravatar.com\/avatar\/e0a867bdedb85fd243eadf09663511f96fc81e0720a4a42581f334ad4303aa6b?s=96&d=mm&r=g\",\"contentUrl\":\"https:\/\/secure.gravatar.com\/avatar\/e0a867bdedb85fd243eadf09663511f96fc81e0720a4a42581f334ad4303aa6b?s=96&d=mm&r=g\",\"caption\":\"Reda\u00e7\u00e3o\"}}]}<\/script>\n<!-- \/ Yoast SEO plugin. -->","yoast_head_json":{"title":"Governo cria site com dicas para proteger crian\u00e7as nas redes - Notibras","robots":{"index":"index","follow":"follow","max-snippet":"max-snippet:-1","max-image-preview":"max-image-preview:large","max-video-preview":"max-video-preview:-1"},"canonical":"https:\/\/www.notibras.com\/site\/governo-cria-site-com-dicas-para-proteger-criancas-nas-redes\/","og_locale":"pt_BR","og_type":"article","og_title":"Governo cria site com dicas para proteger crian\u00e7as nas redes - Notibras","og_description":"O Minist\u00e9rio da Justi\u00e7a e Seguran\u00e7a P\u00fablica disponibilizou, nesta segunda-feira (16), uma nova p\u00e1gina na internet com orienta\u00e7\u00f5es sobre ferramentas tecnol\u00f3gicas e dispositivos legais para proteger crian\u00e7as e adolescentes na internet. O conte\u00fado do site De Boa na Rede foi produzido em conjunto com outros \u00f3rg\u00e3os p\u00fablicos e com algumas das maiores empresas globais de [&hellip;]","og_url":"https:\/\/www.notibras.com\/site\/governo-cria-site-com-dicas-para-proteger-criancas-nas-redes\/","og_site_name":"Notibras","article_publisher":"https:\/\/www.facebook.com\/notibras\/","article_published_time":"2023-10-16T21:22:39+00:00","article_modified_time":"2023-10-17T01:24:48+00:00","og_image":[{"width":1170,"height":700,"url":"https:\/\/www.notibras.com\/site\/wp-content\/uploads\/2023\/10\/1captura_de_tela_2023-10-16_174054_copy.jpg","type":"image\/jpeg"}],"author":"Reda\u00e7\u00e3o","twitter_card":"summary_large_image","twitter_creator":"@Notibras","twitter_site":"@Notibras","twitter_misc":{"Escrito por":"Reda\u00e7\u00e3o","Est. tempo de leitura":"5 minutos"},"schema":{"@context":"https:\/\/schema.org","@graph":[{"@type":"Article","@id":"https:\/\/www.notibras.com\/site\/governo-cria-site-com-dicas-para-proteger-criancas-nas-redes\/#article","isPartOf":{"@id":"https:\/\/www.notibras.com\/site\/governo-cria-site-com-dicas-para-proteger-criancas-nas-redes\/"},"author":{"name":"Reda\u00e7\u00e3o","@id":"https:\/\/www.notibras.com\/site\/#\/schema\/person\/36ab0979449956132d3e5b517ea76ac8"},"headline":"Governo cria site com dicas para proteger crian\u00e7as nas redes","datePublished":"2023-10-16T21:22:39+00:00","dateModified":"2023-10-17T01:24:48+00:00","mainEntityOfPage":{"@id":"https:\/\/www.notibras.com\/site\/governo-cria-site-com-dicas-para-proteger-criancas-nas-redes\/"},"wordCount":814,"publisher":{"@id":"https:\/\/www.notibras.com\/site\/#organization"},"image":{"@id":"https:\/\/www.notibras.com\/site\/governo-cria-site-com-dicas-para-proteger-criancas-nas-redes\/#primaryimage"},"thumbnailUrl":"https:\/\/www.notibras.com\/site\/wp-content\/uploads\/2023\/10\/1captura_de_tela_2023-10-16_174054_copy.jpg","articleSection":["Quadradinho em Foco"],"inLanguage":"pt-BR"},{"@type":"WebPage","@id":"https:\/\/www.notibras.com\/site\/governo-cria-site-com-dicas-para-proteger-criancas-nas-redes\/","url":"https:\/\/www.notibras.com\/site\/governo-cria-site-com-dicas-para-proteger-criancas-nas-redes\/","name":"Governo cria site com dicas para proteger crian\u00e7as nas redes - Notibras","isPartOf":{"@id":"https:\/\/www.notibras.com\/site\/#website"},"primaryImageOfPage":{"@id":"https:\/\/www.notibras.com\/site\/governo-cria-site-com-dicas-para-proteger-criancas-nas-redes\/#primaryimage"},"image":{"@id":"https:\/\/www.notibras.com\/site\/governo-cria-site-com-dicas-para-proteger-criancas-nas-redes\/#primaryimage"},"thumbnailUrl":"https:\/\/www.notibras.com\/site\/wp-content\/uploads\/2023\/10\/1captura_de_tela_2023-10-16_174054_copy.jpg","datePublished":"2023-10-16T21:22:39+00:00","dateModified":"2023-10-17T01:24:48+00:00","breadcrumb":{"@id":"https:\/\/www.notibras.com\/site\/governo-cria-site-com-dicas-para-proteger-criancas-nas-redes\/#breadcrumb"},"inLanguage":"pt-BR","potentialAction":[{"@type":"ReadAction","target":["https:\/\/www.notibras.com\/site\/governo-cria-site-com-dicas-para-proteger-criancas-nas-redes\/"]}]},{"@type":"ImageObject","inLanguage":"pt-BR","@id":"https:\/\/www.notibras.com\/site\/governo-cria-site-com-dicas-para-proteger-criancas-nas-redes\/#primaryimage","url":"https:\/\/www.notibras.com\/site\/wp-content\/uploads\/2023\/10\/1captura_de_tela_2023-10-16_174054_copy.jpg","contentUrl":"https:\/\/www.notibras.com\/site\/wp-content\/uploads\/2023\/10\/1captura_de_tela_2023-10-16_174054_copy.jpg","width":1170,"height":700,"caption":"16\/10\/2023, De Boa na Rede, Por um ambiente virtual seguro para crian\u00e7as e adolescentes. P\u00e1gina na internet do Minist\u00e9rio da Justi\u00e7a e Seguran\u00e7a P\u00fablica. Foto: Print\/MJSP"},{"@type":"BreadcrumbList","@id":"https:\/\/www.notibras.com\/site\/governo-cria-site-com-dicas-para-proteger-criancas-nas-redes\/#breadcrumb","itemListElement":[{"@type":"ListItem","position":1,"name":"In\u00edcio","item":"https:\/\/www.notibras.com\/site\/"},{"@type":"ListItem","position":2,"name":"Governo cria site com dicas para proteger crian\u00e7as nas redes"}]},{"@type":"WebSite","@id":"https:\/\/www.notibras.com\/site\/#website","url":"https:\/\/www.notibras.com\/site\/","name":"Notibras","description":"Not\u00edcias de Bras\u00edlia, do Brasil e do Mundo","publisher":{"@id":"https:\/\/www.notibras.com\/site\/#organization"},"potentialAction":[{"@type":"SearchAction","target":{"@type":"EntryPoint","urlTemplate":"https:\/\/www.notibras.com\/site\/?s={search_term_string}"},"query-input":{"@type":"PropertyValueSpecification","valueRequired":true,"valueName":"search_term_string"}}],"inLanguage":"pt-BR"},{"@type":"Organization","@id":"https:\/\/www.notibras.com\/site\/#organization","name":"Grupo Notibras de Comunica\u00e7\u00e3o","url":"https:\/\/www.notibras.com\/site\/","logo":{"@type":"ImageObject","inLanguage":"pt-BR","@id":"https:\/\/www.notibras.com\/site\/#\/schema\/logo\/image\/","url":"https:\/\/www.notibras.com\/site\/wp-content\/uploads\/2023\/01\/notibras23.png","contentUrl":"https:\/\/www.notibras.com\/site\/wp-content\/uploads\/2023\/01\/notibras23.png","width":350,"height":87,"caption":"Grupo Notibras de Comunica\u00e7\u00e3o"},"image":{"@id":"https:\/\/www.notibras.com\/site\/#\/schema\/logo\/image\/"},"sameAs":["https:\/\/www.facebook.com\/notibras\/","https:\/\/x.com\/Notibras","https:\/\/www.instagram.com\/notibras\/"]},{"@type":"Person","@id":"https:\/\/www.notibras.com\/site\/#\/schema\/person\/36ab0979449956132d3e5b517ea76ac8","name":"Reda\u00e7\u00e3o","image":{"@type":"ImageObject","inLanguage":"pt-BR","@id":"https:\/\/secure.gravatar.com\/avatar\/e0a867bdedb85fd243eadf09663511f96fc81e0720a4a42581f334ad4303aa6b?s=96&d=mm&r=g","url":"https:\/\/secure.gravatar.com\/avatar\/e0a867bdedb85fd243eadf09663511f96fc81e0720a4a42581f334ad4303aa6b?s=96&d=mm&r=g","contentUrl":"https:\/\/secure.gravatar.com\/avatar\/e0a867bdedb85fd243eadf09663511f96fc81e0720a4a42581f334ad4303aa6b?s=96&d=mm&r=g","caption":"Reda\u00e7\u00e3o"}}]}},"amp_enabled":true,"_links":{"self":[{"href":"https:\/\/www.notibras.com\/site\/wp-json\/wp\/v2\/posts\/314793","targetHints":{"allow":["GET"]}}],"collection":[{"href":"https:\/\/www.notibras.com\/site\/wp-json\/wp\/v2\/posts"}],"about":[{"href":"https:\/\/www.notibras.com\/site\/wp-json\/wp\/v2\/types\/post"}],"author":[{"embeddable":true,"href":"https:\/\/www.notibras.com\/site\/wp-json\/wp\/v2\/users\/2"}],"replies":[{"embeddable":true,"href":"https:\/\/www.notibras.com\/site\/wp-json\/wp\/v2\/comments?post=314793"}],"version-history":[{"count":1,"href":"https:\/\/www.notibras.com\/site\/wp-json\/wp\/v2\/posts\/314793\/revisions"}],"predecessor-version":[{"id":314795,"href":"https:\/\/www.notibras.com\/site\/wp-json\/wp\/v2\/posts\/314793\/revisions\/314795"}],"wp:featuredmedia":[{"embeddable":true,"href":"https:\/\/www.notibras.com\/site\/wp-json\/wp\/v2\/media\/314794"}],"wp:attachment":[{"href":"https:\/\/www.notibras.com\/site\/wp-json\/wp\/v2\/media?parent=314793"}],"wp:term":[{"taxonomy":"category","embeddable":true,"href":"https:\/\/www.notibras.com\/site\/wp-json\/wp\/v2\/categories?post=314793"},{"taxonomy":"post_tag","embeddable":true,"href":"https:\/\/www.notibras.com\/site\/wp-json\/wp\/v2\/tags?post=314793"}],"curies":[{"name":"wp","href":"https:\/\/api.w.org\/{rel}","templated":true}]}}