{"id":31480,"date":"2014-12-17T18:07:22","date_gmt":"2014-12-17T21:07:22","guid":{"rendered":"http:\/\/www.notibras.com\/site\/?p=31480"},"modified":"2014-12-18T07:30:47","modified_gmt":"2014-12-18T10:30:47","slug":"sairam-os-novos-salarios-do-poder-supremo-e-congresso-337-mil-presidente-e-ministros-309-mil","status":"publish","type":"post","link":"https:\/\/www.notibras.com\/site\/sairam-os-novos-salarios-do-poder-supremo-e-congresso-337-mil-presidente-e-ministros-309-mil\/","title":{"rendered":"Sa\u00edram os novos sal\u00e1rios do Poder. Supremo e Congresso, 33,7 mil; presidente, 30,9 mil"},"content":{"rendered":"<p>Em vota\u00e7\u00f5es r\u00e1pidas e sem obstru\u00e7\u00e3o, os deputados aprovaram os projetos que reajustam os sal\u00e1rios dos ministros do Supremo Tribunal Federal (STF), procurador-geral da Rep\u00fablica, deputados, senadores, ministros de Estado, presidente e vice-presidente da Rep\u00fablica.<\/p>\n<p>O reajuste dos ministros do STF e da PGR come\u00e7a a vigorar em janeiro do ano que vem, enquanto o dos parlamentares a partir de fevereiro, quando come\u00e7a a nova legislatura. Os subs\u00eddios dos ministros do STF e do procurador-geral passam de R$ 29.462,25 para R$ 33.763,00 (valor menor que o pretendido, que era de R$ 35.919,05). J\u00e1 o dos parlamentares, sobe de R$ 26.723,13 para R$ 33.763,00.<\/p>\n<blockquote><p>Dos tr\u00eas poderes, o que ter\u00e1 o menor reajuste \u00e9 o Executivo. As remunera\u00e7\u00f5es de presidente, vice-presidente da Rep\u00fablica e ministros de Estado sejam de R$ 30.934,70 mensais &#8211; atualmente, esse valor \u00e9 R$ 26.700,00.<\/p><\/blockquote>\n<p>O subs\u00eddio de R$ 33.763,00, a ser pago a partir de janeiro aos ministros do STF e ao procurador-geral da Rep\u00fablica, ser\u00e1 usado como teto m\u00e1ximo do funcionalismo p\u00fablico.<\/p>\n","protected":false},"excerpt":{"rendered":"<p>Em vota\u00e7\u00f5es r\u00e1pidas e sem obstru\u00e7\u00e3o, os deputados aprovaram os projetos que reajustam os sal\u00e1rios dos ministros do Supremo Tribunal Federal (STF), procurador-geral da Rep\u00fablica, deputados, senadores, ministros de Estado, presidente e vice-presidente da Rep\u00fablica. O reajuste dos ministros do STF e da PGR come\u00e7a a vigorar em janeiro do ano que vem, enquanto o [&hellip;]<\/p>\n","protected":false},"author":2,"featured_media":31481,"comment_status":"open","ping_status":"closed","sticky":false,"template":"","format":"standard","meta":{"_acf_changed":false,"footnotes":""},"categories":[16],"tags":[],"class_list":["post-31480","post","type-post","status-publish","format-standard","has-post-thumbnail","hentry","category-brasil"],"acf":[],"yoast_head":"<!-- This site is optimized with the Yoast SEO plugin v27.2 - https:\/\/yoast.com\/product\/yoast-seo-wordpress\/ -->\n<title>Sa\u00edram os novos sal\u00e1rios do Poder. Supremo e Congresso, 33,7 mil; presidente, 30,9 mil - Notibras<\/title>\n<meta name=\"robots\" content=\"index, follow, max-snippet:-1, max-image-preview:large, max-video-preview:-1\" \/>\n<link rel=\"canonical\" href=\"https:\/\/www.notibras.com\/site\/sairam-os-novos-salarios-do-poder-supremo-e-congresso-337-mil-presidente-e-ministros-309-mil\/\" \/>\n<meta property=\"og:locale\" content=\"pt_BR\" \/>\n<meta property=\"og:type\" content=\"article\" \/>\n<meta property=\"og:title\" content=\"Sa\u00edram os novos sal\u00e1rios do Poder. Supremo e Congresso, 33,7 mil; presidente, 30,9 mil - Notibras\" \/>\n<meta property=\"og:description\" content=\"Em vota\u00e7\u00f5es r\u00e1pidas e sem obstru\u00e7\u00e3o, os deputados aprovaram os projetos que reajustam os sal\u00e1rios dos ministros do Supremo Tribunal Federal (STF), procurador-geral da Rep\u00fablica, deputados, senadores, ministros de Estado, presidente e vice-presidente da Rep\u00fablica. O reajuste dos ministros do STF e da PGR come\u00e7a a vigorar em janeiro do ano que vem, enquanto o [&hellip;]\" \/>\n<meta property=\"og:url\" content=\"https:\/\/www.notibras.com\/site\/sairam-os-novos-salarios-do-poder-supremo-e-congresso-337-mil-presidente-e-ministros-309-mil\/\" \/>\n<meta property=\"og:site_name\" content=\"Notibras\" \/>\n<meta property=\"article:publisher\" content=\"https:\/\/www.facebook.com\/notibras\/\" \/>\n<meta property=\"article:published_time\" content=\"2014-12-17T21:07:22+00:00\" \/>\n<meta property=\"article:modified_time\" content=\"2014-12-18T10:30:47+00:00\" \/>\n<meta property=\"og:image\" content=\"https:\/\/www.notibras.com\/site\/wp-content\/uploads\/2014\/12\/sm.jpg\" \/>\n\t<meta property=\"og:image:width\" content=\"473\" \/>\n\t<meta property=\"og:image:height\" content=\"327\" \/>\n\t<meta property=\"og:image:type\" content=\"image\/jpeg\" \/>\n<meta name=\"author\" content=\"Reda\u00e7\u00e3o\" \/>\n<meta name=\"twitter:card\" content=\"summary_large_image\" \/>\n<meta name=\"twitter:creator\" content=\"@Notibras\" \/>\n<meta name=\"twitter:site\" content=\"@Notibras\" \/>\n<meta name=\"twitter:label1\" content=\"Escrito por\" \/>\n\t<meta name=\"twitter:data1\" content=\"Reda\u00e7\u00e3o\" \/>\n\t<meta name=\"twitter:label2\" content=\"Est. tempo de leitura\" \/>\n\t<meta name=\"twitter:data2\" content=\"1 minuto\" \/>\n<script type=\"application\/ld+json\" class=\"yoast-schema-graph\">{\"@context\":\"https:\/\/schema.org\",\"@graph\":[{\"@type\":\"Article\",\"@id\":\"https:\/\/www.notibras.com\/site\/sairam-os-novos-salarios-do-poder-supremo-e-congresso-337-mil-presidente-e-ministros-309-mil\/#article\",\"isPartOf\":{\"@id\":\"https:\/\/www.notibras.com\/site\/sairam-os-novos-salarios-do-poder-supremo-e-congresso-337-mil-presidente-e-ministros-309-mil\/\"},\"author\":{\"name\":\"Reda\u00e7\u00e3o\",\"@id\":\"https:\/\/www.notibras.com\/site\/#\/schema\/person\/36ab0979449956132d3e5b517ea76ac8\"},\"headline\":\"Sa\u00edram os novos sal\u00e1rios do Poder. Supremo e Congresso, 33,7 mil; presidente, 30,9 mil\",\"datePublished\":\"2014-12-17T21:07:22+00:00\",\"dateModified\":\"2014-12-18T10:30:47+00:00\",\"mainEntityOfPage\":{\"@id\":\"https:\/\/www.notibras.com\/site\/sairam-os-novos-salarios-do-poder-supremo-e-congresso-337-mil-presidente-e-ministros-309-mil\/\"},\"wordCount\":187,\"commentCount\":0,\"publisher\":{\"@id\":\"https:\/\/www.notibras.com\/site\/#organization\"},\"image\":{\"@id\":\"https:\/\/www.notibras.com\/site\/sairam-os-novos-salarios-do-poder-supremo-e-congresso-337-mil-presidente-e-ministros-309-mil\/#primaryimage\"},\"thumbnailUrl\":\"https:\/\/www.notibras.com\/site\/wp-content\/uploads\/2014\/12\/sm.jpg\",\"articleSection\":[\"Brasil\"],\"inLanguage\":\"pt-BR\",\"potentialAction\":[{\"@type\":\"CommentAction\",\"name\":\"Comment\",\"target\":[\"https:\/\/www.notibras.com\/site\/sairam-os-novos-salarios-do-poder-supremo-e-congresso-337-mil-presidente-e-ministros-309-mil\/#respond\"]}]},{\"@type\":\"WebPage\",\"@id\":\"https:\/\/www.notibras.com\/site\/sairam-os-novos-salarios-do-poder-supremo-e-congresso-337-mil-presidente-e-ministros-309-mil\/\",\"url\":\"https:\/\/www.notibras.com\/site\/sairam-os-novos-salarios-do-poder-supremo-e-congresso-337-mil-presidente-e-ministros-309-mil\/\",\"name\":\"Sa\u00edram os novos sal\u00e1rios do Poder. Supremo e Congresso, 33,7 mil; presidente, 30,9 mil - Notibras\",\"isPartOf\":{\"@id\":\"https:\/\/www.notibras.com\/site\/#website\"},\"primaryImageOfPage\":{\"@id\":\"https:\/\/www.notibras.com\/site\/sairam-os-novos-salarios-do-poder-supremo-e-congresso-337-mil-presidente-e-ministros-309-mil\/#primaryimage\"},\"image\":{\"@id\":\"https:\/\/www.notibras.com\/site\/sairam-os-novos-salarios-do-poder-supremo-e-congresso-337-mil-presidente-e-ministros-309-mil\/#primaryimage\"},\"thumbnailUrl\":\"https:\/\/www.notibras.com\/site\/wp-content\/uploads\/2014\/12\/sm.jpg\",\"datePublished\":\"2014-12-17T21:07:22+00:00\",\"dateModified\":\"2014-12-18T10:30:47+00:00\",\"breadcrumb\":{\"@id\":\"https:\/\/www.notibras.com\/site\/sairam-os-novos-salarios-do-poder-supremo-e-congresso-337-mil-presidente-e-ministros-309-mil\/#breadcrumb\"},\"inLanguage\":\"pt-BR\",\"potentialAction\":[{\"@type\":\"ReadAction\",\"target\":[\"https:\/\/www.notibras.com\/site\/sairam-os-novos-salarios-do-poder-supremo-e-congresso-337-mil-presidente-e-ministros-309-mil\/\"]}]},{\"@type\":\"ImageObject\",\"inLanguage\":\"pt-BR\",\"@id\":\"https:\/\/www.notibras.com\/site\/sairam-os-novos-salarios-do-poder-supremo-e-congresso-337-mil-presidente-e-ministros-309-mil\/#primaryimage\",\"url\":\"https:\/\/www.notibras.com\/site\/wp-content\/uploads\/2014\/12\/sm.jpg\",\"contentUrl\":\"https:\/\/www.notibras.com\/site\/wp-content\/uploads\/2014\/12\/sm.jpg\",\"width\":473,\"height\":327},{\"@type\":\"BreadcrumbList\",\"@id\":\"https:\/\/www.notibras.com\/site\/sairam-os-novos-salarios-do-poder-supremo-e-congresso-337-mil-presidente-e-ministros-309-mil\/#breadcrumb\",\"itemListElement\":[{\"@type\":\"ListItem\",\"position\":1,\"name\":\"In\u00edcio\",\"item\":\"https:\/\/www.notibras.com\/site\/\"},{\"@type\":\"ListItem\",\"position\":2,\"name\":\"Sa\u00edram os novos sal\u00e1rios do Poder. Supremo e Congresso, 33,7 mil; presidente, 30,9 mil\"}]},{\"@type\":\"WebSite\",\"@id\":\"https:\/\/www.notibras.com\/site\/#website\",\"url\":\"https:\/\/www.notibras.com\/site\/\",\"name\":\"Notibras\",\"description\":\"Not\u00edcias de Bras\u00edlia, do Brasil e do Mundo\",\"publisher\":{\"@id\":\"https:\/\/www.notibras.com\/site\/#organization\"},\"potentialAction\":[{\"@type\":\"SearchAction\",\"target\":{\"@type\":\"EntryPoint\",\"urlTemplate\":\"https:\/\/www.notibras.com\/site\/?s={search_term_string}\"},\"query-input\":{\"@type\":\"PropertyValueSpecification\",\"valueRequired\":true,\"valueName\":\"search_term_string\"}}],\"inLanguage\":\"pt-BR\"},{\"@type\":\"Organization\",\"@id\":\"https:\/\/www.notibras.com\/site\/#organization\",\"name\":\"Grupo Notibras de Comunica\u00e7\u00e3o\",\"url\":\"https:\/\/www.notibras.com\/site\/\",\"logo\":{\"@type\":\"ImageObject\",\"inLanguage\":\"pt-BR\",\"@id\":\"https:\/\/www.notibras.com\/site\/#\/schema\/logo\/image\/\",\"url\":\"https:\/\/www.notibras.com\/site\/wp-content\/uploads\/2023\/01\/notibras23.png\",\"contentUrl\":\"https:\/\/www.notibras.com\/site\/wp-content\/uploads\/2023\/01\/notibras23.png\",\"width\":350,\"height\":87,\"caption\":\"Grupo Notibras de Comunica\u00e7\u00e3o\"},\"image\":{\"@id\":\"https:\/\/www.notibras.com\/site\/#\/schema\/logo\/image\/\"},\"sameAs\":[\"https:\/\/www.facebook.com\/notibras\/\",\"https:\/\/x.com\/Notibras\",\"https:\/\/www.instagram.com\/notibras\/\"]},{\"@type\":\"Person\",\"@id\":\"https:\/\/www.notibras.com\/site\/#\/schema\/person\/36ab0979449956132d3e5b517ea76ac8\",\"name\":\"Reda\u00e7\u00e3o\",\"image\":{\"@type\":\"ImageObject\",\"inLanguage\":\"pt-BR\",\"@id\":\"https:\/\/secure.gravatar.com\/avatar\/e0a867bdedb85fd243eadf09663511f96fc81e0720a4a42581f334ad4303aa6b?s=96&d=mm&r=g\",\"url\":\"https:\/\/secure.gravatar.com\/avatar\/e0a867bdedb85fd243eadf09663511f96fc81e0720a4a42581f334ad4303aa6b?s=96&d=mm&r=g\",\"contentUrl\":\"https:\/\/secure.gravatar.com\/avatar\/e0a867bdedb85fd243eadf09663511f96fc81e0720a4a42581f334ad4303aa6b?s=96&d=mm&r=g\",\"caption\":\"Reda\u00e7\u00e3o\"}}]}<\/script>\n<!-- \/ Yoast SEO plugin. -->","yoast_head_json":{"title":"Sa\u00edram os novos sal\u00e1rios do Poder. Supremo e Congresso, 33,7 mil; presidente, 30,9 mil - Notibras","robots":{"index":"index","follow":"follow","max-snippet":"max-snippet:-1","max-image-preview":"max-image-preview:large","max-video-preview":"max-video-preview:-1"},"canonical":"https:\/\/www.notibras.com\/site\/sairam-os-novos-salarios-do-poder-supremo-e-congresso-337-mil-presidente-e-ministros-309-mil\/","og_locale":"pt_BR","og_type":"article","og_title":"Sa\u00edram os novos sal\u00e1rios do Poder. Supremo e Congresso, 33,7 mil; presidente, 30,9 mil - Notibras","og_description":"Em vota\u00e7\u00f5es r\u00e1pidas e sem obstru\u00e7\u00e3o, os deputados aprovaram os projetos que reajustam os sal\u00e1rios dos ministros do Supremo Tribunal Federal (STF), procurador-geral da Rep\u00fablica, deputados, senadores, ministros de Estado, presidente e vice-presidente da Rep\u00fablica. O reajuste dos ministros do STF e da PGR come\u00e7a a vigorar em janeiro do ano que vem, enquanto o [&hellip;]","og_url":"https:\/\/www.notibras.com\/site\/sairam-os-novos-salarios-do-poder-supremo-e-congresso-337-mil-presidente-e-ministros-309-mil\/","og_site_name":"Notibras","article_publisher":"https:\/\/www.facebook.com\/notibras\/","article_published_time":"2014-12-17T21:07:22+00:00","article_modified_time":"2014-12-18T10:30:47+00:00","og_image":[{"width":473,"height":327,"url":"https:\/\/www.notibras.com\/site\/wp-content\/uploads\/2014\/12\/sm.jpg","type":"image\/jpeg"}],"author":"Reda\u00e7\u00e3o","twitter_card":"summary_large_image","twitter_creator":"@Notibras","twitter_site":"@Notibras","twitter_misc":{"Escrito por":"Reda\u00e7\u00e3o","Est. tempo de leitura":"1 minuto"},"schema":{"@context":"https:\/\/schema.org","@graph":[{"@type":"Article","@id":"https:\/\/www.notibras.com\/site\/sairam-os-novos-salarios-do-poder-supremo-e-congresso-337-mil-presidente-e-ministros-309-mil\/#article","isPartOf":{"@id":"https:\/\/www.notibras.com\/site\/sairam-os-novos-salarios-do-poder-supremo-e-congresso-337-mil-presidente-e-ministros-309-mil\/"},"author":{"name":"Reda\u00e7\u00e3o","@id":"https:\/\/www.notibras.com\/site\/#\/schema\/person\/36ab0979449956132d3e5b517ea76ac8"},"headline":"Sa\u00edram os novos sal\u00e1rios do Poder. Supremo e Congresso, 33,7 mil; presidente, 30,9 mil","datePublished":"2014-12-17T21:07:22+00:00","dateModified":"2014-12-18T10:30:47+00:00","mainEntityOfPage":{"@id":"https:\/\/www.notibras.com\/site\/sairam-os-novos-salarios-do-poder-supremo-e-congresso-337-mil-presidente-e-ministros-309-mil\/"},"wordCount":187,"commentCount":0,"publisher":{"@id":"https:\/\/www.notibras.com\/site\/#organization"},"image":{"@id":"https:\/\/www.notibras.com\/site\/sairam-os-novos-salarios-do-poder-supremo-e-congresso-337-mil-presidente-e-ministros-309-mil\/#primaryimage"},"thumbnailUrl":"https:\/\/www.notibras.com\/site\/wp-content\/uploads\/2014\/12\/sm.jpg","articleSection":["Brasil"],"inLanguage":"pt-BR","potentialAction":[{"@type":"CommentAction","name":"Comment","target":["https:\/\/www.notibras.com\/site\/sairam-os-novos-salarios-do-poder-supremo-e-congresso-337-mil-presidente-e-ministros-309-mil\/#respond"]}]},{"@type":"WebPage","@id":"https:\/\/www.notibras.com\/site\/sairam-os-novos-salarios-do-poder-supremo-e-congresso-337-mil-presidente-e-ministros-309-mil\/","url":"https:\/\/www.notibras.com\/site\/sairam-os-novos-salarios-do-poder-supremo-e-congresso-337-mil-presidente-e-ministros-309-mil\/","name":"Sa\u00edram os novos sal\u00e1rios do Poder. Supremo e Congresso, 33,7 mil; presidente, 30,9 mil - Notibras","isPartOf":{"@id":"https:\/\/www.notibras.com\/site\/#website"},"primaryImageOfPage":{"@id":"https:\/\/www.notibras.com\/site\/sairam-os-novos-salarios-do-poder-supremo-e-congresso-337-mil-presidente-e-ministros-309-mil\/#primaryimage"},"image":{"@id":"https:\/\/www.notibras.com\/site\/sairam-os-novos-salarios-do-poder-supremo-e-congresso-337-mil-presidente-e-ministros-309-mil\/#primaryimage"},"thumbnailUrl":"https:\/\/www.notibras.com\/site\/wp-content\/uploads\/2014\/12\/sm.jpg","datePublished":"2014-12-17T21:07:22+00:00","dateModified":"2014-12-18T10:30:47+00:00","breadcrumb":{"@id":"https:\/\/www.notibras.com\/site\/sairam-os-novos-salarios-do-poder-supremo-e-congresso-337-mil-presidente-e-ministros-309-mil\/#breadcrumb"},"inLanguage":"pt-BR","potentialAction":[{"@type":"ReadAction","target":["https:\/\/www.notibras.com\/site\/sairam-os-novos-salarios-do-poder-supremo-e-congresso-337-mil-presidente-e-ministros-309-mil\/"]}]},{"@type":"ImageObject","inLanguage":"pt-BR","@id":"https:\/\/www.notibras.com\/site\/sairam-os-novos-salarios-do-poder-supremo-e-congresso-337-mil-presidente-e-ministros-309-mil\/#primaryimage","url":"https:\/\/www.notibras.com\/site\/wp-content\/uploads\/2014\/12\/sm.jpg","contentUrl":"https:\/\/www.notibras.com\/site\/wp-content\/uploads\/2014\/12\/sm.jpg","width":473,"height":327},{"@type":"BreadcrumbList","@id":"https:\/\/www.notibras.com\/site\/sairam-os-novos-salarios-do-poder-supremo-e-congresso-337-mil-presidente-e-ministros-309-mil\/#breadcrumb","itemListElement":[{"@type":"ListItem","position":1,"name":"In\u00edcio","item":"https:\/\/www.notibras.com\/site\/"},{"@type":"ListItem","position":2,"name":"Sa\u00edram os novos sal\u00e1rios do Poder. Supremo e Congresso, 33,7 mil; presidente, 30,9 mil"}]},{"@type":"WebSite","@id":"https:\/\/www.notibras.com\/site\/#website","url":"https:\/\/www.notibras.com\/site\/","name":"Notibras","description":"Not\u00edcias de Bras\u00edlia, do Brasil e do Mundo","publisher":{"@id":"https:\/\/www.notibras.com\/site\/#organization"},"potentialAction":[{"@type":"SearchAction","target":{"@type":"EntryPoint","urlTemplate":"https:\/\/www.notibras.com\/site\/?s={search_term_string}"},"query-input":{"@type":"PropertyValueSpecification","valueRequired":true,"valueName":"search_term_string"}}],"inLanguage":"pt-BR"},{"@type":"Organization","@id":"https:\/\/www.notibras.com\/site\/#organization","name":"Grupo Notibras de Comunica\u00e7\u00e3o","url":"https:\/\/www.notibras.com\/site\/","logo":{"@type":"ImageObject","inLanguage":"pt-BR","@id":"https:\/\/www.notibras.com\/site\/#\/schema\/logo\/image\/","url":"https:\/\/www.notibras.com\/site\/wp-content\/uploads\/2023\/01\/notibras23.png","contentUrl":"https:\/\/www.notibras.com\/site\/wp-content\/uploads\/2023\/01\/notibras23.png","width":350,"height":87,"caption":"Grupo Notibras de Comunica\u00e7\u00e3o"},"image":{"@id":"https:\/\/www.notibras.com\/site\/#\/schema\/logo\/image\/"},"sameAs":["https:\/\/www.facebook.com\/notibras\/","https:\/\/x.com\/Notibras","https:\/\/www.instagram.com\/notibras\/"]},{"@type":"Person","@id":"https:\/\/www.notibras.com\/site\/#\/schema\/person\/36ab0979449956132d3e5b517ea76ac8","name":"Reda\u00e7\u00e3o","image":{"@type":"ImageObject","inLanguage":"pt-BR","@id":"https:\/\/secure.gravatar.com\/avatar\/e0a867bdedb85fd243eadf09663511f96fc81e0720a4a42581f334ad4303aa6b?s=96&d=mm&r=g","url":"https:\/\/secure.gravatar.com\/avatar\/e0a867bdedb85fd243eadf09663511f96fc81e0720a4a42581f334ad4303aa6b?s=96&d=mm&r=g","contentUrl":"https:\/\/secure.gravatar.com\/avatar\/e0a867bdedb85fd243eadf09663511f96fc81e0720a4a42581f334ad4303aa6b?s=96&d=mm&r=g","caption":"Reda\u00e7\u00e3o"}}]}},"amp_enabled":true,"_links":{"self":[{"href":"https:\/\/www.notibras.com\/site\/wp-json\/wp\/v2\/posts\/31480","targetHints":{"allow":["GET"]}}],"collection":[{"href":"https:\/\/www.notibras.com\/site\/wp-json\/wp\/v2\/posts"}],"about":[{"href":"https:\/\/www.notibras.com\/site\/wp-json\/wp\/v2\/types\/post"}],"author":[{"embeddable":true,"href":"https:\/\/www.notibras.com\/site\/wp-json\/wp\/v2\/users\/2"}],"replies":[{"embeddable":true,"href":"https:\/\/www.notibras.com\/site\/wp-json\/wp\/v2\/comments?post=31480"}],"version-history":[{"count":0,"href":"https:\/\/www.notibras.com\/site\/wp-json\/wp\/v2\/posts\/31480\/revisions"}],"wp:featuredmedia":[{"embeddable":true,"href":"https:\/\/www.notibras.com\/site\/wp-json\/wp\/v2\/media\/31481"}],"wp:attachment":[{"href":"https:\/\/www.notibras.com\/site\/wp-json\/wp\/v2\/media?parent=31480"}],"wp:term":[{"taxonomy":"category","embeddable":true,"href":"https:\/\/www.notibras.com\/site\/wp-json\/wp\/v2\/categories?post=31480"},{"taxonomy":"post_tag","embeddable":true,"href":"https:\/\/www.notibras.com\/site\/wp-json\/wp\/v2\/tags?post=31480"}],"curies":[{"name":"wp","href":"https:\/\/api.w.org\/{rel}","templated":true}]}}