{"id":31487,"date":"2014-12-17T23:02:22","date_gmt":"2014-12-18T02:02:22","guid":{"rendered":"http:\/\/www.notibras.com\/site\/?p=31487"},"modified":"2014-12-17T23:02:22","modified_gmt":"2014-12-18T02:02:22","slug":"facebook-e-a-meteorica-ascensao-do-desconhecido-vice-governador","status":"publish","type":"post","link":"https:\/\/www.notibras.com\/site\/facebook-e-a-meteorica-ascensao-do-desconhecido-vice-governador\/","title":{"rendered":"Facebook e a mete\u00f3rica ascens\u00e3o do desconhecido vice-governador"},"content":{"rendered":"<p>Em tempos de redes sociais, o agora vice-governador Renato Santana se deu muito bem. Quem o acompanha h\u00e1 algum tempo no facebook, por exemplo, percebeu sua r\u00e1pida populariza\u00e7\u00e3o. Antes de definirem seu nome na chapa de Rollemberg, suas postagens eram agraciadas com poucas curtidas. Hoje, depois de eleito, seus \u201cbons dias\u201d ou qualquer foto do descaso do atual GDF passam de 700 <em>likes<\/em>. Morador de Ceil\u00e2ndia, seus eleitores esperam agora para curtir sua gest\u00e3o com o Rollemberg.<\/p>\n","protected":false},"excerpt":{"rendered":"<p>Em tempos de redes sociais, o agora vice-governador Renato Santana se deu muito bem. Quem o acompanha h\u00e1 algum tempo no facebook, por exemplo, percebeu sua r\u00e1pida populariza\u00e7\u00e3o. Antes de definirem seu nome na chapa de Rollemberg, suas postagens eram agraciadas com poucas curtidas. Hoje, depois de eleito, seus \u201cbons dias\u201d ou qualquer foto do [&hellip;]<\/p>\n","protected":false},"author":1,"featured_media":31488,"comment_status":"open","ping_status":"closed","sticky":false,"template":"","format":"standard","meta":{"_acf_changed":false,"footnotes":""},"categories":[26],"tags":[],"class_list":["post-31487","post","type-post","status-publish","format-standard","has-post-thumbnail","hentry","category-eleicoes-2022"],"acf":[],"yoast_head":"<!-- This site is optimized with the Yoast SEO plugin v27.2 - https:\/\/yoast.com\/product\/yoast-seo-wordpress\/ -->\n<title>Facebook e a mete\u00f3rica ascens\u00e3o do desconhecido vice-governador - Notibras<\/title>\n<meta name=\"robots\" content=\"index, follow, max-snippet:-1, max-image-preview:large, max-video-preview:-1\" \/>\n<link rel=\"canonical\" href=\"https:\/\/www.notibras.com\/site\/facebook-e-a-meteorica-ascensao-do-desconhecido-vice-governador\/\" \/>\n<meta property=\"og:locale\" content=\"pt_BR\" \/>\n<meta property=\"og:type\" content=\"article\" \/>\n<meta property=\"og:title\" content=\"Facebook e a mete\u00f3rica ascens\u00e3o do desconhecido vice-governador - Notibras\" \/>\n<meta property=\"og:description\" content=\"Em tempos de redes sociais, o agora vice-governador Renato Santana se deu muito bem. Quem o acompanha h\u00e1 algum tempo no facebook, por exemplo, percebeu sua r\u00e1pida populariza\u00e7\u00e3o. Antes de definirem seu nome na chapa de Rollemberg, suas postagens eram agraciadas com poucas curtidas. Hoje, depois de eleito, seus \u201cbons dias\u201d ou qualquer foto do [&hellip;]\" \/>\n<meta property=\"og:url\" content=\"https:\/\/www.notibras.com\/site\/facebook-e-a-meteorica-ascensao-do-desconhecido-vice-governador\/\" \/>\n<meta property=\"og:site_name\" content=\"Notibras\" \/>\n<meta property=\"article:publisher\" content=\"https:\/\/www.facebook.com\/notibras\/\" \/>\n<meta property=\"article:published_time\" content=\"2014-12-18T02:02:22+00:00\" \/>\n<meta property=\"og:image\" content=\"https:\/\/www.notibras.com\/site\/wp-content\/uploads\/2014\/12\/renato-santana.jpg\" \/>\n\t<meta property=\"og:image:width\" content=\"960\" \/>\n\t<meta property=\"og:image:height\" content=\"720\" \/>\n\t<meta property=\"og:image:type\" content=\"image\/jpeg\" \/>\n<meta name=\"author\" content=\"Reda\u00e7\u00e3o\" \/>\n<meta name=\"twitter:card\" content=\"summary_large_image\" \/>\n<meta name=\"twitter:creator\" content=\"@Notibras\" \/>\n<meta name=\"twitter:site\" content=\"@Notibras\" \/>\n<meta name=\"twitter:label1\" content=\"Escrito por\" \/>\n\t<meta name=\"twitter:data1\" content=\"Reda\u00e7\u00e3o\" \/>\n<script type=\"application\/ld+json\" class=\"yoast-schema-graph\">{\"@context\":\"https:\/\/schema.org\",\"@graph\":[{\"@type\":\"Article\",\"@id\":\"https:\/\/www.notibras.com\/site\/facebook-e-a-meteorica-ascensao-do-desconhecido-vice-governador\/#article\",\"isPartOf\":{\"@id\":\"https:\/\/www.notibras.com\/site\/facebook-e-a-meteorica-ascensao-do-desconhecido-vice-governador\/\"},\"author\":{\"name\":\"Reda\u00e7\u00e3o\",\"@id\":\"https:\/\/www.notibras.com\/site\/#\/schema\/person\/00b8e1aa08f9ef6563e878c5159d01cf\"},\"headline\":\"Facebook e a mete\u00f3rica ascens\u00e3o do desconhecido vice-governador\",\"datePublished\":\"2014-12-18T02:02:22+00:00\",\"mainEntityOfPage\":{\"@id\":\"https:\/\/www.notibras.com\/site\/facebook-e-a-meteorica-ascensao-do-desconhecido-vice-governador\/\"},\"wordCount\":90,\"commentCount\":0,\"publisher\":{\"@id\":\"https:\/\/www.notibras.com\/site\/#organization\"},\"image\":{\"@id\":\"https:\/\/www.notibras.com\/site\/facebook-e-a-meteorica-ascensao-do-desconhecido-vice-governador\/#primaryimage\"},\"thumbnailUrl\":\"https:\/\/www.notibras.com\/site\/wp-content\/uploads\/2014\/12\/renato-santana.jpg\",\"articleSection\":[\"Elei\u00e7\u00f5es 2022\"],\"inLanguage\":\"pt-BR\",\"potentialAction\":[{\"@type\":\"CommentAction\",\"name\":\"Comment\",\"target\":[\"https:\/\/www.notibras.com\/site\/facebook-e-a-meteorica-ascensao-do-desconhecido-vice-governador\/#respond\"]}]},{\"@type\":\"WebPage\",\"@id\":\"https:\/\/www.notibras.com\/site\/facebook-e-a-meteorica-ascensao-do-desconhecido-vice-governador\/\",\"url\":\"https:\/\/www.notibras.com\/site\/facebook-e-a-meteorica-ascensao-do-desconhecido-vice-governador\/\",\"name\":\"Facebook e a mete\u00f3rica ascens\u00e3o do desconhecido vice-governador - Notibras\",\"isPartOf\":{\"@id\":\"https:\/\/www.notibras.com\/site\/#website\"},\"primaryImageOfPage\":{\"@id\":\"https:\/\/www.notibras.com\/site\/facebook-e-a-meteorica-ascensao-do-desconhecido-vice-governador\/#primaryimage\"},\"image\":{\"@id\":\"https:\/\/www.notibras.com\/site\/facebook-e-a-meteorica-ascensao-do-desconhecido-vice-governador\/#primaryimage\"},\"thumbnailUrl\":\"https:\/\/www.notibras.com\/site\/wp-content\/uploads\/2014\/12\/renato-santana.jpg\",\"datePublished\":\"2014-12-18T02:02:22+00:00\",\"breadcrumb\":{\"@id\":\"https:\/\/www.notibras.com\/site\/facebook-e-a-meteorica-ascensao-do-desconhecido-vice-governador\/#breadcrumb\"},\"inLanguage\":\"pt-BR\",\"potentialAction\":[{\"@type\":\"ReadAction\",\"target\":[\"https:\/\/www.notibras.com\/site\/facebook-e-a-meteorica-ascensao-do-desconhecido-vice-governador\/\"]}]},{\"@type\":\"ImageObject\",\"inLanguage\":\"pt-BR\",\"@id\":\"https:\/\/www.notibras.com\/site\/facebook-e-a-meteorica-ascensao-do-desconhecido-vice-governador\/#primaryimage\",\"url\":\"https:\/\/www.notibras.com\/site\/wp-content\/uploads\/2014\/12\/renato-santana.jpg\",\"contentUrl\":\"https:\/\/www.notibras.com\/site\/wp-content\/uploads\/2014\/12\/renato-santana.jpg\",\"width\":960,\"height\":720,\"caption\":\"Facebook\"},{\"@type\":\"BreadcrumbList\",\"@id\":\"https:\/\/www.notibras.com\/site\/facebook-e-a-meteorica-ascensao-do-desconhecido-vice-governador\/#breadcrumb\",\"itemListElement\":[{\"@type\":\"ListItem\",\"position\":1,\"name\":\"In\u00edcio\",\"item\":\"https:\/\/www.notibras.com\/site\/\"},{\"@type\":\"ListItem\",\"position\":2,\"name\":\"Facebook e a mete\u00f3rica ascens\u00e3o do desconhecido vice-governador\"}]},{\"@type\":\"WebSite\",\"@id\":\"https:\/\/www.notibras.com\/site\/#website\",\"url\":\"https:\/\/www.notibras.com\/site\/\",\"name\":\"Notibras\",\"description\":\"Not\u00edcias de Bras\u00edlia, do Brasil e do Mundo\",\"publisher\":{\"@id\":\"https:\/\/www.notibras.com\/site\/#organization\"},\"potentialAction\":[{\"@type\":\"SearchAction\",\"target\":{\"@type\":\"EntryPoint\",\"urlTemplate\":\"https:\/\/www.notibras.com\/site\/?s={search_term_string}\"},\"query-input\":{\"@type\":\"PropertyValueSpecification\",\"valueRequired\":true,\"valueName\":\"search_term_string\"}}],\"inLanguage\":\"pt-BR\"},{\"@type\":\"Organization\",\"@id\":\"https:\/\/www.notibras.com\/site\/#organization\",\"name\":\"Grupo Notibras de Comunica\u00e7\u00e3o\",\"url\":\"https:\/\/www.notibras.com\/site\/\",\"logo\":{\"@type\":\"ImageObject\",\"inLanguage\":\"pt-BR\",\"@id\":\"https:\/\/www.notibras.com\/site\/#\/schema\/logo\/image\/\",\"url\":\"https:\/\/www.notibras.com\/site\/wp-content\/uploads\/2023\/01\/notibras23.png\",\"contentUrl\":\"https:\/\/www.notibras.com\/site\/wp-content\/uploads\/2023\/01\/notibras23.png\",\"width\":350,\"height\":87,\"caption\":\"Grupo Notibras de Comunica\u00e7\u00e3o\"},\"image\":{\"@id\":\"https:\/\/www.notibras.com\/site\/#\/schema\/logo\/image\/\"},\"sameAs\":[\"https:\/\/www.facebook.com\/notibras\/\",\"https:\/\/x.com\/Notibras\",\"https:\/\/www.instagram.com\/notibras\/\"]},{\"@type\":\"Person\",\"@id\":\"https:\/\/www.notibras.com\/site\/#\/schema\/person\/00b8e1aa08f9ef6563e878c5159d01cf\",\"name\":\"Reda\u00e7\u00e3o\",\"image\":{\"@type\":\"ImageObject\",\"inLanguage\":\"pt-BR\",\"@id\":\"https:\/\/secure.gravatar.com\/avatar\/ac5a707d5b47784a5ed426c6e213e201423c750890f64e4c379114dade67dfb9?s=96&d=mm&r=g\",\"url\":\"https:\/\/secure.gravatar.com\/avatar\/ac5a707d5b47784a5ed426c6e213e201423c750890f64e4c379114dade67dfb9?s=96&d=mm&r=g\",\"contentUrl\":\"https:\/\/secure.gravatar.com\/avatar\/ac5a707d5b47784a5ed426c6e213e201423c750890f64e4c379114dade67dfb9?s=96&d=mm&r=g\",\"caption\":\"Reda\u00e7\u00e3o\"}}]}<\/script>\n<!-- \/ Yoast SEO plugin. -->","yoast_head_json":{"title":"Facebook e a mete\u00f3rica ascens\u00e3o do desconhecido vice-governador - Notibras","robots":{"index":"index","follow":"follow","max-snippet":"max-snippet:-1","max-image-preview":"max-image-preview:large","max-video-preview":"max-video-preview:-1"},"canonical":"https:\/\/www.notibras.com\/site\/facebook-e-a-meteorica-ascensao-do-desconhecido-vice-governador\/","og_locale":"pt_BR","og_type":"article","og_title":"Facebook e a mete\u00f3rica ascens\u00e3o do desconhecido vice-governador - Notibras","og_description":"Em tempos de redes sociais, o agora vice-governador Renato Santana se deu muito bem. Quem o acompanha h\u00e1 algum tempo no facebook, por exemplo, percebeu sua r\u00e1pida populariza\u00e7\u00e3o. Antes de definirem seu nome na chapa de Rollemberg, suas postagens eram agraciadas com poucas curtidas. Hoje, depois de eleito, seus \u201cbons dias\u201d ou qualquer foto do [&hellip;]","og_url":"https:\/\/www.notibras.com\/site\/facebook-e-a-meteorica-ascensao-do-desconhecido-vice-governador\/","og_site_name":"Notibras","article_publisher":"https:\/\/www.facebook.com\/notibras\/","article_published_time":"2014-12-18T02:02:22+00:00","og_image":[{"width":960,"height":720,"url":"https:\/\/www.notibras.com\/site\/wp-content\/uploads\/2014\/12\/renato-santana.jpg","type":"image\/jpeg"}],"author":"Reda\u00e7\u00e3o","twitter_card":"summary_large_image","twitter_creator":"@Notibras","twitter_site":"@Notibras","twitter_misc":{"Escrito por":"Reda\u00e7\u00e3o"},"schema":{"@context":"https:\/\/schema.org","@graph":[{"@type":"Article","@id":"https:\/\/www.notibras.com\/site\/facebook-e-a-meteorica-ascensao-do-desconhecido-vice-governador\/#article","isPartOf":{"@id":"https:\/\/www.notibras.com\/site\/facebook-e-a-meteorica-ascensao-do-desconhecido-vice-governador\/"},"author":{"name":"Reda\u00e7\u00e3o","@id":"https:\/\/www.notibras.com\/site\/#\/schema\/person\/00b8e1aa08f9ef6563e878c5159d01cf"},"headline":"Facebook e a mete\u00f3rica ascens\u00e3o do desconhecido vice-governador","datePublished":"2014-12-18T02:02:22+00:00","mainEntityOfPage":{"@id":"https:\/\/www.notibras.com\/site\/facebook-e-a-meteorica-ascensao-do-desconhecido-vice-governador\/"},"wordCount":90,"commentCount":0,"publisher":{"@id":"https:\/\/www.notibras.com\/site\/#organization"},"image":{"@id":"https:\/\/www.notibras.com\/site\/facebook-e-a-meteorica-ascensao-do-desconhecido-vice-governador\/#primaryimage"},"thumbnailUrl":"https:\/\/www.notibras.com\/site\/wp-content\/uploads\/2014\/12\/renato-santana.jpg","articleSection":["Elei\u00e7\u00f5es 2022"],"inLanguage":"pt-BR","potentialAction":[{"@type":"CommentAction","name":"Comment","target":["https:\/\/www.notibras.com\/site\/facebook-e-a-meteorica-ascensao-do-desconhecido-vice-governador\/#respond"]}]},{"@type":"WebPage","@id":"https:\/\/www.notibras.com\/site\/facebook-e-a-meteorica-ascensao-do-desconhecido-vice-governador\/","url":"https:\/\/www.notibras.com\/site\/facebook-e-a-meteorica-ascensao-do-desconhecido-vice-governador\/","name":"Facebook e a mete\u00f3rica ascens\u00e3o do desconhecido vice-governador - Notibras","isPartOf":{"@id":"https:\/\/www.notibras.com\/site\/#website"},"primaryImageOfPage":{"@id":"https:\/\/www.notibras.com\/site\/facebook-e-a-meteorica-ascensao-do-desconhecido-vice-governador\/#primaryimage"},"image":{"@id":"https:\/\/www.notibras.com\/site\/facebook-e-a-meteorica-ascensao-do-desconhecido-vice-governador\/#primaryimage"},"thumbnailUrl":"https:\/\/www.notibras.com\/site\/wp-content\/uploads\/2014\/12\/renato-santana.jpg","datePublished":"2014-12-18T02:02:22+00:00","breadcrumb":{"@id":"https:\/\/www.notibras.com\/site\/facebook-e-a-meteorica-ascensao-do-desconhecido-vice-governador\/#breadcrumb"},"inLanguage":"pt-BR","potentialAction":[{"@type":"ReadAction","target":["https:\/\/www.notibras.com\/site\/facebook-e-a-meteorica-ascensao-do-desconhecido-vice-governador\/"]}]},{"@type":"ImageObject","inLanguage":"pt-BR","@id":"https:\/\/www.notibras.com\/site\/facebook-e-a-meteorica-ascensao-do-desconhecido-vice-governador\/#primaryimage","url":"https:\/\/www.notibras.com\/site\/wp-content\/uploads\/2014\/12\/renato-santana.jpg","contentUrl":"https:\/\/www.notibras.com\/site\/wp-content\/uploads\/2014\/12\/renato-santana.jpg","width":960,"height":720,"caption":"Facebook"},{"@type":"BreadcrumbList","@id":"https:\/\/www.notibras.com\/site\/facebook-e-a-meteorica-ascensao-do-desconhecido-vice-governador\/#breadcrumb","itemListElement":[{"@type":"ListItem","position":1,"name":"In\u00edcio","item":"https:\/\/www.notibras.com\/site\/"},{"@type":"ListItem","position":2,"name":"Facebook e a mete\u00f3rica ascens\u00e3o do desconhecido vice-governador"}]},{"@type":"WebSite","@id":"https:\/\/www.notibras.com\/site\/#website","url":"https:\/\/www.notibras.com\/site\/","name":"Notibras","description":"Not\u00edcias de Bras\u00edlia, do Brasil e do Mundo","publisher":{"@id":"https:\/\/www.notibras.com\/site\/#organization"},"potentialAction":[{"@type":"SearchAction","target":{"@type":"EntryPoint","urlTemplate":"https:\/\/www.notibras.com\/site\/?s={search_term_string}"},"query-input":{"@type":"PropertyValueSpecification","valueRequired":true,"valueName":"search_term_string"}}],"inLanguage":"pt-BR"},{"@type":"Organization","@id":"https:\/\/www.notibras.com\/site\/#organization","name":"Grupo Notibras de Comunica\u00e7\u00e3o","url":"https:\/\/www.notibras.com\/site\/","logo":{"@type":"ImageObject","inLanguage":"pt-BR","@id":"https:\/\/www.notibras.com\/site\/#\/schema\/logo\/image\/","url":"https:\/\/www.notibras.com\/site\/wp-content\/uploads\/2023\/01\/notibras23.png","contentUrl":"https:\/\/www.notibras.com\/site\/wp-content\/uploads\/2023\/01\/notibras23.png","width":350,"height":87,"caption":"Grupo Notibras de Comunica\u00e7\u00e3o"},"image":{"@id":"https:\/\/www.notibras.com\/site\/#\/schema\/logo\/image\/"},"sameAs":["https:\/\/www.facebook.com\/notibras\/","https:\/\/x.com\/Notibras","https:\/\/www.instagram.com\/notibras\/"]},{"@type":"Person","@id":"https:\/\/www.notibras.com\/site\/#\/schema\/person\/00b8e1aa08f9ef6563e878c5159d01cf","name":"Reda\u00e7\u00e3o","image":{"@type":"ImageObject","inLanguage":"pt-BR","@id":"https:\/\/secure.gravatar.com\/avatar\/ac5a707d5b47784a5ed426c6e213e201423c750890f64e4c379114dade67dfb9?s=96&d=mm&r=g","url":"https:\/\/secure.gravatar.com\/avatar\/ac5a707d5b47784a5ed426c6e213e201423c750890f64e4c379114dade67dfb9?s=96&d=mm&r=g","contentUrl":"https:\/\/secure.gravatar.com\/avatar\/ac5a707d5b47784a5ed426c6e213e201423c750890f64e4c379114dade67dfb9?s=96&d=mm&r=g","caption":"Reda\u00e7\u00e3o"}}]}},"amp_enabled":true,"_links":{"self":[{"href":"https:\/\/www.notibras.com\/site\/wp-json\/wp\/v2\/posts\/31487","targetHints":{"allow":["GET"]}}],"collection":[{"href":"https:\/\/www.notibras.com\/site\/wp-json\/wp\/v2\/posts"}],"about":[{"href":"https:\/\/www.notibras.com\/site\/wp-json\/wp\/v2\/types\/post"}],"author":[{"embeddable":true,"href":"https:\/\/www.notibras.com\/site\/wp-json\/wp\/v2\/users\/1"}],"replies":[{"embeddable":true,"href":"https:\/\/www.notibras.com\/site\/wp-json\/wp\/v2\/comments?post=31487"}],"version-history":[{"count":0,"href":"https:\/\/www.notibras.com\/site\/wp-json\/wp\/v2\/posts\/31487\/revisions"}],"wp:featuredmedia":[{"embeddable":true,"href":"https:\/\/www.notibras.com\/site\/wp-json\/wp\/v2\/media\/31488"}],"wp:attachment":[{"href":"https:\/\/www.notibras.com\/site\/wp-json\/wp\/v2\/media?parent=31487"}],"wp:term":[{"taxonomy":"category","embeddable":true,"href":"https:\/\/www.notibras.com\/site\/wp-json\/wp\/v2\/categories?post=31487"},{"taxonomy":"post_tag","embeddable":true,"href":"https:\/\/www.notibras.com\/site\/wp-json\/wp\/v2\/tags?post=31487"}],"curies":[{"name":"wp","href":"https:\/\/api.w.org\/{rel}","templated":true}]}}