{"id":314882,"date":"2023-10-18T00:00:31","date_gmt":"2023-10-18T03:00:31","guid":{"rendered":"https:\/\/www.notibras.com\/site\/?p=314882"},"modified":"2023-10-18T06:27:17","modified_gmt":"2023-10-18T09:27:17","slug":"jovens-deixam-brasilia-apos-debater-as-lutas-sociais","status":"publish","type":"post","link":"https:\/\/www.notibras.com\/site\/jovens-deixam-brasilia-apos-debater-as-lutas-sociais\/","title":{"rendered":"Jovens deixam Bras\u00edlia ap\u00f3s debater as lutas sociais"},"content":{"rendered":"<p>Os cerca de 2 mil jovens representantes de movimentos sociais que participaram do Acampamento da Juventude em Luta, por Terra e Soberania Popular, organizado pela Via Campesina Brasil, deixaram Bras\u00edlia no final de ter\u00e7a-feira, 17, com destino a suas cidades de origem. No \u00faltimo dia do evento, o tema foi \u201cA Juventude e a luta ambiental: por terra e soberania popular estamos aqui!\u201d.<\/p>\n<p>No encontro, as debatedoras discutiram a l\u00f3gica capitalista, a distor\u00e7\u00e3o da proposta do mercado de carbono e a necessidade de fortalecer a chamada economia verde, com a verdadeira inclus\u00e3o de camponeses, povos ind\u00edgenas e comunidades tradicionais para redu\u00e7\u00e3o das desigualdades sociais.<\/p>\n<p>\u201cNesse per\u00edodo, acompanhamos, o crescimento dos agrocombust\u00edveis, monoculturas, transg\u00eanicos e temos visto, cada vez mais, o crescimento de projetos de neutraliza\u00e7\u00e3o de carbono que impedem que as comunidades usem os territ\u00f3rios e que trazem esquemas de vigil\u00e2ncia nessas localidades\u201d, observa Camila Moreno, membro do grupo Carta de Bel\u00e9m.<\/p>\n<p>Em sua fala, Renata Menezes, da dire\u00e7\u00e3o nacional do Coletivo de Juventude do Movimento dos Trabalhadores Rurais Sem Terra (MST), defendeu que a classe trabalhadora precisa retomar as lutas de massa no pa\u00eds. \u201cNeste momento, \u00e9 a juventude que vai ser ponta de lan\u00e7a na crise que est\u00e1 posta, nas diferentes express\u00f5es. Ela est\u00e1 no debate em torno da crise ambiental, de conclus\u00e3o de um projeto que permita a soberania popular se constituir.\u201d Renata Menezes faz um balan\u00e7o de avan\u00e7os obtidos a partir da mobiliza\u00e7\u00e3o dos jovens. \u201cN\u00f3s avan\u00e7amos na perspectiva revolucion\u00e1ria do que \u00e9 o poder popular, a partir dos nossos territ\u00f3rios, a partir da organiza\u00e7\u00e3o do topo das cidades, da defesa dos bens comuns, do combate \u00e0 fome e da vida da juventude como prioridades para que os pr\u00f3ximos que vir\u00e3o n\u00e3o tenham que encontrar as condi\u00e7\u00f5es de hoje\u201d.<\/p>\n<p>Na mesma roda de conversa, a coordenadora executiva das Organiza\u00e7\u00f5es Ind\u00edgenas da Amaz\u00f4nia Brasileira (Coiab), Marciely Ayap Tupari, enumerou viola\u00e7\u00f5es e press\u00f5es sofridas dentro dos territ\u00f3rios ind\u00edgenas. Marciely destacou que a participa\u00e7\u00e3o no encontro serve para fortalecer a juventude, uni-la e somar for\u00e7as na luta por direitos. \u201cSe hoje a gente tem direitos garantidos, \u00e9 porque se mobiliza, vai \u00e0 luta e n\u00e3o espera sentado. Agora, temos que lutar da mesma forma que eles est\u00e3o lutando: com a caneta e papel. Porque a gente sabe que muitas coisas envolvem quest\u00f5es pol\u00edticas. E precisamos ficar atentos a isso\u201d.<\/p>\n<p><strong>Mais vozes<\/strong><br \/>\nDesde sexta-feira (13), os participantes do Acampamento da Juventude, em Bras\u00edlia, estiveram imersos em discuss\u00f5es sobre diversos temas, em uma grande tenda. Nessa troca de experi\u00eancias, eles tentam conscientizar e formar opini\u00f5es sobre o enfrentamento das mudan\u00e7as clim\u00e1ticas e outras quest\u00f5es ambientais; combate \u00e0 homofobia e ao racismo; igualdade de g\u00eanero; consequ\u00eancias da diminui\u00e7\u00e3o de territ\u00f3rios preservados; demarca\u00e7\u00e3o de terras; sustentabilidade, a educa\u00e7\u00e3o, mesmo longe dos grandes centros urbanos; a perman\u00eancia dos jovens no campo ou retorno deles a seus territ\u00f3rios.<\/p>\n<p>Daniel Souza, da Coordena\u00e7\u00e3o do Coletivo Nacional de Juventude do Movimento dos Pequenos Agricultores (MPA), tem 24 anos e entende que o momento \u00e9 de mais di\u00e1logo com o atual governo federal, mas, que a luta por direitos \u00e9 cont\u00ednua. \u201cTem essa possibilidade de di\u00e1logo [governo federal]. Pelo menos, nos recebem para conversar e negociar as pautas da juventude, do campesinato. Mas, tem a tens\u00e3o da luta de classes. Porque a juventude camponesa, os movimentos sociais t\u00eam essa fun\u00e7\u00e3o. N\u00f3s n\u00e3o somos submetidos a nenhum tipo de governo. Por mais que a gente apoie, temos a nossa autonomia como movimento social. Vamos pressionar o governo para ter as nossas condi\u00e7\u00f5es.\u201d<\/p>\n<p>A representante do Movimento pela Soberania Popular na Minera\u00e7\u00e3o (MAM) \u2013 Brasil Raiara Pires disse que luta, desde os 14 anos, em Minas Gerais, para que as popula\u00e7\u00f5es impactadas pela destrui\u00e7\u00e3o do meio ambiente, provocada pela minera\u00e7\u00e3o, sejam ouvidas sobre a cria\u00e7\u00e3o de alternativas econ\u00f4micas para garantir a sobrevida digna. \u201cHistoricamente, a institucionalidade sempre foi muito blindada para participa\u00e7\u00e3o popular. E contra todos aqueles campesinos, ribeirinhos e quilombolas que estavam em territ\u00f3rios, cujo subsolo tem riquezas cobi\u00e7adas por empresas transnacionais, h\u00e1 uma correla\u00e7\u00e3o de for\u00e7as ali que nos desfavorece.\u201d<\/p>\n<p>A pernambucana de 27 anos Daiane Ara\u00fajo, vice-presidente da Uni\u00e3o Nacional dos Estudantes (UNE), ressaltou que mesmo com tanta diversidade nas reivindica\u00e7\u00f5es e origens distintas, h\u00e1 pontos de converg\u00eancia na viv\u00eancia dos presentes ao encontro. \u201cEm comum, somos a juventude da classe trabalhadora que acredita na transforma\u00e7\u00e3o da realidade a partir da luta. Precisamos mudar esse sistema que est\u00e1 colocado, que nos expulsa do campo e das escolas, que sucateia a universidade e faz com que a gente tamb\u00e9m n\u00e3o esteja nesse espa\u00e7o. E ainda, [o sistema] que precariza o trabalho ou que n\u00e3o oferece trabalho para a juventude que, sem d\u00favida, \u00e9 a mais afetada pelo subemprego\u201d.<\/p>\n<p>As quest\u00f5es do preconceito e da viol\u00eancia contra trabalhadores do campo, devido \u00e0 orienta\u00e7\u00e3o sexual e identidade de g\u00eanero, foram tamb\u00e9m debatidas por participantes do acampamento, que tem penduradas diversas bandeiras do arco-\u00edris, s\u00edmbolo do movimento LGBTQIA+ (l\u00e9sbicas, gays, bissexuais, transexuais, queer, intersexuais, assexuais e demais orienta\u00e7\u00f5es e identidades de g\u00eanero).<\/p>\n<p>Kevin Nicolas, integrante do Coletivo LGBT do MST, combate a LGBTfobia e batalha pela liberdade dos corpos. Para ele, \u00e9 preciso entender a diversidade de quem luta pelas causas campesinas. \u201cAs formas de violentar nossos corpos sempre estiveram em pauta na sociedade como um todo, sempre foram um ato de comemora\u00e7\u00e3o para os que organizam a morte daqueles que se permitem amar na plenitude. Nessa onda extremista, h\u00e1 um processo de fazer com que nossa exist\u00eancia seja cada vez mais retirada\u201d.<\/p>\n<p>O ind\u00edgena Takati Xikrin, de Parauapebas (PA), pegou o microfone para relatar que seu povo tem sido v\u00edtima de persegui\u00e7\u00f5es e impactado pela explora\u00e7\u00e3o comercial do territ\u00f3rio ind\u00edgena. \u201cO povo Xikrin est\u00e1 morrendo aos poucos, por causa desses conflitos. Mas ningu\u00e9m est\u00e1 sabendo disso. Meu objetivo aqui, como representante dos Xikrin, \u00e9 aprender com os movimentos da luta da juventude no campo, para que eu possa levar esse movimento ao meu povo, para que a juventude, principalmente, possa se mobilizar\u201d.<\/p>\n<p><strong>Outras atividades<\/strong><br \/>\nNa tarde dessa segunda-feira, para celebrar o Dia Nacional da Alimenta\u00e7\u00e3o e o Dia Mundial da Soberania Alimentar, comemorado em 16 de outubro, 200 jovens da Via Campesina sa\u00edram do acampamento do Gin\u00e1sio Nilson Nelson, no centro de Bras\u00edlia, e promoveram uma iniciativa solid\u00e1ria para combate \u00e0 fome, por meio da doa\u00e7\u00e3o de cinco toneladas de alimentos a cerca de 600 fam\u00edlias residentes na Regi\u00e3o Administrativa (RA) do Distrito Federal, conhecida como Comunidade Sol Nascente. O local, na periferia de Bras\u00edlia, \u00e9 caracterizado pela vulnerabilidade econ\u00f4mico-social.<\/p>\n<p>De acordo com o MST, a mobiliza\u00e7\u00e3o humanit\u00e1ria fez parte da Jornada de Lutas com o lema \u201cPor Terra e Comida de Verdade para o Povo\u201d.<\/p>\n<p>A representante do MST Renata Menezes diz que a a\u00e7\u00e3o teve o objetivo destacar a import\u00e2ncia da agricultura camponesa e da reforma agr\u00e1ria como forma de enfrentar a inseguran\u00e7a alimentar no pa\u00eds. \u201cS\u00e3o os camponeses quem podem garantir que tenhamos um pa\u00eds sem fome e sem mis\u00e9ria. Por isso, s\u00e3o necess\u00e1rias pol\u00edticas p\u00fablicas que valorizem e impulsionem a produ\u00e7\u00e3o desse segmento.\u201d<\/p>\n","protected":false},"excerpt":{"rendered":"<p>Os cerca de 2 mil jovens representantes de movimentos sociais que participaram do Acampamento da Juventude em Luta, por Terra e Soberania Popular, organizado pela Via Campesina Brasil, deixaram Bras\u00edlia no final de ter\u00e7a-feira, 17, com destino a suas cidades de origem. No \u00faltimo dia do evento, o tema foi \u201cA Juventude e a luta [&hellip;]<\/p>\n","protected":false},"author":2,"featured_media":314883,"comment_status":"closed","ping_status":"closed","sticky":false,"template":"","format":"standard","meta":{"_acf_changed":false,"footnotes":""},"categories":[161],"tags":[],"class_list":["post-314882","post","type-post","status-publish","format-standard","has-post-thumbnail","hentry","category-quadradinho-em-foco"],"acf":[],"yoast_head":"<!-- This site is optimized with the Yoast SEO plugin v27.2 - https:\/\/yoast.com\/product\/yoast-seo-wordpress\/ -->\n<title>Jovens deixam Bras\u00edlia ap\u00f3s debater as lutas sociais - Notibras<\/title>\n<meta name=\"robots\" content=\"index, follow, max-snippet:-1, max-image-preview:large, max-video-preview:-1\" \/>\n<link rel=\"canonical\" href=\"https:\/\/www.notibras.com\/site\/jovens-deixam-brasilia-apos-debater-as-lutas-sociais\/\" \/>\n<meta property=\"og:locale\" content=\"pt_BR\" \/>\n<meta property=\"og:type\" content=\"article\" \/>\n<meta property=\"og:title\" content=\"Jovens deixam Bras\u00edlia ap\u00f3s debater as lutas sociais - Notibras\" \/>\n<meta property=\"og:description\" content=\"Os cerca de 2 mil jovens representantes de movimentos sociais que participaram do Acampamento da Juventude em Luta, por Terra e Soberania Popular, organizado pela Via Campesina Brasil, deixaram Bras\u00edlia no final de ter\u00e7a-feira, 17, com destino a suas cidades de origem. No \u00faltimo dia do evento, o tema foi \u201cA Juventude e a luta [&hellip;]\" \/>\n<meta property=\"og:url\" content=\"https:\/\/www.notibras.com\/site\/jovens-deixam-brasilia-apos-debater-as-lutas-sociais\/\" \/>\n<meta property=\"og:site_name\" content=\"Notibras\" \/>\n<meta property=\"article:publisher\" content=\"https:\/\/www.facebook.com\/notibras\/\" \/>\n<meta property=\"article:published_time\" content=\"2023-10-18T03:00:31+00:00\" \/>\n<meta property=\"article:modified_time\" content=\"2023-10-18T09:27:17+00:00\" \/>\n<meta property=\"og:image\" content=\"https:\/\/www.notibras.com\/site\/wp-content\/uploads\/2023\/10\/124a8143.jpg\" \/>\n\t<meta property=\"og:image:width\" content=\"1170\" \/>\n\t<meta property=\"og:image:height\" content=\"700\" \/>\n\t<meta property=\"og:image:type\" content=\"image\/jpeg\" \/>\n<meta name=\"author\" content=\"Reda\u00e7\u00e3o\" \/>\n<meta name=\"twitter:card\" content=\"summary_large_image\" \/>\n<meta name=\"twitter:creator\" content=\"@Notibras\" \/>\n<meta name=\"twitter:site\" content=\"@Notibras\" \/>\n<meta name=\"twitter:label1\" content=\"Escrito por\" \/>\n\t<meta name=\"twitter:data1\" content=\"Reda\u00e7\u00e3o\" \/>\n\t<meta name=\"twitter:label2\" content=\"Est. tempo de leitura\" \/>\n\t<meta name=\"twitter:data2\" content=\"7 minutos\" \/>\n<script type=\"application\/ld+json\" class=\"yoast-schema-graph\">{\"@context\":\"https:\/\/schema.org\",\"@graph\":[{\"@type\":\"Article\",\"@id\":\"https:\/\/www.notibras.com\/site\/jovens-deixam-brasilia-apos-debater-as-lutas-sociais\/#article\",\"isPartOf\":{\"@id\":\"https:\/\/www.notibras.com\/site\/jovens-deixam-brasilia-apos-debater-as-lutas-sociais\/\"},\"author\":{\"name\":\"Reda\u00e7\u00e3o\",\"@id\":\"https:\/\/www.notibras.com\/site\/#\/schema\/person\/36ab0979449956132d3e5b517ea76ac8\"},\"headline\":\"Jovens deixam Bras\u00edlia ap\u00f3s debater as lutas sociais\",\"datePublished\":\"2023-10-18T03:00:31+00:00\",\"dateModified\":\"2023-10-18T09:27:17+00:00\",\"mainEntityOfPage\":{\"@id\":\"https:\/\/www.notibras.com\/site\/jovens-deixam-brasilia-apos-debater-as-lutas-sociais\/\"},\"wordCount\":1288,\"publisher\":{\"@id\":\"https:\/\/www.notibras.com\/site\/#organization\"},\"image\":{\"@id\":\"https:\/\/www.notibras.com\/site\/jovens-deixam-brasilia-apos-debater-as-lutas-sociais\/#primaryimage\"},\"thumbnailUrl\":\"https:\/\/www.notibras.com\/site\/wp-content\/uploads\/2023\/10\/124a8143.jpg\",\"articleSection\":[\"Quadradinho em Foco\"],\"inLanguage\":\"pt-BR\"},{\"@type\":\"WebPage\",\"@id\":\"https:\/\/www.notibras.com\/site\/jovens-deixam-brasilia-apos-debater-as-lutas-sociais\/\",\"url\":\"https:\/\/www.notibras.com\/site\/jovens-deixam-brasilia-apos-debater-as-lutas-sociais\/\",\"name\":\"Jovens deixam Bras\u00edlia ap\u00f3s debater as lutas sociais - Notibras\",\"isPartOf\":{\"@id\":\"https:\/\/www.notibras.com\/site\/#website\"},\"primaryImageOfPage\":{\"@id\":\"https:\/\/www.notibras.com\/site\/jovens-deixam-brasilia-apos-debater-as-lutas-sociais\/#primaryimage\"},\"image\":{\"@id\":\"https:\/\/www.notibras.com\/site\/jovens-deixam-brasilia-apos-debater-as-lutas-sociais\/#primaryimage\"},\"thumbnailUrl\":\"https:\/\/www.notibras.com\/site\/wp-content\/uploads\/2023\/10\/124a8143.jpg\",\"datePublished\":\"2023-10-18T03:00:31+00:00\",\"dateModified\":\"2023-10-18T09:27:17+00:00\",\"breadcrumb\":{\"@id\":\"https:\/\/www.notibras.com\/site\/jovens-deixam-brasilia-apos-debater-as-lutas-sociais\/#breadcrumb\"},\"inLanguage\":\"pt-BR\",\"potentialAction\":[{\"@type\":\"ReadAction\",\"target\":[\"https:\/\/www.notibras.com\/site\/jovens-deixam-brasilia-apos-debater-as-lutas-sociais\/\"]}]},{\"@type\":\"ImageObject\",\"inLanguage\":\"pt-BR\",\"@id\":\"https:\/\/www.notibras.com\/site\/jovens-deixam-brasilia-apos-debater-as-lutas-sociais\/#primaryimage\",\"url\":\"https:\/\/www.notibras.com\/site\/wp-content\/uploads\/2023\/10\/124a8143.jpg\",\"contentUrl\":\"https:\/\/www.notibras.com\/site\/wp-content\/uploads\/2023\/10\/124a8143.jpg\",\"width\":1170,\"height\":700,\"caption\":\"Bras\u00edlia (DF) 16\/10\/2023 - Acampamento da Juventude em Luta, por Terra e Soberania Popular realizado pela Via Campesina. re\u00fane dois mil jovens camponeses de 22 estados. Na programa\u00e7\u00e3o, debates sobre a conjuntura pol\u00edtica nacional e global, a quest\u00e3o feminista e antirracista, arte, cultura e as tarefas da juventude frente \u00e0s quest\u00f5es ambientais. Foto: Jos\u00e9 Cruz\/Ag\u00eancia Brasil\"},{\"@type\":\"BreadcrumbList\",\"@id\":\"https:\/\/www.notibras.com\/site\/jovens-deixam-brasilia-apos-debater-as-lutas-sociais\/#breadcrumb\",\"itemListElement\":[{\"@type\":\"ListItem\",\"position\":1,\"name\":\"In\u00edcio\",\"item\":\"https:\/\/www.notibras.com\/site\/\"},{\"@type\":\"ListItem\",\"position\":2,\"name\":\"Jovens deixam Bras\u00edlia ap\u00f3s debater as lutas sociais\"}]},{\"@type\":\"WebSite\",\"@id\":\"https:\/\/www.notibras.com\/site\/#website\",\"url\":\"https:\/\/www.notibras.com\/site\/\",\"name\":\"Notibras\",\"description\":\"Not\u00edcias de Bras\u00edlia, do Brasil e do Mundo\",\"publisher\":{\"@id\":\"https:\/\/www.notibras.com\/site\/#organization\"},\"potentialAction\":[{\"@type\":\"SearchAction\",\"target\":{\"@type\":\"EntryPoint\",\"urlTemplate\":\"https:\/\/www.notibras.com\/site\/?s={search_term_string}\"},\"query-input\":{\"@type\":\"PropertyValueSpecification\",\"valueRequired\":true,\"valueName\":\"search_term_string\"}}],\"inLanguage\":\"pt-BR\"},{\"@type\":\"Organization\",\"@id\":\"https:\/\/www.notibras.com\/site\/#organization\",\"name\":\"Grupo Notibras de Comunica\u00e7\u00e3o\",\"url\":\"https:\/\/www.notibras.com\/site\/\",\"logo\":{\"@type\":\"ImageObject\",\"inLanguage\":\"pt-BR\",\"@id\":\"https:\/\/www.notibras.com\/site\/#\/schema\/logo\/image\/\",\"url\":\"https:\/\/www.notibras.com\/site\/wp-content\/uploads\/2023\/01\/notibras23.png\",\"contentUrl\":\"https:\/\/www.notibras.com\/site\/wp-content\/uploads\/2023\/01\/notibras23.png\",\"width\":350,\"height\":87,\"caption\":\"Grupo Notibras de Comunica\u00e7\u00e3o\"},\"image\":{\"@id\":\"https:\/\/www.notibras.com\/site\/#\/schema\/logo\/image\/\"},\"sameAs\":[\"https:\/\/www.facebook.com\/notibras\/\",\"https:\/\/x.com\/Notibras\",\"https:\/\/www.instagram.com\/notibras\/\"]},{\"@type\":\"Person\",\"@id\":\"https:\/\/www.notibras.com\/site\/#\/schema\/person\/36ab0979449956132d3e5b517ea76ac8\",\"name\":\"Reda\u00e7\u00e3o\",\"image\":{\"@type\":\"ImageObject\",\"inLanguage\":\"pt-BR\",\"@id\":\"https:\/\/secure.gravatar.com\/avatar\/e0a867bdedb85fd243eadf09663511f96fc81e0720a4a42581f334ad4303aa6b?s=96&d=mm&r=g\",\"url\":\"https:\/\/secure.gravatar.com\/avatar\/e0a867bdedb85fd243eadf09663511f96fc81e0720a4a42581f334ad4303aa6b?s=96&d=mm&r=g\",\"contentUrl\":\"https:\/\/secure.gravatar.com\/avatar\/e0a867bdedb85fd243eadf09663511f96fc81e0720a4a42581f334ad4303aa6b?s=96&d=mm&r=g\",\"caption\":\"Reda\u00e7\u00e3o\"}}]}<\/script>\n<!-- \/ Yoast SEO plugin. -->","yoast_head_json":{"title":"Jovens deixam Bras\u00edlia ap\u00f3s debater as lutas sociais - Notibras","robots":{"index":"index","follow":"follow","max-snippet":"max-snippet:-1","max-image-preview":"max-image-preview:large","max-video-preview":"max-video-preview:-1"},"canonical":"https:\/\/www.notibras.com\/site\/jovens-deixam-brasilia-apos-debater-as-lutas-sociais\/","og_locale":"pt_BR","og_type":"article","og_title":"Jovens deixam Bras\u00edlia ap\u00f3s debater as lutas sociais - Notibras","og_description":"Os cerca de 2 mil jovens representantes de movimentos sociais que participaram do Acampamento da Juventude em Luta, por Terra e Soberania Popular, organizado pela Via Campesina Brasil, deixaram Bras\u00edlia no final de ter\u00e7a-feira, 17, com destino a suas cidades de origem. No \u00faltimo dia do evento, o tema foi \u201cA Juventude e a luta [&hellip;]","og_url":"https:\/\/www.notibras.com\/site\/jovens-deixam-brasilia-apos-debater-as-lutas-sociais\/","og_site_name":"Notibras","article_publisher":"https:\/\/www.facebook.com\/notibras\/","article_published_time":"2023-10-18T03:00:31+00:00","article_modified_time":"2023-10-18T09:27:17+00:00","og_image":[{"width":1170,"height":700,"url":"https:\/\/www.notibras.com\/site\/wp-content\/uploads\/2023\/10\/124a8143.jpg","type":"image\/jpeg"}],"author":"Reda\u00e7\u00e3o","twitter_card":"summary_large_image","twitter_creator":"@Notibras","twitter_site":"@Notibras","twitter_misc":{"Escrito por":"Reda\u00e7\u00e3o","Est. tempo de leitura":"7 minutos"},"schema":{"@context":"https:\/\/schema.org","@graph":[{"@type":"Article","@id":"https:\/\/www.notibras.com\/site\/jovens-deixam-brasilia-apos-debater-as-lutas-sociais\/#article","isPartOf":{"@id":"https:\/\/www.notibras.com\/site\/jovens-deixam-brasilia-apos-debater-as-lutas-sociais\/"},"author":{"name":"Reda\u00e7\u00e3o","@id":"https:\/\/www.notibras.com\/site\/#\/schema\/person\/36ab0979449956132d3e5b517ea76ac8"},"headline":"Jovens deixam Bras\u00edlia ap\u00f3s debater as lutas sociais","datePublished":"2023-10-18T03:00:31+00:00","dateModified":"2023-10-18T09:27:17+00:00","mainEntityOfPage":{"@id":"https:\/\/www.notibras.com\/site\/jovens-deixam-brasilia-apos-debater-as-lutas-sociais\/"},"wordCount":1288,"publisher":{"@id":"https:\/\/www.notibras.com\/site\/#organization"},"image":{"@id":"https:\/\/www.notibras.com\/site\/jovens-deixam-brasilia-apos-debater-as-lutas-sociais\/#primaryimage"},"thumbnailUrl":"https:\/\/www.notibras.com\/site\/wp-content\/uploads\/2023\/10\/124a8143.jpg","articleSection":["Quadradinho em Foco"],"inLanguage":"pt-BR"},{"@type":"WebPage","@id":"https:\/\/www.notibras.com\/site\/jovens-deixam-brasilia-apos-debater-as-lutas-sociais\/","url":"https:\/\/www.notibras.com\/site\/jovens-deixam-brasilia-apos-debater-as-lutas-sociais\/","name":"Jovens deixam Bras\u00edlia ap\u00f3s debater as lutas sociais - Notibras","isPartOf":{"@id":"https:\/\/www.notibras.com\/site\/#website"},"primaryImageOfPage":{"@id":"https:\/\/www.notibras.com\/site\/jovens-deixam-brasilia-apos-debater-as-lutas-sociais\/#primaryimage"},"image":{"@id":"https:\/\/www.notibras.com\/site\/jovens-deixam-brasilia-apos-debater-as-lutas-sociais\/#primaryimage"},"thumbnailUrl":"https:\/\/www.notibras.com\/site\/wp-content\/uploads\/2023\/10\/124a8143.jpg","datePublished":"2023-10-18T03:00:31+00:00","dateModified":"2023-10-18T09:27:17+00:00","breadcrumb":{"@id":"https:\/\/www.notibras.com\/site\/jovens-deixam-brasilia-apos-debater-as-lutas-sociais\/#breadcrumb"},"inLanguage":"pt-BR","potentialAction":[{"@type":"ReadAction","target":["https:\/\/www.notibras.com\/site\/jovens-deixam-brasilia-apos-debater-as-lutas-sociais\/"]}]},{"@type":"ImageObject","inLanguage":"pt-BR","@id":"https:\/\/www.notibras.com\/site\/jovens-deixam-brasilia-apos-debater-as-lutas-sociais\/#primaryimage","url":"https:\/\/www.notibras.com\/site\/wp-content\/uploads\/2023\/10\/124a8143.jpg","contentUrl":"https:\/\/www.notibras.com\/site\/wp-content\/uploads\/2023\/10\/124a8143.jpg","width":1170,"height":700,"caption":"Bras\u00edlia (DF) 16\/10\/2023 - Acampamento da Juventude em Luta, por Terra e Soberania Popular realizado pela Via Campesina. re\u00fane dois mil jovens camponeses de 22 estados. Na programa\u00e7\u00e3o, debates sobre a conjuntura pol\u00edtica nacional e global, a quest\u00e3o feminista e antirracista, arte, cultura e as tarefas da juventude frente \u00e0s quest\u00f5es ambientais. Foto: Jos\u00e9 Cruz\/Ag\u00eancia Brasil"},{"@type":"BreadcrumbList","@id":"https:\/\/www.notibras.com\/site\/jovens-deixam-brasilia-apos-debater-as-lutas-sociais\/#breadcrumb","itemListElement":[{"@type":"ListItem","position":1,"name":"In\u00edcio","item":"https:\/\/www.notibras.com\/site\/"},{"@type":"ListItem","position":2,"name":"Jovens deixam Bras\u00edlia ap\u00f3s debater as lutas sociais"}]},{"@type":"WebSite","@id":"https:\/\/www.notibras.com\/site\/#website","url":"https:\/\/www.notibras.com\/site\/","name":"Notibras","description":"Not\u00edcias de Bras\u00edlia, do Brasil e do Mundo","publisher":{"@id":"https:\/\/www.notibras.com\/site\/#organization"},"potentialAction":[{"@type":"SearchAction","target":{"@type":"EntryPoint","urlTemplate":"https:\/\/www.notibras.com\/site\/?s={search_term_string}"},"query-input":{"@type":"PropertyValueSpecification","valueRequired":true,"valueName":"search_term_string"}}],"inLanguage":"pt-BR"},{"@type":"Organization","@id":"https:\/\/www.notibras.com\/site\/#organization","name":"Grupo Notibras de Comunica\u00e7\u00e3o","url":"https:\/\/www.notibras.com\/site\/","logo":{"@type":"ImageObject","inLanguage":"pt-BR","@id":"https:\/\/www.notibras.com\/site\/#\/schema\/logo\/image\/","url":"https:\/\/www.notibras.com\/site\/wp-content\/uploads\/2023\/01\/notibras23.png","contentUrl":"https:\/\/www.notibras.com\/site\/wp-content\/uploads\/2023\/01\/notibras23.png","width":350,"height":87,"caption":"Grupo Notibras de Comunica\u00e7\u00e3o"},"image":{"@id":"https:\/\/www.notibras.com\/site\/#\/schema\/logo\/image\/"},"sameAs":["https:\/\/www.facebook.com\/notibras\/","https:\/\/x.com\/Notibras","https:\/\/www.instagram.com\/notibras\/"]},{"@type":"Person","@id":"https:\/\/www.notibras.com\/site\/#\/schema\/person\/36ab0979449956132d3e5b517ea76ac8","name":"Reda\u00e7\u00e3o","image":{"@type":"ImageObject","inLanguage":"pt-BR","@id":"https:\/\/secure.gravatar.com\/avatar\/e0a867bdedb85fd243eadf09663511f96fc81e0720a4a42581f334ad4303aa6b?s=96&d=mm&r=g","url":"https:\/\/secure.gravatar.com\/avatar\/e0a867bdedb85fd243eadf09663511f96fc81e0720a4a42581f334ad4303aa6b?s=96&d=mm&r=g","contentUrl":"https:\/\/secure.gravatar.com\/avatar\/e0a867bdedb85fd243eadf09663511f96fc81e0720a4a42581f334ad4303aa6b?s=96&d=mm&r=g","caption":"Reda\u00e7\u00e3o"}}]}},"amp_enabled":true,"_links":{"self":[{"href":"https:\/\/www.notibras.com\/site\/wp-json\/wp\/v2\/posts\/314882","targetHints":{"allow":["GET"]}}],"collection":[{"href":"https:\/\/www.notibras.com\/site\/wp-json\/wp\/v2\/posts"}],"about":[{"href":"https:\/\/www.notibras.com\/site\/wp-json\/wp\/v2\/types\/post"}],"author":[{"embeddable":true,"href":"https:\/\/www.notibras.com\/site\/wp-json\/wp\/v2\/users\/2"}],"replies":[{"embeddable":true,"href":"https:\/\/www.notibras.com\/site\/wp-json\/wp\/v2\/comments?post=314882"}],"version-history":[{"count":1,"href":"https:\/\/www.notibras.com\/site\/wp-json\/wp\/v2\/posts\/314882\/revisions"}],"predecessor-version":[{"id":314884,"href":"https:\/\/www.notibras.com\/site\/wp-json\/wp\/v2\/posts\/314882\/revisions\/314884"}],"wp:featuredmedia":[{"embeddable":true,"href":"https:\/\/www.notibras.com\/site\/wp-json\/wp\/v2\/media\/314883"}],"wp:attachment":[{"href":"https:\/\/www.notibras.com\/site\/wp-json\/wp\/v2\/media?parent=314882"}],"wp:term":[{"taxonomy":"category","embeddable":true,"href":"https:\/\/www.notibras.com\/site\/wp-json\/wp\/v2\/categories?post=314882"},{"taxonomy":"post_tag","embeddable":true,"href":"https:\/\/www.notibras.com\/site\/wp-json\/wp\/v2\/tags?post=314882"}],"curies":[{"name":"wp","href":"https:\/\/api.w.org\/{rel}","templated":true}]}}