{"id":31497,"date":"2014-12-17T23:09:34","date_gmt":"2014-12-18T02:09:34","guid":{"rendered":"http:\/\/www.notibras.com\/site\/?p=31497"},"modified":"2014-12-17T23:09:34","modified_gmt":"2014-12-18T02:09:34","slug":"agnelo-queiroz-domestico-demitido-por-falar-demais-e-fazer-de-menos","status":"publish","type":"post","link":"https:\/\/www.notibras.com\/site\/agnelo-queiroz-domestico-demitido-por-falar-demais-e-fazer-de-menos\/","title":{"rendered":"Agnelo Queiroz, dom\u00e9stico, demitido por falar demais e fazer de menos"},"content":{"rendered":"<p>Que a pr\u00e1tica n\u00e3o se repita como as palavras. Quem acompanhou os primeiros momentos do governo Agnelo Queiroz, principalmente no final de 2011, lembra muito bem de sua justificativa para sua gest\u00e3o que n\u00e3o havia decolado. Para quem esqueceu, vai um refresco para a mem\u00f3ria: &#8220;Sem d\u00favida, 2011 foi um ano de muito trabalho e muita luta. Foi um ano dif\u00edcil, que demandou muita dedica\u00e7\u00e3o de todos que integram o Governo do Distrito Federal, uma m\u00e9dia de 17, 18 horas de trabalho por dia. Foi um per\u00edodo em que organizamos e arrumamos a casa&#8221;, disse ele a uma ag\u00eancia de not\u00edcias. Passaram-se quatro anos e nada de arrumar a casa.<\/p>\n","protected":false},"excerpt":{"rendered":"<p>Que a pr\u00e1tica n\u00e3o se repita como as palavras. Quem acompanhou os primeiros momentos do governo Agnelo Queiroz, principalmente no final de 2011, lembra muito bem de sua justificativa para sua gest\u00e3o que n\u00e3o havia decolado. Para quem esqueceu, vai um refresco para a mem\u00f3ria: &#8220;Sem d\u00favida, 2011 foi um ano de muito trabalho e [&hellip;]<\/p>\n","protected":false},"author":1,"featured_media":31498,"comment_status":"open","ping_status":"closed","sticky":false,"template":"","format":"standard","meta":{"_acf_changed":false,"footnotes":""},"categories":[26],"tags":[],"class_list":["post-31497","post","type-post","status-publish","format-standard","has-post-thumbnail","hentry","category-eleicoes-2022"],"acf":[],"yoast_head":"<!-- This site is optimized with the Yoast SEO plugin v27.2 - https:\/\/yoast.com\/product\/yoast-seo-wordpress\/ -->\n<title>Agnelo Queiroz, dom\u00e9stico, demitido por falar demais e fazer de menos - Notibras<\/title>\n<meta name=\"robots\" content=\"index, follow, max-snippet:-1, max-image-preview:large, max-video-preview:-1\" \/>\n<link rel=\"canonical\" href=\"https:\/\/www.notibras.com\/site\/agnelo-queiroz-domestico-demitido-por-falar-demais-e-fazer-de-menos\/\" \/>\n<meta property=\"og:locale\" content=\"pt_BR\" \/>\n<meta property=\"og:type\" content=\"article\" \/>\n<meta property=\"og:title\" content=\"Agnelo Queiroz, dom\u00e9stico, demitido por falar demais e fazer de menos - Notibras\" \/>\n<meta property=\"og:description\" content=\"Que a pr\u00e1tica n\u00e3o se repita como as palavras. Quem acompanhou os primeiros momentos do governo Agnelo Queiroz, principalmente no final de 2011, lembra muito bem de sua justificativa para sua gest\u00e3o que n\u00e3o havia decolado. Para quem esqueceu, vai um refresco para a mem\u00f3ria: &#8220;Sem d\u00favida, 2011 foi um ano de muito trabalho e [&hellip;]\" \/>\n<meta property=\"og:url\" content=\"https:\/\/www.notibras.com\/site\/agnelo-queiroz-domestico-demitido-por-falar-demais-e-fazer-de-menos\/\" \/>\n<meta property=\"og:site_name\" content=\"Notibras\" \/>\n<meta property=\"article:publisher\" content=\"https:\/\/www.facebook.com\/notibras\/\" \/>\n<meta property=\"article:published_time\" content=\"2014-12-18T02:09:34+00:00\" \/>\n<meta property=\"og:image\" content=\"https:\/\/www.notibras.com\/site\/wp-content\/uploads\/2014\/12\/Agnelo-Ricardo-Marques-Metro-Jornal1.jpg\" \/>\n\t<meta property=\"og:image:width\" content=\"666\" \/>\n\t<meta property=\"og:image:height\" content=\"384\" \/>\n\t<meta property=\"og:image:type\" content=\"image\/jpeg\" \/>\n<meta name=\"author\" content=\"Reda\u00e7\u00e3o\" \/>\n<meta name=\"twitter:card\" content=\"summary_large_image\" \/>\n<meta name=\"twitter:creator\" content=\"@Notibras\" \/>\n<meta name=\"twitter:site\" content=\"@Notibras\" \/>\n<meta name=\"twitter:label1\" content=\"Escrito por\" \/>\n\t<meta name=\"twitter:data1\" content=\"Reda\u00e7\u00e3o\" \/>\n\t<meta name=\"twitter:label2\" content=\"Est. tempo de leitura\" \/>\n\t<meta name=\"twitter:data2\" content=\"1 minuto\" \/>\n<script type=\"application\/ld+json\" class=\"yoast-schema-graph\">{\"@context\":\"https:\/\/schema.org\",\"@graph\":[{\"@type\":\"Article\",\"@id\":\"https:\/\/www.notibras.com\/site\/agnelo-queiroz-domestico-demitido-por-falar-demais-e-fazer-de-menos\/#article\",\"isPartOf\":{\"@id\":\"https:\/\/www.notibras.com\/site\/agnelo-queiroz-domestico-demitido-por-falar-demais-e-fazer-de-menos\/\"},\"author\":{\"name\":\"Reda\u00e7\u00e3o\",\"@id\":\"https:\/\/www.notibras.com\/site\/#\/schema\/person\/00b8e1aa08f9ef6563e878c5159d01cf\"},\"headline\":\"Agnelo Queiroz, dom\u00e9stico, demitido por falar demais e fazer de menos\",\"datePublished\":\"2014-12-18T02:09:34+00:00\",\"mainEntityOfPage\":{\"@id\":\"https:\/\/www.notibras.com\/site\/agnelo-queiroz-domestico-demitido-por-falar-demais-e-fazer-de-menos\/\"},\"wordCount\":130,\"commentCount\":0,\"publisher\":{\"@id\":\"https:\/\/www.notibras.com\/site\/#organization\"},\"image\":{\"@id\":\"https:\/\/www.notibras.com\/site\/agnelo-queiroz-domestico-demitido-por-falar-demais-e-fazer-de-menos\/#primaryimage\"},\"thumbnailUrl\":\"https:\/\/www.notibras.com\/site\/wp-content\/uploads\/2014\/12\/Agnelo-Ricardo-Marques-Metro-Jornal1.jpg\",\"articleSection\":[\"Elei\u00e7\u00f5es 2022\"],\"inLanguage\":\"pt-BR\",\"potentialAction\":[{\"@type\":\"CommentAction\",\"name\":\"Comment\",\"target\":[\"https:\/\/www.notibras.com\/site\/agnelo-queiroz-domestico-demitido-por-falar-demais-e-fazer-de-menos\/#respond\"]}]},{\"@type\":\"WebPage\",\"@id\":\"https:\/\/www.notibras.com\/site\/agnelo-queiroz-domestico-demitido-por-falar-demais-e-fazer-de-menos\/\",\"url\":\"https:\/\/www.notibras.com\/site\/agnelo-queiroz-domestico-demitido-por-falar-demais-e-fazer-de-menos\/\",\"name\":\"Agnelo Queiroz, dom\u00e9stico, demitido por falar demais e fazer de menos - Notibras\",\"isPartOf\":{\"@id\":\"https:\/\/www.notibras.com\/site\/#website\"},\"primaryImageOfPage\":{\"@id\":\"https:\/\/www.notibras.com\/site\/agnelo-queiroz-domestico-demitido-por-falar-demais-e-fazer-de-menos\/#primaryimage\"},\"image\":{\"@id\":\"https:\/\/www.notibras.com\/site\/agnelo-queiroz-domestico-demitido-por-falar-demais-e-fazer-de-menos\/#primaryimage\"},\"thumbnailUrl\":\"https:\/\/www.notibras.com\/site\/wp-content\/uploads\/2014\/12\/Agnelo-Ricardo-Marques-Metro-Jornal1.jpg\",\"datePublished\":\"2014-12-18T02:09:34+00:00\",\"breadcrumb\":{\"@id\":\"https:\/\/www.notibras.com\/site\/agnelo-queiroz-domestico-demitido-por-falar-demais-e-fazer-de-menos\/#breadcrumb\"},\"inLanguage\":\"pt-BR\",\"potentialAction\":[{\"@type\":\"ReadAction\",\"target\":[\"https:\/\/www.notibras.com\/site\/agnelo-queiroz-domestico-demitido-por-falar-demais-e-fazer-de-menos\/\"]}]},{\"@type\":\"ImageObject\",\"inLanguage\":\"pt-BR\",\"@id\":\"https:\/\/www.notibras.com\/site\/agnelo-queiroz-domestico-demitido-por-falar-demais-e-fazer-de-menos\/#primaryimage\",\"url\":\"https:\/\/www.notibras.com\/site\/wp-content\/uploads\/2014\/12\/Agnelo-Ricardo-Marques-Metro-Jornal1.jpg\",\"contentUrl\":\"https:\/\/www.notibras.com\/site\/wp-content\/uploads\/2014\/12\/Agnelo-Ricardo-Marques-Metro-Jornal1.jpg\",\"width\":666,\"height\":384},{\"@type\":\"BreadcrumbList\",\"@id\":\"https:\/\/www.notibras.com\/site\/agnelo-queiroz-domestico-demitido-por-falar-demais-e-fazer-de-menos\/#breadcrumb\",\"itemListElement\":[{\"@type\":\"ListItem\",\"position\":1,\"name\":\"In\u00edcio\",\"item\":\"https:\/\/www.notibras.com\/site\/\"},{\"@type\":\"ListItem\",\"position\":2,\"name\":\"Agnelo Queiroz, dom\u00e9stico, demitido por falar demais e fazer de menos\"}]},{\"@type\":\"WebSite\",\"@id\":\"https:\/\/www.notibras.com\/site\/#website\",\"url\":\"https:\/\/www.notibras.com\/site\/\",\"name\":\"Notibras\",\"description\":\"Not\u00edcias de Bras\u00edlia, do Brasil e do Mundo\",\"publisher\":{\"@id\":\"https:\/\/www.notibras.com\/site\/#organization\"},\"potentialAction\":[{\"@type\":\"SearchAction\",\"target\":{\"@type\":\"EntryPoint\",\"urlTemplate\":\"https:\/\/www.notibras.com\/site\/?s={search_term_string}\"},\"query-input\":{\"@type\":\"PropertyValueSpecification\",\"valueRequired\":true,\"valueName\":\"search_term_string\"}}],\"inLanguage\":\"pt-BR\"},{\"@type\":\"Organization\",\"@id\":\"https:\/\/www.notibras.com\/site\/#organization\",\"name\":\"Grupo Notibras de Comunica\u00e7\u00e3o\",\"url\":\"https:\/\/www.notibras.com\/site\/\",\"logo\":{\"@type\":\"ImageObject\",\"inLanguage\":\"pt-BR\",\"@id\":\"https:\/\/www.notibras.com\/site\/#\/schema\/logo\/image\/\",\"url\":\"https:\/\/www.notibras.com\/site\/wp-content\/uploads\/2023\/01\/notibras23.png\",\"contentUrl\":\"https:\/\/www.notibras.com\/site\/wp-content\/uploads\/2023\/01\/notibras23.png\",\"width\":350,\"height\":87,\"caption\":\"Grupo Notibras de Comunica\u00e7\u00e3o\"},\"image\":{\"@id\":\"https:\/\/www.notibras.com\/site\/#\/schema\/logo\/image\/\"},\"sameAs\":[\"https:\/\/www.facebook.com\/notibras\/\",\"https:\/\/x.com\/Notibras\",\"https:\/\/www.instagram.com\/notibras\/\"]},{\"@type\":\"Person\",\"@id\":\"https:\/\/www.notibras.com\/site\/#\/schema\/person\/00b8e1aa08f9ef6563e878c5159d01cf\",\"name\":\"Reda\u00e7\u00e3o\",\"image\":{\"@type\":\"ImageObject\",\"inLanguage\":\"pt-BR\",\"@id\":\"https:\/\/secure.gravatar.com\/avatar\/ac5a707d5b47784a5ed426c6e213e201423c750890f64e4c379114dade67dfb9?s=96&d=mm&r=g\",\"url\":\"https:\/\/secure.gravatar.com\/avatar\/ac5a707d5b47784a5ed426c6e213e201423c750890f64e4c379114dade67dfb9?s=96&d=mm&r=g\",\"contentUrl\":\"https:\/\/secure.gravatar.com\/avatar\/ac5a707d5b47784a5ed426c6e213e201423c750890f64e4c379114dade67dfb9?s=96&d=mm&r=g\",\"caption\":\"Reda\u00e7\u00e3o\"}}]}<\/script>\n<!-- \/ Yoast SEO plugin. -->","yoast_head_json":{"title":"Agnelo Queiroz, dom\u00e9stico, demitido por falar demais e fazer de menos - Notibras","robots":{"index":"index","follow":"follow","max-snippet":"max-snippet:-1","max-image-preview":"max-image-preview:large","max-video-preview":"max-video-preview:-1"},"canonical":"https:\/\/www.notibras.com\/site\/agnelo-queiroz-domestico-demitido-por-falar-demais-e-fazer-de-menos\/","og_locale":"pt_BR","og_type":"article","og_title":"Agnelo Queiroz, dom\u00e9stico, demitido por falar demais e fazer de menos - Notibras","og_description":"Que a pr\u00e1tica n\u00e3o se repita como as palavras. Quem acompanhou os primeiros momentos do governo Agnelo Queiroz, principalmente no final de 2011, lembra muito bem de sua justificativa para sua gest\u00e3o que n\u00e3o havia decolado. Para quem esqueceu, vai um refresco para a mem\u00f3ria: &#8220;Sem d\u00favida, 2011 foi um ano de muito trabalho e [&hellip;]","og_url":"https:\/\/www.notibras.com\/site\/agnelo-queiroz-domestico-demitido-por-falar-demais-e-fazer-de-menos\/","og_site_name":"Notibras","article_publisher":"https:\/\/www.facebook.com\/notibras\/","article_published_time":"2014-12-18T02:09:34+00:00","og_image":[{"width":666,"height":384,"url":"https:\/\/www.notibras.com\/site\/wp-content\/uploads\/2014\/12\/Agnelo-Ricardo-Marques-Metro-Jornal1.jpg","type":"image\/jpeg"}],"author":"Reda\u00e7\u00e3o","twitter_card":"summary_large_image","twitter_creator":"@Notibras","twitter_site":"@Notibras","twitter_misc":{"Escrito por":"Reda\u00e7\u00e3o","Est. tempo de leitura":"1 minuto"},"schema":{"@context":"https:\/\/schema.org","@graph":[{"@type":"Article","@id":"https:\/\/www.notibras.com\/site\/agnelo-queiroz-domestico-demitido-por-falar-demais-e-fazer-de-menos\/#article","isPartOf":{"@id":"https:\/\/www.notibras.com\/site\/agnelo-queiroz-domestico-demitido-por-falar-demais-e-fazer-de-menos\/"},"author":{"name":"Reda\u00e7\u00e3o","@id":"https:\/\/www.notibras.com\/site\/#\/schema\/person\/00b8e1aa08f9ef6563e878c5159d01cf"},"headline":"Agnelo Queiroz, dom\u00e9stico, demitido por falar demais e fazer de menos","datePublished":"2014-12-18T02:09:34+00:00","mainEntityOfPage":{"@id":"https:\/\/www.notibras.com\/site\/agnelo-queiroz-domestico-demitido-por-falar-demais-e-fazer-de-menos\/"},"wordCount":130,"commentCount":0,"publisher":{"@id":"https:\/\/www.notibras.com\/site\/#organization"},"image":{"@id":"https:\/\/www.notibras.com\/site\/agnelo-queiroz-domestico-demitido-por-falar-demais-e-fazer-de-menos\/#primaryimage"},"thumbnailUrl":"https:\/\/www.notibras.com\/site\/wp-content\/uploads\/2014\/12\/Agnelo-Ricardo-Marques-Metro-Jornal1.jpg","articleSection":["Elei\u00e7\u00f5es 2022"],"inLanguage":"pt-BR","potentialAction":[{"@type":"CommentAction","name":"Comment","target":["https:\/\/www.notibras.com\/site\/agnelo-queiroz-domestico-demitido-por-falar-demais-e-fazer-de-menos\/#respond"]}]},{"@type":"WebPage","@id":"https:\/\/www.notibras.com\/site\/agnelo-queiroz-domestico-demitido-por-falar-demais-e-fazer-de-menos\/","url":"https:\/\/www.notibras.com\/site\/agnelo-queiroz-domestico-demitido-por-falar-demais-e-fazer-de-menos\/","name":"Agnelo Queiroz, dom\u00e9stico, demitido por falar demais e fazer de menos - Notibras","isPartOf":{"@id":"https:\/\/www.notibras.com\/site\/#website"},"primaryImageOfPage":{"@id":"https:\/\/www.notibras.com\/site\/agnelo-queiroz-domestico-demitido-por-falar-demais-e-fazer-de-menos\/#primaryimage"},"image":{"@id":"https:\/\/www.notibras.com\/site\/agnelo-queiroz-domestico-demitido-por-falar-demais-e-fazer-de-menos\/#primaryimage"},"thumbnailUrl":"https:\/\/www.notibras.com\/site\/wp-content\/uploads\/2014\/12\/Agnelo-Ricardo-Marques-Metro-Jornal1.jpg","datePublished":"2014-12-18T02:09:34+00:00","breadcrumb":{"@id":"https:\/\/www.notibras.com\/site\/agnelo-queiroz-domestico-demitido-por-falar-demais-e-fazer-de-menos\/#breadcrumb"},"inLanguage":"pt-BR","potentialAction":[{"@type":"ReadAction","target":["https:\/\/www.notibras.com\/site\/agnelo-queiroz-domestico-demitido-por-falar-demais-e-fazer-de-menos\/"]}]},{"@type":"ImageObject","inLanguage":"pt-BR","@id":"https:\/\/www.notibras.com\/site\/agnelo-queiroz-domestico-demitido-por-falar-demais-e-fazer-de-menos\/#primaryimage","url":"https:\/\/www.notibras.com\/site\/wp-content\/uploads\/2014\/12\/Agnelo-Ricardo-Marques-Metro-Jornal1.jpg","contentUrl":"https:\/\/www.notibras.com\/site\/wp-content\/uploads\/2014\/12\/Agnelo-Ricardo-Marques-Metro-Jornal1.jpg","width":666,"height":384},{"@type":"BreadcrumbList","@id":"https:\/\/www.notibras.com\/site\/agnelo-queiroz-domestico-demitido-por-falar-demais-e-fazer-de-menos\/#breadcrumb","itemListElement":[{"@type":"ListItem","position":1,"name":"In\u00edcio","item":"https:\/\/www.notibras.com\/site\/"},{"@type":"ListItem","position":2,"name":"Agnelo Queiroz, dom\u00e9stico, demitido por falar demais e fazer de menos"}]},{"@type":"WebSite","@id":"https:\/\/www.notibras.com\/site\/#website","url":"https:\/\/www.notibras.com\/site\/","name":"Notibras","description":"Not\u00edcias de Bras\u00edlia, do Brasil e do Mundo","publisher":{"@id":"https:\/\/www.notibras.com\/site\/#organization"},"potentialAction":[{"@type":"SearchAction","target":{"@type":"EntryPoint","urlTemplate":"https:\/\/www.notibras.com\/site\/?s={search_term_string}"},"query-input":{"@type":"PropertyValueSpecification","valueRequired":true,"valueName":"search_term_string"}}],"inLanguage":"pt-BR"},{"@type":"Organization","@id":"https:\/\/www.notibras.com\/site\/#organization","name":"Grupo Notibras de Comunica\u00e7\u00e3o","url":"https:\/\/www.notibras.com\/site\/","logo":{"@type":"ImageObject","inLanguage":"pt-BR","@id":"https:\/\/www.notibras.com\/site\/#\/schema\/logo\/image\/","url":"https:\/\/www.notibras.com\/site\/wp-content\/uploads\/2023\/01\/notibras23.png","contentUrl":"https:\/\/www.notibras.com\/site\/wp-content\/uploads\/2023\/01\/notibras23.png","width":350,"height":87,"caption":"Grupo Notibras de Comunica\u00e7\u00e3o"},"image":{"@id":"https:\/\/www.notibras.com\/site\/#\/schema\/logo\/image\/"},"sameAs":["https:\/\/www.facebook.com\/notibras\/","https:\/\/x.com\/Notibras","https:\/\/www.instagram.com\/notibras\/"]},{"@type":"Person","@id":"https:\/\/www.notibras.com\/site\/#\/schema\/person\/00b8e1aa08f9ef6563e878c5159d01cf","name":"Reda\u00e7\u00e3o","image":{"@type":"ImageObject","inLanguage":"pt-BR","@id":"https:\/\/secure.gravatar.com\/avatar\/ac5a707d5b47784a5ed426c6e213e201423c750890f64e4c379114dade67dfb9?s=96&d=mm&r=g","url":"https:\/\/secure.gravatar.com\/avatar\/ac5a707d5b47784a5ed426c6e213e201423c750890f64e4c379114dade67dfb9?s=96&d=mm&r=g","contentUrl":"https:\/\/secure.gravatar.com\/avatar\/ac5a707d5b47784a5ed426c6e213e201423c750890f64e4c379114dade67dfb9?s=96&d=mm&r=g","caption":"Reda\u00e7\u00e3o"}}]}},"amp_enabled":true,"_links":{"self":[{"href":"https:\/\/www.notibras.com\/site\/wp-json\/wp\/v2\/posts\/31497","targetHints":{"allow":["GET"]}}],"collection":[{"href":"https:\/\/www.notibras.com\/site\/wp-json\/wp\/v2\/posts"}],"about":[{"href":"https:\/\/www.notibras.com\/site\/wp-json\/wp\/v2\/types\/post"}],"author":[{"embeddable":true,"href":"https:\/\/www.notibras.com\/site\/wp-json\/wp\/v2\/users\/1"}],"replies":[{"embeddable":true,"href":"https:\/\/www.notibras.com\/site\/wp-json\/wp\/v2\/comments?post=31497"}],"version-history":[{"count":0,"href":"https:\/\/www.notibras.com\/site\/wp-json\/wp\/v2\/posts\/31497\/revisions"}],"wp:featuredmedia":[{"embeddable":true,"href":"https:\/\/www.notibras.com\/site\/wp-json\/wp\/v2\/media\/31498"}],"wp:attachment":[{"href":"https:\/\/www.notibras.com\/site\/wp-json\/wp\/v2\/media?parent=31497"}],"wp:term":[{"taxonomy":"category","embeddable":true,"href":"https:\/\/www.notibras.com\/site\/wp-json\/wp\/v2\/categories?post=31497"},{"taxonomy":"post_tag","embeddable":true,"href":"https:\/\/www.notibras.com\/site\/wp-json\/wp\/v2\/tags?post=31497"}],"curies":[{"name":"wp","href":"https:\/\/api.w.org\/{rel}","templated":true}]}}