{"id":314998,"date":"2023-10-19T00:00:04","date_gmt":"2023-10-19T03:00:04","guid":{"rendered":"https:\/\/www.notibras.com\/site\/?p=314998"},"modified":"2023-10-19T07:58:28","modified_gmt":"2023-10-19T10:58:28","slug":"governo-espera-reduzir-fila-do-inss-ate-o-final-do-ano","status":"publish","type":"post","link":"https:\/\/www.notibras.com\/site\/governo-espera-reduzir-fila-do-inss-ate-o-final-do-ano\/","title":{"rendered":"Governo espera reduzir fila do INSS at\u00e9 o final do ano"},"content":{"rendered":"<p>O ministro da Previd\u00eancia Social, Carlos Lupi, espera reduzir a fila de concess\u00e3o de benef\u00edcios do Instituto Nacional do Seguro Social (INSS) at\u00e9 o final deste ano. A expectativa do governo federal \u00e9 que, at\u00e9 dezembro, o tempo m\u00e9dio de espera por uma per\u00edcia m\u00e9dica caia para 45 dias, conforme \u00e9 previsto em lei.<\/p>\n<p>\u201cAcredito que, at\u00e9 o final do ano, vamos ter a fila para os 45 dias da lei. A lei permite at\u00e9 45 dias. E no ano que vem, espero viver um outro patamar para melhorar ainda mais esse servi\u00e7o\u201d, disse Lupi a jornalistas, ap\u00f3s falar no 44\u00ba Congresso Brasileiro de Previd\u00eancia Privada (CBPP), que acontece at\u00e9 o dia 20.<\/p>\n<p>Segundo o ministro, isso ser\u00e1 poss\u00edvel porque o minist\u00e9rio vem adotando uma s\u00e9rie de medidas para reduzir as filas, entre elas o Programa de Enfrentamento da Fila (PEF), a inaugura\u00e7\u00e3o de novas ag\u00eancias e tamb\u00e9m a melhoria da plataforma Meu INSS. \u201cN\u00f3s tamb\u00e9m estamos tomando medidas que s\u00e3o permanentes como o Atestmed, que j\u00e1 est\u00e1 aberto em todas as ag\u00eancias da Previd\u00eancia Social\u201d, disse o ministro.<\/p>\n<p>A plataforma Atestemed foi criada para que segurados do INSS que precisam solicitar o benef\u00edcio por incapacidade tempor\u00e1ria (antigo aux\u00edlio-doen\u00e7a) fa\u00e7am o requerimento por meio de an\u00e1lise documental (Atestmed), sem precisar passar pela per\u00edcia m\u00e9dica.<\/p>\n<p>A jornalistas, o diretor-presidente da Associa\u00e7\u00e3o Brasileira das Entidades Fechadas de Previd\u00eancia Complementar (Abrapp), Jarbas Ant\u00f4nio de Biagi, disse que a entidade pretende aproveitar a visita do ministro ao Congresso para conversar sobre algumas demandas do setor. \u201cTemos tido um di\u00e1logo muito direto com o Minist\u00e9rio da Previd\u00eancia. Ent\u00e3o temos demandas como a inscri\u00e7\u00e3o autom\u00e1tica, a revis\u00e3o das regras de investimentos e a liberdade das entidades dos fundos de pens\u00e3o poderem fazer investimento em fomento\u201d, disse.<\/p>\n<p>De acordo com Biagi, o setor tamb\u00e9m tem demandas referentes \u00e0 quest\u00e3o tribut\u00e1ria, que pretende encaminhar ao governo federal.<\/p>\n<p>\u201cTemos uma pauta muito forte junto ao Minist\u00e9rio da Previd\u00eancia, mas temos tamb\u00e9m uma pauta muito forte em rela\u00e7\u00e3o \u00e0 quest\u00e3o tribut\u00e1ria. Temos projetos que visam incentivar o trabalhador a poupar. N\u00e3o se trata de ren\u00fancia, mas simplesmente de um diferimento para quando ele for receber o benef\u00edcio, ele paga o tributo. Temos ent\u00e3o uma pauta de sete projetos de lei na parte tribut\u00e1ria. Nessa parte de benef\u00edcios, temos simplifica\u00e7\u00e3o, desonera\u00e7\u00e3o dos fundos, transpar\u00eancia. Temos feito as demandas junto ao minist\u00e9rio e temos sido bem atendidos. Sentimos que o ministro tem trabalhado no fortalecimento da Previd\u00eancia Privada Fechada\u201d.<\/p>\n<p>Em v\u00eddeo exibido durante o Congresso, o vice-presidente da Rep\u00fablica, Geraldo Alckmin falou que o setor \u00e9 \u201cimportant\u00edssimo para a alavancagem da economia brasileira\u201d. \u201cO setor incentiva a poupan\u00e7a de longo prazo dos trabalhadores e contribui para o crescimento do mercado de capitais fornecendo capital para as empresas e projetos que impulsionam a economia. \u00c9 um setor que deve ser incentivado com fomento ao patroc\u00ednio institucional e tratamento tribut\u00e1rio adequado\u201d, afirmou Alckmin.<\/p>\n","protected":false},"excerpt":{"rendered":"<p>O ministro da Previd\u00eancia Social, Carlos Lupi, espera reduzir a fila de concess\u00e3o de benef\u00edcios do Instituto Nacional do Seguro Social (INSS) at\u00e9 o final deste ano. A expectativa do governo federal \u00e9 que, at\u00e9 dezembro, o tempo m\u00e9dio de espera por uma per\u00edcia m\u00e9dica caia para 45 dias, conforme \u00e9 previsto em lei. \u201cAcredito [&hellip;]<\/p>\n","protected":false},"author":2,"featured_media":314999,"comment_status":"closed","ping_status":"closed","sticky":false,"template":"","format":"standard","meta":{"_acf_changed":false,"footnotes":""},"categories":[161],"tags":[],"class_list":["post-314998","post","type-post","status-publish","format-standard","has-post-thumbnail","hentry","category-quadradinho-em-foco"],"acf":[],"yoast_head":"<!-- This site is optimized with the Yoast SEO plugin v27.2 - https:\/\/yoast.com\/product\/yoast-seo-wordpress\/ -->\n<title>Governo espera reduzir fila do INSS at\u00e9 o final do ano - Notibras<\/title>\n<meta name=\"robots\" content=\"index, follow, max-snippet:-1, max-image-preview:large, max-video-preview:-1\" \/>\n<link rel=\"canonical\" href=\"https:\/\/www.notibras.com\/site\/governo-espera-reduzir-fila-do-inss-ate-o-final-do-ano\/\" \/>\n<meta property=\"og:locale\" content=\"pt_BR\" \/>\n<meta property=\"og:type\" content=\"article\" \/>\n<meta property=\"og:title\" content=\"Governo espera reduzir fila do INSS at\u00e9 o final do ano - Notibras\" \/>\n<meta property=\"og:description\" content=\"O ministro da Previd\u00eancia Social, Carlos Lupi, espera reduzir a fila de concess\u00e3o de benef\u00edcios do Instituto Nacional do Seguro Social (INSS) at\u00e9 o final deste ano. A expectativa do governo federal \u00e9 que, at\u00e9 dezembro, o tempo m\u00e9dio de espera por uma per\u00edcia m\u00e9dica caia para 45 dias, conforme \u00e9 previsto em lei. \u201cAcredito [&hellip;]\" \/>\n<meta property=\"og:url\" content=\"https:\/\/www.notibras.com\/site\/governo-espera-reduzir-fila-do-inss-ate-o-final-do-ano\/\" \/>\n<meta property=\"og:site_name\" content=\"Notibras\" \/>\n<meta property=\"article:publisher\" content=\"https:\/\/www.facebook.com\/notibras\/\" \/>\n<meta property=\"article:published_time\" content=\"2023-10-19T03:00:04+00:00\" \/>\n<meta property=\"article:modified_time\" content=\"2023-10-19T10:58:28+00:00\" \/>\n<meta property=\"og:image\" content=\"https:\/\/www.notibras.com\/site\/wp-content\/uploads\/2023\/10\/inss_filas_aposentadoria6dsc_7442a-1.jpg\" \/>\n\t<meta property=\"og:image:width\" content=\"1170\" \/>\n\t<meta property=\"og:image:height\" content=\"700\" \/>\n\t<meta property=\"og:image:type\" content=\"image\/jpeg\" \/>\n<meta name=\"author\" content=\"Reda\u00e7\u00e3o\" \/>\n<meta name=\"twitter:card\" content=\"summary_large_image\" \/>\n<meta name=\"twitter:creator\" content=\"@Notibras\" \/>\n<meta name=\"twitter:site\" content=\"@Notibras\" \/>\n<meta name=\"twitter:label1\" content=\"Escrito por\" \/>\n\t<meta name=\"twitter:data1\" content=\"Reda\u00e7\u00e3o\" \/>\n\t<meta name=\"twitter:label2\" content=\"Est. tempo de leitura\" \/>\n\t<meta name=\"twitter:data2\" content=\"3 minutos\" \/>\n<script type=\"application\/ld+json\" class=\"yoast-schema-graph\">{\"@context\":\"https:\/\/schema.org\",\"@graph\":[{\"@type\":\"Article\",\"@id\":\"https:\/\/www.notibras.com\/site\/governo-espera-reduzir-fila-do-inss-ate-o-final-do-ano\/#article\",\"isPartOf\":{\"@id\":\"https:\/\/www.notibras.com\/site\/governo-espera-reduzir-fila-do-inss-ate-o-final-do-ano\/\"},\"author\":{\"name\":\"Reda\u00e7\u00e3o\",\"@id\":\"https:\/\/www.notibras.com\/site\/#\/schema\/person\/36ab0979449956132d3e5b517ea76ac8\"},\"headline\":\"Governo espera reduzir fila do INSS at\u00e9 o final do ano\",\"datePublished\":\"2023-10-19T03:00:04+00:00\",\"dateModified\":\"2023-10-19T10:58:28+00:00\",\"mainEntityOfPage\":{\"@id\":\"https:\/\/www.notibras.com\/site\/governo-espera-reduzir-fila-do-inss-ate-o-final-do-ano\/\"},\"wordCount\":544,\"publisher\":{\"@id\":\"https:\/\/www.notibras.com\/site\/#organization\"},\"image\":{\"@id\":\"https:\/\/www.notibras.com\/site\/governo-espera-reduzir-fila-do-inss-ate-o-final-do-ano\/#primaryimage\"},\"thumbnailUrl\":\"https:\/\/www.notibras.com\/site\/wp-content\/uploads\/2023\/10\/inss_filas_aposentadoria6dsc_7442a-1.jpg\",\"articleSection\":[\"Quadradinho em Foco\"],\"inLanguage\":\"pt-BR\"},{\"@type\":\"WebPage\",\"@id\":\"https:\/\/www.notibras.com\/site\/governo-espera-reduzir-fila-do-inss-ate-o-final-do-ano\/\",\"url\":\"https:\/\/www.notibras.com\/site\/governo-espera-reduzir-fila-do-inss-ate-o-final-do-ano\/\",\"name\":\"Governo espera reduzir fila do INSS at\u00e9 o final do ano - Notibras\",\"isPartOf\":{\"@id\":\"https:\/\/www.notibras.com\/site\/#website\"},\"primaryImageOfPage\":{\"@id\":\"https:\/\/www.notibras.com\/site\/governo-espera-reduzir-fila-do-inss-ate-o-final-do-ano\/#primaryimage\"},\"image\":{\"@id\":\"https:\/\/www.notibras.com\/site\/governo-espera-reduzir-fila-do-inss-ate-o-final-do-ano\/#primaryimage\"},\"thumbnailUrl\":\"https:\/\/www.notibras.com\/site\/wp-content\/uploads\/2023\/10\/inss_filas_aposentadoria6dsc_7442a-1.jpg\",\"datePublished\":\"2023-10-19T03:00:04+00:00\",\"dateModified\":\"2023-10-19T10:58:28+00:00\",\"breadcrumb\":{\"@id\":\"https:\/\/www.notibras.com\/site\/governo-espera-reduzir-fila-do-inss-ate-o-final-do-ano\/#breadcrumb\"},\"inLanguage\":\"pt-BR\",\"potentialAction\":[{\"@type\":\"ReadAction\",\"target\":[\"https:\/\/www.notibras.com\/site\/governo-espera-reduzir-fila-do-inss-ate-o-final-do-ano\/\"]}]},{\"@type\":\"ImageObject\",\"inLanguage\":\"pt-BR\",\"@id\":\"https:\/\/www.notibras.com\/site\/governo-espera-reduzir-fila-do-inss-ate-o-final-do-ano\/#primaryimage\",\"url\":\"https:\/\/www.notibras.com\/site\/wp-content\/uploads\/2023\/10\/inss_filas_aposentadoria6dsc_7442a-1.jpg\",\"contentUrl\":\"https:\/\/www.notibras.com\/site\/wp-content\/uploads\/2023\/10\/inss_filas_aposentadoria6dsc_7442a-1.jpg\",\"width\":1170,\"height\":700,\"caption\":\"Bras\u00edlia - Ap\u00f3s mais de quatro meses de paralisa\u00e7\u00e3o, m\u00e9dicos peritos do INSS retornaram hoje (25) ao trabalho com atendimento exclusivo para per\u00edcia inicial (Valter Campanato\/Ag\u00eancia Brasil)\"},{\"@type\":\"BreadcrumbList\",\"@id\":\"https:\/\/www.notibras.com\/site\/governo-espera-reduzir-fila-do-inss-ate-o-final-do-ano\/#breadcrumb\",\"itemListElement\":[{\"@type\":\"ListItem\",\"position\":1,\"name\":\"In\u00edcio\",\"item\":\"https:\/\/www.notibras.com\/site\/\"},{\"@type\":\"ListItem\",\"position\":2,\"name\":\"Governo espera reduzir fila do INSS at\u00e9 o final do ano\"}]},{\"@type\":\"WebSite\",\"@id\":\"https:\/\/www.notibras.com\/site\/#website\",\"url\":\"https:\/\/www.notibras.com\/site\/\",\"name\":\"Notibras\",\"description\":\"Not\u00edcias de Bras\u00edlia, do Brasil e do Mundo\",\"publisher\":{\"@id\":\"https:\/\/www.notibras.com\/site\/#organization\"},\"potentialAction\":[{\"@type\":\"SearchAction\",\"target\":{\"@type\":\"EntryPoint\",\"urlTemplate\":\"https:\/\/www.notibras.com\/site\/?s={search_term_string}\"},\"query-input\":{\"@type\":\"PropertyValueSpecification\",\"valueRequired\":true,\"valueName\":\"search_term_string\"}}],\"inLanguage\":\"pt-BR\"},{\"@type\":\"Organization\",\"@id\":\"https:\/\/www.notibras.com\/site\/#organization\",\"name\":\"Grupo Notibras de Comunica\u00e7\u00e3o\",\"url\":\"https:\/\/www.notibras.com\/site\/\",\"logo\":{\"@type\":\"ImageObject\",\"inLanguage\":\"pt-BR\",\"@id\":\"https:\/\/www.notibras.com\/site\/#\/schema\/logo\/image\/\",\"url\":\"https:\/\/www.notibras.com\/site\/wp-content\/uploads\/2023\/01\/notibras23.png\",\"contentUrl\":\"https:\/\/www.notibras.com\/site\/wp-content\/uploads\/2023\/01\/notibras23.png\",\"width\":350,\"height\":87,\"caption\":\"Grupo Notibras de Comunica\u00e7\u00e3o\"},\"image\":{\"@id\":\"https:\/\/www.notibras.com\/site\/#\/schema\/logo\/image\/\"},\"sameAs\":[\"https:\/\/www.facebook.com\/notibras\/\",\"https:\/\/x.com\/Notibras\",\"https:\/\/www.instagram.com\/notibras\/\"]},{\"@type\":\"Person\",\"@id\":\"https:\/\/www.notibras.com\/site\/#\/schema\/person\/36ab0979449956132d3e5b517ea76ac8\",\"name\":\"Reda\u00e7\u00e3o\",\"image\":{\"@type\":\"ImageObject\",\"inLanguage\":\"pt-BR\",\"@id\":\"https:\/\/secure.gravatar.com\/avatar\/e0a867bdedb85fd243eadf09663511f96fc81e0720a4a42581f334ad4303aa6b?s=96&d=mm&r=g\",\"url\":\"https:\/\/secure.gravatar.com\/avatar\/e0a867bdedb85fd243eadf09663511f96fc81e0720a4a42581f334ad4303aa6b?s=96&d=mm&r=g\",\"contentUrl\":\"https:\/\/secure.gravatar.com\/avatar\/e0a867bdedb85fd243eadf09663511f96fc81e0720a4a42581f334ad4303aa6b?s=96&d=mm&r=g\",\"caption\":\"Reda\u00e7\u00e3o\"}}]}<\/script>\n<!-- \/ Yoast SEO plugin. -->","yoast_head_json":{"title":"Governo espera reduzir fila do INSS at\u00e9 o final do ano - Notibras","robots":{"index":"index","follow":"follow","max-snippet":"max-snippet:-1","max-image-preview":"max-image-preview:large","max-video-preview":"max-video-preview:-1"},"canonical":"https:\/\/www.notibras.com\/site\/governo-espera-reduzir-fila-do-inss-ate-o-final-do-ano\/","og_locale":"pt_BR","og_type":"article","og_title":"Governo espera reduzir fila do INSS at\u00e9 o final do ano - Notibras","og_description":"O ministro da Previd\u00eancia Social, Carlos Lupi, espera reduzir a fila de concess\u00e3o de benef\u00edcios do Instituto Nacional do Seguro Social (INSS) at\u00e9 o final deste ano. A expectativa do governo federal \u00e9 que, at\u00e9 dezembro, o tempo m\u00e9dio de espera por uma per\u00edcia m\u00e9dica caia para 45 dias, conforme \u00e9 previsto em lei. \u201cAcredito [&hellip;]","og_url":"https:\/\/www.notibras.com\/site\/governo-espera-reduzir-fila-do-inss-ate-o-final-do-ano\/","og_site_name":"Notibras","article_publisher":"https:\/\/www.facebook.com\/notibras\/","article_published_time":"2023-10-19T03:00:04+00:00","article_modified_time":"2023-10-19T10:58:28+00:00","og_image":[{"width":1170,"height":700,"url":"https:\/\/www.notibras.com\/site\/wp-content\/uploads\/2023\/10\/inss_filas_aposentadoria6dsc_7442a-1.jpg","type":"image\/jpeg"}],"author":"Reda\u00e7\u00e3o","twitter_card":"summary_large_image","twitter_creator":"@Notibras","twitter_site":"@Notibras","twitter_misc":{"Escrito por":"Reda\u00e7\u00e3o","Est. tempo de leitura":"3 minutos"},"schema":{"@context":"https:\/\/schema.org","@graph":[{"@type":"Article","@id":"https:\/\/www.notibras.com\/site\/governo-espera-reduzir-fila-do-inss-ate-o-final-do-ano\/#article","isPartOf":{"@id":"https:\/\/www.notibras.com\/site\/governo-espera-reduzir-fila-do-inss-ate-o-final-do-ano\/"},"author":{"name":"Reda\u00e7\u00e3o","@id":"https:\/\/www.notibras.com\/site\/#\/schema\/person\/36ab0979449956132d3e5b517ea76ac8"},"headline":"Governo espera reduzir fila do INSS at\u00e9 o final do ano","datePublished":"2023-10-19T03:00:04+00:00","dateModified":"2023-10-19T10:58:28+00:00","mainEntityOfPage":{"@id":"https:\/\/www.notibras.com\/site\/governo-espera-reduzir-fila-do-inss-ate-o-final-do-ano\/"},"wordCount":544,"publisher":{"@id":"https:\/\/www.notibras.com\/site\/#organization"},"image":{"@id":"https:\/\/www.notibras.com\/site\/governo-espera-reduzir-fila-do-inss-ate-o-final-do-ano\/#primaryimage"},"thumbnailUrl":"https:\/\/www.notibras.com\/site\/wp-content\/uploads\/2023\/10\/inss_filas_aposentadoria6dsc_7442a-1.jpg","articleSection":["Quadradinho em Foco"],"inLanguage":"pt-BR"},{"@type":"WebPage","@id":"https:\/\/www.notibras.com\/site\/governo-espera-reduzir-fila-do-inss-ate-o-final-do-ano\/","url":"https:\/\/www.notibras.com\/site\/governo-espera-reduzir-fila-do-inss-ate-o-final-do-ano\/","name":"Governo espera reduzir fila do INSS at\u00e9 o final do ano - Notibras","isPartOf":{"@id":"https:\/\/www.notibras.com\/site\/#website"},"primaryImageOfPage":{"@id":"https:\/\/www.notibras.com\/site\/governo-espera-reduzir-fila-do-inss-ate-o-final-do-ano\/#primaryimage"},"image":{"@id":"https:\/\/www.notibras.com\/site\/governo-espera-reduzir-fila-do-inss-ate-o-final-do-ano\/#primaryimage"},"thumbnailUrl":"https:\/\/www.notibras.com\/site\/wp-content\/uploads\/2023\/10\/inss_filas_aposentadoria6dsc_7442a-1.jpg","datePublished":"2023-10-19T03:00:04+00:00","dateModified":"2023-10-19T10:58:28+00:00","breadcrumb":{"@id":"https:\/\/www.notibras.com\/site\/governo-espera-reduzir-fila-do-inss-ate-o-final-do-ano\/#breadcrumb"},"inLanguage":"pt-BR","potentialAction":[{"@type":"ReadAction","target":["https:\/\/www.notibras.com\/site\/governo-espera-reduzir-fila-do-inss-ate-o-final-do-ano\/"]}]},{"@type":"ImageObject","inLanguage":"pt-BR","@id":"https:\/\/www.notibras.com\/site\/governo-espera-reduzir-fila-do-inss-ate-o-final-do-ano\/#primaryimage","url":"https:\/\/www.notibras.com\/site\/wp-content\/uploads\/2023\/10\/inss_filas_aposentadoria6dsc_7442a-1.jpg","contentUrl":"https:\/\/www.notibras.com\/site\/wp-content\/uploads\/2023\/10\/inss_filas_aposentadoria6dsc_7442a-1.jpg","width":1170,"height":700,"caption":"Bras\u00edlia - Ap\u00f3s mais de quatro meses de paralisa\u00e7\u00e3o, m\u00e9dicos peritos do INSS retornaram hoje (25) ao trabalho com atendimento exclusivo para per\u00edcia inicial (Valter Campanato\/Ag\u00eancia Brasil)"},{"@type":"BreadcrumbList","@id":"https:\/\/www.notibras.com\/site\/governo-espera-reduzir-fila-do-inss-ate-o-final-do-ano\/#breadcrumb","itemListElement":[{"@type":"ListItem","position":1,"name":"In\u00edcio","item":"https:\/\/www.notibras.com\/site\/"},{"@type":"ListItem","position":2,"name":"Governo espera reduzir fila do INSS at\u00e9 o final do ano"}]},{"@type":"WebSite","@id":"https:\/\/www.notibras.com\/site\/#website","url":"https:\/\/www.notibras.com\/site\/","name":"Notibras","description":"Not\u00edcias de Bras\u00edlia, do Brasil e do Mundo","publisher":{"@id":"https:\/\/www.notibras.com\/site\/#organization"},"potentialAction":[{"@type":"SearchAction","target":{"@type":"EntryPoint","urlTemplate":"https:\/\/www.notibras.com\/site\/?s={search_term_string}"},"query-input":{"@type":"PropertyValueSpecification","valueRequired":true,"valueName":"search_term_string"}}],"inLanguage":"pt-BR"},{"@type":"Organization","@id":"https:\/\/www.notibras.com\/site\/#organization","name":"Grupo Notibras de Comunica\u00e7\u00e3o","url":"https:\/\/www.notibras.com\/site\/","logo":{"@type":"ImageObject","inLanguage":"pt-BR","@id":"https:\/\/www.notibras.com\/site\/#\/schema\/logo\/image\/","url":"https:\/\/www.notibras.com\/site\/wp-content\/uploads\/2023\/01\/notibras23.png","contentUrl":"https:\/\/www.notibras.com\/site\/wp-content\/uploads\/2023\/01\/notibras23.png","width":350,"height":87,"caption":"Grupo Notibras de Comunica\u00e7\u00e3o"},"image":{"@id":"https:\/\/www.notibras.com\/site\/#\/schema\/logo\/image\/"},"sameAs":["https:\/\/www.facebook.com\/notibras\/","https:\/\/x.com\/Notibras","https:\/\/www.instagram.com\/notibras\/"]},{"@type":"Person","@id":"https:\/\/www.notibras.com\/site\/#\/schema\/person\/36ab0979449956132d3e5b517ea76ac8","name":"Reda\u00e7\u00e3o","image":{"@type":"ImageObject","inLanguage":"pt-BR","@id":"https:\/\/secure.gravatar.com\/avatar\/e0a867bdedb85fd243eadf09663511f96fc81e0720a4a42581f334ad4303aa6b?s=96&d=mm&r=g","url":"https:\/\/secure.gravatar.com\/avatar\/e0a867bdedb85fd243eadf09663511f96fc81e0720a4a42581f334ad4303aa6b?s=96&d=mm&r=g","contentUrl":"https:\/\/secure.gravatar.com\/avatar\/e0a867bdedb85fd243eadf09663511f96fc81e0720a4a42581f334ad4303aa6b?s=96&d=mm&r=g","caption":"Reda\u00e7\u00e3o"}}]}},"amp_enabled":true,"_links":{"self":[{"href":"https:\/\/www.notibras.com\/site\/wp-json\/wp\/v2\/posts\/314998","targetHints":{"allow":["GET"]}}],"collection":[{"href":"https:\/\/www.notibras.com\/site\/wp-json\/wp\/v2\/posts"}],"about":[{"href":"https:\/\/www.notibras.com\/site\/wp-json\/wp\/v2\/types\/post"}],"author":[{"embeddable":true,"href":"https:\/\/www.notibras.com\/site\/wp-json\/wp\/v2\/users\/2"}],"replies":[{"embeddable":true,"href":"https:\/\/www.notibras.com\/site\/wp-json\/wp\/v2\/comments?post=314998"}],"version-history":[{"count":1,"href":"https:\/\/www.notibras.com\/site\/wp-json\/wp\/v2\/posts\/314998\/revisions"}],"predecessor-version":[{"id":315000,"href":"https:\/\/www.notibras.com\/site\/wp-json\/wp\/v2\/posts\/314998\/revisions\/315000"}],"wp:featuredmedia":[{"embeddable":true,"href":"https:\/\/www.notibras.com\/site\/wp-json\/wp\/v2\/media\/314999"}],"wp:attachment":[{"href":"https:\/\/www.notibras.com\/site\/wp-json\/wp\/v2\/media?parent=314998"}],"wp:term":[{"taxonomy":"category","embeddable":true,"href":"https:\/\/www.notibras.com\/site\/wp-json\/wp\/v2\/categories?post=314998"},{"taxonomy":"post_tag","embeddable":true,"href":"https:\/\/www.notibras.com\/site\/wp-json\/wp\/v2\/tags?post=314998"}],"curies":[{"name":"wp","href":"https:\/\/api.w.org\/{rel}","templated":true}]}}