{"id":315001,"date":"2023-10-19T00:00:14","date_gmt":"2023-10-19T03:00:14","guid":{"rendered":"https:\/\/www.notibras.com\/site\/?p=315001"},"modified":"2023-10-19T08:05:18","modified_gmt":"2023-10-19T11:05:18","slug":"estabilidade-nao-e-protecao-ao-servidor-mas-ao-estado","status":"publish","type":"post","link":"https:\/\/www.notibras.com\/site\/estabilidade-nao-e-protecao-ao-servidor-mas-ao-estado\/","title":{"rendered":"Estabilidade n\u00e3o \u00e9 prote\u00e7\u00e3o ao servidor, mas ao Estado"},"content":{"rendered":"<p>A ministra da Gest\u00e3o e da Inova\u00e7\u00e3o em Servi\u00e7os P\u00fablicos, Esther Werneck, disse nesta quarta-feira (18) que a estabilidade n\u00e3o \u00e9 uma prote\u00e7\u00e3o ao servidor p\u00fablico e sim ao Estado brasileiro. \u201cA l\u00f3gica da estabilidade foi pensada para evitar qualquer tipo de persegui\u00e7\u00e3o a pessoas, por exemplo, que denunciam maus feitos, que denunciam corrup\u00e7\u00e3o.\u201d<\/p>\n<p>\u201cNa pandemia, a gente viu o exemplo de um servidor que denunciou uma coisa que estava sendo feita no Minist\u00e9rio da Sa\u00fade, a gente viu outros casos, o caso das joias tamb\u00e9m. Servidores denunciando. E eles conseguem fazer isso justamente porque t\u00eam a certeza de que n\u00e3o ser\u00e3o punidos por uma persegui\u00e7\u00e3o pol\u00edtica contra eles.\u201d<\/p>\n<p>Em entrevista, Esther lembrou que a estabilidade de servidores p\u00fablicos \u00e9 importante, inclusive, para que as pol\u00edticas p\u00fablicas tenham continuidade \u2013 independentemente do governo de situa\u00e7\u00e3o. \u201cIsso \u00e9 uma grande prote\u00e7\u00e3o ao Estado brasileiro e a gente defende que seja mantida a estabilidade.\u201d<\/p>\n<p>\u201c\u00c9 muito importante ter um corpo t\u00e9cnico forte, um grupo de pessoas que trabalhe, que conhe\u00e7a o assunto e que seja capaz de, independentemente de quem est\u00e1 no governo, continuar a tocar as pol\u00edticas, o dia a dia. Muita coisa do governo independe de quem est\u00e1 no governo e precisa ser feita por quest\u00f5es t\u00e9cnicas.\u201d<\/p>\n<p>\u201cNa nossa vis\u00e3o, a estabilidade \u00e9 uma prote\u00e7\u00e3o do Estado e essa foi a l\u00f3gica da Constitui\u00e7\u00e3o desde o in\u00edcio. \u00c9 importante lembrar que a Constitui\u00e7\u00e3o veio num processo de redemocratiza\u00e7\u00e3o da sociedade brasileira p\u00f3s per\u00edodo militar, onde voc\u00ea tinha persegui\u00e7\u00e3o sim a pessoas. A ideia da estabilidade era uma prote\u00e7\u00e3o ao Estado.\u201d<\/p>\n","protected":false},"excerpt":{"rendered":"<p>A ministra da Gest\u00e3o e da Inova\u00e7\u00e3o em Servi\u00e7os P\u00fablicos, Esther Werneck, disse nesta quarta-feira (18) que a estabilidade n\u00e3o \u00e9 uma prote\u00e7\u00e3o ao servidor p\u00fablico e sim ao Estado brasileiro. \u201cA l\u00f3gica da estabilidade foi pensada para evitar qualquer tipo de persegui\u00e7\u00e3o a pessoas, por exemplo, que denunciam maus feitos, que denunciam corrup\u00e7\u00e3o.\u201d \u201cNa [&hellip;]<\/p>\n","protected":false},"author":2,"featured_media":315002,"comment_status":"closed","ping_status":"closed","sticky":false,"template":"","format":"standard","meta":{"_acf_changed":false,"footnotes":""},"categories":[161],"tags":[],"class_list":["post-315001","post","type-post","status-publish","format-standard","has-post-thumbnail","hentry","category-quadradinho-em-foco"],"acf":[],"yoast_head":"<!-- This site is optimized with the Yoast SEO plugin v27.2 - https:\/\/yoast.com\/product\/yoast-seo-wordpress\/ -->\n<title>Estabilidade n\u00e3o \u00e9 prote\u00e7\u00e3o ao servidor, mas ao Estado - Notibras<\/title>\n<meta name=\"robots\" content=\"index, follow, max-snippet:-1, max-image-preview:large, max-video-preview:-1\" \/>\n<link rel=\"canonical\" href=\"https:\/\/www.notibras.com\/site\/estabilidade-nao-e-protecao-ao-servidor-mas-ao-estado\/\" \/>\n<meta property=\"og:locale\" content=\"pt_BR\" \/>\n<meta property=\"og:type\" content=\"article\" \/>\n<meta property=\"og:title\" content=\"Estabilidade n\u00e3o \u00e9 prote\u00e7\u00e3o ao servidor, mas ao Estado - Notibras\" \/>\n<meta property=\"og:description\" content=\"A ministra da Gest\u00e3o e da Inova\u00e7\u00e3o em Servi\u00e7os P\u00fablicos, Esther Werneck, disse nesta quarta-feira (18) que a estabilidade n\u00e3o \u00e9 uma prote\u00e7\u00e3o ao servidor p\u00fablico e sim ao Estado brasileiro. \u201cA l\u00f3gica da estabilidade foi pensada para evitar qualquer tipo de persegui\u00e7\u00e3o a pessoas, por exemplo, que denunciam maus feitos, que denunciam corrup\u00e7\u00e3o.\u201d \u201cNa [&hellip;]\" \/>\n<meta property=\"og:url\" content=\"https:\/\/www.notibras.com\/site\/estabilidade-nao-e-protecao-ao-servidor-mas-ao-estado\/\" \/>\n<meta property=\"og:site_name\" content=\"Notibras\" \/>\n<meta property=\"article:publisher\" content=\"https:\/\/www.facebook.com\/notibras\/\" \/>\n<meta property=\"article:published_time\" content=\"2023-10-19T03:00:14+00:00\" \/>\n<meta property=\"article:modified_time\" content=\"2023-10-19T11:05:18+00:00\" \/>\n<meta property=\"og:image\" content=\"https:\/\/www.notibras.com\/site\/wp-content\/uploads\/2023\/10\/servidor.ministra.webp\" \/>\n\t<meta property=\"og:image:width\" content=\"1170\" \/>\n\t<meta property=\"og:image:height\" content=\"700\" \/>\n\t<meta property=\"og:image:type\" content=\"image\/webp\" \/>\n<meta name=\"author\" content=\"Reda\u00e7\u00e3o\" \/>\n<meta name=\"twitter:card\" content=\"summary_large_image\" \/>\n<meta name=\"twitter:creator\" content=\"@Notibras\" \/>\n<meta name=\"twitter:site\" content=\"@Notibras\" \/>\n<meta name=\"twitter:label1\" content=\"Escrito por\" \/>\n\t<meta name=\"twitter:data1\" content=\"Reda\u00e7\u00e3o\" \/>\n\t<meta name=\"twitter:label2\" content=\"Est. tempo de leitura\" \/>\n\t<meta name=\"twitter:data2\" content=\"2 minutos\" \/>\n<script type=\"application\/ld+json\" class=\"yoast-schema-graph\">{\"@context\":\"https:\/\/schema.org\",\"@graph\":[{\"@type\":\"Article\",\"@id\":\"https:\/\/www.notibras.com\/site\/estabilidade-nao-e-protecao-ao-servidor-mas-ao-estado\/#article\",\"isPartOf\":{\"@id\":\"https:\/\/www.notibras.com\/site\/estabilidade-nao-e-protecao-ao-servidor-mas-ao-estado\/\"},\"author\":{\"name\":\"Reda\u00e7\u00e3o\",\"@id\":\"https:\/\/www.notibras.com\/site\/#\/schema\/person\/36ab0979449956132d3e5b517ea76ac8\"},\"headline\":\"Estabilidade n\u00e3o \u00e9 prote\u00e7\u00e3o ao servidor, mas ao Estado\",\"datePublished\":\"2023-10-19T03:00:14+00:00\",\"dateModified\":\"2023-10-19T11:05:18+00:00\",\"mainEntityOfPage\":{\"@id\":\"https:\/\/www.notibras.com\/site\/estabilidade-nao-e-protecao-ao-servidor-mas-ao-estado\/\"},\"wordCount\":301,\"publisher\":{\"@id\":\"https:\/\/www.notibras.com\/site\/#organization\"},\"image\":{\"@id\":\"https:\/\/www.notibras.com\/site\/estabilidade-nao-e-protecao-ao-servidor-mas-ao-estado\/#primaryimage\"},\"thumbnailUrl\":\"https:\/\/www.notibras.com\/site\/wp-content\/uploads\/2023\/10\/servidor.ministra.webp\",\"articleSection\":[\"Quadradinho em Foco\"],\"inLanguage\":\"pt-BR\"},{\"@type\":\"WebPage\",\"@id\":\"https:\/\/www.notibras.com\/site\/estabilidade-nao-e-protecao-ao-servidor-mas-ao-estado\/\",\"url\":\"https:\/\/www.notibras.com\/site\/estabilidade-nao-e-protecao-ao-servidor-mas-ao-estado\/\",\"name\":\"Estabilidade n\u00e3o \u00e9 prote\u00e7\u00e3o ao servidor, mas ao Estado - Notibras\",\"isPartOf\":{\"@id\":\"https:\/\/www.notibras.com\/site\/#website\"},\"primaryImageOfPage\":{\"@id\":\"https:\/\/www.notibras.com\/site\/estabilidade-nao-e-protecao-ao-servidor-mas-ao-estado\/#primaryimage\"},\"image\":{\"@id\":\"https:\/\/www.notibras.com\/site\/estabilidade-nao-e-protecao-ao-servidor-mas-ao-estado\/#primaryimage\"},\"thumbnailUrl\":\"https:\/\/www.notibras.com\/site\/wp-content\/uploads\/2023\/10\/servidor.ministra.webp\",\"datePublished\":\"2023-10-19T03:00:14+00:00\",\"dateModified\":\"2023-10-19T11:05:18+00:00\",\"breadcrumb\":{\"@id\":\"https:\/\/www.notibras.com\/site\/estabilidade-nao-e-protecao-ao-servidor-mas-ao-estado\/#breadcrumb\"},\"inLanguage\":\"pt-BR\",\"potentialAction\":[{\"@type\":\"ReadAction\",\"target\":[\"https:\/\/www.notibras.com\/site\/estabilidade-nao-e-protecao-ao-servidor-mas-ao-estado\/\"]}]},{\"@type\":\"ImageObject\",\"inLanguage\":\"pt-BR\",\"@id\":\"https:\/\/www.notibras.com\/site\/estabilidade-nao-e-protecao-ao-servidor-mas-ao-estado\/#primaryimage\",\"url\":\"https:\/\/www.notibras.com\/site\/wp-content\/uploads\/2023\/10\/servidor.ministra.webp\",\"contentUrl\":\"https:\/\/www.notibras.com\/site\/wp-content\/uploads\/2023\/10\/servidor.ministra.webp\",\"width\":1170,\"height\":700},{\"@type\":\"BreadcrumbList\",\"@id\":\"https:\/\/www.notibras.com\/site\/estabilidade-nao-e-protecao-ao-servidor-mas-ao-estado\/#breadcrumb\",\"itemListElement\":[{\"@type\":\"ListItem\",\"position\":1,\"name\":\"In\u00edcio\",\"item\":\"https:\/\/www.notibras.com\/site\/\"},{\"@type\":\"ListItem\",\"position\":2,\"name\":\"Estabilidade n\u00e3o \u00e9 prote\u00e7\u00e3o ao servidor, mas ao Estado\"}]},{\"@type\":\"WebSite\",\"@id\":\"https:\/\/www.notibras.com\/site\/#website\",\"url\":\"https:\/\/www.notibras.com\/site\/\",\"name\":\"Notibras\",\"description\":\"Not\u00edcias de Bras\u00edlia, do Brasil e do Mundo\",\"publisher\":{\"@id\":\"https:\/\/www.notibras.com\/site\/#organization\"},\"potentialAction\":[{\"@type\":\"SearchAction\",\"target\":{\"@type\":\"EntryPoint\",\"urlTemplate\":\"https:\/\/www.notibras.com\/site\/?s={search_term_string}\"},\"query-input\":{\"@type\":\"PropertyValueSpecification\",\"valueRequired\":true,\"valueName\":\"search_term_string\"}}],\"inLanguage\":\"pt-BR\"},{\"@type\":\"Organization\",\"@id\":\"https:\/\/www.notibras.com\/site\/#organization\",\"name\":\"Grupo Notibras de Comunica\u00e7\u00e3o\",\"url\":\"https:\/\/www.notibras.com\/site\/\",\"logo\":{\"@type\":\"ImageObject\",\"inLanguage\":\"pt-BR\",\"@id\":\"https:\/\/www.notibras.com\/site\/#\/schema\/logo\/image\/\",\"url\":\"https:\/\/www.notibras.com\/site\/wp-content\/uploads\/2023\/01\/notibras23.png\",\"contentUrl\":\"https:\/\/www.notibras.com\/site\/wp-content\/uploads\/2023\/01\/notibras23.png\",\"width\":350,\"height\":87,\"caption\":\"Grupo Notibras de Comunica\u00e7\u00e3o\"},\"image\":{\"@id\":\"https:\/\/www.notibras.com\/site\/#\/schema\/logo\/image\/\"},\"sameAs\":[\"https:\/\/www.facebook.com\/notibras\/\",\"https:\/\/x.com\/Notibras\",\"https:\/\/www.instagram.com\/notibras\/\"]},{\"@type\":\"Person\",\"@id\":\"https:\/\/www.notibras.com\/site\/#\/schema\/person\/36ab0979449956132d3e5b517ea76ac8\",\"name\":\"Reda\u00e7\u00e3o\",\"image\":{\"@type\":\"ImageObject\",\"inLanguage\":\"pt-BR\",\"@id\":\"https:\/\/secure.gravatar.com\/avatar\/e0a867bdedb85fd243eadf09663511f96fc81e0720a4a42581f334ad4303aa6b?s=96&d=mm&r=g\",\"url\":\"https:\/\/secure.gravatar.com\/avatar\/e0a867bdedb85fd243eadf09663511f96fc81e0720a4a42581f334ad4303aa6b?s=96&d=mm&r=g\",\"contentUrl\":\"https:\/\/secure.gravatar.com\/avatar\/e0a867bdedb85fd243eadf09663511f96fc81e0720a4a42581f334ad4303aa6b?s=96&d=mm&r=g\",\"caption\":\"Reda\u00e7\u00e3o\"}}]}<\/script>\n<!-- \/ Yoast SEO plugin. -->","yoast_head_json":{"title":"Estabilidade n\u00e3o \u00e9 prote\u00e7\u00e3o ao servidor, mas ao Estado - Notibras","robots":{"index":"index","follow":"follow","max-snippet":"max-snippet:-1","max-image-preview":"max-image-preview:large","max-video-preview":"max-video-preview:-1"},"canonical":"https:\/\/www.notibras.com\/site\/estabilidade-nao-e-protecao-ao-servidor-mas-ao-estado\/","og_locale":"pt_BR","og_type":"article","og_title":"Estabilidade n\u00e3o \u00e9 prote\u00e7\u00e3o ao servidor, mas ao Estado - Notibras","og_description":"A ministra da Gest\u00e3o e da Inova\u00e7\u00e3o em Servi\u00e7os P\u00fablicos, Esther Werneck, disse nesta quarta-feira (18) que a estabilidade n\u00e3o \u00e9 uma prote\u00e7\u00e3o ao servidor p\u00fablico e sim ao Estado brasileiro. \u201cA l\u00f3gica da estabilidade foi pensada para evitar qualquer tipo de persegui\u00e7\u00e3o a pessoas, por exemplo, que denunciam maus feitos, que denunciam corrup\u00e7\u00e3o.\u201d \u201cNa [&hellip;]","og_url":"https:\/\/www.notibras.com\/site\/estabilidade-nao-e-protecao-ao-servidor-mas-ao-estado\/","og_site_name":"Notibras","article_publisher":"https:\/\/www.facebook.com\/notibras\/","article_published_time":"2023-10-19T03:00:14+00:00","article_modified_time":"2023-10-19T11:05:18+00:00","og_image":[{"width":1170,"height":700,"url":"https:\/\/www.notibras.com\/site\/wp-content\/uploads\/2023\/10\/servidor.ministra.webp","type":"image\/webp"}],"author":"Reda\u00e7\u00e3o","twitter_card":"summary_large_image","twitter_creator":"@Notibras","twitter_site":"@Notibras","twitter_misc":{"Escrito por":"Reda\u00e7\u00e3o","Est. tempo de leitura":"2 minutos"},"schema":{"@context":"https:\/\/schema.org","@graph":[{"@type":"Article","@id":"https:\/\/www.notibras.com\/site\/estabilidade-nao-e-protecao-ao-servidor-mas-ao-estado\/#article","isPartOf":{"@id":"https:\/\/www.notibras.com\/site\/estabilidade-nao-e-protecao-ao-servidor-mas-ao-estado\/"},"author":{"name":"Reda\u00e7\u00e3o","@id":"https:\/\/www.notibras.com\/site\/#\/schema\/person\/36ab0979449956132d3e5b517ea76ac8"},"headline":"Estabilidade n\u00e3o \u00e9 prote\u00e7\u00e3o ao servidor, mas ao Estado","datePublished":"2023-10-19T03:00:14+00:00","dateModified":"2023-10-19T11:05:18+00:00","mainEntityOfPage":{"@id":"https:\/\/www.notibras.com\/site\/estabilidade-nao-e-protecao-ao-servidor-mas-ao-estado\/"},"wordCount":301,"publisher":{"@id":"https:\/\/www.notibras.com\/site\/#organization"},"image":{"@id":"https:\/\/www.notibras.com\/site\/estabilidade-nao-e-protecao-ao-servidor-mas-ao-estado\/#primaryimage"},"thumbnailUrl":"https:\/\/www.notibras.com\/site\/wp-content\/uploads\/2023\/10\/servidor.ministra.webp","articleSection":["Quadradinho em Foco"],"inLanguage":"pt-BR"},{"@type":"WebPage","@id":"https:\/\/www.notibras.com\/site\/estabilidade-nao-e-protecao-ao-servidor-mas-ao-estado\/","url":"https:\/\/www.notibras.com\/site\/estabilidade-nao-e-protecao-ao-servidor-mas-ao-estado\/","name":"Estabilidade n\u00e3o \u00e9 prote\u00e7\u00e3o ao servidor, mas ao Estado - Notibras","isPartOf":{"@id":"https:\/\/www.notibras.com\/site\/#website"},"primaryImageOfPage":{"@id":"https:\/\/www.notibras.com\/site\/estabilidade-nao-e-protecao-ao-servidor-mas-ao-estado\/#primaryimage"},"image":{"@id":"https:\/\/www.notibras.com\/site\/estabilidade-nao-e-protecao-ao-servidor-mas-ao-estado\/#primaryimage"},"thumbnailUrl":"https:\/\/www.notibras.com\/site\/wp-content\/uploads\/2023\/10\/servidor.ministra.webp","datePublished":"2023-10-19T03:00:14+00:00","dateModified":"2023-10-19T11:05:18+00:00","breadcrumb":{"@id":"https:\/\/www.notibras.com\/site\/estabilidade-nao-e-protecao-ao-servidor-mas-ao-estado\/#breadcrumb"},"inLanguage":"pt-BR","potentialAction":[{"@type":"ReadAction","target":["https:\/\/www.notibras.com\/site\/estabilidade-nao-e-protecao-ao-servidor-mas-ao-estado\/"]}]},{"@type":"ImageObject","inLanguage":"pt-BR","@id":"https:\/\/www.notibras.com\/site\/estabilidade-nao-e-protecao-ao-servidor-mas-ao-estado\/#primaryimage","url":"https:\/\/www.notibras.com\/site\/wp-content\/uploads\/2023\/10\/servidor.ministra.webp","contentUrl":"https:\/\/www.notibras.com\/site\/wp-content\/uploads\/2023\/10\/servidor.ministra.webp","width":1170,"height":700},{"@type":"BreadcrumbList","@id":"https:\/\/www.notibras.com\/site\/estabilidade-nao-e-protecao-ao-servidor-mas-ao-estado\/#breadcrumb","itemListElement":[{"@type":"ListItem","position":1,"name":"In\u00edcio","item":"https:\/\/www.notibras.com\/site\/"},{"@type":"ListItem","position":2,"name":"Estabilidade n\u00e3o \u00e9 prote\u00e7\u00e3o ao servidor, mas ao Estado"}]},{"@type":"WebSite","@id":"https:\/\/www.notibras.com\/site\/#website","url":"https:\/\/www.notibras.com\/site\/","name":"Notibras","description":"Not\u00edcias de Bras\u00edlia, do Brasil e do Mundo","publisher":{"@id":"https:\/\/www.notibras.com\/site\/#organization"},"potentialAction":[{"@type":"SearchAction","target":{"@type":"EntryPoint","urlTemplate":"https:\/\/www.notibras.com\/site\/?s={search_term_string}"},"query-input":{"@type":"PropertyValueSpecification","valueRequired":true,"valueName":"search_term_string"}}],"inLanguage":"pt-BR"},{"@type":"Organization","@id":"https:\/\/www.notibras.com\/site\/#organization","name":"Grupo Notibras de Comunica\u00e7\u00e3o","url":"https:\/\/www.notibras.com\/site\/","logo":{"@type":"ImageObject","inLanguage":"pt-BR","@id":"https:\/\/www.notibras.com\/site\/#\/schema\/logo\/image\/","url":"https:\/\/www.notibras.com\/site\/wp-content\/uploads\/2023\/01\/notibras23.png","contentUrl":"https:\/\/www.notibras.com\/site\/wp-content\/uploads\/2023\/01\/notibras23.png","width":350,"height":87,"caption":"Grupo Notibras de Comunica\u00e7\u00e3o"},"image":{"@id":"https:\/\/www.notibras.com\/site\/#\/schema\/logo\/image\/"},"sameAs":["https:\/\/www.facebook.com\/notibras\/","https:\/\/x.com\/Notibras","https:\/\/www.instagram.com\/notibras\/"]},{"@type":"Person","@id":"https:\/\/www.notibras.com\/site\/#\/schema\/person\/36ab0979449956132d3e5b517ea76ac8","name":"Reda\u00e7\u00e3o","image":{"@type":"ImageObject","inLanguage":"pt-BR","@id":"https:\/\/secure.gravatar.com\/avatar\/e0a867bdedb85fd243eadf09663511f96fc81e0720a4a42581f334ad4303aa6b?s=96&d=mm&r=g","url":"https:\/\/secure.gravatar.com\/avatar\/e0a867bdedb85fd243eadf09663511f96fc81e0720a4a42581f334ad4303aa6b?s=96&d=mm&r=g","contentUrl":"https:\/\/secure.gravatar.com\/avatar\/e0a867bdedb85fd243eadf09663511f96fc81e0720a4a42581f334ad4303aa6b?s=96&d=mm&r=g","caption":"Reda\u00e7\u00e3o"}}]}},"amp_enabled":true,"_links":{"self":[{"href":"https:\/\/www.notibras.com\/site\/wp-json\/wp\/v2\/posts\/315001","targetHints":{"allow":["GET"]}}],"collection":[{"href":"https:\/\/www.notibras.com\/site\/wp-json\/wp\/v2\/posts"}],"about":[{"href":"https:\/\/www.notibras.com\/site\/wp-json\/wp\/v2\/types\/post"}],"author":[{"embeddable":true,"href":"https:\/\/www.notibras.com\/site\/wp-json\/wp\/v2\/users\/2"}],"replies":[{"embeddable":true,"href":"https:\/\/www.notibras.com\/site\/wp-json\/wp\/v2\/comments?post=315001"}],"version-history":[{"count":1,"href":"https:\/\/www.notibras.com\/site\/wp-json\/wp\/v2\/posts\/315001\/revisions"}],"predecessor-version":[{"id":315003,"href":"https:\/\/www.notibras.com\/site\/wp-json\/wp\/v2\/posts\/315001\/revisions\/315003"}],"wp:featuredmedia":[{"embeddable":true,"href":"https:\/\/www.notibras.com\/site\/wp-json\/wp\/v2\/media\/315002"}],"wp:attachment":[{"href":"https:\/\/www.notibras.com\/site\/wp-json\/wp\/v2\/media?parent=315001"}],"wp:term":[{"taxonomy":"category","embeddable":true,"href":"https:\/\/www.notibras.com\/site\/wp-json\/wp\/v2\/categories?post=315001"},{"taxonomy":"post_tag","embeddable":true,"href":"https:\/\/www.notibras.com\/site\/wp-json\/wp\/v2\/tags?post=315001"}],"curies":[{"name":"wp","href":"https:\/\/api.w.org\/{rel}","templated":true}]}}