{"id":315004,"date":"2023-10-19T00:01:03","date_gmt":"2023-10-19T03:01:03","guid":{"rendered":"https:\/\/www.notibras.com\/site\/?p=315004"},"modified":"2023-10-19T08:10:44","modified_gmt":"2023-10-19T11:10:44","slug":"classificacao-da-mata-atlantica-define-uso-e-conservacao","status":"publish","type":"post","link":"https:\/\/www.notibras.com\/site\/classificacao-da-mata-atlantica-define-uso-e-conservacao\/","title":{"rendered":"Classifica\u00e7\u00e3o da Mata Atl\u00e2ntica define uso e conserva\u00e7\u00e3o"},"content":{"rendered":"<p>O Conselho Nacional do Meio Ambiente (Conama) estabeleceu crit\u00e9rios para definir as vegeta\u00e7\u00f5es prim\u00e1ria e secund\u00e1ria de regenera\u00e7\u00e3o da Mata Atl\u00e2ntica no estado de Goi\u00e1s. A medida publicada nesta quarta-feira (18) no Di\u00e1rio Oficial de Uni\u00e3o regulamenta a Lei da Mata Atl\u00e2ntica (11.428\/2006) que trata da preserva\u00e7\u00e3o e do uso dos recursos do bioma.<\/p>\n<p>No documento foram descritos os par\u00e2metros para identificar os est\u00e1gios de regenera\u00e7\u00e3o do bioma, conforme a fisionomia da vegeta\u00e7\u00e3o, as esp\u00e9cies predominantes, a altura e o di\u00e2metro das \u00e1rvores, exist\u00eancia de algumas vegeta\u00e7\u00f5es espec\u00edficas, como as que dependem de outras esp\u00e9cies para existirem.<\/p>\n<p>Esses est\u00e1gios ajudam a definir se a regi\u00e3o mant\u00e9m a vegeta\u00e7\u00e3o prim\u00e1ria, ou se a vegeta\u00e7\u00e3o \u00e9 secund\u00e1ria \u2013 quando sofreu algum tipo de interfer\u00eancia, como corte raso, queimada, uso da agricultura ou de pastagem para pecu\u00e1ria.<\/p>\n<p>A depender do est\u00e1gio de regenera\u00e7\u00e3o das florestas secund\u00e1rias, define-se como o bioma deve ser tratado, se seus recursos podem ser consumidos, ou devem ser preservados.<\/p>\n<p>Na resolu\u00e7\u00e3o do Conama foram descritos os tr\u00eas est\u00e1gios \u2013 inicial, m\u00e9dio e avan\u00e7ado \u2013 tanto da Floresta Estacional Decidual, que \u00e9 um ecosistema caracterizado por duas esta\u00e7\u00f5es, seca e chuva abundante; quanto da Floresta Estacional Semidecidual, que ocorre em regi\u00f5es menos \u00famidas e em ambiente semi\u00e1rido.<\/p>\n<p>Com a defini\u00e7\u00e3o ficam estabelecidos os crit\u00e9rios para que as autoridades ambientais possa conceder, no estado de Goi\u00e1s, autoriza\u00e7\u00f5es de corte, supress\u00e3o e explora\u00e7\u00e3o da vegeta\u00e7\u00e3o conforme os casos previstos na Lei da Mata Atl\u00e2ntica.<\/p>\n","protected":false},"excerpt":{"rendered":"<p>O Conselho Nacional do Meio Ambiente (Conama) estabeleceu crit\u00e9rios para definir as vegeta\u00e7\u00f5es prim\u00e1ria e secund\u00e1ria de regenera\u00e7\u00e3o da Mata Atl\u00e2ntica no estado de Goi\u00e1s. A medida publicada nesta quarta-feira (18) no Di\u00e1rio Oficial de Uni\u00e3o regulamenta a Lei da Mata Atl\u00e2ntica (11.428\/2006) que trata da preserva\u00e7\u00e3o e do uso dos recursos do bioma. No [&hellip;]<\/p>\n","protected":false},"author":2,"featured_media":315005,"comment_status":"closed","ping_status":"closed","sticky":false,"template":"","format":"standard","meta":{"_acf_changed":false,"footnotes":""},"categories":[161],"tags":[],"class_list":["post-315004","post","type-post","status-publish","format-standard","has-post-thumbnail","hentry","category-quadradinho-em-foco"],"acf":[],"yoast_head":"<!-- This site is optimized with the Yoast SEO plugin v27.2 - https:\/\/yoast.com\/product\/yoast-seo-wordpress\/ -->\n<title>Classifica\u00e7\u00e3o da Mata Atl\u00e2ntica define uso e conserva\u00e7\u00e3o - Notibras<\/title>\n<meta name=\"robots\" content=\"index, follow, max-snippet:-1, max-image-preview:large, max-video-preview:-1\" \/>\n<link rel=\"canonical\" href=\"https:\/\/www.notibras.com\/site\/classificacao-da-mata-atlantica-define-uso-e-conservacao\/\" \/>\n<meta property=\"og:locale\" content=\"pt_BR\" \/>\n<meta property=\"og:type\" content=\"article\" \/>\n<meta property=\"og:title\" content=\"Classifica\u00e7\u00e3o da Mata Atl\u00e2ntica define uso e conserva\u00e7\u00e3o - Notibras\" \/>\n<meta property=\"og:description\" content=\"O Conselho Nacional do Meio Ambiente (Conama) estabeleceu crit\u00e9rios para definir as vegeta\u00e7\u00f5es prim\u00e1ria e secund\u00e1ria de regenera\u00e7\u00e3o da Mata Atl\u00e2ntica no estado de Goi\u00e1s. A medida publicada nesta quarta-feira (18) no Di\u00e1rio Oficial de Uni\u00e3o regulamenta a Lei da Mata Atl\u00e2ntica (11.428\/2006) que trata da preserva\u00e7\u00e3o e do uso dos recursos do bioma. No [&hellip;]\" \/>\n<meta property=\"og:url\" content=\"https:\/\/www.notibras.com\/site\/classificacao-da-mata-atlantica-define-uso-e-conservacao\/\" \/>\n<meta property=\"og:site_name\" content=\"Notibras\" \/>\n<meta property=\"article:publisher\" content=\"https:\/\/www.facebook.com\/notibras\/\" \/>\n<meta property=\"article:published_time\" content=\"2023-10-19T03:01:03+00:00\" \/>\n<meta property=\"article:modified_time\" content=\"2023-10-19T11:10:44+00:00\" \/>\n<meta property=\"og:image\" content=\"https:\/\/www.notibras.com\/site\/wp-content\/uploads\/2023\/10\/ma_go.jpg\" \/>\n\t<meta property=\"og:image:width\" content=\"1170\" \/>\n\t<meta property=\"og:image:height\" content=\"700\" \/>\n\t<meta property=\"og:image:type\" content=\"image\/jpeg\" \/>\n<meta name=\"author\" content=\"Reda\u00e7\u00e3o\" \/>\n<meta name=\"twitter:card\" content=\"summary_large_image\" \/>\n<meta name=\"twitter:creator\" content=\"@Notibras\" \/>\n<meta name=\"twitter:site\" content=\"@Notibras\" \/>\n<meta name=\"twitter:label1\" content=\"Escrito por\" \/>\n\t<meta name=\"twitter:data1\" content=\"Reda\u00e7\u00e3o\" \/>\n\t<meta name=\"twitter:label2\" content=\"Est. tempo de leitura\" \/>\n\t<meta name=\"twitter:data2\" content=\"2 minutos\" \/>\n<script type=\"application\/ld+json\" class=\"yoast-schema-graph\">{\"@context\":\"https:\/\/schema.org\",\"@graph\":[{\"@type\":\"Article\",\"@id\":\"https:\/\/www.notibras.com\/site\/classificacao-da-mata-atlantica-define-uso-e-conservacao\/#article\",\"isPartOf\":{\"@id\":\"https:\/\/www.notibras.com\/site\/classificacao-da-mata-atlantica-define-uso-e-conservacao\/\"},\"author\":{\"name\":\"Reda\u00e7\u00e3o\",\"@id\":\"https:\/\/www.notibras.com\/site\/#\/schema\/person\/36ab0979449956132d3e5b517ea76ac8\"},\"headline\":\"Classifica\u00e7\u00e3o da Mata Atl\u00e2ntica define uso e conserva\u00e7\u00e3o\",\"datePublished\":\"2023-10-19T03:01:03+00:00\",\"dateModified\":\"2023-10-19T11:10:44+00:00\",\"mainEntityOfPage\":{\"@id\":\"https:\/\/www.notibras.com\/site\/classificacao-da-mata-atlantica-define-uso-e-conservacao\/\"},\"wordCount\":295,\"publisher\":{\"@id\":\"https:\/\/www.notibras.com\/site\/#organization\"},\"image\":{\"@id\":\"https:\/\/www.notibras.com\/site\/classificacao-da-mata-atlantica-define-uso-e-conservacao\/#primaryimage\"},\"thumbnailUrl\":\"https:\/\/www.notibras.com\/site\/wp-content\/uploads\/2023\/10\/ma_go.jpg\",\"articleSection\":[\"Quadradinho em Foco\"],\"inLanguage\":\"pt-BR\"},{\"@type\":\"WebPage\",\"@id\":\"https:\/\/www.notibras.com\/site\/classificacao-da-mata-atlantica-define-uso-e-conservacao\/\",\"url\":\"https:\/\/www.notibras.com\/site\/classificacao-da-mata-atlantica-define-uso-e-conservacao\/\",\"name\":\"Classifica\u00e7\u00e3o da Mata Atl\u00e2ntica define uso e conserva\u00e7\u00e3o - Notibras\",\"isPartOf\":{\"@id\":\"https:\/\/www.notibras.com\/site\/#website\"},\"primaryImageOfPage\":{\"@id\":\"https:\/\/www.notibras.com\/site\/classificacao-da-mata-atlantica-define-uso-e-conservacao\/#primaryimage\"},\"image\":{\"@id\":\"https:\/\/www.notibras.com\/site\/classificacao-da-mata-atlantica-define-uso-e-conservacao\/#primaryimage\"},\"thumbnailUrl\":\"https:\/\/www.notibras.com\/site\/wp-content\/uploads\/2023\/10\/ma_go.jpg\",\"datePublished\":\"2023-10-19T03:01:03+00:00\",\"dateModified\":\"2023-10-19T11:10:44+00:00\",\"breadcrumb\":{\"@id\":\"https:\/\/www.notibras.com\/site\/classificacao-da-mata-atlantica-define-uso-e-conservacao\/#breadcrumb\"},\"inLanguage\":\"pt-BR\",\"potentialAction\":[{\"@type\":\"ReadAction\",\"target\":[\"https:\/\/www.notibras.com\/site\/classificacao-da-mata-atlantica-define-uso-e-conservacao\/\"]}]},{\"@type\":\"ImageObject\",\"inLanguage\":\"pt-BR\",\"@id\":\"https:\/\/www.notibras.com\/site\/classificacao-da-mata-atlantica-define-uso-e-conservacao\/#primaryimage\",\"url\":\"https:\/\/www.notibras.com\/site\/wp-content\/uploads\/2023\/10\/ma_go.jpg\",\"contentUrl\":\"https:\/\/www.notibras.com\/site\/wp-content\/uploads\/2023\/10\/ma_go.jpg\",\"width\":1170,\"height\":700,\"caption\":\"Goi\u00e1s - Parque Estadual da Mata Atl\u00e2ntica de Goi\u00e1s. Foto: SMA Goi\u00e1s\"},{\"@type\":\"BreadcrumbList\",\"@id\":\"https:\/\/www.notibras.com\/site\/classificacao-da-mata-atlantica-define-uso-e-conservacao\/#breadcrumb\",\"itemListElement\":[{\"@type\":\"ListItem\",\"position\":1,\"name\":\"In\u00edcio\",\"item\":\"https:\/\/www.notibras.com\/site\/\"},{\"@type\":\"ListItem\",\"position\":2,\"name\":\"Classifica\u00e7\u00e3o da Mata Atl\u00e2ntica define uso e conserva\u00e7\u00e3o\"}]},{\"@type\":\"WebSite\",\"@id\":\"https:\/\/www.notibras.com\/site\/#website\",\"url\":\"https:\/\/www.notibras.com\/site\/\",\"name\":\"Notibras\",\"description\":\"Not\u00edcias de Bras\u00edlia, do Brasil e do Mundo\",\"publisher\":{\"@id\":\"https:\/\/www.notibras.com\/site\/#organization\"},\"potentialAction\":[{\"@type\":\"SearchAction\",\"target\":{\"@type\":\"EntryPoint\",\"urlTemplate\":\"https:\/\/www.notibras.com\/site\/?s={search_term_string}\"},\"query-input\":{\"@type\":\"PropertyValueSpecification\",\"valueRequired\":true,\"valueName\":\"search_term_string\"}}],\"inLanguage\":\"pt-BR\"},{\"@type\":\"Organization\",\"@id\":\"https:\/\/www.notibras.com\/site\/#organization\",\"name\":\"Grupo Notibras de Comunica\u00e7\u00e3o\",\"url\":\"https:\/\/www.notibras.com\/site\/\",\"logo\":{\"@type\":\"ImageObject\",\"inLanguage\":\"pt-BR\",\"@id\":\"https:\/\/www.notibras.com\/site\/#\/schema\/logo\/image\/\",\"url\":\"https:\/\/www.notibras.com\/site\/wp-content\/uploads\/2023\/01\/notibras23.png\",\"contentUrl\":\"https:\/\/www.notibras.com\/site\/wp-content\/uploads\/2023\/01\/notibras23.png\",\"width\":350,\"height\":87,\"caption\":\"Grupo Notibras de Comunica\u00e7\u00e3o\"},\"image\":{\"@id\":\"https:\/\/www.notibras.com\/site\/#\/schema\/logo\/image\/\"},\"sameAs\":[\"https:\/\/www.facebook.com\/notibras\/\",\"https:\/\/x.com\/Notibras\",\"https:\/\/www.instagram.com\/notibras\/\"]},{\"@type\":\"Person\",\"@id\":\"https:\/\/www.notibras.com\/site\/#\/schema\/person\/36ab0979449956132d3e5b517ea76ac8\",\"name\":\"Reda\u00e7\u00e3o\",\"image\":{\"@type\":\"ImageObject\",\"inLanguage\":\"pt-BR\",\"@id\":\"https:\/\/secure.gravatar.com\/avatar\/e0a867bdedb85fd243eadf09663511f96fc81e0720a4a42581f334ad4303aa6b?s=96&d=mm&r=g\",\"url\":\"https:\/\/secure.gravatar.com\/avatar\/e0a867bdedb85fd243eadf09663511f96fc81e0720a4a42581f334ad4303aa6b?s=96&d=mm&r=g\",\"contentUrl\":\"https:\/\/secure.gravatar.com\/avatar\/e0a867bdedb85fd243eadf09663511f96fc81e0720a4a42581f334ad4303aa6b?s=96&d=mm&r=g\",\"caption\":\"Reda\u00e7\u00e3o\"}}]}<\/script>\n<!-- \/ Yoast SEO plugin. -->","yoast_head_json":{"title":"Classifica\u00e7\u00e3o da Mata Atl\u00e2ntica define uso e conserva\u00e7\u00e3o - Notibras","robots":{"index":"index","follow":"follow","max-snippet":"max-snippet:-1","max-image-preview":"max-image-preview:large","max-video-preview":"max-video-preview:-1"},"canonical":"https:\/\/www.notibras.com\/site\/classificacao-da-mata-atlantica-define-uso-e-conservacao\/","og_locale":"pt_BR","og_type":"article","og_title":"Classifica\u00e7\u00e3o da Mata Atl\u00e2ntica define uso e conserva\u00e7\u00e3o - Notibras","og_description":"O Conselho Nacional do Meio Ambiente (Conama) estabeleceu crit\u00e9rios para definir as vegeta\u00e7\u00f5es prim\u00e1ria e secund\u00e1ria de regenera\u00e7\u00e3o da Mata Atl\u00e2ntica no estado de Goi\u00e1s. A medida publicada nesta quarta-feira (18) no Di\u00e1rio Oficial de Uni\u00e3o regulamenta a Lei da Mata Atl\u00e2ntica (11.428\/2006) que trata da preserva\u00e7\u00e3o e do uso dos recursos do bioma. No [&hellip;]","og_url":"https:\/\/www.notibras.com\/site\/classificacao-da-mata-atlantica-define-uso-e-conservacao\/","og_site_name":"Notibras","article_publisher":"https:\/\/www.facebook.com\/notibras\/","article_published_time":"2023-10-19T03:01:03+00:00","article_modified_time":"2023-10-19T11:10:44+00:00","og_image":[{"width":1170,"height":700,"url":"https:\/\/www.notibras.com\/site\/wp-content\/uploads\/2023\/10\/ma_go.jpg","type":"image\/jpeg"}],"author":"Reda\u00e7\u00e3o","twitter_card":"summary_large_image","twitter_creator":"@Notibras","twitter_site":"@Notibras","twitter_misc":{"Escrito por":"Reda\u00e7\u00e3o","Est. tempo de leitura":"2 minutos"},"schema":{"@context":"https:\/\/schema.org","@graph":[{"@type":"Article","@id":"https:\/\/www.notibras.com\/site\/classificacao-da-mata-atlantica-define-uso-e-conservacao\/#article","isPartOf":{"@id":"https:\/\/www.notibras.com\/site\/classificacao-da-mata-atlantica-define-uso-e-conservacao\/"},"author":{"name":"Reda\u00e7\u00e3o","@id":"https:\/\/www.notibras.com\/site\/#\/schema\/person\/36ab0979449956132d3e5b517ea76ac8"},"headline":"Classifica\u00e7\u00e3o da Mata Atl\u00e2ntica define uso e conserva\u00e7\u00e3o","datePublished":"2023-10-19T03:01:03+00:00","dateModified":"2023-10-19T11:10:44+00:00","mainEntityOfPage":{"@id":"https:\/\/www.notibras.com\/site\/classificacao-da-mata-atlantica-define-uso-e-conservacao\/"},"wordCount":295,"publisher":{"@id":"https:\/\/www.notibras.com\/site\/#organization"},"image":{"@id":"https:\/\/www.notibras.com\/site\/classificacao-da-mata-atlantica-define-uso-e-conservacao\/#primaryimage"},"thumbnailUrl":"https:\/\/www.notibras.com\/site\/wp-content\/uploads\/2023\/10\/ma_go.jpg","articleSection":["Quadradinho em Foco"],"inLanguage":"pt-BR"},{"@type":"WebPage","@id":"https:\/\/www.notibras.com\/site\/classificacao-da-mata-atlantica-define-uso-e-conservacao\/","url":"https:\/\/www.notibras.com\/site\/classificacao-da-mata-atlantica-define-uso-e-conservacao\/","name":"Classifica\u00e7\u00e3o da Mata Atl\u00e2ntica define uso e conserva\u00e7\u00e3o - Notibras","isPartOf":{"@id":"https:\/\/www.notibras.com\/site\/#website"},"primaryImageOfPage":{"@id":"https:\/\/www.notibras.com\/site\/classificacao-da-mata-atlantica-define-uso-e-conservacao\/#primaryimage"},"image":{"@id":"https:\/\/www.notibras.com\/site\/classificacao-da-mata-atlantica-define-uso-e-conservacao\/#primaryimage"},"thumbnailUrl":"https:\/\/www.notibras.com\/site\/wp-content\/uploads\/2023\/10\/ma_go.jpg","datePublished":"2023-10-19T03:01:03+00:00","dateModified":"2023-10-19T11:10:44+00:00","breadcrumb":{"@id":"https:\/\/www.notibras.com\/site\/classificacao-da-mata-atlantica-define-uso-e-conservacao\/#breadcrumb"},"inLanguage":"pt-BR","potentialAction":[{"@type":"ReadAction","target":["https:\/\/www.notibras.com\/site\/classificacao-da-mata-atlantica-define-uso-e-conservacao\/"]}]},{"@type":"ImageObject","inLanguage":"pt-BR","@id":"https:\/\/www.notibras.com\/site\/classificacao-da-mata-atlantica-define-uso-e-conservacao\/#primaryimage","url":"https:\/\/www.notibras.com\/site\/wp-content\/uploads\/2023\/10\/ma_go.jpg","contentUrl":"https:\/\/www.notibras.com\/site\/wp-content\/uploads\/2023\/10\/ma_go.jpg","width":1170,"height":700,"caption":"Goi\u00e1s - Parque Estadual da Mata Atl\u00e2ntica de Goi\u00e1s. Foto: SMA Goi\u00e1s"},{"@type":"BreadcrumbList","@id":"https:\/\/www.notibras.com\/site\/classificacao-da-mata-atlantica-define-uso-e-conservacao\/#breadcrumb","itemListElement":[{"@type":"ListItem","position":1,"name":"In\u00edcio","item":"https:\/\/www.notibras.com\/site\/"},{"@type":"ListItem","position":2,"name":"Classifica\u00e7\u00e3o da Mata Atl\u00e2ntica define uso e conserva\u00e7\u00e3o"}]},{"@type":"WebSite","@id":"https:\/\/www.notibras.com\/site\/#website","url":"https:\/\/www.notibras.com\/site\/","name":"Notibras","description":"Not\u00edcias de Bras\u00edlia, do Brasil e do Mundo","publisher":{"@id":"https:\/\/www.notibras.com\/site\/#organization"},"potentialAction":[{"@type":"SearchAction","target":{"@type":"EntryPoint","urlTemplate":"https:\/\/www.notibras.com\/site\/?s={search_term_string}"},"query-input":{"@type":"PropertyValueSpecification","valueRequired":true,"valueName":"search_term_string"}}],"inLanguage":"pt-BR"},{"@type":"Organization","@id":"https:\/\/www.notibras.com\/site\/#organization","name":"Grupo Notibras de Comunica\u00e7\u00e3o","url":"https:\/\/www.notibras.com\/site\/","logo":{"@type":"ImageObject","inLanguage":"pt-BR","@id":"https:\/\/www.notibras.com\/site\/#\/schema\/logo\/image\/","url":"https:\/\/www.notibras.com\/site\/wp-content\/uploads\/2023\/01\/notibras23.png","contentUrl":"https:\/\/www.notibras.com\/site\/wp-content\/uploads\/2023\/01\/notibras23.png","width":350,"height":87,"caption":"Grupo Notibras de Comunica\u00e7\u00e3o"},"image":{"@id":"https:\/\/www.notibras.com\/site\/#\/schema\/logo\/image\/"},"sameAs":["https:\/\/www.facebook.com\/notibras\/","https:\/\/x.com\/Notibras","https:\/\/www.instagram.com\/notibras\/"]},{"@type":"Person","@id":"https:\/\/www.notibras.com\/site\/#\/schema\/person\/36ab0979449956132d3e5b517ea76ac8","name":"Reda\u00e7\u00e3o","image":{"@type":"ImageObject","inLanguage":"pt-BR","@id":"https:\/\/secure.gravatar.com\/avatar\/e0a867bdedb85fd243eadf09663511f96fc81e0720a4a42581f334ad4303aa6b?s=96&d=mm&r=g","url":"https:\/\/secure.gravatar.com\/avatar\/e0a867bdedb85fd243eadf09663511f96fc81e0720a4a42581f334ad4303aa6b?s=96&d=mm&r=g","contentUrl":"https:\/\/secure.gravatar.com\/avatar\/e0a867bdedb85fd243eadf09663511f96fc81e0720a4a42581f334ad4303aa6b?s=96&d=mm&r=g","caption":"Reda\u00e7\u00e3o"}}]}},"amp_enabled":true,"_links":{"self":[{"href":"https:\/\/www.notibras.com\/site\/wp-json\/wp\/v2\/posts\/315004","targetHints":{"allow":["GET"]}}],"collection":[{"href":"https:\/\/www.notibras.com\/site\/wp-json\/wp\/v2\/posts"}],"about":[{"href":"https:\/\/www.notibras.com\/site\/wp-json\/wp\/v2\/types\/post"}],"author":[{"embeddable":true,"href":"https:\/\/www.notibras.com\/site\/wp-json\/wp\/v2\/users\/2"}],"replies":[{"embeddable":true,"href":"https:\/\/www.notibras.com\/site\/wp-json\/wp\/v2\/comments?post=315004"}],"version-history":[{"count":1,"href":"https:\/\/www.notibras.com\/site\/wp-json\/wp\/v2\/posts\/315004\/revisions"}],"predecessor-version":[{"id":315006,"href":"https:\/\/www.notibras.com\/site\/wp-json\/wp\/v2\/posts\/315004\/revisions\/315006"}],"wp:featuredmedia":[{"embeddable":true,"href":"https:\/\/www.notibras.com\/site\/wp-json\/wp\/v2\/media\/315005"}],"wp:attachment":[{"href":"https:\/\/www.notibras.com\/site\/wp-json\/wp\/v2\/media?parent=315004"}],"wp:term":[{"taxonomy":"category","embeddable":true,"href":"https:\/\/www.notibras.com\/site\/wp-json\/wp\/v2\/categories?post=315004"},{"taxonomy":"post_tag","embeddable":true,"href":"https:\/\/www.notibras.com\/site\/wp-json\/wp\/v2\/tags?post=315004"}],"curies":[{"name":"wp","href":"https:\/\/api.w.org\/{rel}","templated":true}]}}