{"id":315034,"date":"2023-10-20T08:23:00","date_gmt":"2023-10-20T11:23:00","guid":{"rendered":"https:\/\/www.notibras.com\/site\/?p=315034"},"modified":"2023-10-20T14:26:34","modified_gmt":"2023-10-20T17:26:34","slug":"um-dia-na-vida-de-adelia-sem-pancho-com-menina","status":"publish","type":"post","link":"https:\/\/www.notibras.com\/site\/um-dia-na-vida-de-adelia-sem-pancho-com-menina\/","title":{"rendered":"Um dia na vida de Ad\u00e9lia, sem Pancho, com Villa"},"content":{"rendered":"<p>Ad\u00e9lia abriu a porta do seu apartamento na rua Volunt\u00e1rios da P\u00e1tria, ali em Botafogo. Deixou a bolsa sobre o sof\u00e1, em seguida rumou para a sacada. Debru\u00e7ou-se sobre o parapeito, observou o movimento da rua l\u00e1 embaixo. Suspirou, como que aliviada por estar finalmente livre da rotina de acordar cedo, tomar caf\u00e9 \u00e0s pressas, cal\u00e7ar o inc\u00f4modo sapato de salto alto e ir para o trabalho.<\/p>\n<p>Aposentada! Nem acreditava que havia conseguido! Quase 30 anos no mesmo banco, onde tomara posse aos 23, logo depois de ter se formado em economia. Alguns anos antes, foi convencida pelo pai de abandonar o sonho de ser veterin\u00e1ria.<\/p>\n<p>Cercada de n\u00fameros, deixou cada vez mais enterradas as lembran\u00e7as da inf\u00e2ncia, quando passava horas ao lado do Pancho, o buldogue que ganhara de sua falecida av\u00f3. Eram t\u00e3o pr\u00f3ximos, que a ent\u00e3o menina fazia bico se algu\u00e9m tentava separ\u00e1-los. Ad\u00e9lia levou um tempo para entender que o cachorro n\u00e3o poderia ir para a escola, mas isso n\u00e3o foi empecilho para que os dois fizessem os deveres de casa juntos.<\/p>\n<p>Talvez pela liberdade que pareceu sentir naquele dia, as lembran\u00e7as desse tempo de cumplicidade com o seu Pancho, que h\u00e1 d\u00e9cadas havia partido para o al\u00e9m, voltaram com uma for\u00e7a imposs\u00edvel de ser evitada. Ad\u00e9lia, nost\u00e1lgica, desejou ter um cachorro, quem sabe um outro buldogue. No entanto, tal pensamento foi interrompido pelo barulho insistente do telefone tocando.<\/p>\n<p>Era sua m\u00e3e, \u00c1urea, que h\u00e1 muito ficara vi\u00fava. As duas marcaram para o dia seguinte um almo\u00e7o. A velha tamb\u00e9m morava sozinha, mas no bairro ao lado, Copacabana. N\u00e3o eram amigas, mas mantinham uma boa rela\u00e7\u00e3o familiar, cheia de apar\u00eancias.<\/p>\n<p>Mal entrou no apartamento da m\u00e3e, Ad\u00e9lia pareceu sentir o cheiro inconfund\u00edvel do seu Pancho. Ela seguiu seus sentidos e encontrou seu cachorro em uma antiga fotografia emoldurada na parede ao lado. Pancho e a menina Ad\u00e9lia debru\u00e7ados na mesa da sala. N\u00e3o havia mais menina, n\u00e3o havia mais Pancho, mas a mesa continuava, quase intacta, ali no centro do c\u00f4modo.<\/p>\n<p>Comeram lasanha, receita antiga de fam\u00edlia. Falaram pouco, trocaram alguns olhares. Rusgas antigas. De t\u00e3o calejadas, \u00c1urea e Ad\u00e9lia pareciam n\u00e3o ligar. Era assim e assim deveria continuar. Despediram-se logo ap\u00f3s o cafezinho na mesinha de centro.<\/p>\n<p>Ad\u00e9lia resolveu caminhar um pouco al\u00e9m da esta\u00e7\u00e3o de metr\u00f4 mais pr\u00f3xima. Foi at\u00e9 a Cardeal Arcoverde. Por impulso, n\u00e3o entrou. Rumou para a pra\u00e7a do Lido, onde teve vontade de comprar algo na feira. Passou de banca em banca, mas nada. Algo a estava incomodando. Foi at\u00e9 a praia.<\/p>\n<p>Sentada na areia diante do mar, n\u00e3o prestava aten\u00e7\u00e3o nas ondas que vinham e voltavam, lambendo seus p\u00e9s. Teve vontade de pular na \u00e1gua, desejo que logo se cumpriu. Por algum tempo, se sentiu crian\u00e7a novamente.<\/p>\n<p>J\u00e1 no famoso cal\u00e7ad\u00e3o de pedras portuguesas, n\u00e3o pareceu se incomodar com o vestido molhado, a areia grudada nos p\u00e9s e pernas. O sorriso estampou sua face. Caminhou at\u00e9 a rua Ministro Viveiros de Castro. Pessoas perambulavam por todos os cantos, indo e vindo, at\u00e9 que ela foi despertada pelo barulho de uma freada brusca de um autom\u00f3vel ali perto.<\/p>\n<p>A princ\u00edpio, Ad\u00e9lia n\u00e3o entendeu aquela situa\u00e7\u00e3o, at\u00e9 que avistou um cachorrinho magrelo correndo assustado. Um filhote! Por puro instinto, ela foi em seu encal\u00e7o. E, depois de certa persegui\u00e7\u00e3o, Ad\u00e9lia conseguiu peg\u00e1-lo no colo. Chamou um t\u00e1xi e logo estava em seu apartamento.<\/p>\n<p>Arrumou um potinho para \u00e1gua, outro para ra\u00e7\u00e3o. N\u00e3o tinha ra\u00e7\u00e3o, ela pegou um pouco de carne na geladeira. Mal colocou no pote, eis que o novo h\u00f3spede, faminto como um cachorro em situa\u00e7\u00e3o de rua, devorou tudo. Ad\u00e9lia pensou em lhe dar o nome de Pancho, at\u00e9 que percebeu que se tratava de uma menina. N\u00e3o teve d\u00favida, passou a cham\u00e1-la de Villa.<\/p>\n","protected":false},"excerpt":{"rendered":"<p>Ad\u00e9lia abriu a porta do seu apartamento na rua Volunt\u00e1rios da P\u00e1tria, ali em Botafogo. Deixou a bolsa sobre o sof\u00e1, em seguida rumou para a sacada. Debru\u00e7ou-se sobre o parapeito, observou o movimento da rua l\u00e1 embaixo. Suspirou, como que aliviada por estar finalmente livre da rotina de acordar cedo, tomar caf\u00e9 \u00e0s pressas, [&hellip;]<\/p>\n","protected":false},"author":2,"featured_media":315035,"comment_status":"closed","ping_status":"closed","sticky":false,"template":"","format":"standard","meta":{"_acf_changed":false,"footnotes":""},"categories":[161],"tags":[],"class_list":["post-315034","post","type-post","status-publish","format-standard","has-post-thumbnail","hentry","category-quadradinho-em-foco"],"acf":[],"yoast_head":"<!-- This site is optimized with the Yoast SEO plugin v27.2 - https:\/\/yoast.com\/product\/yoast-seo-wordpress\/ -->\n<title>Um dia na vida de Ad\u00e9lia, sem Pancho, com Villa - Notibras<\/title>\n<meta name=\"robots\" content=\"index, follow, max-snippet:-1, max-image-preview:large, max-video-preview:-1\" \/>\n<link rel=\"canonical\" href=\"https:\/\/www.notibras.com\/site\/um-dia-na-vida-de-adelia-sem-pancho-com-menina\/\" \/>\n<meta property=\"og:locale\" content=\"pt_BR\" \/>\n<meta property=\"og:type\" content=\"article\" \/>\n<meta property=\"og:title\" content=\"Um dia na vida de Ad\u00e9lia, sem Pancho, com Villa - Notibras\" \/>\n<meta property=\"og:description\" content=\"Ad\u00e9lia abriu a porta do seu apartamento na rua Volunt\u00e1rios da P\u00e1tria, ali em Botafogo. Deixou a bolsa sobre o sof\u00e1, em seguida rumou para a sacada. Debru\u00e7ou-se sobre o parapeito, observou o movimento da rua l\u00e1 embaixo. Suspirou, como que aliviada por estar finalmente livre da rotina de acordar cedo, tomar caf\u00e9 \u00e0s pressas, [&hellip;]\" \/>\n<meta property=\"og:url\" content=\"https:\/\/www.notibras.com\/site\/um-dia-na-vida-de-adelia-sem-pancho-com-menina\/\" \/>\n<meta property=\"og:site_name\" content=\"Notibras\" \/>\n<meta property=\"article:publisher\" content=\"https:\/\/www.facebook.com\/notibras\/\" \/>\n<meta property=\"article:published_time\" content=\"2023-10-20T11:23:00+00:00\" \/>\n<meta property=\"article:modified_time\" content=\"2023-10-20T17:26:34+00:00\" \/>\n<meta property=\"og:image\" content=\"https:\/\/www.notibras.com\/site\/wp-content\/uploads\/2023\/10\/5b5c8e73-d060-4626-a300-cddf21a4275a.jpeg\" \/>\n\t<meta property=\"og:image:width\" content=\"768\" \/>\n\t<meta property=\"og:image:height\" content=\"1024\" \/>\n\t<meta property=\"og:image:type\" content=\"image\/jpeg\" \/>\n<meta name=\"author\" content=\"Reda\u00e7\u00e3o\" \/>\n<meta name=\"twitter:card\" content=\"summary_large_image\" \/>\n<meta name=\"twitter:creator\" content=\"@Notibras\" \/>\n<meta name=\"twitter:site\" content=\"@Notibras\" \/>\n<meta name=\"twitter:label1\" content=\"Escrito por\" \/>\n\t<meta name=\"twitter:data1\" content=\"Reda\u00e7\u00e3o\" \/>\n\t<meta name=\"twitter:label2\" content=\"Est. tempo de leitura\" \/>\n\t<meta name=\"twitter:data2\" content=\"4 minutos\" \/>\n<script type=\"application\/ld+json\" class=\"yoast-schema-graph\">{\"@context\":\"https:\/\/schema.org\",\"@graph\":[{\"@type\":\"Article\",\"@id\":\"https:\/\/www.notibras.com\/site\/um-dia-na-vida-de-adelia-sem-pancho-com-menina\/#article\",\"isPartOf\":{\"@id\":\"https:\/\/www.notibras.com\/site\/um-dia-na-vida-de-adelia-sem-pancho-com-menina\/\"},\"author\":{\"name\":\"Reda\u00e7\u00e3o\",\"@id\":\"https:\/\/www.notibras.com\/site\/#\/schema\/person\/36ab0979449956132d3e5b517ea76ac8\"},\"headline\":\"Um dia na vida de Ad\u00e9lia, sem Pancho, com Villa\",\"datePublished\":\"2023-10-20T11:23:00+00:00\",\"dateModified\":\"2023-10-20T17:26:34+00:00\",\"mainEntityOfPage\":{\"@id\":\"https:\/\/www.notibras.com\/site\/um-dia-na-vida-de-adelia-sem-pancho-com-menina\/\"},\"wordCount\":713,\"publisher\":{\"@id\":\"https:\/\/www.notibras.com\/site\/#organization\"},\"image\":{\"@id\":\"https:\/\/www.notibras.com\/site\/um-dia-na-vida-de-adelia-sem-pancho-com-menina\/#primaryimage\"},\"thumbnailUrl\":\"https:\/\/www.notibras.com\/site\/wp-content\/uploads\/2023\/10\/5b5c8e73-d060-4626-a300-cddf21a4275a.jpeg\",\"articleSection\":[\"Quadradinho em Foco\"],\"inLanguage\":\"pt-BR\"},{\"@type\":\"WebPage\",\"@id\":\"https:\/\/www.notibras.com\/site\/um-dia-na-vida-de-adelia-sem-pancho-com-menina\/\",\"url\":\"https:\/\/www.notibras.com\/site\/um-dia-na-vida-de-adelia-sem-pancho-com-menina\/\",\"name\":\"Um dia na vida de Ad\u00e9lia, sem Pancho, com Villa - Notibras\",\"isPartOf\":{\"@id\":\"https:\/\/www.notibras.com\/site\/#website\"},\"primaryImageOfPage\":{\"@id\":\"https:\/\/www.notibras.com\/site\/um-dia-na-vida-de-adelia-sem-pancho-com-menina\/#primaryimage\"},\"image\":{\"@id\":\"https:\/\/www.notibras.com\/site\/um-dia-na-vida-de-adelia-sem-pancho-com-menina\/#primaryimage\"},\"thumbnailUrl\":\"https:\/\/www.notibras.com\/site\/wp-content\/uploads\/2023\/10\/5b5c8e73-d060-4626-a300-cddf21a4275a.jpeg\",\"datePublished\":\"2023-10-20T11:23:00+00:00\",\"dateModified\":\"2023-10-20T17:26:34+00:00\",\"breadcrumb\":{\"@id\":\"https:\/\/www.notibras.com\/site\/um-dia-na-vida-de-adelia-sem-pancho-com-menina\/#breadcrumb\"},\"inLanguage\":\"pt-BR\",\"potentialAction\":[{\"@type\":\"ReadAction\",\"target\":[\"https:\/\/www.notibras.com\/site\/um-dia-na-vida-de-adelia-sem-pancho-com-menina\/\"]}]},{\"@type\":\"ImageObject\",\"inLanguage\":\"pt-BR\",\"@id\":\"https:\/\/www.notibras.com\/site\/um-dia-na-vida-de-adelia-sem-pancho-com-menina\/#primaryimage\",\"url\":\"https:\/\/www.notibras.com\/site\/wp-content\/uploads\/2023\/10\/5b5c8e73-d060-4626-a300-cddf21a4275a.jpeg\",\"contentUrl\":\"https:\/\/www.notibras.com\/site\/wp-content\/uploads\/2023\/10\/5b5c8e73-d060-4626-a300-cddf21a4275a.jpeg\",\"width\":768,\"height\":1024},{\"@type\":\"BreadcrumbList\",\"@id\":\"https:\/\/www.notibras.com\/site\/um-dia-na-vida-de-adelia-sem-pancho-com-menina\/#breadcrumb\",\"itemListElement\":[{\"@type\":\"ListItem\",\"position\":1,\"name\":\"In\u00edcio\",\"item\":\"https:\/\/www.notibras.com\/site\/\"},{\"@type\":\"ListItem\",\"position\":2,\"name\":\"Um dia na vida de Ad\u00e9lia, sem Pancho, com Villa\"}]},{\"@type\":\"WebSite\",\"@id\":\"https:\/\/www.notibras.com\/site\/#website\",\"url\":\"https:\/\/www.notibras.com\/site\/\",\"name\":\"Notibras\",\"description\":\"Not\u00edcias de Bras\u00edlia, do Brasil e do Mundo\",\"publisher\":{\"@id\":\"https:\/\/www.notibras.com\/site\/#organization\"},\"potentialAction\":[{\"@type\":\"SearchAction\",\"target\":{\"@type\":\"EntryPoint\",\"urlTemplate\":\"https:\/\/www.notibras.com\/site\/?s={search_term_string}\"},\"query-input\":{\"@type\":\"PropertyValueSpecification\",\"valueRequired\":true,\"valueName\":\"search_term_string\"}}],\"inLanguage\":\"pt-BR\"},{\"@type\":\"Organization\",\"@id\":\"https:\/\/www.notibras.com\/site\/#organization\",\"name\":\"Grupo Notibras de Comunica\u00e7\u00e3o\",\"url\":\"https:\/\/www.notibras.com\/site\/\",\"logo\":{\"@type\":\"ImageObject\",\"inLanguage\":\"pt-BR\",\"@id\":\"https:\/\/www.notibras.com\/site\/#\/schema\/logo\/image\/\",\"url\":\"https:\/\/www.notibras.com\/site\/wp-content\/uploads\/2023\/01\/notibras23.png\",\"contentUrl\":\"https:\/\/www.notibras.com\/site\/wp-content\/uploads\/2023\/01\/notibras23.png\",\"width\":350,\"height\":87,\"caption\":\"Grupo Notibras de Comunica\u00e7\u00e3o\"},\"image\":{\"@id\":\"https:\/\/www.notibras.com\/site\/#\/schema\/logo\/image\/\"},\"sameAs\":[\"https:\/\/www.facebook.com\/notibras\/\",\"https:\/\/x.com\/Notibras\",\"https:\/\/www.instagram.com\/notibras\/\"]},{\"@type\":\"Person\",\"@id\":\"https:\/\/www.notibras.com\/site\/#\/schema\/person\/36ab0979449956132d3e5b517ea76ac8\",\"name\":\"Reda\u00e7\u00e3o\",\"image\":{\"@type\":\"ImageObject\",\"inLanguage\":\"pt-BR\",\"@id\":\"https:\/\/secure.gravatar.com\/avatar\/e0a867bdedb85fd243eadf09663511f96fc81e0720a4a42581f334ad4303aa6b?s=96&d=mm&r=g\",\"url\":\"https:\/\/secure.gravatar.com\/avatar\/e0a867bdedb85fd243eadf09663511f96fc81e0720a4a42581f334ad4303aa6b?s=96&d=mm&r=g\",\"contentUrl\":\"https:\/\/secure.gravatar.com\/avatar\/e0a867bdedb85fd243eadf09663511f96fc81e0720a4a42581f334ad4303aa6b?s=96&d=mm&r=g\",\"caption\":\"Reda\u00e7\u00e3o\"}}]}<\/script>\n<!-- \/ Yoast SEO plugin. -->","yoast_head_json":{"title":"Um dia na vida de Ad\u00e9lia, sem Pancho, com Villa - Notibras","robots":{"index":"index","follow":"follow","max-snippet":"max-snippet:-1","max-image-preview":"max-image-preview:large","max-video-preview":"max-video-preview:-1"},"canonical":"https:\/\/www.notibras.com\/site\/um-dia-na-vida-de-adelia-sem-pancho-com-menina\/","og_locale":"pt_BR","og_type":"article","og_title":"Um dia na vida de Ad\u00e9lia, sem Pancho, com Villa - Notibras","og_description":"Ad\u00e9lia abriu a porta do seu apartamento na rua Volunt\u00e1rios da P\u00e1tria, ali em Botafogo. Deixou a bolsa sobre o sof\u00e1, em seguida rumou para a sacada. Debru\u00e7ou-se sobre o parapeito, observou o movimento da rua l\u00e1 embaixo. Suspirou, como que aliviada por estar finalmente livre da rotina de acordar cedo, tomar caf\u00e9 \u00e0s pressas, [&hellip;]","og_url":"https:\/\/www.notibras.com\/site\/um-dia-na-vida-de-adelia-sem-pancho-com-menina\/","og_site_name":"Notibras","article_publisher":"https:\/\/www.facebook.com\/notibras\/","article_published_time":"2023-10-20T11:23:00+00:00","article_modified_time":"2023-10-20T17:26:34+00:00","og_image":[{"width":768,"height":1024,"url":"https:\/\/www.notibras.com\/site\/wp-content\/uploads\/2023\/10\/5b5c8e73-d060-4626-a300-cddf21a4275a.jpeg","type":"image\/jpeg"}],"author":"Reda\u00e7\u00e3o","twitter_card":"summary_large_image","twitter_creator":"@Notibras","twitter_site":"@Notibras","twitter_misc":{"Escrito por":"Reda\u00e7\u00e3o","Est. tempo de leitura":"4 minutos"},"schema":{"@context":"https:\/\/schema.org","@graph":[{"@type":"Article","@id":"https:\/\/www.notibras.com\/site\/um-dia-na-vida-de-adelia-sem-pancho-com-menina\/#article","isPartOf":{"@id":"https:\/\/www.notibras.com\/site\/um-dia-na-vida-de-adelia-sem-pancho-com-menina\/"},"author":{"name":"Reda\u00e7\u00e3o","@id":"https:\/\/www.notibras.com\/site\/#\/schema\/person\/36ab0979449956132d3e5b517ea76ac8"},"headline":"Um dia na vida de Ad\u00e9lia, sem Pancho, com Villa","datePublished":"2023-10-20T11:23:00+00:00","dateModified":"2023-10-20T17:26:34+00:00","mainEntityOfPage":{"@id":"https:\/\/www.notibras.com\/site\/um-dia-na-vida-de-adelia-sem-pancho-com-menina\/"},"wordCount":713,"publisher":{"@id":"https:\/\/www.notibras.com\/site\/#organization"},"image":{"@id":"https:\/\/www.notibras.com\/site\/um-dia-na-vida-de-adelia-sem-pancho-com-menina\/#primaryimage"},"thumbnailUrl":"https:\/\/www.notibras.com\/site\/wp-content\/uploads\/2023\/10\/5b5c8e73-d060-4626-a300-cddf21a4275a.jpeg","articleSection":["Quadradinho em Foco"],"inLanguage":"pt-BR"},{"@type":"WebPage","@id":"https:\/\/www.notibras.com\/site\/um-dia-na-vida-de-adelia-sem-pancho-com-menina\/","url":"https:\/\/www.notibras.com\/site\/um-dia-na-vida-de-adelia-sem-pancho-com-menina\/","name":"Um dia na vida de Ad\u00e9lia, sem Pancho, com Villa - Notibras","isPartOf":{"@id":"https:\/\/www.notibras.com\/site\/#website"},"primaryImageOfPage":{"@id":"https:\/\/www.notibras.com\/site\/um-dia-na-vida-de-adelia-sem-pancho-com-menina\/#primaryimage"},"image":{"@id":"https:\/\/www.notibras.com\/site\/um-dia-na-vida-de-adelia-sem-pancho-com-menina\/#primaryimage"},"thumbnailUrl":"https:\/\/www.notibras.com\/site\/wp-content\/uploads\/2023\/10\/5b5c8e73-d060-4626-a300-cddf21a4275a.jpeg","datePublished":"2023-10-20T11:23:00+00:00","dateModified":"2023-10-20T17:26:34+00:00","breadcrumb":{"@id":"https:\/\/www.notibras.com\/site\/um-dia-na-vida-de-adelia-sem-pancho-com-menina\/#breadcrumb"},"inLanguage":"pt-BR","potentialAction":[{"@type":"ReadAction","target":["https:\/\/www.notibras.com\/site\/um-dia-na-vida-de-adelia-sem-pancho-com-menina\/"]}]},{"@type":"ImageObject","inLanguage":"pt-BR","@id":"https:\/\/www.notibras.com\/site\/um-dia-na-vida-de-adelia-sem-pancho-com-menina\/#primaryimage","url":"https:\/\/www.notibras.com\/site\/wp-content\/uploads\/2023\/10\/5b5c8e73-d060-4626-a300-cddf21a4275a.jpeg","contentUrl":"https:\/\/www.notibras.com\/site\/wp-content\/uploads\/2023\/10\/5b5c8e73-d060-4626-a300-cddf21a4275a.jpeg","width":768,"height":1024},{"@type":"BreadcrumbList","@id":"https:\/\/www.notibras.com\/site\/um-dia-na-vida-de-adelia-sem-pancho-com-menina\/#breadcrumb","itemListElement":[{"@type":"ListItem","position":1,"name":"In\u00edcio","item":"https:\/\/www.notibras.com\/site\/"},{"@type":"ListItem","position":2,"name":"Um dia na vida de Ad\u00e9lia, sem Pancho, com Villa"}]},{"@type":"WebSite","@id":"https:\/\/www.notibras.com\/site\/#website","url":"https:\/\/www.notibras.com\/site\/","name":"Notibras","description":"Not\u00edcias de Bras\u00edlia, do Brasil e do Mundo","publisher":{"@id":"https:\/\/www.notibras.com\/site\/#organization"},"potentialAction":[{"@type":"SearchAction","target":{"@type":"EntryPoint","urlTemplate":"https:\/\/www.notibras.com\/site\/?s={search_term_string}"},"query-input":{"@type":"PropertyValueSpecification","valueRequired":true,"valueName":"search_term_string"}}],"inLanguage":"pt-BR"},{"@type":"Organization","@id":"https:\/\/www.notibras.com\/site\/#organization","name":"Grupo Notibras de Comunica\u00e7\u00e3o","url":"https:\/\/www.notibras.com\/site\/","logo":{"@type":"ImageObject","inLanguage":"pt-BR","@id":"https:\/\/www.notibras.com\/site\/#\/schema\/logo\/image\/","url":"https:\/\/www.notibras.com\/site\/wp-content\/uploads\/2023\/01\/notibras23.png","contentUrl":"https:\/\/www.notibras.com\/site\/wp-content\/uploads\/2023\/01\/notibras23.png","width":350,"height":87,"caption":"Grupo Notibras de Comunica\u00e7\u00e3o"},"image":{"@id":"https:\/\/www.notibras.com\/site\/#\/schema\/logo\/image\/"},"sameAs":["https:\/\/www.facebook.com\/notibras\/","https:\/\/x.com\/Notibras","https:\/\/www.instagram.com\/notibras\/"]},{"@type":"Person","@id":"https:\/\/www.notibras.com\/site\/#\/schema\/person\/36ab0979449956132d3e5b517ea76ac8","name":"Reda\u00e7\u00e3o","image":{"@type":"ImageObject","inLanguage":"pt-BR","@id":"https:\/\/secure.gravatar.com\/avatar\/e0a867bdedb85fd243eadf09663511f96fc81e0720a4a42581f334ad4303aa6b?s=96&d=mm&r=g","url":"https:\/\/secure.gravatar.com\/avatar\/e0a867bdedb85fd243eadf09663511f96fc81e0720a4a42581f334ad4303aa6b?s=96&d=mm&r=g","contentUrl":"https:\/\/secure.gravatar.com\/avatar\/e0a867bdedb85fd243eadf09663511f96fc81e0720a4a42581f334ad4303aa6b?s=96&d=mm&r=g","caption":"Reda\u00e7\u00e3o"}}]}},"amp_enabled":true,"_links":{"self":[{"href":"https:\/\/www.notibras.com\/site\/wp-json\/wp\/v2\/posts\/315034","targetHints":{"allow":["GET"]}}],"collection":[{"href":"https:\/\/www.notibras.com\/site\/wp-json\/wp\/v2\/posts"}],"about":[{"href":"https:\/\/www.notibras.com\/site\/wp-json\/wp\/v2\/types\/post"}],"author":[{"embeddable":true,"href":"https:\/\/www.notibras.com\/site\/wp-json\/wp\/v2\/users\/2"}],"replies":[{"embeddable":true,"href":"https:\/\/www.notibras.com\/site\/wp-json\/wp\/v2\/comments?post=315034"}],"version-history":[{"count":6,"href":"https:\/\/www.notibras.com\/site\/wp-json\/wp\/v2\/posts\/315034\/revisions"}],"predecessor-version":[{"id":315106,"href":"https:\/\/www.notibras.com\/site\/wp-json\/wp\/v2\/posts\/315034\/revisions\/315106"}],"wp:featuredmedia":[{"embeddable":true,"href":"https:\/\/www.notibras.com\/site\/wp-json\/wp\/v2\/media\/315035"}],"wp:attachment":[{"href":"https:\/\/www.notibras.com\/site\/wp-json\/wp\/v2\/media?parent=315034"}],"wp:term":[{"taxonomy":"category","embeddable":true,"href":"https:\/\/www.notibras.com\/site\/wp-json\/wp\/v2\/categories?post=315034"},{"taxonomy":"post_tag","embeddable":true,"href":"https:\/\/www.notibras.com\/site\/wp-json\/wp\/v2\/tags?post=315034"}],"curies":[{"name":"wp","href":"https:\/\/api.w.org\/{rel}","templated":true}]}}