{"id":315062,"date":"2023-10-20T00:00:03","date_gmt":"2023-10-20T03:00:03","guid":{"rendered":"https:\/\/www.notibras.com\/site\/?p=315062"},"modified":"2023-10-20T07:47:31","modified_gmt":"2023-10-20T10:47:31","slug":"muita-musica-para-conectar-e-relaxar-com-familia-e-amigos","status":"publish","type":"post","link":"https:\/\/www.notibras.com\/site\/muita-musica-para-conectar-e-relaxar-com-familia-e-amigos\/","title":{"rendered":"Muita m\u00fasica para conectar e relaxar com fam\u00edlia e amigos"},"content":{"rendered":"<p>Os brasilienses amam se reunir ao som de uma boa m\u00fasica e as atra\u00e7\u00f5es musicais gratuitas, programadas para os pr\u00f3ximos finais de semana no Terra\u00e7o Shopping, prometem animar o p\u00fablico. No S\u00e1bado Cultural, dia 21, o cantor, compositor e produtor brasiliense PJ Camargo se apresenta em uma linha de soft pop, incluindo sucessos nacionais e internacionais da m\u00fasica.<\/p>\n<p>No \u00faltimo final de semana de outubro, a cantora Andresa Sousa se apresentar\u00e1 no dia 28, s\u00e1bado, \u00e0s 19h30, com refer\u00eancias de Ella Fitzgerald, Tom Jobim, Rosa Passos, Sarah Vaughan, Elis Regina, Frank Sinatra, dentre outros. J\u00e1 no Almo\u00e7o Musical de domingo (29), o cantor maranhense Wolff Menezes agradar\u00e1 ao p\u00fablico com suas can\u00e7\u00f5es que passam por diversos g\u00eaneros como pop leve, folk e m\u00fasica brasileira.<\/p>\n<p>Com um EP lan\u00e7ado em 2020, Wolff mostrou suas primeiras can\u00e7\u00f5es autorais. Algum tempo depois, vieram mais dois singles, Menina Bras\u00edlia, onde o tema central \u00e9 a cidade de Bras\u00edlia e a sua conex\u00e3o com o local, e tamb\u00e9m Zero Pressa, que conta com uma variedade de ritmos, em melodia cativante e refr\u00e3o dan\u00e7ante.<\/p>\n<p><strong>S\u00e1bado Cultural<\/strong>, \u00e0s 19h30<br \/>\n21\/10 &#8211; PJ Camargo<br \/>\n28\/10 &#8211; Andresa Sousa<br \/>\n<strong>Almo\u00e7o Musical<\/strong> (domingo), \u00e0s 13h<br \/>\n29\/10 &#8211; Wolff Menezes<\/p>\n","protected":false},"excerpt":{"rendered":"<p>Os brasilienses amam se reunir ao som de uma boa m\u00fasica e as atra\u00e7\u00f5es musicais gratuitas, programadas para os pr\u00f3ximos finais de semana no Terra\u00e7o Shopping, prometem animar o p\u00fablico. No S\u00e1bado Cultural, dia 21, o cantor, compositor e produtor brasiliense PJ Camargo se apresenta em uma linha de soft pop, incluindo sucessos nacionais e [&hellip;]<\/p>\n","protected":false},"author":2,"featured_media":315063,"comment_status":"closed","ping_status":"closed","sticky":false,"template":"","format":"standard","meta":{"_acf_changed":false,"footnotes":""},"categories":[161],"tags":[],"class_list":["post-315062","post","type-post","status-publish","format-standard","has-post-thumbnail","hentry","category-quadradinho-em-foco"],"acf":[],"yoast_head":"<!-- This site is optimized with the Yoast SEO plugin v27.2 - https:\/\/yoast.com\/product\/yoast-seo-wordpress\/ -->\n<title>Muita m\u00fasica para conectar e relaxar com fam\u00edlia e amigos - Notibras<\/title>\n<meta name=\"robots\" content=\"index, follow, max-snippet:-1, max-image-preview:large, max-video-preview:-1\" \/>\n<link rel=\"canonical\" href=\"https:\/\/www.notibras.com\/site\/muita-musica-para-conectar-e-relaxar-com-familia-e-amigos\/\" \/>\n<meta property=\"og:locale\" content=\"pt_BR\" \/>\n<meta property=\"og:type\" content=\"article\" \/>\n<meta property=\"og:title\" content=\"Muita m\u00fasica para conectar e relaxar com fam\u00edlia e amigos - Notibras\" \/>\n<meta property=\"og:description\" content=\"Os brasilienses amam se reunir ao som de uma boa m\u00fasica e as atra\u00e7\u00f5es musicais gratuitas, programadas para os pr\u00f3ximos finais de semana no Terra\u00e7o Shopping, prometem animar o p\u00fablico. No S\u00e1bado Cultural, dia 21, o cantor, compositor e produtor brasiliense PJ Camargo se apresenta em uma linha de soft pop, incluindo sucessos nacionais e [&hellip;]\" \/>\n<meta property=\"og:url\" content=\"https:\/\/www.notibras.com\/site\/muita-musica-para-conectar-e-relaxar-com-familia-e-amigos\/\" \/>\n<meta property=\"og:site_name\" content=\"Notibras\" \/>\n<meta property=\"article:publisher\" content=\"https:\/\/www.facebook.com\/notibras\/\" \/>\n<meta property=\"article:published_time\" content=\"2023-10-20T03:00:03+00:00\" \/>\n<meta property=\"article:modified_time\" content=\"2023-10-20T10:47:31+00:00\" \/>\n<meta property=\"og:image\" content=\"https:\/\/www.notibras.com\/site\/wp-content\/uploads\/2023\/10\/WOLFF-MENEZES-2.jpeg\" \/>\n\t<meta property=\"og:image:width\" content=\"1440\" \/>\n\t<meta property=\"og:image:height\" content=\"963\" \/>\n\t<meta property=\"og:image:type\" content=\"image\/jpeg\" \/>\n<meta name=\"author\" content=\"Reda\u00e7\u00e3o\" \/>\n<meta name=\"twitter:card\" content=\"summary_large_image\" \/>\n<meta name=\"twitter:creator\" content=\"@Notibras\" \/>\n<meta name=\"twitter:site\" content=\"@Notibras\" \/>\n<meta name=\"twitter:label1\" content=\"Escrito por\" \/>\n\t<meta name=\"twitter:data1\" content=\"Reda\u00e7\u00e3o\" \/>\n\t<meta name=\"twitter:label2\" content=\"Est. tempo de leitura\" \/>\n\t<meta name=\"twitter:data2\" content=\"2 minutos\" \/>\n<script type=\"application\/ld+json\" class=\"yoast-schema-graph\">{\"@context\":\"https:\/\/schema.org\",\"@graph\":[{\"@type\":\"Article\",\"@id\":\"https:\/\/www.notibras.com\/site\/muita-musica-para-conectar-e-relaxar-com-familia-e-amigos\/#article\",\"isPartOf\":{\"@id\":\"https:\/\/www.notibras.com\/site\/muita-musica-para-conectar-e-relaxar-com-familia-e-amigos\/\"},\"author\":{\"name\":\"Reda\u00e7\u00e3o\",\"@id\":\"https:\/\/www.notibras.com\/site\/#\/schema\/person\/36ab0979449956132d3e5b517ea76ac8\"},\"headline\":\"Muita m\u00fasica para conectar e relaxar com fam\u00edlia e amigos\",\"datePublished\":\"2023-10-20T03:00:03+00:00\",\"dateModified\":\"2023-10-20T10:47:31+00:00\",\"mainEntityOfPage\":{\"@id\":\"https:\/\/www.notibras.com\/site\/muita-musica-para-conectar-e-relaxar-com-familia-e-amigos\/\"},\"wordCount\":227,\"publisher\":{\"@id\":\"https:\/\/www.notibras.com\/site\/#organization\"},\"image\":{\"@id\":\"https:\/\/www.notibras.com\/site\/muita-musica-para-conectar-e-relaxar-com-familia-e-amigos\/#primaryimage\"},\"thumbnailUrl\":\"https:\/\/www.notibras.com\/site\/wp-content\/uploads\/2023\/10\/WOLFF-MENEZES-2.jpeg\",\"articleSection\":[\"Quadradinho em Foco\"],\"inLanguage\":\"pt-BR\"},{\"@type\":\"WebPage\",\"@id\":\"https:\/\/www.notibras.com\/site\/muita-musica-para-conectar-e-relaxar-com-familia-e-amigos\/\",\"url\":\"https:\/\/www.notibras.com\/site\/muita-musica-para-conectar-e-relaxar-com-familia-e-amigos\/\",\"name\":\"Muita m\u00fasica para conectar e relaxar com fam\u00edlia e amigos - Notibras\",\"isPartOf\":{\"@id\":\"https:\/\/www.notibras.com\/site\/#website\"},\"primaryImageOfPage\":{\"@id\":\"https:\/\/www.notibras.com\/site\/muita-musica-para-conectar-e-relaxar-com-familia-e-amigos\/#primaryimage\"},\"image\":{\"@id\":\"https:\/\/www.notibras.com\/site\/muita-musica-para-conectar-e-relaxar-com-familia-e-amigos\/#primaryimage\"},\"thumbnailUrl\":\"https:\/\/www.notibras.com\/site\/wp-content\/uploads\/2023\/10\/WOLFF-MENEZES-2.jpeg\",\"datePublished\":\"2023-10-20T03:00:03+00:00\",\"dateModified\":\"2023-10-20T10:47:31+00:00\",\"breadcrumb\":{\"@id\":\"https:\/\/www.notibras.com\/site\/muita-musica-para-conectar-e-relaxar-com-familia-e-amigos\/#breadcrumb\"},\"inLanguage\":\"pt-BR\",\"potentialAction\":[{\"@type\":\"ReadAction\",\"target\":[\"https:\/\/www.notibras.com\/site\/muita-musica-para-conectar-e-relaxar-com-familia-e-amigos\/\"]}]},{\"@type\":\"ImageObject\",\"inLanguage\":\"pt-BR\",\"@id\":\"https:\/\/www.notibras.com\/site\/muita-musica-para-conectar-e-relaxar-com-familia-e-amigos\/#primaryimage\",\"url\":\"https:\/\/www.notibras.com\/site\/wp-content\/uploads\/2023\/10\/WOLFF-MENEZES-2.jpeg\",\"contentUrl\":\"https:\/\/www.notibras.com\/site\/wp-content\/uploads\/2023\/10\/WOLFF-MENEZES-2.jpeg\",\"width\":1440,\"height\":963},{\"@type\":\"BreadcrumbList\",\"@id\":\"https:\/\/www.notibras.com\/site\/muita-musica-para-conectar-e-relaxar-com-familia-e-amigos\/#breadcrumb\",\"itemListElement\":[{\"@type\":\"ListItem\",\"position\":1,\"name\":\"In\u00edcio\",\"item\":\"https:\/\/www.notibras.com\/site\/\"},{\"@type\":\"ListItem\",\"position\":2,\"name\":\"Muita m\u00fasica para conectar e relaxar com fam\u00edlia e amigos\"}]},{\"@type\":\"WebSite\",\"@id\":\"https:\/\/www.notibras.com\/site\/#website\",\"url\":\"https:\/\/www.notibras.com\/site\/\",\"name\":\"Notibras\",\"description\":\"Not\u00edcias de Bras\u00edlia, do Brasil e do Mundo\",\"publisher\":{\"@id\":\"https:\/\/www.notibras.com\/site\/#organization\"},\"potentialAction\":[{\"@type\":\"SearchAction\",\"target\":{\"@type\":\"EntryPoint\",\"urlTemplate\":\"https:\/\/www.notibras.com\/site\/?s={search_term_string}\"},\"query-input\":{\"@type\":\"PropertyValueSpecification\",\"valueRequired\":true,\"valueName\":\"search_term_string\"}}],\"inLanguage\":\"pt-BR\"},{\"@type\":\"Organization\",\"@id\":\"https:\/\/www.notibras.com\/site\/#organization\",\"name\":\"Grupo Notibras de Comunica\u00e7\u00e3o\",\"url\":\"https:\/\/www.notibras.com\/site\/\",\"logo\":{\"@type\":\"ImageObject\",\"inLanguage\":\"pt-BR\",\"@id\":\"https:\/\/www.notibras.com\/site\/#\/schema\/logo\/image\/\",\"url\":\"https:\/\/www.notibras.com\/site\/wp-content\/uploads\/2023\/01\/notibras23.png\",\"contentUrl\":\"https:\/\/www.notibras.com\/site\/wp-content\/uploads\/2023\/01\/notibras23.png\",\"width\":350,\"height\":87,\"caption\":\"Grupo Notibras de Comunica\u00e7\u00e3o\"},\"image\":{\"@id\":\"https:\/\/www.notibras.com\/site\/#\/schema\/logo\/image\/\"},\"sameAs\":[\"https:\/\/www.facebook.com\/notibras\/\",\"https:\/\/x.com\/Notibras\",\"https:\/\/www.instagram.com\/notibras\/\"]},{\"@type\":\"Person\",\"@id\":\"https:\/\/www.notibras.com\/site\/#\/schema\/person\/36ab0979449956132d3e5b517ea76ac8\",\"name\":\"Reda\u00e7\u00e3o\",\"image\":{\"@type\":\"ImageObject\",\"inLanguage\":\"pt-BR\",\"@id\":\"https:\/\/secure.gravatar.com\/avatar\/e0a867bdedb85fd243eadf09663511f96fc81e0720a4a42581f334ad4303aa6b?s=96&d=mm&r=g\",\"url\":\"https:\/\/secure.gravatar.com\/avatar\/e0a867bdedb85fd243eadf09663511f96fc81e0720a4a42581f334ad4303aa6b?s=96&d=mm&r=g\",\"contentUrl\":\"https:\/\/secure.gravatar.com\/avatar\/e0a867bdedb85fd243eadf09663511f96fc81e0720a4a42581f334ad4303aa6b?s=96&d=mm&r=g\",\"caption\":\"Reda\u00e7\u00e3o\"}}]}<\/script>\n<!-- \/ Yoast SEO plugin. -->","yoast_head_json":{"title":"Muita m\u00fasica para conectar e relaxar com fam\u00edlia e amigos - Notibras","robots":{"index":"index","follow":"follow","max-snippet":"max-snippet:-1","max-image-preview":"max-image-preview:large","max-video-preview":"max-video-preview:-1"},"canonical":"https:\/\/www.notibras.com\/site\/muita-musica-para-conectar-e-relaxar-com-familia-e-amigos\/","og_locale":"pt_BR","og_type":"article","og_title":"Muita m\u00fasica para conectar e relaxar com fam\u00edlia e amigos - Notibras","og_description":"Os brasilienses amam se reunir ao som de uma boa m\u00fasica e as atra\u00e7\u00f5es musicais gratuitas, programadas para os pr\u00f3ximos finais de semana no Terra\u00e7o Shopping, prometem animar o p\u00fablico. No S\u00e1bado Cultural, dia 21, o cantor, compositor e produtor brasiliense PJ Camargo se apresenta em uma linha de soft pop, incluindo sucessos nacionais e [&hellip;]","og_url":"https:\/\/www.notibras.com\/site\/muita-musica-para-conectar-e-relaxar-com-familia-e-amigos\/","og_site_name":"Notibras","article_publisher":"https:\/\/www.facebook.com\/notibras\/","article_published_time":"2023-10-20T03:00:03+00:00","article_modified_time":"2023-10-20T10:47:31+00:00","og_image":[{"width":1440,"height":963,"url":"https:\/\/www.notibras.com\/site\/wp-content\/uploads\/2023\/10\/WOLFF-MENEZES-2.jpeg","type":"image\/jpeg"}],"author":"Reda\u00e7\u00e3o","twitter_card":"summary_large_image","twitter_creator":"@Notibras","twitter_site":"@Notibras","twitter_misc":{"Escrito por":"Reda\u00e7\u00e3o","Est. tempo de leitura":"2 minutos"},"schema":{"@context":"https:\/\/schema.org","@graph":[{"@type":"Article","@id":"https:\/\/www.notibras.com\/site\/muita-musica-para-conectar-e-relaxar-com-familia-e-amigos\/#article","isPartOf":{"@id":"https:\/\/www.notibras.com\/site\/muita-musica-para-conectar-e-relaxar-com-familia-e-amigos\/"},"author":{"name":"Reda\u00e7\u00e3o","@id":"https:\/\/www.notibras.com\/site\/#\/schema\/person\/36ab0979449956132d3e5b517ea76ac8"},"headline":"Muita m\u00fasica para conectar e relaxar com fam\u00edlia e amigos","datePublished":"2023-10-20T03:00:03+00:00","dateModified":"2023-10-20T10:47:31+00:00","mainEntityOfPage":{"@id":"https:\/\/www.notibras.com\/site\/muita-musica-para-conectar-e-relaxar-com-familia-e-amigos\/"},"wordCount":227,"publisher":{"@id":"https:\/\/www.notibras.com\/site\/#organization"},"image":{"@id":"https:\/\/www.notibras.com\/site\/muita-musica-para-conectar-e-relaxar-com-familia-e-amigos\/#primaryimage"},"thumbnailUrl":"https:\/\/www.notibras.com\/site\/wp-content\/uploads\/2023\/10\/WOLFF-MENEZES-2.jpeg","articleSection":["Quadradinho em Foco"],"inLanguage":"pt-BR"},{"@type":"WebPage","@id":"https:\/\/www.notibras.com\/site\/muita-musica-para-conectar-e-relaxar-com-familia-e-amigos\/","url":"https:\/\/www.notibras.com\/site\/muita-musica-para-conectar-e-relaxar-com-familia-e-amigos\/","name":"Muita m\u00fasica para conectar e relaxar com fam\u00edlia e amigos - Notibras","isPartOf":{"@id":"https:\/\/www.notibras.com\/site\/#website"},"primaryImageOfPage":{"@id":"https:\/\/www.notibras.com\/site\/muita-musica-para-conectar-e-relaxar-com-familia-e-amigos\/#primaryimage"},"image":{"@id":"https:\/\/www.notibras.com\/site\/muita-musica-para-conectar-e-relaxar-com-familia-e-amigos\/#primaryimage"},"thumbnailUrl":"https:\/\/www.notibras.com\/site\/wp-content\/uploads\/2023\/10\/WOLFF-MENEZES-2.jpeg","datePublished":"2023-10-20T03:00:03+00:00","dateModified":"2023-10-20T10:47:31+00:00","breadcrumb":{"@id":"https:\/\/www.notibras.com\/site\/muita-musica-para-conectar-e-relaxar-com-familia-e-amigos\/#breadcrumb"},"inLanguage":"pt-BR","potentialAction":[{"@type":"ReadAction","target":["https:\/\/www.notibras.com\/site\/muita-musica-para-conectar-e-relaxar-com-familia-e-amigos\/"]}]},{"@type":"ImageObject","inLanguage":"pt-BR","@id":"https:\/\/www.notibras.com\/site\/muita-musica-para-conectar-e-relaxar-com-familia-e-amigos\/#primaryimage","url":"https:\/\/www.notibras.com\/site\/wp-content\/uploads\/2023\/10\/WOLFF-MENEZES-2.jpeg","contentUrl":"https:\/\/www.notibras.com\/site\/wp-content\/uploads\/2023\/10\/WOLFF-MENEZES-2.jpeg","width":1440,"height":963},{"@type":"BreadcrumbList","@id":"https:\/\/www.notibras.com\/site\/muita-musica-para-conectar-e-relaxar-com-familia-e-amigos\/#breadcrumb","itemListElement":[{"@type":"ListItem","position":1,"name":"In\u00edcio","item":"https:\/\/www.notibras.com\/site\/"},{"@type":"ListItem","position":2,"name":"Muita m\u00fasica para conectar e relaxar com fam\u00edlia e amigos"}]},{"@type":"WebSite","@id":"https:\/\/www.notibras.com\/site\/#website","url":"https:\/\/www.notibras.com\/site\/","name":"Notibras","description":"Not\u00edcias de Bras\u00edlia, do Brasil e do Mundo","publisher":{"@id":"https:\/\/www.notibras.com\/site\/#organization"},"potentialAction":[{"@type":"SearchAction","target":{"@type":"EntryPoint","urlTemplate":"https:\/\/www.notibras.com\/site\/?s={search_term_string}"},"query-input":{"@type":"PropertyValueSpecification","valueRequired":true,"valueName":"search_term_string"}}],"inLanguage":"pt-BR"},{"@type":"Organization","@id":"https:\/\/www.notibras.com\/site\/#organization","name":"Grupo Notibras de Comunica\u00e7\u00e3o","url":"https:\/\/www.notibras.com\/site\/","logo":{"@type":"ImageObject","inLanguage":"pt-BR","@id":"https:\/\/www.notibras.com\/site\/#\/schema\/logo\/image\/","url":"https:\/\/www.notibras.com\/site\/wp-content\/uploads\/2023\/01\/notibras23.png","contentUrl":"https:\/\/www.notibras.com\/site\/wp-content\/uploads\/2023\/01\/notibras23.png","width":350,"height":87,"caption":"Grupo Notibras de Comunica\u00e7\u00e3o"},"image":{"@id":"https:\/\/www.notibras.com\/site\/#\/schema\/logo\/image\/"},"sameAs":["https:\/\/www.facebook.com\/notibras\/","https:\/\/x.com\/Notibras","https:\/\/www.instagram.com\/notibras\/"]},{"@type":"Person","@id":"https:\/\/www.notibras.com\/site\/#\/schema\/person\/36ab0979449956132d3e5b517ea76ac8","name":"Reda\u00e7\u00e3o","image":{"@type":"ImageObject","inLanguage":"pt-BR","@id":"https:\/\/secure.gravatar.com\/avatar\/e0a867bdedb85fd243eadf09663511f96fc81e0720a4a42581f334ad4303aa6b?s=96&d=mm&r=g","url":"https:\/\/secure.gravatar.com\/avatar\/e0a867bdedb85fd243eadf09663511f96fc81e0720a4a42581f334ad4303aa6b?s=96&d=mm&r=g","contentUrl":"https:\/\/secure.gravatar.com\/avatar\/e0a867bdedb85fd243eadf09663511f96fc81e0720a4a42581f334ad4303aa6b?s=96&d=mm&r=g","caption":"Reda\u00e7\u00e3o"}}]}},"amp_enabled":true,"_links":{"self":[{"href":"https:\/\/www.notibras.com\/site\/wp-json\/wp\/v2\/posts\/315062","targetHints":{"allow":["GET"]}}],"collection":[{"href":"https:\/\/www.notibras.com\/site\/wp-json\/wp\/v2\/posts"}],"about":[{"href":"https:\/\/www.notibras.com\/site\/wp-json\/wp\/v2\/types\/post"}],"author":[{"embeddable":true,"href":"https:\/\/www.notibras.com\/site\/wp-json\/wp\/v2\/users\/2"}],"replies":[{"embeddable":true,"href":"https:\/\/www.notibras.com\/site\/wp-json\/wp\/v2\/comments?post=315062"}],"version-history":[{"count":1,"href":"https:\/\/www.notibras.com\/site\/wp-json\/wp\/v2\/posts\/315062\/revisions"}],"predecessor-version":[{"id":315064,"href":"https:\/\/www.notibras.com\/site\/wp-json\/wp\/v2\/posts\/315062\/revisions\/315064"}],"wp:featuredmedia":[{"embeddable":true,"href":"https:\/\/www.notibras.com\/site\/wp-json\/wp\/v2\/media\/315063"}],"wp:attachment":[{"href":"https:\/\/www.notibras.com\/site\/wp-json\/wp\/v2\/media?parent=315062"}],"wp:term":[{"taxonomy":"category","embeddable":true,"href":"https:\/\/www.notibras.com\/site\/wp-json\/wp\/v2\/categories?post=315062"},{"taxonomy":"post_tag","embeddable":true,"href":"https:\/\/www.notibras.com\/site\/wp-json\/wp\/v2\/tags?post=315062"}],"curies":[{"name":"wp","href":"https:\/\/api.w.org\/{rel}","templated":true}]}}