{"id":315068,"date":"2023-10-20T09:00:21","date_gmt":"2023-10-20T12:00:21","guid":{"rendered":"https:\/\/www.notibras.com\/site\/?p=315068"},"modified":"2023-10-21T07:52:13","modified_gmt":"2023-10-21T10:52:13","slug":"uma-decada-de-transformacao-por-meio-da-arte","status":"publish","type":"post","link":"https:\/\/www.notibras.com\/site\/uma-decada-de-transformacao-por-meio-da-arte\/","title":{"rendered":"Uma d\u00e9cada de transforma\u00e7\u00e3o por meio da arte"},"content":{"rendered":"<p>O Encontro da Arte (EDA) completa dez anos de um evento que tem sido uma fonte inesgot\u00e1vel de inspira\u00e7\u00e3o, express\u00e3o e cura, tendo como base a busca pela sa\u00fade mental. O evento \u00e9 o maior do Distrito Federal e tem como objetivo dar voz, palco e lugar para a pessoa em sofrimento ps\u00edquico, usu\u00e1ria dos servi\u00e7os de sa\u00fade mental. Todas as apresenta\u00e7\u00f5es, stands, concurso de poesia, dentre outras atividades, s\u00e3o feitos por eles. Esta edi\u00e7\u00e3o comemorativa promete ser especial, repleta de emo\u00e7\u00e3o, criatividade e conex\u00e3o.<\/p>\n<p>As inscri\u00e7\u00f5es para participa\u00e7\u00e3o do evento como expositor ou como artista est\u00e3o oficialmente abertas. Este \u00e9 o momento para os apaixonados e talentosos usu\u00e1rios do sistema de sa\u00fade mental se juntarem ao EDA para fazer hist\u00f3ria. Basta acessar o link https:\/\/forms.gle\/QVy1rzYEprZd8wep6 e garantir o lugar nesta celebra\u00e7\u00e3o \u00fanica. A pr\u00e9-condi\u00e7\u00e3o \u00e9 fazer parte de um servi\u00e7o de sa\u00fade mental.<\/p>\n<p>O per\u00edodo de inscri\u00e7\u00f5es se encerra nesta sexta, 20 de outubro, \u00e0s 19h. Para institui\u00e7\u00f5es e artistas que residem no Distrito Federal a \u00fanica op\u00e7\u00e3o poss\u00edvel \u00e9 a presencial. Para institui\u00e7\u00f5es e artistas que residem fora do DF, existe tamb\u00e9m a possibilidade de se inscrever para a modalidade online, cujas artes ser\u00e3o publicadas no instagram do evento durante o m\u00eas de novembro e os trabalhos art\u00edsticos divulgados por tempo indeterminado, permanecendo na p\u00e1gina do evento.<\/p>\n<p>Dentro da modalidade presencial existem tr\u00eas tipos de inscri\u00e7\u00f5es para artistas que dever\u00e3o ser, obrigatoriamente, usu\u00e1rios do servi\u00e7o de sa\u00fade mental ou de institui\u00e7\u00f5es ligadas \u00e0 sa\u00fade mental: Stans, apresenta\u00e7\u00f5es art\u00edsticas e Concurso de Poesia.<\/p>\n<p>Al\u00e9m destas modalidades, existe ainda a possibilidade de submiss\u00e3o de trabalhos cient\u00edficos, sendo a \u00fanica forma de inscri\u00e7\u00e3o poss\u00edvel para pessoas que n\u00e3o s\u00e3o usu\u00e1rias do servi\u00e7o de sa\u00fade mental. Mais informa\u00e7\u00f5es por e-mail do evento: encontrodaarte.eda@gmail.com.<\/p>\n<p>Nestes dez anos, o evento n\u00e3o apenas celebrou a arte como forma de terapia, mas tamb\u00e9m enriqueceu a vida de in\u00fameras pessoas, permitindo que elas se conectassem, se curassem e se empoderassem por meio da criatividade. O EDA tem sido um farol de esperan\u00e7a para aqueles que encontram na arte um meio de expressar suas emo\u00e7\u00f5es e superar desafios relacionados \u00e0 sa\u00fade mental.<\/p>\n<p>O EDA sempre se destacou por ser um evento volunt\u00e1rio, gratuito e aberto a todos e esta edi\u00e7\u00e3o comemorativa de dez anos ser\u00e1 uma oportunidade para todos celebrarem a resili\u00eancia e o poder transformador da arte na sa\u00fade mental.<\/p>\n<p><strong>Servi\u00e7o:<\/strong><br \/>\nInscri\u00e7\u00f5es &#8211; At\u00e9 19 horas de 20 de outubro<br \/>\nhttps:\/\/forms.gle\/QVy1rzYEprZd8wep6<br \/>\nEvento acontecer\u00e1 nos dias 23 e 24 de novembro<br \/>\nLocal: Centro Comunit\u00e1rio Athos Bulc\u00e3o da UnB<\/p>\n","protected":false},"excerpt":{"rendered":"<p>O Encontro da Arte (EDA) completa dez anos de um evento que tem sido uma fonte inesgot\u00e1vel de inspira\u00e7\u00e3o, express\u00e3o e cura, tendo como base a busca pela sa\u00fade mental. O evento \u00e9 o maior do Distrito Federal e tem como objetivo dar voz, palco e lugar para a pessoa em sofrimento ps\u00edquico, usu\u00e1ria dos [&hellip;]<\/p>\n","protected":false},"author":2,"featured_media":315069,"comment_status":"closed","ping_status":"closed","sticky":false,"template":"","format":"standard","meta":{"_acf_changed":false,"footnotes":""},"categories":[161],"tags":[],"class_list":["post-315068","post","type-post","status-publish","format-standard","has-post-thumbnail","hentry","category-quadradinho-em-foco"],"acf":[],"yoast_head":"<!-- This site is optimized with the Yoast SEO plugin v27.2 - https:\/\/yoast.com\/product\/yoast-seo-wordpress\/ -->\n<title>Uma d\u00e9cada de transforma\u00e7\u00e3o por meio da arte - Notibras<\/title>\n<meta name=\"robots\" content=\"index, follow, max-snippet:-1, max-image-preview:large, max-video-preview:-1\" \/>\n<link rel=\"canonical\" href=\"https:\/\/www.notibras.com\/site\/uma-decada-de-transformacao-por-meio-da-arte\/\" \/>\n<meta property=\"og:locale\" content=\"pt_BR\" \/>\n<meta property=\"og:type\" content=\"article\" \/>\n<meta property=\"og:title\" content=\"Uma d\u00e9cada de transforma\u00e7\u00e3o por meio da arte - Notibras\" \/>\n<meta property=\"og:description\" content=\"O Encontro da Arte (EDA) completa dez anos de um evento que tem sido uma fonte inesgot\u00e1vel de inspira\u00e7\u00e3o, express\u00e3o e cura, tendo como base a busca pela sa\u00fade mental. O evento \u00e9 o maior do Distrito Federal e tem como objetivo dar voz, palco e lugar para a pessoa em sofrimento ps\u00edquico, usu\u00e1ria dos [&hellip;]\" \/>\n<meta property=\"og:url\" content=\"https:\/\/www.notibras.com\/site\/uma-decada-de-transformacao-por-meio-da-arte\/\" \/>\n<meta property=\"og:site_name\" content=\"Notibras\" \/>\n<meta property=\"article:publisher\" content=\"https:\/\/www.facebook.com\/notibras\/\" \/>\n<meta property=\"article:published_time\" content=\"2023-10-20T12:00:21+00:00\" \/>\n<meta property=\"article:modified_time\" content=\"2023-10-21T10:52:13+00:00\" \/>\n<meta property=\"og:image\" content=\"https:\/\/www.notibras.com\/site\/wp-content\/uploads\/2023\/10\/eda10anos.jpg\" \/>\n\t<meta property=\"og:image:width\" content=\"600\" \/>\n\t<meta property=\"og:image:height\" content=\"400\" \/>\n\t<meta property=\"og:image:type\" content=\"image\/jpeg\" \/>\n<meta name=\"author\" content=\"Reda\u00e7\u00e3o\" \/>\n<meta name=\"twitter:card\" content=\"summary_large_image\" \/>\n<meta name=\"twitter:creator\" content=\"@Notibras\" \/>\n<meta name=\"twitter:site\" content=\"@Notibras\" \/>\n<meta name=\"twitter:label1\" content=\"Escrito por\" \/>\n\t<meta name=\"twitter:data1\" content=\"Reda\u00e7\u00e3o\" \/>\n\t<meta name=\"twitter:label2\" content=\"Est. tempo de leitura\" \/>\n\t<meta name=\"twitter:data2\" content=\"3 minutos\" \/>\n<script type=\"application\/ld+json\" class=\"yoast-schema-graph\">{\"@context\":\"https:\/\/schema.org\",\"@graph\":[{\"@type\":\"Article\",\"@id\":\"https:\/\/www.notibras.com\/site\/uma-decada-de-transformacao-por-meio-da-arte\/#article\",\"isPartOf\":{\"@id\":\"https:\/\/www.notibras.com\/site\/uma-decada-de-transformacao-por-meio-da-arte\/\"},\"author\":{\"name\":\"Reda\u00e7\u00e3o\",\"@id\":\"https:\/\/www.notibras.com\/site\/#\/schema\/person\/36ab0979449956132d3e5b517ea76ac8\"},\"headline\":\"Uma d\u00e9cada de transforma\u00e7\u00e3o por meio da arte\",\"datePublished\":\"2023-10-20T12:00:21+00:00\",\"dateModified\":\"2023-10-21T10:52:13+00:00\",\"mainEntityOfPage\":{\"@id\":\"https:\/\/www.notibras.com\/site\/uma-decada-de-transformacao-por-meio-da-arte\/\"},\"wordCount\":502,\"publisher\":{\"@id\":\"https:\/\/www.notibras.com\/site\/#organization\"},\"image\":{\"@id\":\"https:\/\/www.notibras.com\/site\/uma-decada-de-transformacao-por-meio-da-arte\/#primaryimage\"},\"thumbnailUrl\":\"https:\/\/www.notibras.com\/site\/wp-content\/uploads\/2023\/10\/eda10anos.jpg\",\"articleSection\":[\"Quadradinho em Foco\"],\"inLanguage\":\"pt-BR\"},{\"@type\":\"WebPage\",\"@id\":\"https:\/\/www.notibras.com\/site\/uma-decada-de-transformacao-por-meio-da-arte\/\",\"url\":\"https:\/\/www.notibras.com\/site\/uma-decada-de-transformacao-por-meio-da-arte\/\",\"name\":\"Uma d\u00e9cada de transforma\u00e7\u00e3o por meio da arte - Notibras\",\"isPartOf\":{\"@id\":\"https:\/\/www.notibras.com\/site\/#website\"},\"primaryImageOfPage\":{\"@id\":\"https:\/\/www.notibras.com\/site\/uma-decada-de-transformacao-por-meio-da-arte\/#primaryimage\"},\"image\":{\"@id\":\"https:\/\/www.notibras.com\/site\/uma-decada-de-transformacao-por-meio-da-arte\/#primaryimage\"},\"thumbnailUrl\":\"https:\/\/www.notibras.com\/site\/wp-content\/uploads\/2023\/10\/eda10anos.jpg\",\"datePublished\":\"2023-10-20T12:00:21+00:00\",\"dateModified\":\"2023-10-21T10:52:13+00:00\",\"breadcrumb\":{\"@id\":\"https:\/\/www.notibras.com\/site\/uma-decada-de-transformacao-por-meio-da-arte\/#breadcrumb\"},\"inLanguage\":\"pt-BR\",\"potentialAction\":[{\"@type\":\"ReadAction\",\"target\":[\"https:\/\/www.notibras.com\/site\/uma-decada-de-transformacao-por-meio-da-arte\/\"]}]},{\"@type\":\"ImageObject\",\"inLanguage\":\"pt-BR\",\"@id\":\"https:\/\/www.notibras.com\/site\/uma-decada-de-transformacao-por-meio-da-arte\/#primaryimage\",\"url\":\"https:\/\/www.notibras.com\/site\/wp-content\/uploads\/2023\/10\/eda10anos.jpg\",\"contentUrl\":\"https:\/\/www.notibras.com\/site\/wp-content\/uploads\/2023\/10\/eda10anos.jpg\",\"width\":600,\"height\":400},{\"@type\":\"BreadcrumbList\",\"@id\":\"https:\/\/www.notibras.com\/site\/uma-decada-de-transformacao-por-meio-da-arte\/#breadcrumb\",\"itemListElement\":[{\"@type\":\"ListItem\",\"position\":1,\"name\":\"In\u00edcio\",\"item\":\"https:\/\/www.notibras.com\/site\/\"},{\"@type\":\"ListItem\",\"position\":2,\"name\":\"Uma d\u00e9cada de transforma\u00e7\u00e3o por meio da arte\"}]},{\"@type\":\"WebSite\",\"@id\":\"https:\/\/www.notibras.com\/site\/#website\",\"url\":\"https:\/\/www.notibras.com\/site\/\",\"name\":\"Notibras\",\"description\":\"Not\u00edcias de Bras\u00edlia, do Brasil e do Mundo\",\"publisher\":{\"@id\":\"https:\/\/www.notibras.com\/site\/#organization\"},\"potentialAction\":[{\"@type\":\"SearchAction\",\"target\":{\"@type\":\"EntryPoint\",\"urlTemplate\":\"https:\/\/www.notibras.com\/site\/?s={search_term_string}\"},\"query-input\":{\"@type\":\"PropertyValueSpecification\",\"valueRequired\":true,\"valueName\":\"search_term_string\"}}],\"inLanguage\":\"pt-BR\"},{\"@type\":\"Organization\",\"@id\":\"https:\/\/www.notibras.com\/site\/#organization\",\"name\":\"Grupo Notibras de Comunica\u00e7\u00e3o\",\"url\":\"https:\/\/www.notibras.com\/site\/\",\"logo\":{\"@type\":\"ImageObject\",\"inLanguage\":\"pt-BR\",\"@id\":\"https:\/\/www.notibras.com\/site\/#\/schema\/logo\/image\/\",\"url\":\"https:\/\/www.notibras.com\/site\/wp-content\/uploads\/2023\/01\/notibras23.png\",\"contentUrl\":\"https:\/\/www.notibras.com\/site\/wp-content\/uploads\/2023\/01\/notibras23.png\",\"width\":350,\"height\":87,\"caption\":\"Grupo Notibras de Comunica\u00e7\u00e3o\"},\"image\":{\"@id\":\"https:\/\/www.notibras.com\/site\/#\/schema\/logo\/image\/\"},\"sameAs\":[\"https:\/\/www.facebook.com\/notibras\/\",\"https:\/\/x.com\/Notibras\",\"https:\/\/www.instagram.com\/notibras\/\"]},{\"@type\":\"Person\",\"@id\":\"https:\/\/www.notibras.com\/site\/#\/schema\/person\/36ab0979449956132d3e5b517ea76ac8\",\"name\":\"Reda\u00e7\u00e3o\",\"image\":{\"@type\":\"ImageObject\",\"inLanguage\":\"pt-BR\",\"@id\":\"https:\/\/secure.gravatar.com\/avatar\/e0a867bdedb85fd243eadf09663511f96fc81e0720a4a42581f334ad4303aa6b?s=96&d=mm&r=g\",\"url\":\"https:\/\/secure.gravatar.com\/avatar\/e0a867bdedb85fd243eadf09663511f96fc81e0720a4a42581f334ad4303aa6b?s=96&d=mm&r=g\",\"contentUrl\":\"https:\/\/secure.gravatar.com\/avatar\/e0a867bdedb85fd243eadf09663511f96fc81e0720a4a42581f334ad4303aa6b?s=96&d=mm&r=g\",\"caption\":\"Reda\u00e7\u00e3o\"}}]}<\/script>\n<!-- \/ Yoast SEO plugin. -->","yoast_head_json":{"title":"Uma d\u00e9cada de transforma\u00e7\u00e3o por meio da arte - Notibras","robots":{"index":"index","follow":"follow","max-snippet":"max-snippet:-1","max-image-preview":"max-image-preview:large","max-video-preview":"max-video-preview:-1"},"canonical":"https:\/\/www.notibras.com\/site\/uma-decada-de-transformacao-por-meio-da-arte\/","og_locale":"pt_BR","og_type":"article","og_title":"Uma d\u00e9cada de transforma\u00e7\u00e3o por meio da arte - Notibras","og_description":"O Encontro da Arte (EDA) completa dez anos de um evento que tem sido uma fonte inesgot\u00e1vel de inspira\u00e7\u00e3o, express\u00e3o e cura, tendo como base a busca pela sa\u00fade mental. O evento \u00e9 o maior do Distrito Federal e tem como objetivo dar voz, palco e lugar para a pessoa em sofrimento ps\u00edquico, usu\u00e1ria dos [&hellip;]","og_url":"https:\/\/www.notibras.com\/site\/uma-decada-de-transformacao-por-meio-da-arte\/","og_site_name":"Notibras","article_publisher":"https:\/\/www.facebook.com\/notibras\/","article_published_time":"2023-10-20T12:00:21+00:00","article_modified_time":"2023-10-21T10:52:13+00:00","og_image":[{"width":600,"height":400,"url":"https:\/\/www.notibras.com\/site\/wp-content\/uploads\/2023\/10\/eda10anos.jpg","type":"image\/jpeg"}],"author":"Reda\u00e7\u00e3o","twitter_card":"summary_large_image","twitter_creator":"@Notibras","twitter_site":"@Notibras","twitter_misc":{"Escrito por":"Reda\u00e7\u00e3o","Est. tempo de leitura":"3 minutos"},"schema":{"@context":"https:\/\/schema.org","@graph":[{"@type":"Article","@id":"https:\/\/www.notibras.com\/site\/uma-decada-de-transformacao-por-meio-da-arte\/#article","isPartOf":{"@id":"https:\/\/www.notibras.com\/site\/uma-decada-de-transformacao-por-meio-da-arte\/"},"author":{"name":"Reda\u00e7\u00e3o","@id":"https:\/\/www.notibras.com\/site\/#\/schema\/person\/36ab0979449956132d3e5b517ea76ac8"},"headline":"Uma d\u00e9cada de transforma\u00e7\u00e3o por meio da arte","datePublished":"2023-10-20T12:00:21+00:00","dateModified":"2023-10-21T10:52:13+00:00","mainEntityOfPage":{"@id":"https:\/\/www.notibras.com\/site\/uma-decada-de-transformacao-por-meio-da-arte\/"},"wordCount":502,"publisher":{"@id":"https:\/\/www.notibras.com\/site\/#organization"},"image":{"@id":"https:\/\/www.notibras.com\/site\/uma-decada-de-transformacao-por-meio-da-arte\/#primaryimage"},"thumbnailUrl":"https:\/\/www.notibras.com\/site\/wp-content\/uploads\/2023\/10\/eda10anos.jpg","articleSection":["Quadradinho em Foco"],"inLanguage":"pt-BR"},{"@type":"WebPage","@id":"https:\/\/www.notibras.com\/site\/uma-decada-de-transformacao-por-meio-da-arte\/","url":"https:\/\/www.notibras.com\/site\/uma-decada-de-transformacao-por-meio-da-arte\/","name":"Uma d\u00e9cada de transforma\u00e7\u00e3o por meio da arte - Notibras","isPartOf":{"@id":"https:\/\/www.notibras.com\/site\/#website"},"primaryImageOfPage":{"@id":"https:\/\/www.notibras.com\/site\/uma-decada-de-transformacao-por-meio-da-arte\/#primaryimage"},"image":{"@id":"https:\/\/www.notibras.com\/site\/uma-decada-de-transformacao-por-meio-da-arte\/#primaryimage"},"thumbnailUrl":"https:\/\/www.notibras.com\/site\/wp-content\/uploads\/2023\/10\/eda10anos.jpg","datePublished":"2023-10-20T12:00:21+00:00","dateModified":"2023-10-21T10:52:13+00:00","breadcrumb":{"@id":"https:\/\/www.notibras.com\/site\/uma-decada-de-transformacao-por-meio-da-arte\/#breadcrumb"},"inLanguage":"pt-BR","potentialAction":[{"@type":"ReadAction","target":["https:\/\/www.notibras.com\/site\/uma-decada-de-transformacao-por-meio-da-arte\/"]}]},{"@type":"ImageObject","inLanguage":"pt-BR","@id":"https:\/\/www.notibras.com\/site\/uma-decada-de-transformacao-por-meio-da-arte\/#primaryimage","url":"https:\/\/www.notibras.com\/site\/wp-content\/uploads\/2023\/10\/eda10anos.jpg","contentUrl":"https:\/\/www.notibras.com\/site\/wp-content\/uploads\/2023\/10\/eda10anos.jpg","width":600,"height":400},{"@type":"BreadcrumbList","@id":"https:\/\/www.notibras.com\/site\/uma-decada-de-transformacao-por-meio-da-arte\/#breadcrumb","itemListElement":[{"@type":"ListItem","position":1,"name":"In\u00edcio","item":"https:\/\/www.notibras.com\/site\/"},{"@type":"ListItem","position":2,"name":"Uma d\u00e9cada de transforma\u00e7\u00e3o por meio da arte"}]},{"@type":"WebSite","@id":"https:\/\/www.notibras.com\/site\/#website","url":"https:\/\/www.notibras.com\/site\/","name":"Notibras","description":"Not\u00edcias de Bras\u00edlia, do Brasil e do Mundo","publisher":{"@id":"https:\/\/www.notibras.com\/site\/#organization"},"potentialAction":[{"@type":"SearchAction","target":{"@type":"EntryPoint","urlTemplate":"https:\/\/www.notibras.com\/site\/?s={search_term_string}"},"query-input":{"@type":"PropertyValueSpecification","valueRequired":true,"valueName":"search_term_string"}}],"inLanguage":"pt-BR"},{"@type":"Organization","@id":"https:\/\/www.notibras.com\/site\/#organization","name":"Grupo Notibras de Comunica\u00e7\u00e3o","url":"https:\/\/www.notibras.com\/site\/","logo":{"@type":"ImageObject","inLanguage":"pt-BR","@id":"https:\/\/www.notibras.com\/site\/#\/schema\/logo\/image\/","url":"https:\/\/www.notibras.com\/site\/wp-content\/uploads\/2023\/01\/notibras23.png","contentUrl":"https:\/\/www.notibras.com\/site\/wp-content\/uploads\/2023\/01\/notibras23.png","width":350,"height":87,"caption":"Grupo Notibras de Comunica\u00e7\u00e3o"},"image":{"@id":"https:\/\/www.notibras.com\/site\/#\/schema\/logo\/image\/"},"sameAs":["https:\/\/www.facebook.com\/notibras\/","https:\/\/x.com\/Notibras","https:\/\/www.instagram.com\/notibras\/"]},{"@type":"Person","@id":"https:\/\/www.notibras.com\/site\/#\/schema\/person\/36ab0979449956132d3e5b517ea76ac8","name":"Reda\u00e7\u00e3o","image":{"@type":"ImageObject","inLanguage":"pt-BR","@id":"https:\/\/secure.gravatar.com\/avatar\/e0a867bdedb85fd243eadf09663511f96fc81e0720a4a42581f334ad4303aa6b?s=96&d=mm&r=g","url":"https:\/\/secure.gravatar.com\/avatar\/e0a867bdedb85fd243eadf09663511f96fc81e0720a4a42581f334ad4303aa6b?s=96&d=mm&r=g","contentUrl":"https:\/\/secure.gravatar.com\/avatar\/e0a867bdedb85fd243eadf09663511f96fc81e0720a4a42581f334ad4303aa6b?s=96&d=mm&r=g","caption":"Reda\u00e7\u00e3o"}}]}},"amp_enabled":true,"_links":{"self":[{"href":"https:\/\/www.notibras.com\/site\/wp-json\/wp\/v2\/posts\/315068","targetHints":{"allow":["GET"]}}],"collection":[{"href":"https:\/\/www.notibras.com\/site\/wp-json\/wp\/v2\/posts"}],"about":[{"href":"https:\/\/www.notibras.com\/site\/wp-json\/wp\/v2\/types\/post"}],"author":[{"embeddable":true,"href":"https:\/\/www.notibras.com\/site\/wp-json\/wp\/v2\/users\/2"}],"replies":[{"embeddable":true,"href":"https:\/\/www.notibras.com\/site\/wp-json\/wp\/v2\/comments?post=315068"}],"version-history":[{"count":1,"href":"https:\/\/www.notibras.com\/site\/wp-json\/wp\/v2\/posts\/315068\/revisions"}],"predecessor-version":[{"id":315070,"href":"https:\/\/www.notibras.com\/site\/wp-json\/wp\/v2\/posts\/315068\/revisions\/315070"}],"wp:featuredmedia":[{"embeddable":true,"href":"https:\/\/www.notibras.com\/site\/wp-json\/wp\/v2\/media\/315069"}],"wp:attachment":[{"href":"https:\/\/www.notibras.com\/site\/wp-json\/wp\/v2\/media?parent=315068"}],"wp:term":[{"taxonomy":"category","embeddable":true,"href":"https:\/\/www.notibras.com\/site\/wp-json\/wp\/v2\/categories?post=315068"},{"taxonomy":"post_tag","embeddable":true,"href":"https:\/\/www.notibras.com\/site\/wp-json\/wp\/v2\/tags?post=315068"}],"curies":[{"name":"wp","href":"https:\/\/api.w.org\/{rel}","templated":true}]}}