{"id":315071,"date":"2023-10-20T00:00:00","date_gmt":"2023-10-20T03:00:00","guid":{"rendered":"https:\/\/www.notibras.com\/site\/?p=315071"},"modified":"2023-10-20T08:04:29","modified_gmt":"2023-10-20T11:04:29","slug":"evento-promove-inclusao-atraves-do-skate-musica-e-arte-urbana","status":"publish","type":"post","link":"https:\/\/www.notibras.com\/site\/evento-promove-inclusao-atraves-do-skate-musica-e-arte-urbana\/","title":{"rendered":"Evento promove inclus\u00e3o atrav\u00e9s do skate m\u00fasica e arte urbana"},"content":{"rendered":"<p>Bras\u00edlia se prepara para receber a 6\u00aa edi\u00e7\u00e3o do Skate Sound System, um evento que une cultura urbana, esporte e responsabilidade social em diferentes \u00e1reas do Distrito Federal. Realizado ao longo de 10 anos, o Skate Sound System busca promover a inclus\u00e3o social e a troca cultural com as comunidades locais, utilizando o skate, a m\u00fasica e a arte urbana como ferramentas.<\/p>\n<p>O evento \u00e9 dividido em quatro etapas, que acontecer\u00e3o nas regi\u00f5es administrativas do Parano\u00e1, Itapo\u00e3, Estrutural e Varj\u00e3o. Cada etapa conta com um dia de entretenimento para a comunidade, com a realiza\u00e7\u00e3o de apresenta\u00e7\u00f5es musicais e a participa\u00e7\u00e3o de dan\u00e7arinos de break e graffiti ao vivo. Al\u00e9m disso, o evento tem como objetivo principal promover a pr\u00e1tica do skate n\u00e3o apenas como um esporte, mas tamb\u00e9m como uma forma de express\u00e3o cultural, celebrando tamb\u00e9m o cinquenten\u00e1rio do Hip-Hop.<\/p>\n<p>A primeira etapa do Skate Sound System est\u00e1 marcada para este s\u00e1bado, dia 21 de outubro, na pista de skate do Centro de Ensino Doutora Zilda Arns, no Itapo\u00e3. Essa etapa tem grande import\u00e2ncia, pois busca ocupar e incentivar o uso dos espa\u00e7os p\u00fablicos, gerando pertencimento entre moradores, alunos e participantes. Durante o evento, ser\u00e3o oferecidas apresenta\u00e7\u00f5es de breaking dance com Kelly B-Girl, graffiti ao vivo com Julimar dos Santos e campeonato de skate, Best Trick Open Cash for tricks, nova modalidade onde os participantes recebem premia\u00e7\u00f5es pelas manobras realizadas. Para animar, convidamos os DJ &#8216;s do Coletivo Batid\u00e3o Sonoro e DJ Janna.<\/p>\n<p>Em novembro, ser\u00e1 realizada a segunda etapa do evento no Varj\u00e3o, no Ponto de Cultura Palco, um importante centro cultural que promove a\u00e7\u00f5es culturais, esportivas, sociais e ambientais. Nesse local est\u00e1 localizada a sede da Na Base Skate Escola, pr\u00f3ximo ponto de a\u00e7\u00e3o do Skate Sound System. Nesta etapa ser\u00e3o oferecidas apresenta\u00e7\u00f5es culturais em celebra\u00e7\u00e3o ao m\u00eas da consci\u00eancia negra, oficinas e o campeonato de skate.<\/p>\n<p>O organizador do projeto, Francisco Pessanha, destaca que as pr\u00f3ximas etapas est\u00e3o previstas para acontecer em 2024, na pista de skate do Parano\u00e1 e no Centro de Ensino 01 da Estrutural. Pessanha ressalta que o evento desempenha um papel importante na comunidade, incentivando a pr\u00e1tica esportiva e a integra\u00e7\u00e3o entre os participantes.<\/p>\n<p>Da mesma realiza\u00e7\u00e3o do Circuito Candango de Skate, o evento promete animar o p\u00fablico adepto ao esporte. A participa\u00e7\u00e3o no Skate Sound System &#8211; Ocupa\u00e7\u00e3o Cultural \u00e9 gratuita e aberta a todos que desejam se envolver e fazer parte dessa iniciativa que une cultura, esporte e responsabilidade social.<\/p>\n<p>N\u00e3o perca a oportunidade de participar desse evento que valoriza a cultura urbana, incentiva o esporte e promove a inclus\u00e3o social. O Skate Sound System \u00e9 uma celebra\u00e7\u00e3o da diversidade e do talento local, proporcionando momentos de alegria, aprendizado e integra\u00e7\u00e3o para toda a comunidade.<\/p>\n<p><strong>Programa\u00e7\u00e3o:<\/strong><br \/>\n10h00 Abertura do Evento<br \/>\n10h00 Batid\u00e3o Sonoro Ygo<br \/>\n10h20 Pista Liberada<br \/>\n11h00 Interven\u00e7\u00e3o de break com Kelly BGirl<br \/>\n14h00 Graffiti ao Vivo com Julimar<br \/>\n15h00 Batid\u00e3o Sonoro Bola<br \/>\n15h30 Iniciante Best trick Cash for trick<br \/>\n16h00 Dj Janna<br \/>\n16h30 Amador Best trick Cash for trick<br \/>\n18h00 Encerramento<\/p>\n<p><strong>Servi\u00e7o:<\/strong><br \/>\nSkate Sound System: M\u00fasica, Cultura Urbana, Divers\u00e3o e Skate.<\/p>\n<p><strong>Etapa 01<\/strong><br \/>\nLocal: Centro de Ensino Doutora Zilda Arns Itapo\u00e3<br \/>\nData: 21\/10\/2023<br \/>\nHor\u00e1rio: 10h \u00e0s 18h<\/p>\n<p><strong>Etapa 02<\/strong><br \/>\nLocal: Ponto de Cultura Palco Varj\u00e3o<br \/>\nData: 11\/11\/2023<br \/>\nHor\u00e1rio: 10h \u00e0s 18h<br \/>\nPrograma\u00e7\u00e3o gratuita<br \/>\nClassifica\u00e7\u00e3o livre<br \/>\nPara mais informa\u00e7\u00f5es, entre em contato com:<br \/>\nFrancisco Pessanha: 61 98471 6112<\/p>\n","protected":false},"excerpt":{"rendered":"<p>Bras\u00edlia se prepara para receber a 6\u00aa edi\u00e7\u00e3o do Skate Sound System, um evento que une cultura urbana, esporte e responsabilidade social em diferentes \u00e1reas do Distrito Federal. Realizado ao longo de 10 anos, o Skate Sound System busca promover a inclus\u00e3o social e a troca cultural com as comunidades locais, utilizando o skate, a [&hellip;]<\/p>\n","protected":false},"author":2,"featured_media":315072,"comment_status":"closed","ping_status":"closed","sticky":false,"template":"","format":"standard","meta":{"_acf_changed":false,"footnotes":""},"categories":[161],"tags":[],"class_list":["post-315071","post","type-post","status-publish","format-standard","has-post-thumbnail","hentry","category-quadradinho-em-foco"],"acf":[],"yoast_head":"<!-- This site is optimized with the Yoast SEO plugin v27.2 - https:\/\/yoast.com\/product\/yoast-seo-wordpress\/ -->\n<title>Evento promove inclus\u00e3o atrav\u00e9s do skate m\u00fasica e arte urbana - Notibras<\/title>\n<meta name=\"robots\" content=\"index, follow, max-snippet:-1, max-image-preview:large, max-video-preview:-1\" \/>\n<link rel=\"canonical\" href=\"https:\/\/www.notibras.com\/site\/evento-promove-inclusao-atraves-do-skate-musica-e-arte-urbana\/\" \/>\n<meta property=\"og:locale\" content=\"pt_BR\" \/>\n<meta property=\"og:type\" content=\"article\" \/>\n<meta property=\"og:title\" content=\"Evento promove inclus\u00e3o atrav\u00e9s do skate m\u00fasica e arte urbana - Notibras\" \/>\n<meta property=\"og:description\" content=\"Bras\u00edlia se prepara para receber a 6\u00aa edi\u00e7\u00e3o do Skate Sound System, um evento que une cultura urbana, esporte e responsabilidade social em diferentes \u00e1reas do Distrito Federal. Realizado ao longo de 10 anos, o Skate Sound System busca promover a inclus\u00e3o social e a troca cultural com as comunidades locais, utilizando o skate, a [&hellip;]\" \/>\n<meta property=\"og:url\" content=\"https:\/\/www.notibras.com\/site\/evento-promove-inclusao-atraves-do-skate-musica-e-arte-urbana\/\" \/>\n<meta property=\"og:site_name\" content=\"Notibras\" \/>\n<meta property=\"article:publisher\" content=\"https:\/\/www.facebook.com\/notibras\/\" \/>\n<meta property=\"article:published_time\" content=\"2023-10-20T03:00:00+00:00\" \/>\n<meta property=\"article:modified_time\" content=\"2023-10-20T11:04:29+00:00\" \/>\n<meta property=\"og:image\" content=\"https:\/\/www.notibras.com\/site\/wp-content\/uploads\/2023\/10\/Foto-Bene-Franca.jpeg\" \/>\n\t<meta property=\"og:image:width\" content=\"750\" \/>\n\t<meta property=\"og:image:height\" content=\"751\" \/>\n\t<meta property=\"og:image:type\" content=\"image\/jpeg\" \/>\n<meta name=\"author\" content=\"Reda\u00e7\u00e3o\" \/>\n<meta name=\"twitter:card\" content=\"summary_large_image\" \/>\n<meta name=\"twitter:creator\" content=\"@Notibras\" \/>\n<meta name=\"twitter:site\" content=\"@Notibras\" \/>\n<meta name=\"twitter:label1\" content=\"Escrito por\" \/>\n\t<meta name=\"twitter:data1\" content=\"Reda\u00e7\u00e3o\" \/>\n\t<meta name=\"twitter:label2\" content=\"Est. tempo de leitura\" \/>\n\t<meta name=\"twitter:data2\" content=\"4 minutos\" \/>\n<script type=\"application\/ld+json\" class=\"yoast-schema-graph\">{\"@context\":\"https:\/\/schema.org\",\"@graph\":[{\"@type\":\"Article\",\"@id\":\"https:\/\/www.notibras.com\/site\/evento-promove-inclusao-atraves-do-skate-musica-e-arte-urbana\/#article\",\"isPartOf\":{\"@id\":\"https:\/\/www.notibras.com\/site\/evento-promove-inclusao-atraves-do-skate-musica-e-arte-urbana\/\"},\"author\":{\"name\":\"Reda\u00e7\u00e3o\",\"@id\":\"https:\/\/www.notibras.com\/site\/#\/schema\/person\/36ab0979449956132d3e5b517ea76ac8\"},\"headline\":\"Evento promove inclus\u00e3o atrav\u00e9s do skate m\u00fasica e arte urbana\",\"datePublished\":\"2023-10-20T03:00:00+00:00\",\"dateModified\":\"2023-10-20T11:04:29+00:00\",\"mainEntityOfPage\":{\"@id\":\"https:\/\/www.notibras.com\/site\/evento-promove-inclusao-atraves-do-skate-musica-e-arte-urbana\/\"},\"wordCount\":616,\"publisher\":{\"@id\":\"https:\/\/www.notibras.com\/site\/#organization\"},\"image\":{\"@id\":\"https:\/\/www.notibras.com\/site\/evento-promove-inclusao-atraves-do-skate-musica-e-arte-urbana\/#primaryimage\"},\"thumbnailUrl\":\"https:\/\/www.notibras.com\/site\/wp-content\/uploads\/2023\/10\/Foto-Bene-Franca.jpeg\",\"articleSection\":[\"Quadradinho em Foco\"],\"inLanguage\":\"pt-BR\"},{\"@type\":\"WebPage\",\"@id\":\"https:\/\/www.notibras.com\/site\/evento-promove-inclusao-atraves-do-skate-musica-e-arte-urbana\/\",\"url\":\"https:\/\/www.notibras.com\/site\/evento-promove-inclusao-atraves-do-skate-musica-e-arte-urbana\/\",\"name\":\"Evento promove inclus\u00e3o atrav\u00e9s do skate m\u00fasica e arte urbana - Notibras\",\"isPartOf\":{\"@id\":\"https:\/\/www.notibras.com\/site\/#website\"},\"primaryImageOfPage\":{\"@id\":\"https:\/\/www.notibras.com\/site\/evento-promove-inclusao-atraves-do-skate-musica-e-arte-urbana\/#primaryimage\"},\"image\":{\"@id\":\"https:\/\/www.notibras.com\/site\/evento-promove-inclusao-atraves-do-skate-musica-e-arte-urbana\/#primaryimage\"},\"thumbnailUrl\":\"https:\/\/www.notibras.com\/site\/wp-content\/uploads\/2023\/10\/Foto-Bene-Franca.jpeg\",\"datePublished\":\"2023-10-20T03:00:00+00:00\",\"dateModified\":\"2023-10-20T11:04:29+00:00\",\"breadcrumb\":{\"@id\":\"https:\/\/www.notibras.com\/site\/evento-promove-inclusao-atraves-do-skate-musica-e-arte-urbana\/#breadcrumb\"},\"inLanguage\":\"pt-BR\",\"potentialAction\":[{\"@type\":\"ReadAction\",\"target\":[\"https:\/\/www.notibras.com\/site\/evento-promove-inclusao-atraves-do-skate-musica-e-arte-urbana\/\"]}]},{\"@type\":\"ImageObject\",\"inLanguage\":\"pt-BR\",\"@id\":\"https:\/\/www.notibras.com\/site\/evento-promove-inclusao-atraves-do-skate-musica-e-arte-urbana\/#primaryimage\",\"url\":\"https:\/\/www.notibras.com\/site\/wp-content\/uploads\/2023\/10\/Foto-Bene-Franca.jpeg\",\"contentUrl\":\"https:\/\/www.notibras.com\/site\/wp-content\/uploads\/2023\/10\/Foto-Bene-Franca.jpeg\",\"width\":750,\"height\":751},{\"@type\":\"BreadcrumbList\",\"@id\":\"https:\/\/www.notibras.com\/site\/evento-promove-inclusao-atraves-do-skate-musica-e-arte-urbana\/#breadcrumb\",\"itemListElement\":[{\"@type\":\"ListItem\",\"position\":1,\"name\":\"In\u00edcio\",\"item\":\"https:\/\/www.notibras.com\/site\/\"},{\"@type\":\"ListItem\",\"position\":2,\"name\":\"Evento promove inclus\u00e3o atrav\u00e9s do skate m\u00fasica e arte urbana\"}]},{\"@type\":\"WebSite\",\"@id\":\"https:\/\/www.notibras.com\/site\/#website\",\"url\":\"https:\/\/www.notibras.com\/site\/\",\"name\":\"Notibras\",\"description\":\"Not\u00edcias de Bras\u00edlia, do Brasil e do Mundo\",\"publisher\":{\"@id\":\"https:\/\/www.notibras.com\/site\/#organization\"},\"potentialAction\":[{\"@type\":\"SearchAction\",\"target\":{\"@type\":\"EntryPoint\",\"urlTemplate\":\"https:\/\/www.notibras.com\/site\/?s={search_term_string}\"},\"query-input\":{\"@type\":\"PropertyValueSpecification\",\"valueRequired\":true,\"valueName\":\"search_term_string\"}}],\"inLanguage\":\"pt-BR\"},{\"@type\":\"Organization\",\"@id\":\"https:\/\/www.notibras.com\/site\/#organization\",\"name\":\"Grupo Notibras de Comunica\u00e7\u00e3o\",\"url\":\"https:\/\/www.notibras.com\/site\/\",\"logo\":{\"@type\":\"ImageObject\",\"inLanguage\":\"pt-BR\",\"@id\":\"https:\/\/www.notibras.com\/site\/#\/schema\/logo\/image\/\",\"url\":\"https:\/\/www.notibras.com\/site\/wp-content\/uploads\/2023\/01\/notibras23.png\",\"contentUrl\":\"https:\/\/www.notibras.com\/site\/wp-content\/uploads\/2023\/01\/notibras23.png\",\"width\":350,\"height\":87,\"caption\":\"Grupo Notibras de Comunica\u00e7\u00e3o\"},\"image\":{\"@id\":\"https:\/\/www.notibras.com\/site\/#\/schema\/logo\/image\/\"},\"sameAs\":[\"https:\/\/www.facebook.com\/notibras\/\",\"https:\/\/x.com\/Notibras\",\"https:\/\/www.instagram.com\/notibras\/\"]},{\"@type\":\"Person\",\"@id\":\"https:\/\/www.notibras.com\/site\/#\/schema\/person\/36ab0979449956132d3e5b517ea76ac8\",\"name\":\"Reda\u00e7\u00e3o\",\"image\":{\"@type\":\"ImageObject\",\"inLanguage\":\"pt-BR\",\"@id\":\"https:\/\/secure.gravatar.com\/avatar\/e0a867bdedb85fd243eadf09663511f96fc81e0720a4a42581f334ad4303aa6b?s=96&d=mm&r=g\",\"url\":\"https:\/\/secure.gravatar.com\/avatar\/e0a867bdedb85fd243eadf09663511f96fc81e0720a4a42581f334ad4303aa6b?s=96&d=mm&r=g\",\"contentUrl\":\"https:\/\/secure.gravatar.com\/avatar\/e0a867bdedb85fd243eadf09663511f96fc81e0720a4a42581f334ad4303aa6b?s=96&d=mm&r=g\",\"caption\":\"Reda\u00e7\u00e3o\"}}]}<\/script>\n<!-- \/ Yoast SEO plugin. -->","yoast_head_json":{"title":"Evento promove inclus\u00e3o atrav\u00e9s do skate m\u00fasica e arte urbana - Notibras","robots":{"index":"index","follow":"follow","max-snippet":"max-snippet:-1","max-image-preview":"max-image-preview:large","max-video-preview":"max-video-preview:-1"},"canonical":"https:\/\/www.notibras.com\/site\/evento-promove-inclusao-atraves-do-skate-musica-e-arte-urbana\/","og_locale":"pt_BR","og_type":"article","og_title":"Evento promove inclus\u00e3o atrav\u00e9s do skate m\u00fasica e arte urbana - Notibras","og_description":"Bras\u00edlia se prepara para receber a 6\u00aa edi\u00e7\u00e3o do Skate Sound System, um evento que une cultura urbana, esporte e responsabilidade social em diferentes \u00e1reas do Distrito Federal. Realizado ao longo de 10 anos, o Skate Sound System busca promover a inclus\u00e3o social e a troca cultural com as comunidades locais, utilizando o skate, a [&hellip;]","og_url":"https:\/\/www.notibras.com\/site\/evento-promove-inclusao-atraves-do-skate-musica-e-arte-urbana\/","og_site_name":"Notibras","article_publisher":"https:\/\/www.facebook.com\/notibras\/","article_published_time":"2023-10-20T03:00:00+00:00","article_modified_time":"2023-10-20T11:04:29+00:00","og_image":[{"width":750,"height":751,"url":"https:\/\/www.notibras.com\/site\/wp-content\/uploads\/2023\/10\/Foto-Bene-Franca.jpeg","type":"image\/jpeg"}],"author":"Reda\u00e7\u00e3o","twitter_card":"summary_large_image","twitter_creator":"@Notibras","twitter_site":"@Notibras","twitter_misc":{"Escrito por":"Reda\u00e7\u00e3o","Est. tempo de leitura":"4 minutos"},"schema":{"@context":"https:\/\/schema.org","@graph":[{"@type":"Article","@id":"https:\/\/www.notibras.com\/site\/evento-promove-inclusao-atraves-do-skate-musica-e-arte-urbana\/#article","isPartOf":{"@id":"https:\/\/www.notibras.com\/site\/evento-promove-inclusao-atraves-do-skate-musica-e-arte-urbana\/"},"author":{"name":"Reda\u00e7\u00e3o","@id":"https:\/\/www.notibras.com\/site\/#\/schema\/person\/36ab0979449956132d3e5b517ea76ac8"},"headline":"Evento promove inclus\u00e3o atrav\u00e9s do skate m\u00fasica e arte urbana","datePublished":"2023-10-20T03:00:00+00:00","dateModified":"2023-10-20T11:04:29+00:00","mainEntityOfPage":{"@id":"https:\/\/www.notibras.com\/site\/evento-promove-inclusao-atraves-do-skate-musica-e-arte-urbana\/"},"wordCount":616,"publisher":{"@id":"https:\/\/www.notibras.com\/site\/#organization"},"image":{"@id":"https:\/\/www.notibras.com\/site\/evento-promove-inclusao-atraves-do-skate-musica-e-arte-urbana\/#primaryimage"},"thumbnailUrl":"https:\/\/www.notibras.com\/site\/wp-content\/uploads\/2023\/10\/Foto-Bene-Franca.jpeg","articleSection":["Quadradinho em Foco"],"inLanguage":"pt-BR"},{"@type":"WebPage","@id":"https:\/\/www.notibras.com\/site\/evento-promove-inclusao-atraves-do-skate-musica-e-arte-urbana\/","url":"https:\/\/www.notibras.com\/site\/evento-promove-inclusao-atraves-do-skate-musica-e-arte-urbana\/","name":"Evento promove inclus\u00e3o atrav\u00e9s do skate m\u00fasica e arte urbana - Notibras","isPartOf":{"@id":"https:\/\/www.notibras.com\/site\/#website"},"primaryImageOfPage":{"@id":"https:\/\/www.notibras.com\/site\/evento-promove-inclusao-atraves-do-skate-musica-e-arte-urbana\/#primaryimage"},"image":{"@id":"https:\/\/www.notibras.com\/site\/evento-promove-inclusao-atraves-do-skate-musica-e-arte-urbana\/#primaryimage"},"thumbnailUrl":"https:\/\/www.notibras.com\/site\/wp-content\/uploads\/2023\/10\/Foto-Bene-Franca.jpeg","datePublished":"2023-10-20T03:00:00+00:00","dateModified":"2023-10-20T11:04:29+00:00","breadcrumb":{"@id":"https:\/\/www.notibras.com\/site\/evento-promove-inclusao-atraves-do-skate-musica-e-arte-urbana\/#breadcrumb"},"inLanguage":"pt-BR","potentialAction":[{"@type":"ReadAction","target":["https:\/\/www.notibras.com\/site\/evento-promove-inclusao-atraves-do-skate-musica-e-arte-urbana\/"]}]},{"@type":"ImageObject","inLanguage":"pt-BR","@id":"https:\/\/www.notibras.com\/site\/evento-promove-inclusao-atraves-do-skate-musica-e-arte-urbana\/#primaryimage","url":"https:\/\/www.notibras.com\/site\/wp-content\/uploads\/2023\/10\/Foto-Bene-Franca.jpeg","contentUrl":"https:\/\/www.notibras.com\/site\/wp-content\/uploads\/2023\/10\/Foto-Bene-Franca.jpeg","width":750,"height":751},{"@type":"BreadcrumbList","@id":"https:\/\/www.notibras.com\/site\/evento-promove-inclusao-atraves-do-skate-musica-e-arte-urbana\/#breadcrumb","itemListElement":[{"@type":"ListItem","position":1,"name":"In\u00edcio","item":"https:\/\/www.notibras.com\/site\/"},{"@type":"ListItem","position":2,"name":"Evento promove inclus\u00e3o atrav\u00e9s do skate m\u00fasica e arte urbana"}]},{"@type":"WebSite","@id":"https:\/\/www.notibras.com\/site\/#website","url":"https:\/\/www.notibras.com\/site\/","name":"Notibras","description":"Not\u00edcias de Bras\u00edlia, do Brasil e do Mundo","publisher":{"@id":"https:\/\/www.notibras.com\/site\/#organization"},"potentialAction":[{"@type":"SearchAction","target":{"@type":"EntryPoint","urlTemplate":"https:\/\/www.notibras.com\/site\/?s={search_term_string}"},"query-input":{"@type":"PropertyValueSpecification","valueRequired":true,"valueName":"search_term_string"}}],"inLanguage":"pt-BR"},{"@type":"Organization","@id":"https:\/\/www.notibras.com\/site\/#organization","name":"Grupo Notibras de Comunica\u00e7\u00e3o","url":"https:\/\/www.notibras.com\/site\/","logo":{"@type":"ImageObject","inLanguage":"pt-BR","@id":"https:\/\/www.notibras.com\/site\/#\/schema\/logo\/image\/","url":"https:\/\/www.notibras.com\/site\/wp-content\/uploads\/2023\/01\/notibras23.png","contentUrl":"https:\/\/www.notibras.com\/site\/wp-content\/uploads\/2023\/01\/notibras23.png","width":350,"height":87,"caption":"Grupo Notibras de Comunica\u00e7\u00e3o"},"image":{"@id":"https:\/\/www.notibras.com\/site\/#\/schema\/logo\/image\/"},"sameAs":["https:\/\/www.facebook.com\/notibras\/","https:\/\/x.com\/Notibras","https:\/\/www.instagram.com\/notibras\/"]},{"@type":"Person","@id":"https:\/\/www.notibras.com\/site\/#\/schema\/person\/36ab0979449956132d3e5b517ea76ac8","name":"Reda\u00e7\u00e3o","image":{"@type":"ImageObject","inLanguage":"pt-BR","@id":"https:\/\/secure.gravatar.com\/avatar\/e0a867bdedb85fd243eadf09663511f96fc81e0720a4a42581f334ad4303aa6b?s=96&d=mm&r=g","url":"https:\/\/secure.gravatar.com\/avatar\/e0a867bdedb85fd243eadf09663511f96fc81e0720a4a42581f334ad4303aa6b?s=96&d=mm&r=g","contentUrl":"https:\/\/secure.gravatar.com\/avatar\/e0a867bdedb85fd243eadf09663511f96fc81e0720a4a42581f334ad4303aa6b?s=96&d=mm&r=g","caption":"Reda\u00e7\u00e3o"}}]}},"amp_enabled":true,"_links":{"self":[{"href":"https:\/\/www.notibras.com\/site\/wp-json\/wp\/v2\/posts\/315071","targetHints":{"allow":["GET"]}}],"collection":[{"href":"https:\/\/www.notibras.com\/site\/wp-json\/wp\/v2\/posts"}],"about":[{"href":"https:\/\/www.notibras.com\/site\/wp-json\/wp\/v2\/types\/post"}],"author":[{"embeddable":true,"href":"https:\/\/www.notibras.com\/site\/wp-json\/wp\/v2\/users\/2"}],"replies":[{"embeddable":true,"href":"https:\/\/www.notibras.com\/site\/wp-json\/wp\/v2\/comments?post=315071"}],"version-history":[{"count":1,"href":"https:\/\/www.notibras.com\/site\/wp-json\/wp\/v2\/posts\/315071\/revisions"}],"predecessor-version":[{"id":315073,"href":"https:\/\/www.notibras.com\/site\/wp-json\/wp\/v2\/posts\/315071\/revisions\/315073"}],"wp:featuredmedia":[{"embeddable":true,"href":"https:\/\/www.notibras.com\/site\/wp-json\/wp\/v2\/media\/315072"}],"wp:attachment":[{"href":"https:\/\/www.notibras.com\/site\/wp-json\/wp\/v2\/media?parent=315071"}],"wp:term":[{"taxonomy":"category","embeddable":true,"href":"https:\/\/www.notibras.com\/site\/wp-json\/wp\/v2\/categories?post=315071"},{"taxonomy":"post_tag","embeddable":true,"href":"https:\/\/www.notibras.com\/site\/wp-json\/wp\/v2\/tags?post=315071"}],"curies":[{"name":"wp","href":"https:\/\/api.w.org\/{rel}","templated":true}]}}